{"id":66768,"date":"2023-01-14T18:57:41","date_gmt":"2023-01-14T17:57:41","guid":{"rendered":"https:\/\/vosgesinfo.fr\/remiremontinfo\/2023\/01\/participants-27eme-raid-neiges-recus-a-mairie-depinal\/"},"modified":"2023-01-14T18:57:41","modified_gmt":"2023-01-14T17:57:41","slug":"participants-27eme-raid-neiges-recus-a-mairie-depinal","status":"publish","type":"post","link":"https:\/\/vosgesinfo.fr\/remiremontinfo\/2023\/01\/participants-27eme-raid-neiges-recus-a-mairie-depinal\/","title":{"rendered":"Les participants au 27\u00e8me Raid des neiges re\u00e7us \u00e0 la Mairie d\u2019Epinal"},"content":{"rendered":"<h2><span style=\"font-size: 12pt;\"><strong>Le 27\u00e8me Raid des neiges a eu lieu ce week-end des 13 et 14 janvier 2023. Au d\u00e9part d\u2019Orl\u00e9ans, le Raid est arriv\u00e9 pour cette 27\u00e8me \u00e9dition dans les Vosges. L&rsquo;\u00e9tape de ce samedi a consist\u00e9 en une visite du massif vosgien avec retour \u00e0 Epinal. En fin d\u2019apr\u00e8s-midi, les participants ont \u00e9t\u00e9 re\u00e7us par le maire Patrick Nardin au grand salon de l\u2019H\u00f4tel de Ville.\u00a0<\/strong><\/span><\/h2>\n<p>Ils \u00e9taient quelque 90 inscrits pour le d\u00e9part de cette \u00e9dition 2023. Pour certains, il s\u2019agissait d\u2019une premi\u00e8re participation\u00a0: <em>\u00ab\u00a0C\u2019est mon premier Raid des neiges\u00a0\u00bb<\/em>, affirme Thierry Blin, habitant \u00e0 proximit\u00e9 d\u2019Orl\u00e9ans, qui a particip\u00e9 \u00e0 l\u2019\u00e9v\u00e9nement avec son fils Olivier. Longtemps, Thierry a assist\u00e9 aux d\u00e9part, et a r\u00eav\u00e9 de participer enfin \u00e0 l\u2019\u00e9v\u00e9nement comme pilote. C\u2019est \u00e0 bord d\u2019une Renault 6 bleu ciel que le p\u00e8re et le fils se sont \u00e9lanc\u00e9 sur les routes, du Loiret aux Vosges. Et un tel Raid demande de la pr\u00e9paration.<em> \u00ab\u00a0J\u2019ai du faire beaucoup de m\u00e9canique\u00a0\u00bb<\/em>, explique Thierry Blin. En effet, la voiture, celle d\u2019un voisin, n\u2019avait pas roul\u00e9 depuis 15 ans. Il a fallu changer les freins, les suspensions, etc.<\/p>\n<p>C\u2019est une belle exp\u00e9rience pour Thierry Blin et son fils Olivier. <em>\u00ab\u00a0C\u2019est un moment de partage\u00a0\u00bb.<\/em> Le pilote retient l\u2019ambiance, et la pr\u00e9sence de nombreux passionn\u00e9s. <em>\u00ab\u00a0On se prend au jeu. On essaie de soigner tous les d\u00e9tails\u00a0\u00bb.<\/em> Parmi les \u00e9quipages, il y a des couples, ou des duos d\u2019amis. Certains viennent de la r\u00e9gion d\u2019Orl\u00e9ans, d\u2019autres d\u2019un peu plus loin. Claude Marque et son copilote St\u00e9phane Besse ont fait le d\u00e9placement du Cantal \u00e0 bord de leur Volvo 240. <em>\u00ab\u00a0On a fait 450 kilom\u00e8tres pour monter \u00e0 Orl\u00e9ans pour rejoindre le d\u00e9part\u00a0\u00bb<\/em>, explique Claude Marque. Ce dernier reviendra peut \u00eatre dans la r\u00e9gion, qui semble lui avoir plu. <em>\u00ab\u00a0Je d\u00e9couvre le Jura, les Vosges, et c\u2019est un pays tr\u00e8s int\u00e9ressant\u00a0\u00bb.\u00a0<\/em><\/p>\n\n","protected":false},"excerpt":{"rendered":"<p>Le 27\u00e8me Raid des neiges a eu lieu ce week-end des 13 et 14 janvier 2023. Au d\u00e9part d\u2019Orl\u00e9ans, le [&hellip;]<\/p>\n","protected":false},"author":407,"featured_media":66769,"comment_status":"open","ping_status":"open","sticky":false,"template":"","format":"standard","meta":{"footnotes":""},"categories":[26,54,18],"tags":[109,5375,32],"class_list":["post-66768","post","type-post","status-publish","format-standard","has-post-thumbnail","hentry","category-a-la-une","category-loisirs","category-vosges","tag-epinal","tag-raid-des-neiges","tag-vosges"],"acf":[],"yoast_head":"<!-- This site is optimized with the Yoast SEO plugin v22.5 - https:\/\/yoast.com\/wordpress\/plugins\/seo\/ -->\n<title>Les participants au 27\u00e8me Raid des neiges re\u00e7us \u00e0 la Mairie d\u2019Epinal - Remiremont Info<\/title>\n<meta name=\"robots\" content=\"index, follow, max-snippet:-1, max-image-preview:large, max-video-preview:-1\" \/>\n<link rel=\"canonical\" href=\"https:\/\/vosgesinfo.fr\/remiremontinfo\/2023\/01\/participants-27eme-raid-neiges-recus-a-mairie-depinal\/\" \/>\n<meta name=\"twitter:card\" content=\"summary_large_image\" \/>\n<meta name=\"twitter:title\" content=\"Les participants au 27\u00e8me Raid des neiges re\u00e7us \u00e0 la Mairie d\u2019Epinal - Remiremont Info\" \/>\n<meta name=\"twitter:description\" content=\"Le 27\u00e8me Raid des neiges a eu lieu ce week-end des 13 et 14 janvier 2023. Au d\u00e9part d\u2019Orl\u00e9ans, le [&hellip;]\" \/>\n<meta name=\"twitter:image\" content=\"https:\/\/vosgesinfo.fr\/app\/uploads\/sites\/5\/2024\/09\/202301epinal-raid-des-neiges-4.jpg\" \/>\n<meta name=\"twitter:creator\" content=\"@VosgesInfo88\" \/>\n<meta name=\"twitter:site\" content=\"@VosgesInfo88\" \/>\n<meta name=\"twitter:label1\" content=\"\u00c9crit par\" \/>\n\t<meta name=\"twitter:data1\" content=\"C D\" \/>\n\t<meta name=\"twitter:label2\" content=\"Dur\u00e9e de lecture estim\u00e9e\" \/>\n\t<meta name=\"twitter:data2\" content=\"2 minutes\" \/>\n<script type=\"application\/ld+json\" class=\"yoast-schema-graph\">{\"@context\":\"https:\/\/schema.org\",\"@graph\":[{\"@type\":\"Article\",\"@id\":\"https:\/\/vosgesinfo.fr\/remiremontinfo\/2023\/01\/participants-27eme-raid-neiges-recus-a-mairie-depinal\/#article\",\"isPartOf\":{\"@id\":\"https:\/\/vosgesinfo.fr\/remiremontinfo\/2023\/01\/participants-27eme-raid-neiges-recus-a-mairie-depinal\/\"},\"author\":{\"name\":\"C D\",\"@id\":\"https:\/\/vosgesinfo.fr\/remiremontinfo\/#\/schema\/person\/3bfd164d5218a185b1db68655a265316\"},\"headline\":\"Les participants au 27\u00e8me Raid des neiges re\u00e7us \u00e0 la Mairie d\u2019Epinal\",\"datePublished\":\"2023-01-14T17:57:41+00:00\",\"dateModified\":\"2023-01-14T17:57:41+00:00\",\"mainEntityOfPage\":{\"@id\":\"https:\/\/vosgesinfo.fr\/remiremontinfo\/2023\/01\/participants-27eme-raid-neiges-recus-a-mairie-depinal\/\"},\"wordCount\":365,\"commentCount\":0,\"publisher\":{\"@id\":\"https:\/\/vosgesinfo.fr\/remiremontinfo\/#organization\"},\"image\":{\"@id\":\"https:\/\/vosgesinfo.fr\/remiremontinfo\/2023\/01\/participants-27eme-raid-neiges-recus-a-mairie-depinal\/#primaryimage\"},\"thumbnailUrl\":\"https:\/\/vosgesinfo.fr\/app\/uploads\/sites\/5\/2024\/09\/202301epinal-raid-des-neiges-4.jpg\",\"keywords\":[\"\u00e9pinal\",\"raid des neiges\",\"Vosges\"],\"articleSection\":[\"A la Une\",\"Loisirs\",\"Vosges\"],\"inLanguage\":\"fr-FR\",\"potentialAction\":[{\"@type\":\"CommentAction\",\"name\":\"Comment\",\"target\":[\"https:\/\/vosgesinfo.fr\/remiremontinfo\/2023\/01\/participants-27eme-raid-neiges-recus-a-mairie-depinal\/#respond\"]}]},{\"@type\":\"WebPage\",\"@id\":\"https:\/\/vosgesinfo.fr\/remiremontinfo\/2023\/01\/participants-27eme-raid-neiges-recus-a-mairie-depinal\/\",\"url\":\"https:\/\/vosgesinfo.fr\/remiremontinfo\/2023\/01\/participants-27eme-raid-neiges-recus-a-mairie-depinal\/\",\"name\":\"Les participants au 27\u00e8me Raid des neiges re\u00e7us \u00e0 la Mairie d\u2019Epinal - Remiremont Info\",\"isPartOf\":{\"@id\":\"https:\/\/vosgesinfo.fr\/remiremontinfo\/#website\"},\"primaryImageOfPage\":{\"@id\":\"https:\/\/vosgesinfo.fr\/remiremontinfo\/2023\/01\/participants-27eme-raid-neiges-recus-a-mairie-depinal\/#primaryimage\"},\"image\":{\"@id\":\"https:\/\/vosgesinfo.fr\/remiremontinfo\/2023\/01\/participants-27eme-raid-neiges-recus-a-mairie-depinal\/#primaryimage\"},\"thumbnailUrl\":\"https:\/\/vosgesinfo.fr\/app\/uploads\/sites\/5\/2024\/09\/202301epinal-raid-des-neiges-4.jpg\",\"datePublished\":\"2023-01-14T17:57:41+00:00\",\"dateModified\":\"2023-01-14T17:57:41+00:00\",\"breadcrumb\":{\"@id\":\"https:\/\/vosgesinfo.fr\/remiremontinfo\/2023\/01\/participants-27eme-raid-neiges-recus-a-mairie-depinal\/#breadcrumb\"},\"inLanguage\":\"fr-FR\",\"potentialAction\":[{\"@type\":\"ReadAction\",\"target\":[\"https:\/\/vosgesinfo.fr\/remiremontinfo\/2023\/01\/participants-27eme-raid-neiges-recus-a-mairie-depinal\/\"]}]},{\"@type\":\"ImageObject\",\"inLanguage\":\"fr-FR\",\"@id\":\"https:\/\/vosgesinfo.fr\/remiremontinfo\/2023\/01\/participants-27eme-raid-neiges-recus-a-mairie-depinal\/#primaryimage\",\"url\":\"https:\/\/vosgesinfo.fr\/app\/uploads\/sites\/5\/2024\/09\/202301epinal-raid-des-neiges-4.jpg\",\"contentUrl\":\"https:\/\/vosgesinfo.fr\/app\/uploads\/sites\/5\/2024\/09\/202301epinal-raid-des-neiges-4.jpg\",\"width\":1600,\"height\":1155},{\"@type\":\"BreadcrumbList\",\"@id\":\"https:\/\/vosgesinfo.fr\/remiremontinfo\/2023\/01\/participants-27eme-raid-neiges-recus-a-mairie-depinal\/#breadcrumb\",\"itemListElement\":[{\"@type\":\"ListItem\",\"position\":1,\"name\":\"Home\",\"item\":\"https:\/\/vosgesinfo.fr\/remiremontinfo\/\"},{\"@type\":\"ListItem\",\"position\":2,\"name\":\"Les participants au 27\u00e8me Raid des neiges re\u00e7us \u00e0 la Mairie d\u2019Epinal\"}]},{\"@type\":\"WebSite\",\"@id\":\"https:\/\/vosgesinfo.fr\/remiremontinfo\/#website\",\"url\":\"https:\/\/vosgesinfo.fr\/remiremontinfo\/\",\"name\":\"Remiremont Info\",\"description\":\"Toute l&#039;actualit\u00e9 de Remiremont\",\"publisher\":{\"@id\":\"https:\/\/vosgesinfo.fr\/remiremontinfo\/#organization\"},\"alternateName\":\"Toute l'actualit\u00e9 de Remiremont\",\"potentialAction\":[{\"@type\":\"SearchAction\",\"target\":{\"@type\":\"EntryPoint\",\"urlTemplate\":\"https:\/\/vosgesinfo.fr\/remiremontinfo\/?s={search_term_string}\"},\"query-input\":\"required name=search_term_string\"}],\"inLanguage\":\"fr-FR\"},{\"@type\":\"Organization\",\"@id\":\"https:\/\/vosgesinfo.fr\/remiremontinfo\/#organization\",\"name\":\"Remiremont Info\",\"url\":\"https:\/\/vosgesinfo.fr\/remiremontinfo\/\",\"logo\":{\"@type\":\"ImageObject\",\"inLanguage\":\"fr-FR\",\"@id\":\"https:\/\/vosgesinfo.fr\/remiremontinfo\/#\/schema\/logo\/image\/\",\"url\":\"https:\/\/vosgesinfo.fr\/app\/uploads\/sites\/5\/2023\/08\/favicon-remiremontinfo.png\",\"contentUrl\":\"https:\/\/vosgesinfo.fr\/app\/uploads\/sites\/5\/2023\/08\/favicon-remiremontinfo.png\",\"width\":512,\"height\":512,\"caption\":\"Remiremont Info\"},\"image\":{\"@id\":\"https:\/\/vosgesinfo.fr\/remiremontinfo\/#\/schema\/logo\/image\/\"},\"sameAs\":[\"https:\/\/www.facebook.com\/remiremontinfo\",\"https:\/\/x.com\/VosgesInfo88\",\"https:\/\/www.youtube.com\/@vosgesinfo\"]},{\"@type\":\"Person\",\"@id\":\"https:\/\/vosgesinfo.fr\/remiremontinfo\/#\/schema\/person\/3bfd164d5218a185b1db68655a265316\",\"name\":\"C D\",\"image\":{\"@type\":\"ImageObject\",\"inLanguage\":\"fr-FR\",\"@id\":\"https:\/\/vosgesinfo.fr\/remiremontinfo\/#\/schema\/person\/image\/\",\"url\":\"https:\/\/secure.gravatar.com\/avatar\/1f9a70007336511a47468b8f1c66f922b8b7cf617b02a31149ada43893a5d48f?s=96&d=mm&r=g\",\"contentUrl\":\"https:\/\/secure.gravatar.com\/avatar\/1f9a70007336511a47468b8f1c66f922b8b7cf617b02a31149ada43893a5d48f?s=96&d=mm&r=g\",\"caption\":\"C D\"},\"url\":\"https:\/\/vosgesinfo.fr\/remiremontinfo\/author\/cedric-drevet\/\"}]}<\/script>\n<!-- \/ Yoast SEO plugin. -->","yoast_head_json":{"title":"Les participants au 27\u00e8me Raid des neiges re\u00e7us \u00e0 la Mairie d\u2019Epinal - Remiremont Info","robots":{"index":"index","follow":"follow","max-snippet":"max-snippet:-1","max-image-preview":"max-image-preview:large","max-video-preview":"max-video-preview:-1"},"canonical":"https:\/\/vosgesinfo.fr\/remiremontinfo\/2023\/01\/participants-27eme-raid-neiges-recus-a-mairie-depinal\/","twitter_card":"summary_large_image","twitter_title":"Les participants au 27\u00e8me Raid des neiges re\u00e7us \u00e0 la Mairie d\u2019Epinal - Remiremont Info","twitter_description":"Le 27\u00e8me Raid des neiges a eu lieu ce week-end des 13 et 14 janvier 2023. Au d\u00e9part d\u2019Orl\u00e9ans, le [&hellip;]","twitter_image":"https:\/\/vosgesinfo.fr\/app\/uploads\/sites\/5\/2024\/09\/202301epinal-raid-des-neiges-4.jpg","twitter_creator":"@VosgesInfo88","twitter_site":"@VosgesInfo88","twitter_misc":{"\u00c9crit par":"C D","Dur\u00e9e de lecture estim\u00e9e":"2 minutes"},"schema":{"@context":"https:\/\/schema.org","@graph":[{"@type":"Article","@id":"https:\/\/vosgesinfo.fr\/remiremontinfo\/2023\/01\/participants-27eme-raid-neiges-recus-a-mairie-depinal\/#article","isPartOf":{"@id":"https:\/\/vosgesinfo.fr\/remiremontinfo\/2023\/01\/participants-27eme-raid-neiges-recus-a-mairie-depinal\/"},"author":{"name":"C D","@id":"https:\/\/vosgesinfo.fr\/remiremontinfo\/#\/schema\/person\/3bfd164d5218a185b1db68655a265316"},"headline":"Les participants au 27\u00e8me Raid des neiges re\u00e7us \u00e0 la Mairie d\u2019Epinal","datePublished":"2023-01-14T17:57:41+00:00","dateModified":"2023-01-14T17:57:41+00:00","mainEntityOfPage":{"@id":"https:\/\/vosgesinfo.fr\/remiremontinfo\/2023\/01\/participants-27eme-raid-neiges-recus-a-mairie-depinal\/"},"wordCount":365,"commentCount":0,"publisher":{"@id":"https:\/\/vosgesinfo.fr\/remiremontinfo\/#organization"},"image":{"@id":"https:\/\/vosgesinfo.fr\/remiremontinfo\/2023\/01\/participants-27eme-raid-neiges-recus-a-mairie-depinal\/#primaryimage"},"thumbnailUrl":"https:\/\/vosgesinfo.fr\/app\/uploads\/sites\/5\/2024\/09\/202301epinal-raid-des-neiges-4.jpg","keywords":["\u00e9pinal","raid des neiges","Vosges"],"articleSection":["A la Une","Loisirs","Vosges"],"inLanguage":"fr-FR","potentialAction":[{"@type":"CommentAction","name":"Comment","target":["https:\/\/vosgesinfo.fr\/remiremontinfo\/2023\/01\/participants-27eme-raid-neiges-recus-a-mairie-depinal\/#respond"]}]},{"@type":"WebPage","@id":"https:\/\/vosgesinfo.fr\/remiremontinfo\/2023\/01\/participants-27eme-raid-neiges-recus-a-mairie-depinal\/","url":"https:\/\/vosgesinfo.fr\/remiremontinfo\/2023\/01\/participants-27eme-raid-neiges-recus-a-mairie-depinal\/","name":"Les participants au 27\u00e8me Raid des neiges re\u00e7us \u00e0 la Mairie d\u2019Epinal - Remiremont Info","isPartOf":{"@id":"https:\/\/vosgesinfo.fr\/remiremontinfo\/#website"},"primaryImageOfPage":{"@id":"https:\/\/vosgesinfo.fr\/remiremontinfo\/2023\/01\/participants-27eme-raid-neiges-recus-a-mairie-depinal\/#primaryimage"},"image":{"@id":"https:\/\/vosgesinfo.fr\/remiremontinfo\/2023\/01\/participants-27eme-raid-neiges-recus-a-mairie-depinal\/#primaryimage"},"thumbnailUrl":"https:\/\/vosgesinfo.fr\/app\/uploads\/sites\/5\/2024\/09\/202301epinal-raid-des-neiges-4.jpg","datePublished":"2023-01-14T17:57:41+00:00","dateModified":"2023-01-14T17:57:41+00:00","breadcrumb":{"@id":"https:\/\/vosgesinfo.fr\/remiremontinfo\/2023\/01\/participants-27eme-raid-neiges-recus-a-mairie-depinal\/#breadcrumb"},"inLanguage":"fr-FR","potentialAction":[{"@type":"ReadAction","target":["https:\/\/vosgesinfo.fr\/remiremontinfo\/2023\/01\/participants-27eme-raid-neiges-recus-a-mairie-depinal\/"]}]},{"@type":"ImageObject","inLanguage":"fr-FR","@id":"https:\/\/vosgesinfo.fr\/remiremontinfo\/2023\/01\/participants-27eme-raid-neiges-recus-a-mairie-depinal\/#primaryimage","url":"https:\/\/vosgesinfo.fr\/app\/uploads\/sites\/5\/2024\/09\/202301epinal-raid-des-neiges-4.jpg","contentUrl":"https:\/\/vosgesinfo.fr\/app\/uploads\/sites\/5\/2024\/09\/202301epinal-raid-des-neiges-4.jpg","width":1600,"height":1155},{"@type":"BreadcrumbList","@id":"https:\/\/vosgesinfo.fr\/remiremontinfo\/2023\/01\/participants-27eme-raid-neiges-recus-a-mairie-depinal\/#breadcrumb","itemListElement":[{"@type":"ListItem","position":1,"name":"Home","item":"https:\/\/vosgesinfo.fr\/remiremontinfo\/"},{"@type":"ListItem","position":2,"name":"Les participants au 27\u00e8me Raid des neiges re\u00e7us \u00e0 la Mairie d\u2019Epinal"}]},{"@type":"WebSite","@id":"https:\/\/vosgesinfo.fr\/remiremontinfo\/#website","url":"https:\/\/vosgesinfo.fr\/remiremontinfo\/","name":"Remiremont Info","description":"Toute l&#039;actualit\u00e9 de Remiremont","publisher":{"@id":"https:\/\/vosgesinfo.fr\/remiremontinfo\/#organization"},"alternateName":"Toute l'actualit\u00e9 de Remiremont","potentialAction":[{"@type":"SearchAction","target":{"@type":"EntryPoint","urlTemplate":"https:\/\/vosgesinfo.fr\/remiremontinfo\/?s={search_term_string}"},"query-input":"required name=search_term_string"}],"inLanguage":"fr-FR"},{"@type":"Organization","@id":"https:\/\/vosgesinfo.fr\/remiremontinfo\/#organization","name":"Remiremont Info","url":"https:\/\/vosgesinfo.fr\/remiremontinfo\/","logo":{"@type":"ImageObject","inLanguage":"fr-FR","@id":"https:\/\/vosgesinfo.fr\/remiremontinfo\/#\/schema\/logo\/image\/","url":"https:\/\/vosgesinfo.fr\/app\/uploads\/sites\/5\/2023\/08\/favicon-remiremontinfo.png","contentUrl":"https:\/\/vosgesinfo.fr\/app\/uploads\/sites\/5\/2023\/08\/favicon-remiremontinfo.png","width":512,"height":512,"caption":"Remiremont Info"},"image":{"@id":"https:\/\/vosgesinfo.fr\/remiremontinfo\/#\/schema\/logo\/image\/"},"sameAs":["https:\/\/www.facebook.com\/remiremontinfo","https:\/\/x.com\/VosgesInfo88","https:\/\/www.youtube.com\/@vosgesinfo"]},{"@type":"Person","@id":"https:\/\/vosgesinfo.fr\/remiremontinfo\/#\/schema\/person\/3bfd164d5218a185b1db68655a265316","name":"C D","image":{"@type":"ImageObject","inLanguage":"fr-FR","@id":"https:\/\/vosgesinfo.fr\/remiremontinfo\/#\/schema\/person\/image\/","url":"https:\/\/secure.gravatar.com\/avatar\/1f9a70007336511a47468b8f1c66f922b8b7cf617b02a31149ada43893a5d48f?s=96&d=mm&r=g","contentUrl":"https:\/\/secure.gravatar.com\/avatar\/1f9a70007336511a47468b8f1c66f922b8b7cf617b02a31149ada43893a5d48f?s=96&d=mm&r=g","caption":"C D"},"url":"https:\/\/vosgesinfo.fr\/remiremontinfo\/author\/cedric-drevet\/"}]}},"_links":{"self":[{"href":"https:\/\/vosgesinfo.fr\/remiremontinfo\/wp-json\/wp\/v2\/posts\/66768","targetHints":{"allow":["GET"]}}],"collection":[{"href":"https:\/\/vosgesinfo.fr\/remiremontinfo\/wp-json\/wp\/v2\/posts"}],"about":[{"href":"https:\/\/vosgesinfo.fr\/remiremontinfo\/wp-json\/wp\/v2\/types\/post"}],"author":[{"embeddable":true,"href":"https:\/\/vosgesinfo.fr\/remiremontinfo\/wp-json\/wp\/v2\/users\/407"}],"replies":[{"embeddable":true,"href":"https:\/\/vosgesinfo.fr\/remiremontinfo\/wp-json\/wp\/v2\/comments?post=66768"}],"version-history":[{"count":0,"href":"https:\/\/vosgesinfo.fr\/remiremontinfo\/wp-json\/wp\/v2\/posts\/66768\/revisions"}],"wp:featuredmedia":[{"embeddable":true,"href":"https:\/\/vosgesinfo.fr\/remiremontinfo\/wp-json\/wp\/v2\/media\/66769"}],"wp:attachment":[{"href":"https:\/\/vosgesinfo.fr\/remiremontinfo\/wp-json\/wp\/v2\/media?parent=66768"}],"wp:term":[{"taxonomy":"category","embeddable":true,"href":"https:\/\/vosgesinfo.fr\/remiremontinfo\/wp-json\/wp\/v2\/categories?post=66768"},{"taxonomy":"post_tag","embeddable":true,"href":"https:\/\/vosgesinfo.fr\/remiremontinfo\/wp-json\/wp\/v2\/tags?post=66768"}],"curies":[{"name":"wp","href":"https:\/\/api.w.org\/{rel}","templated":true}]}}