{"id":66806,"date":"2023-01-16T09:55:10","date_gmt":"2023-01-16T08:55:10","guid":{"rendered":"https:\/\/vosgesinfo.fr\/remiremontinfo\/2023\/01\/deneigement-operations-cours-a-partir-de-700-metres-daltitude\/"},"modified":"2023-01-16T09:55:10","modified_gmt":"2023-01-16T08:55:10","slug":"deneigement-operations-cours-a-partir-de-700-metres-daltitude","status":"publish","type":"post","link":"https:\/\/vosgesinfo.fr\/remiremontinfo\/2023\/01\/deneigement-operations-cours-a-partir-de-700-metres-daltitude\/","title":{"rendered":"D\u00e9neigement : des op\u00e9rations en cours \u00e0 partir de 700 m\u00e8tres d&rsquo;altitude"},"content":{"rendered":"\n<p><span style=\"font-size: 10pt;\"><em>Photos par\u00a0vosgesmag.fr<\/em><\/span><\/p>\n<div class=\"article_entete\">\n<h2><span style=\"font-size: 12pt;\"><strong>Des interventions sont en cours\u00a0\u00e0 partir de 700m d&rsquo;altitude o\u00f9 la neige est pr\u00e9sente sur l&rsquo;est du D\u00e9partement.\u00a0Le D\u00e9partement est plac\u00e9 en vigilance jaune pour du vent, soyez prudent si vous circulez dans les zones bois\u00e9es.\u00a0Pour conna\u00eetre l&rsquo;\u00e9tat du trafic, vous pouvez consulter\u00a0<a href=\"https:\/\/vosges.maps.arcgis.com\/apps\/MapSeries\/index.html?appid=352263b320cc40edb65f1ed942e1d2bb\" target=\"_blank\" rel=\"noopener\">inforoute88<\/a>.<\/strong><\/span><\/h2>\n<p><strong>Pour rappel,<span style=\"color: #000000;\">\u00a0les routes suivantes sont ferm\u00e9es \u00e0 la circulation pour toute la p\u00e9riode hivernale :\u00a0<\/span><\/strong><\/p>\n<div>&#8211;\u00a0<b>RD 61<\/b>\u00a0du col de la Schlucht au col du calvaire (l\u2019Alsace).<\/div>\n<div>&#8211;\u00a0<b>RD 430<\/b>\u00a0de la ferme de Breitzhousen au carrefour avec la RD34a.<\/div>\n<div>&#8211;\u00a0<b>RD 34a<\/b>\u00a0(route des Am\u00e9ricains) depuis le col du Bramont jusqu\u2019\u00e0 la route des cr\u00eates.<\/div>\n<\/div>\n<p>Durant l&rsquo;hiver, la cellule op\u00e9rationnelle de coordination routi\u00e8re (COCR) du D\u00e9partement des Vosges coordonne les interventions et assure une veille m\u00e9t\u00e9orologique.<\/p>\n<p>Gr\u00e2ce aux 44 patrouilleurs responsables d\u2019intervention et aux 189 agents r\u00e9partis dans les 15 centres d\u2019exploitation, tout est mis en \u0153uvre pour d\u00e9clencher et intervenir efficacement par temps de neige ou de verglas. Ces agents sont aid\u00e9s par des entreprises priv\u00e9es qui traitent 33 circuits. Ce sont au total 80 circuits, d\u2019une trentaine de kilom\u00e8tres, qui sont organis\u00e9s afin de traiter l\u2019ensemble du r\u00e9seau d\u00e9partemental.<\/p>\n<p>A ce dispositif s\u2019ajoute la cellule op\u00e9rationnelle de coordination routi\u00e8re (COCR) qui est install\u00e9e sur la plateforme d\u2019appel des urgences au sein du service d\u00e9partemental d\u2019incendie et de secours (SDIS) \u00e0 Golbey.\u00a0 Cette cellule est activ\u00e9e durant la saison hivernale pour coordonner les interventions et assurer une veille m\u00e9t\u00e9orologique. De plus, un syst\u00e8me de 12 stations m\u00e9t\u00e9o implant\u00e9es dans les Vosges permet une meilleure pr\u00e9vision des intemp\u00e9ries et un d\u00e9clenchement plus affin\u00e9 des interventions.<\/p>\n<p>Plus d&rsquo;infos :\u00a0<a href=\"https:\/\/vosges.maps.arcgis.com\/apps\/MapSeries\/index.html?appid=352263b320cc40edb65f1ed942e1d2bb\" target=\"_blank\" rel=\"noopener\">inforoute88<\/a><\/p>\n<p><span style=\"font-size: 10pt;\"><em>Source : Vosges Mag\u00a0<\/em><\/span><\/p>\n","protected":false},"excerpt":{"rendered":"<p>Photos par\u00a0vosgesmag.fr Des interventions sont en cours\u00a0\u00e0 partir de 700m d&rsquo;altitude o\u00f9 la neige est pr\u00e9sente sur l&rsquo;est du D\u00e9partement.\u00a0Le [&hellip;]<\/p>\n","protected":false},"author":407,"featured_media":66807,"comment_status":"open","ping_status":"open","sticky":false,"template":"","format":"standard","meta":{"footnotes":""},"categories":[26,127,18],"tags":[3107,487,32],"class_list":["post-66806","post","type-post","status-publish","format-standard","has-post-thumbnail","hentry","category-a-la-une","category-meteo","category-vosges","tag-deneigement","tag-neige","tag-vosges"],"acf":[],"yoast_head":"<!-- This site is optimized with the Yoast SEO plugin v22.5 - https:\/\/yoast.com\/wordpress\/plugins\/seo\/ -->\n<title>D\u00e9neigement : des op\u00e9rations en cours \u00e0 partir de 700 m\u00e8tres d&#039;altitude - Remiremont Info<\/title>\n<meta name=\"robots\" content=\"index, follow, max-snippet:-1, max-image-preview:large, max-video-preview:-1\" \/>\n<link rel=\"canonical\" href=\"https:\/\/vosgesinfo.fr\/remiremontinfo\/2023\/01\/deneigement-operations-cours-a-partir-de-700-metres-daltitude\/\" \/>\n<meta name=\"twitter:card\" content=\"summary_large_image\" \/>\n<meta name=\"twitter:title\" content=\"D\u00e9neigement : des op\u00e9rations en cours \u00e0 partir de 700 m\u00e8tres d&#039;altitude - Remiremont Info\" \/>\n<meta name=\"twitter:description\" content=\"Photos par\u00a0vosgesmag.fr Des interventions sont en cours\u00a0\u00e0 partir de 700m d&rsquo;altitude o\u00f9 la neige est pr\u00e9sente sur l&rsquo;est du D\u00e9partement.\u00a0Le [&hellip;]\" \/>\n<meta name=\"twitter:image\" content=\"https:\/\/vosgesinfo.fr\/app\/uploads\/sites\/5\/2024\/09\/202301neige-vsges-31.png\" \/>\n<meta name=\"twitter:creator\" content=\"@VosgesInfo88\" \/>\n<meta name=\"twitter:site\" content=\"@VosgesInfo88\" \/>\n<meta name=\"twitter:label1\" content=\"\u00c9crit par\" \/>\n\t<meta name=\"twitter:data1\" content=\"C D\" \/>\n\t<meta name=\"twitter:label2\" content=\"Dur\u00e9e de lecture estim\u00e9e\" \/>\n\t<meta name=\"twitter:data2\" content=\"2 minutes\" \/>\n<script type=\"application\/ld+json\" class=\"yoast-schema-graph\">{\"@context\":\"https:\/\/schema.org\",\"@graph\":[{\"@type\":\"Article\",\"@id\":\"https:\/\/vosgesinfo.fr\/remiremontinfo\/2023\/01\/deneigement-operations-cours-a-partir-de-700-metres-daltitude\/#article\",\"isPartOf\":{\"@id\":\"https:\/\/vosgesinfo.fr\/remiremontinfo\/2023\/01\/deneigement-operations-cours-a-partir-de-700-metres-daltitude\/\"},\"author\":{\"name\":\"C D\",\"@id\":\"https:\/\/vosgesinfo.fr\/remiremontinfo\/#\/schema\/person\/3bfd164d5218a185b1db68655a265316\"},\"headline\":\"D\u00e9neigement : des op\u00e9rations en cours \u00e0 partir de 700 m\u00e8tres d&rsquo;altitude\",\"datePublished\":\"2023-01-16T08:55:10+00:00\",\"dateModified\":\"2023-01-16T08:55:10+00:00\",\"mainEntityOfPage\":{\"@id\":\"https:\/\/vosgesinfo.fr\/remiremontinfo\/2023\/01\/deneigement-operations-cours-a-partir-de-700-metres-daltitude\/\"},\"wordCount\":335,\"commentCount\":0,\"publisher\":{\"@id\":\"https:\/\/vosgesinfo.fr\/remiremontinfo\/#organization\"},\"image\":{\"@id\":\"https:\/\/vosgesinfo.fr\/remiremontinfo\/2023\/01\/deneigement-operations-cours-a-partir-de-700-metres-daltitude\/#primaryimage\"},\"thumbnailUrl\":\"https:\/\/vosgesinfo.fr\/app\/uploads\/sites\/5\/2024\/09\/202301neige-vsges-31.png\",\"keywords\":[\"d\u00e9neigement\",\"neige\",\"Vosges\"],\"articleSection\":[\"A la Une\",\"M\u00e9t\u00e9o\",\"Vosges\"],\"inLanguage\":\"fr-FR\",\"potentialAction\":[{\"@type\":\"CommentAction\",\"name\":\"Comment\",\"target\":[\"https:\/\/vosgesinfo.fr\/remiremontinfo\/2023\/01\/deneigement-operations-cours-a-partir-de-700-metres-daltitude\/#respond\"]}]},{\"@type\":\"WebPage\",\"@id\":\"https:\/\/vosgesinfo.fr\/remiremontinfo\/2023\/01\/deneigement-operations-cours-a-partir-de-700-metres-daltitude\/\",\"url\":\"https:\/\/vosgesinfo.fr\/remiremontinfo\/2023\/01\/deneigement-operations-cours-a-partir-de-700-metres-daltitude\/\",\"name\":\"D\u00e9neigement : des op\u00e9rations en cours \u00e0 partir de 700 m\u00e8tres d'altitude - Remiremont Info\",\"isPartOf\":{\"@id\":\"https:\/\/vosgesinfo.fr\/remiremontinfo\/#website\"},\"primaryImageOfPage\":{\"@id\":\"https:\/\/vosgesinfo.fr\/remiremontinfo\/2023\/01\/deneigement-operations-cours-a-partir-de-700-metres-daltitude\/#primaryimage\"},\"image\":{\"@id\":\"https:\/\/vosgesinfo.fr\/remiremontinfo\/2023\/01\/deneigement-operations-cours-a-partir-de-700-metres-daltitude\/#primaryimage\"},\"thumbnailUrl\":\"https:\/\/vosgesinfo.fr\/app\/uploads\/sites\/5\/2024\/09\/202301neige-vsges-31.png\",\"datePublished\":\"2023-01-16T08:55:10+00:00\",\"dateModified\":\"2023-01-16T08:55:10+00:00\",\"breadcrumb\":{\"@id\":\"https:\/\/vosgesinfo.fr\/remiremontinfo\/2023\/01\/deneigement-operations-cours-a-partir-de-700-metres-daltitude\/#breadcrumb\"},\"inLanguage\":\"fr-FR\",\"potentialAction\":[{\"@type\":\"ReadAction\",\"target\":[\"https:\/\/vosgesinfo.fr\/remiremontinfo\/2023\/01\/deneigement-operations-cours-a-partir-de-700-metres-daltitude\/\"]}]},{\"@type\":\"ImageObject\",\"inLanguage\":\"fr-FR\",\"@id\":\"https:\/\/vosgesinfo.fr\/remiremontinfo\/2023\/01\/deneigement-operations-cours-a-partir-de-700-metres-daltitude\/#primaryimage\",\"url\":\"https:\/\/vosgesinfo.fr\/app\/uploads\/sites\/5\/2024\/09\/202301neige-vsges-31.png\",\"contentUrl\":\"https:\/\/vosgesinfo.fr\/app\/uploads\/sites\/5\/2024\/09\/202301neige-vsges-31.png\",\"width\":751,\"height\":528},{\"@type\":\"BreadcrumbList\",\"@id\":\"https:\/\/vosgesinfo.fr\/remiremontinfo\/2023\/01\/deneigement-operations-cours-a-partir-de-700-metres-daltitude\/#breadcrumb\",\"itemListElement\":[{\"@type\":\"ListItem\",\"position\":1,\"name\":\"Home\",\"item\":\"https:\/\/vosgesinfo.fr\/remiremontinfo\/\"},{\"@type\":\"ListItem\",\"position\":2,\"name\":\"D\u00e9neigement : des op\u00e9rations en cours \u00e0 partir de 700 m\u00e8tres d&rsquo;altitude\"}]},{\"@type\":\"WebSite\",\"@id\":\"https:\/\/vosgesinfo.fr\/remiremontinfo\/#website\",\"url\":\"https:\/\/vosgesinfo.fr\/remiremontinfo\/\",\"name\":\"Remiremont Info\",\"description\":\"Toute l&#039;actualit\u00e9 de Remiremont\",\"publisher\":{\"@id\":\"https:\/\/vosgesinfo.fr\/remiremontinfo\/#organization\"},\"alternateName\":\"Toute l'actualit\u00e9 de Remiremont\",\"potentialAction\":[{\"@type\":\"SearchAction\",\"target\":{\"@type\":\"EntryPoint\",\"urlTemplate\":\"https:\/\/vosgesinfo.fr\/remiremontinfo\/?s={search_term_string}\"},\"query-input\":\"required name=search_term_string\"}],\"inLanguage\":\"fr-FR\"},{\"@type\":\"Organization\",\"@id\":\"https:\/\/vosgesinfo.fr\/remiremontinfo\/#organization\",\"name\":\"Remiremont Info\",\"url\":\"https:\/\/vosgesinfo.fr\/remiremontinfo\/\",\"logo\":{\"@type\":\"ImageObject\",\"inLanguage\":\"fr-FR\",\"@id\":\"https:\/\/vosgesinfo.fr\/remiremontinfo\/#\/schema\/logo\/image\/\",\"url\":\"https:\/\/vosgesinfo.fr\/app\/uploads\/sites\/5\/2023\/08\/favicon-remiremontinfo.png\",\"contentUrl\":\"https:\/\/vosgesinfo.fr\/app\/uploads\/sites\/5\/2023\/08\/favicon-remiremontinfo.png\",\"width\":512,\"height\":512,\"caption\":\"Remiremont Info\"},\"image\":{\"@id\":\"https:\/\/vosgesinfo.fr\/remiremontinfo\/#\/schema\/logo\/image\/\"},\"sameAs\":[\"https:\/\/www.facebook.com\/remiremontinfo\",\"https:\/\/x.com\/VosgesInfo88\",\"https:\/\/www.youtube.com\/@vosgesinfo\"]},{\"@type\":\"Person\",\"@id\":\"https:\/\/vosgesinfo.fr\/remiremontinfo\/#\/schema\/person\/3bfd164d5218a185b1db68655a265316\",\"name\":\"C D\",\"image\":{\"@type\":\"ImageObject\",\"inLanguage\":\"fr-FR\",\"@id\":\"https:\/\/vosgesinfo.fr\/remiremontinfo\/#\/schema\/person\/image\/\",\"url\":\"https:\/\/secure.gravatar.com\/avatar\/1f9a70007336511a47468b8f1c66f922b8b7cf617b02a31149ada43893a5d48f?s=96&d=mm&r=g\",\"contentUrl\":\"https:\/\/secure.gravatar.com\/avatar\/1f9a70007336511a47468b8f1c66f922b8b7cf617b02a31149ada43893a5d48f?s=96&d=mm&r=g\",\"caption\":\"C D\"},\"url\":\"https:\/\/vosgesinfo.fr\/remiremontinfo\/author\/cedric-drevet\/\"}]}<\/script>\n<!-- \/ Yoast SEO plugin. -->","yoast_head_json":{"title":"D\u00e9neigement : des op\u00e9rations en cours \u00e0 partir de 700 m\u00e8tres d'altitude - Remiremont Info","robots":{"index":"index","follow":"follow","max-snippet":"max-snippet:-1","max-image-preview":"max-image-preview:large","max-video-preview":"max-video-preview:-1"},"canonical":"https:\/\/vosgesinfo.fr\/remiremontinfo\/2023\/01\/deneigement-operations-cours-a-partir-de-700-metres-daltitude\/","twitter_card":"summary_large_image","twitter_title":"D\u00e9neigement : des op\u00e9rations en cours \u00e0 partir de 700 m\u00e8tres d'altitude - Remiremont Info","twitter_description":"Photos par\u00a0vosgesmag.fr Des interventions sont en cours\u00a0\u00e0 partir de 700m d&rsquo;altitude o\u00f9 la neige est pr\u00e9sente sur l&rsquo;est du D\u00e9partement.\u00a0Le [&hellip;]","twitter_image":"https:\/\/vosgesinfo.fr\/app\/uploads\/sites\/5\/2024\/09\/202301neige-vsges-31.png","twitter_creator":"@VosgesInfo88","twitter_site":"@VosgesInfo88","twitter_misc":{"\u00c9crit par":"C D","Dur\u00e9e de lecture estim\u00e9e":"2 minutes"},"schema":{"@context":"https:\/\/schema.org","@graph":[{"@type":"Article","@id":"https:\/\/vosgesinfo.fr\/remiremontinfo\/2023\/01\/deneigement-operations-cours-a-partir-de-700-metres-daltitude\/#article","isPartOf":{"@id":"https:\/\/vosgesinfo.fr\/remiremontinfo\/2023\/01\/deneigement-operations-cours-a-partir-de-700-metres-daltitude\/"},"author":{"name":"C D","@id":"https:\/\/vosgesinfo.fr\/remiremontinfo\/#\/schema\/person\/3bfd164d5218a185b1db68655a265316"},"headline":"D\u00e9neigement : des op\u00e9rations en cours \u00e0 partir de 700 m\u00e8tres d&rsquo;altitude","datePublished":"2023-01-16T08:55:10+00:00","dateModified":"2023-01-16T08:55:10+00:00","mainEntityOfPage":{"@id":"https:\/\/vosgesinfo.fr\/remiremontinfo\/2023\/01\/deneigement-operations-cours-a-partir-de-700-metres-daltitude\/"},"wordCount":335,"commentCount":0,"publisher":{"@id":"https:\/\/vosgesinfo.fr\/remiremontinfo\/#organization"},"image":{"@id":"https:\/\/vosgesinfo.fr\/remiremontinfo\/2023\/01\/deneigement-operations-cours-a-partir-de-700-metres-daltitude\/#primaryimage"},"thumbnailUrl":"https:\/\/vosgesinfo.fr\/app\/uploads\/sites\/5\/2024\/09\/202301neige-vsges-31.png","keywords":["d\u00e9neigement","neige","Vosges"],"articleSection":["A la Une","M\u00e9t\u00e9o","Vosges"],"inLanguage":"fr-FR","potentialAction":[{"@type":"CommentAction","name":"Comment","target":["https:\/\/vosgesinfo.fr\/remiremontinfo\/2023\/01\/deneigement-operations-cours-a-partir-de-700-metres-daltitude\/#respond"]}]},{"@type":"WebPage","@id":"https:\/\/vosgesinfo.fr\/remiremontinfo\/2023\/01\/deneigement-operations-cours-a-partir-de-700-metres-daltitude\/","url":"https:\/\/vosgesinfo.fr\/remiremontinfo\/2023\/01\/deneigement-operations-cours-a-partir-de-700-metres-daltitude\/","name":"D\u00e9neigement : des op\u00e9rations en cours \u00e0 partir de 700 m\u00e8tres d'altitude - Remiremont Info","isPartOf":{"@id":"https:\/\/vosgesinfo.fr\/remiremontinfo\/#website"},"primaryImageOfPage":{"@id":"https:\/\/vosgesinfo.fr\/remiremontinfo\/2023\/01\/deneigement-operations-cours-a-partir-de-700-metres-daltitude\/#primaryimage"},"image":{"@id":"https:\/\/vosgesinfo.fr\/remiremontinfo\/2023\/01\/deneigement-operations-cours-a-partir-de-700-metres-daltitude\/#primaryimage"},"thumbnailUrl":"https:\/\/vosgesinfo.fr\/app\/uploads\/sites\/5\/2024\/09\/202301neige-vsges-31.png","datePublished":"2023-01-16T08:55:10+00:00","dateModified":"2023-01-16T08:55:10+00:00","breadcrumb":{"@id":"https:\/\/vosgesinfo.fr\/remiremontinfo\/2023\/01\/deneigement-operations-cours-a-partir-de-700-metres-daltitude\/#breadcrumb"},"inLanguage":"fr-FR","potentialAction":[{"@type":"ReadAction","target":["https:\/\/vosgesinfo.fr\/remiremontinfo\/2023\/01\/deneigement-operations-cours-a-partir-de-700-metres-daltitude\/"]}]},{"@type":"ImageObject","inLanguage":"fr-FR","@id":"https:\/\/vosgesinfo.fr\/remiremontinfo\/2023\/01\/deneigement-operations-cours-a-partir-de-700-metres-daltitude\/#primaryimage","url":"https:\/\/vosgesinfo.fr\/app\/uploads\/sites\/5\/2024\/09\/202301neige-vsges-31.png","contentUrl":"https:\/\/vosgesinfo.fr\/app\/uploads\/sites\/5\/2024\/09\/202301neige-vsges-31.png","width":751,"height":528},{"@type":"BreadcrumbList","@id":"https:\/\/vosgesinfo.fr\/remiremontinfo\/2023\/01\/deneigement-operations-cours-a-partir-de-700-metres-daltitude\/#breadcrumb","itemListElement":[{"@type":"ListItem","position":1,"name":"Home","item":"https:\/\/vosgesinfo.fr\/remiremontinfo\/"},{"@type":"ListItem","position":2,"name":"D\u00e9neigement : des op\u00e9rations en cours \u00e0 partir de 700 m\u00e8tres d&rsquo;altitude"}]},{"@type":"WebSite","@id":"https:\/\/vosgesinfo.fr\/remiremontinfo\/#website","url":"https:\/\/vosgesinfo.fr\/remiremontinfo\/","name":"Remiremont Info","description":"Toute l&#039;actualit\u00e9 de Remiremont","publisher":{"@id":"https:\/\/vosgesinfo.fr\/remiremontinfo\/#organization"},"alternateName":"Toute l'actualit\u00e9 de Remiremont","potentialAction":[{"@type":"SearchAction","target":{"@type":"EntryPoint","urlTemplate":"https:\/\/vosgesinfo.fr\/remiremontinfo\/?s={search_term_string}"},"query-input":"required name=search_term_string"}],"inLanguage":"fr-FR"},{"@type":"Organization","@id":"https:\/\/vosgesinfo.fr\/remiremontinfo\/#organization","name":"Remiremont Info","url":"https:\/\/vosgesinfo.fr\/remiremontinfo\/","logo":{"@type":"ImageObject","inLanguage":"fr-FR","@id":"https:\/\/vosgesinfo.fr\/remiremontinfo\/#\/schema\/logo\/image\/","url":"https:\/\/vosgesinfo.fr\/app\/uploads\/sites\/5\/2023\/08\/favicon-remiremontinfo.png","contentUrl":"https:\/\/vosgesinfo.fr\/app\/uploads\/sites\/5\/2023\/08\/favicon-remiremontinfo.png","width":512,"height":512,"caption":"Remiremont Info"},"image":{"@id":"https:\/\/vosgesinfo.fr\/remiremontinfo\/#\/schema\/logo\/image\/"},"sameAs":["https:\/\/www.facebook.com\/remiremontinfo","https:\/\/x.com\/VosgesInfo88","https:\/\/www.youtube.com\/@vosgesinfo"]},{"@type":"Person","@id":"https:\/\/vosgesinfo.fr\/remiremontinfo\/#\/schema\/person\/3bfd164d5218a185b1db68655a265316","name":"C D","image":{"@type":"ImageObject","inLanguage":"fr-FR","@id":"https:\/\/vosgesinfo.fr\/remiremontinfo\/#\/schema\/person\/image\/","url":"https:\/\/secure.gravatar.com\/avatar\/1f9a70007336511a47468b8f1c66f922b8b7cf617b02a31149ada43893a5d48f?s=96&d=mm&r=g","contentUrl":"https:\/\/secure.gravatar.com\/avatar\/1f9a70007336511a47468b8f1c66f922b8b7cf617b02a31149ada43893a5d48f?s=96&d=mm&r=g","caption":"C D"},"url":"https:\/\/vosgesinfo.fr\/remiremontinfo\/author\/cedric-drevet\/"}]}},"_links":{"self":[{"href":"https:\/\/vosgesinfo.fr\/remiremontinfo\/wp-json\/wp\/v2\/posts\/66806","targetHints":{"allow":["GET"]}}],"collection":[{"href":"https:\/\/vosgesinfo.fr\/remiremontinfo\/wp-json\/wp\/v2\/posts"}],"about":[{"href":"https:\/\/vosgesinfo.fr\/remiremontinfo\/wp-json\/wp\/v2\/types\/post"}],"author":[{"embeddable":true,"href":"https:\/\/vosgesinfo.fr\/remiremontinfo\/wp-json\/wp\/v2\/users\/407"}],"replies":[{"embeddable":true,"href":"https:\/\/vosgesinfo.fr\/remiremontinfo\/wp-json\/wp\/v2\/comments?post=66806"}],"version-history":[{"count":0,"href":"https:\/\/vosgesinfo.fr\/remiremontinfo\/wp-json\/wp\/v2\/posts\/66806\/revisions"}],"wp:featuredmedia":[{"embeddable":true,"href":"https:\/\/vosgesinfo.fr\/remiremontinfo\/wp-json\/wp\/v2\/media\/66807"}],"wp:attachment":[{"href":"https:\/\/vosgesinfo.fr\/remiremontinfo\/wp-json\/wp\/v2\/media?parent=66806"}],"wp:term":[{"taxonomy":"category","embeddable":true,"href":"https:\/\/vosgesinfo.fr\/remiremontinfo\/wp-json\/wp\/v2\/categories?post=66806"},{"taxonomy":"post_tag","embeddable":true,"href":"https:\/\/vosgesinfo.fr\/remiremontinfo\/wp-json\/wp\/v2\/tags?post=66806"}],"curies":[{"name":"wp","href":"https:\/\/api.w.org\/{rel}","templated":true}]}}