{"id":66811,"date":"2023-01-16T10:09:27","date_gmt":"2023-01-16T09:09:27","guid":{"rendered":"https:\/\/vosgesinfo.fr\/remiremontinfo\/2023\/01\/membres-collectif-unis-college-val-dajol-se-rendent-a-ceremonie-voeux\/"},"modified":"2023-01-16T10:09:27","modified_gmt":"2023-01-16T09:09:27","slug":"membres-collectif-unis-college-val-dajol-se-rendent-a-ceremonie-voeux","status":"publish","type":"post","link":"https:\/\/vosgesinfo.fr\/remiremontinfo\/2023\/01\/membres-collectif-unis-college-val-dajol-se-rendent-a-ceremonie-voeux\/","title":{"rendered":"Des membres du collectif \u00ab\u00a0Tous unis pour un coll\u00e8ge au Val d&rsquo;Ajol\u00a0\u00bb se rendent \u00e0 la c\u00e9r\u00e9monie des Voeux"},"content":{"rendered":"<p><a href=\"\/2023\/01\/Capture-d\u2019\u00e9cran-2023-01-16-110558.png\"><img decoding=\"async\" class=\"alignnone size-full wp-image-362048\" src=\"\/2023\/01\/Capture-d\u2019\u00e9cran-2023-01-16-110558.png\" alt=\"Capture d\u2019\u00e9cran 2023-01-16 110558\" width=\"1012\" height=\"667\" \/><\/a><\/p>\n<p><span style=\"font-size: 10pt;\"><em>Photos par\u00a0<a href=\"https:\/\/www.facebook.com\/groups\/tousunispouruncollegeauvaldajol\">Tous unis pour un coll\u00e8ge au Val d\u2019Ajol<\/a>\u00a0et\u00a0<a href=\"https:\/\/www.facebook.com\/valdajol\">Commune de Le Val d&rsquo;Ajol<\/a>\u00a0<\/em><\/span><\/p>\n<h2><span style=\"font-size: 12pt;\"><strong>La c\u00e9r\u00e9monie des v\u0153ux du Maire a eu lieu ce dimanche en fin d\u2019apr\u00e8s-midi au Val d\u2019Ajol. Les participants se sont r\u00e9unis devant la mairie. Au programme\u00a0: galettes, vin chaud, jus de pomme, etc. De la bonne humeur, mais aussi un peu de d\u00e9ception, suite \u00e0 l\u2019annonce du projet de coll\u00e8ge transitoire par le Conseil D\u00e9partemental, la Pr\u00e9fecture et l\u2019Education Nationale.<\/strong><\/span><\/h2>\n<p>\u00ab\u00a0Pas un mot sur le coll\u00e8ge lors du discours municipal pour les v\u0153ux qui d\u00e9marrait avec la phrase \u00ab Une nouvelle ann\u00e9e qui d\u00e9bute sous une bonne \u00e9toile !\u00a0\u00bb\u00a0\u00bb, affirme un membre du collectif cr\u00e9\u00e9 pour le maintien d\u2019un coll\u00e8ge. \u00ab\u00a0Le sujet triste du coll\u00e8ge a \u00e9t\u00e9 abord\u00e9 au micro par le d\u00e9put\u00e9 Christophe Naegelen (\u2026) Avec des larmes noires et les Tshirts blancs #JeVoisLaVieAuValdAjol , les membres du collectif ont tourn\u00e9 symboliquement le dos puis chant\u00e9 \u00ab On est les oubli\u00e9s \u00bb\u00a0\u00bb.<\/p>\n","protected":false},"excerpt":{"rendered":"<p>Photos par\u00a0Tous unis pour un coll\u00e8ge au Val d\u2019Ajol\u00a0et\u00a0Commune de Le Val d&rsquo;Ajol\u00a0 La c\u00e9r\u00e9monie des v\u0153ux du Maire a [&hellip;]<\/p>\n","protected":false},"author":407,"featured_media":66812,"comment_status":"open","ping_status":"open","sticky":false,"template":"","format":"standard","meta":{"footnotes":""},"categories":[26,165,121,82],"tags":[468,81,123],"class_list":["post-66811","post","type-post","status-publish","format-standard","has-post-thumbnail","hentry","category-a-la-une","category-enseignement","category-le-val-dajol-le-val-dajol-son-canton","category-le-val-dajol-son-canton","tag-college","tag-enseignement","tag-val-dajol"],"acf":[],"yoast_head":"<!-- This site is optimized with the Yoast SEO plugin v22.5 - https:\/\/yoast.com\/wordpress\/plugins\/seo\/ -->\n<title>Des membres du collectif &quot;Tous unis pour un coll\u00e8ge au Val d&#039;Ajol&quot; se rendent \u00e0 la c\u00e9r\u00e9monie des Voeux - Remiremont Info<\/title>\n<meta name=\"robots\" content=\"index, follow, max-snippet:-1, max-image-preview:large, max-video-preview:-1\" \/>\n<link rel=\"canonical\" href=\"https:\/\/vosgesinfo.fr\/remiremontinfo\/2023\/01\/membres-collectif-unis-college-val-dajol-se-rendent-a-ceremonie-voeux\/\" \/>\n<meta name=\"twitter:card\" content=\"summary_large_image\" \/>\n<meta name=\"twitter:title\" content=\"Des membres du collectif &quot;Tous unis pour un coll\u00e8ge au Val d&#039;Ajol&quot; se rendent \u00e0 la c\u00e9r\u00e9monie des Voeux - Remiremont Info\" \/>\n<meta name=\"twitter:description\" content=\"Photos par\u00a0Tous unis pour un coll\u00e8ge au Val d\u2019Ajol\u00a0et\u00a0Commune de Le Val d&rsquo;Ajol\u00a0 La c\u00e9r\u00e9monie des v\u0153ux du Maire a [&hellip;]\" \/>\n<meta name=\"twitter:image\" content=\"https:\/\/vosgesinfo.fr\/app\/uploads\/sites\/5\/2024\/09\/202301capture-decran-2023-01-16-110558.png\" \/>\n<meta name=\"twitter:creator\" content=\"@VosgesInfo88\" \/>\n<meta name=\"twitter:site\" content=\"@VosgesInfo88\" \/>\n<meta name=\"twitter:label1\" content=\"\u00c9crit par\" \/>\n\t<meta name=\"twitter:data1\" content=\"C D\" \/>\n\t<meta name=\"twitter:label2\" content=\"Dur\u00e9e de lecture estim\u00e9e\" \/>\n\t<meta name=\"twitter:data2\" content=\"1 minute\" \/>\n<script type=\"application\/ld+json\" class=\"yoast-schema-graph\">{\"@context\":\"https:\/\/schema.org\",\"@graph\":[{\"@type\":\"Article\",\"@id\":\"https:\/\/vosgesinfo.fr\/remiremontinfo\/2023\/01\/membres-collectif-unis-college-val-dajol-se-rendent-a-ceremonie-voeux\/#article\",\"isPartOf\":{\"@id\":\"https:\/\/vosgesinfo.fr\/remiremontinfo\/2023\/01\/membres-collectif-unis-college-val-dajol-se-rendent-a-ceremonie-voeux\/\"},\"author\":{\"name\":\"C D\",\"@id\":\"https:\/\/vosgesinfo.fr\/remiremontinfo\/#\/schema\/person\/3bfd164d5218a185b1db68655a265316\"},\"headline\":\"Des membres du collectif \u00ab\u00a0Tous unis pour un coll\u00e8ge au Val d&rsquo;Ajol\u00a0\u00bb se rendent \u00e0 la c\u00e9r\u00e9monie des Voeux\",\"datePublished\":\"2023-01-16T09:09:27+00:00\",\"dateModified\":\"2023-01-16T09:09:27+00:00\",\"mainEntityOfPage\":{\"@id\":\"https:\/\/vosgesinfo.fr\/remiremontinfo\/2023\/01\/membres-collectif-unis-college-val-dajol-se-rendent-a-ceremonie-voeux\/\"},\"wordCount\":201,\"commentCount\":0,\"publisher\":{\"@id\":\"https:\/\/vosgesinfo.fr\/remiremontinfo\/#organization\"},\"image\":{\"@id\":\"https:\/\/vosgesinfo.fr\/remiremontinfo\/2023\/01\/membres-collectif-unis-college-val-dajol-se-rendent-a-ceremonie-voeux\/#primaryimage\"},\"thumbnailUrl\":\"https:\/\/vosgesinfo.fr\/app\/uploads\/sites\/5\/2024\/09\/202301capture-decran-2023-01-16-110558.png\",\"keywords\":[\"coll\u00e8ge\",\"Enseignement\",\"val d'ajol\"],\"articleSection\":[\"A la Une\",\"Enseignement\",\"Le Val d'Ajol\",\"Le Val-d'Ajol &amp; son canton\"],\"inLanguage\":\"fr-FR\",\"potentialAction\":[{\"@type\":\"CommentAction\",\"name\":\"Comment\",\"target\":[\"https:\/\/vosgesinfo.fr\/remiremontinfo\/2023\/01\/membres-collectif-unis-college-val-dajol-se-rendent-a-ceremonie-voeux\/#respond\"]}]},{\"@type\":\"WebPage\",\"@id\":\"https:\/\/vosgesinfo.fr\/remiremontinfo\/2023\/01\/membres-collectif-unis-college-val-dajol-se-rendent-a-ceremonie-voeux\/\",\"url\":\"https:\/\/vosgesinfo.fr\/remiremontinfo\/2023\/01\/membres-collectif-unis-college-val-dajol-se-rendent-a-ceremonie-voeux\/\",\"name\":\"Des membres du collectif \\\"Tous unis pour un coll\u00e8ge au Val d'Ajol\\\" se rendent \u00e0 la c\u00e9r\u00e9monie des Voeux - Remiremont Info\",\"isPartOf\":{\"@id\":\"https:\/\/vosgesinfo.fr\/remiremontinfo\/#website\"},\"primaryImageOfPage\":{\"@id\":\"https:\/\/vosgesinfo.fr\/remiremontinfo\/2023\/01\/membres-collectif-unis-college-val-dajol-se-rendent-a-ceremonie-voeux\/#primaryimage\"},\"image\":{\"@id\":\"https:\/\/vosgesinfo.fr\/remiremontinfo\/2023\/01\/membres-collectif-unis-college-val-dajol-se-rendent-a-ceremonie-voeux\/#primaryimage\"},\"thumbnailUrl\":\"https:\/\/vosgesinfo.fr\/app\/uploads\/sites\/5\/2024\/09\/202301capture-decran-2023-01-16-110558.png\",\"datePublished\":\"2023-01-16T09:09:27+00:00\",\"dateModified\":\"2023-01-16T09:09:27+00:00\",\"breadcrumb\":{\"@id\":\"https:\/\/vosgesinfo.fr\/remiremontinfo\/2023\/01\/membres-collectif-unis-college-val-dajol-se-rendent-a-ceremonie-voeux\/#breadcrumb\"},\"inLanguage\":\"fr-FR\",\"potentialAction\":[{\"@type\":\"ReadAction\",\"target\":[\"https:\/\/vosgesinfo.fr\/remiremontinfo\/2023\/01\/membres-collectif-unis-college-val-dajol-se-rendent-a-ceremonie-voeux\/\"]}]},{\"@type\":\"ImageObject\",\"inLanguage\":\"fr-FR\",\"@id\":\"https:\/\/vosgesinfo.fr\/remiremontinfo\/2023\/01\/membres-collectif-unis-college-val-dajol-se-rendent-a-ceremonie-voeux\/#primaryimage\",\"url\":\"https:\/\/vosgesinfo.fr\/app\/uploads\/sites\/5\/2024\/09\/202301capture-decran-2023-01-16-110558.png\",\"contentUrl\":\"https:\/\/vosgesinfo.fr\/app\/uploads\/sites\/5\/2024\/09\/202301capture-decran-2023-01-16-110558.png\",\"width\":1012,\"height\":667},{\"@type\":\"BreadcrumbList\",\"@id\":\"https:\/\/vosgesinfo.fr\/remiremontinfo\/2023\/01\/membres-collectif-unis-college-val-dajol-se-rendent-a-ceremonie-voeux\/#breadcrumb\",\"itemListElement\":[{\"@type\":\"ListItem\",\"position\":1,\"name\":\"Home\",\"item\":\"https:\/\/vosgesinfo.fr\/remiremontinfo\/\"},{\"@type\":\"ListItem\",\"position\":2,\"name\":\"Des membres du collectif \u00ab\u00a0Tous unis pour un coll\u00e8ge au Val d&rsquo;Ajol\u00a0\u00bb se rendent \u00e0 la c\u00e9r\u00e9monie des Voeux\"}]},{\"@type\":\"WebSite\",\"@id\":\"https:\/\/vosgesinfo.fr\/remiremontinfo\/#website\",\"url\":\"https:\/\/vosgesinfo.fr\/remiremontinfo\/\",\"name\":\"Remiremont Info\",\"description\":\"Toute l&#039;actualit\u00e9 de Remiremont\",\"publisher\":{\"@id\":\"https:\/\/vosgesinfo.fr\/remiremontinfo\/#organization\"},\"alternateName\":\"Toute l'actualit\u00e9 de Remiremont\",\"potentialAction\":[{\"@type\":\"SearchAction\",\"target\":{\"@type\":\"EntryPoint\",\"urlTemplate\":\"https:\/\/vosgesinfo.fr\/remiremontinfo\/?s={search_term_string}\"},\"query-input\":\"required name=search_term_string\"}],\"inLanguage\":\"fr-FR\"},{\"@type\":\"Organization\",\"@id\":\"https:\/\/vosgesinfo.fr\/remiremontinfo\/#organization\",\"name\":\"Remiremont Info\",\"url\":\"https:\/\/vosgesinfo.fr\/remiremontinfo\/\",\"logo\":{\"@type\":\"ImageObject\",\"inLanguage\":\"fr-FR\",\"@id\":\"https:\/\/vosgesinfo.fr\/remiremontinfo\/#\/schema\/logo\/image\/\",\"url\":\"https:\/\/vosgesinfo.fr\/app\/uploads\/sites\/5\/2023\/08\/favicon-remiremontinfo.png\",\"contentUrl\":\"https:\/\/vosgesinfo.fr\/app\/uploads\/sites\/5\/2023\/08\/favicon-remiremontinfo.png\",\"width\":512,\"height\":512,\"caption\":\"Remiremont Info\"},\"image\":{\"@id\":\"https:\/\/vosgesinfo.fr\/remiremontinfo\/#\/schema\/logo\/image\/\"},\"sameAs\":[\"https:\/\/www.facebook.com\/remiremontinfo\",\"https:\/\/x.com\/VosgesInfo88\",\"https:\/\/www.youtube.com\/@vosgesinfo\"]},{\"@type\":\"Person\",\"@id\":\"https:\/\/vosgesinfo.fr\/remiremontinfo\/#\/schema\/person\/3bfd164d5218a185b1db68655a265316\",\"name\":\"C D\",\"image\":{\"@type\":\"ImageObject\",\"inLanguage\":\"fr-FR\",\"@id\":\"https:\/\/vosgesinfo.fr\/remiremontinfo\/#\/schema\/person\/image\/\",\"url\":\"https:\/\/secure.gravatar.com\/avatar\/1f9a70007336511a47468b8f1c66f922b8b7cf617b02a31149ada43893a5d48f?s=96&d=mm&r=g\",\"contentUrl\":\"https:\/\/secure.gravatar.com\/avatar\/1f9a70007336511a47468b8f1c66f922b8b7cf617b02a31149ada43893a5d48f?s=96&d=mm&r=g\",\"caption\":\"C D\"},\"url\":\"https:\/\/vosgesinfo.fr\/remiremontinfo\/author\/cedric-drevet\/\"}]}<\/script>\n<!-- \/ Yoast SEO plugin. -->","yoast_head_json":{"title":"Des membres du collectif \"Tous unis pour un coll\u00e8ge au Val d'Ajol\" se rendent \u00e0 la c\u00e9r\u00e9monie des Voeux - Remiremont Info","robots":{"index":"index","follow":"follow","max-snippet":"max-snippet:-1","max-image-preview":"max-image-preview:large","max-video-preview":"max-video-preview:-1"},"canonical":"https:\/\/vosgesinfo.fr\/remiremontinfo\/2023\/01\/membres-collectif-unis-college-val-dajol-se-rendent-a-ceremonie-voeux\/","twitter_card":"summary_large_image","twitter_title":"Des membres du collectif \"Tous unis pour un coll\u00e8ge au Val d'Ajol\" se rendent \u00e0 la c\u00e9r\u00e9monie des Voeux - Remiremont Info","twitter_description":"Photos par\u00a0Tous unis pour un coll\u00e8ge au Val d\u2019Ajol\u00a0et\u00a0Commune de Le Val d&rsquo;Ajol\u00a0 La c\u00e9r\u00e9monie des v\u0153ux du Maire a [&hellip;]","twitter_image":"https:\/\/vosgesinfo.fr\/app\/uploads\/sites\/5\/2024\/09\/202301capture-decran-2023-01-16-110558.png","twitter_creator":"@VosgesInfo88","twitter_site":"@VosgesInfo88","twitter_misc":{"\u00c9crit par":"C D","Dur\u00e9e de lecture estim\u00e9e":"1 minute"},"schema":{"@context":"https:\/\/schema.org","@graph":[{"@type":"Article","@id":"https:\/\/vosgesinfo.fr\/remiremontinfo\/2023\/01\/membres-collectif-unis-college-val-dajol-se-rendent-a-ceremonie-voeux\/#article","isPartOf":{"@id":"https:\/\/vosgesinfo.fr\/remiremontinfo\/2023\/01\/membres-collectif-unis-college-val-dajol-se-rendent-a-ceremonie-voeux\/"},"author":{"name":"C D","@id":"https:\/\/vosgesinfo.fr\/remiremontinfo\/#\/schema\/person\/3bfd164d5218a185b1db68655a265316"},"headline":"Des membres du collectif \u00ab\u00a0Tous unis pour un coll\u00e8ge au Val d&rsquo;Ajol\u00a0\u00bb se rendent \u00e0 la c\u00e9r\u00e9monie des Voeux","datePublished":"2023-01-16T09:09:27+00:00","dateModified":"2023-01-16T09:09:27+00:00","mainEntityOfPage":{"@id":"https:\/\/vosgesinfo.fr\/remiremontinfo\/2023\/01\/membres-collectif-unis-college-val-dajol-se-rendent-a-ceremonie-voeux\/"},"wordCount":201,"commentCount":0,"publisher":{"@id":"https:\/\/vosgesinfo.fr\/remiremontinfo\/#organization"},"image":{"@id":"https:\/\/vosgesinfo.fr\/remiremontinfo\/2023\/01\/membres-collectif-unis-college-val-dajol-se-rendent-a-ceremonie-voeux\/#primaryimage"},"thumbnailUrl":"https:\/\/vosgesinfo.fr\/app\/uploads\/sites\/5\/2024\/09\/202301capture-decran-2023-01-16-110558.png","keywords":["coll\u00e8ge","Enseignement","val d'ajol"],"articleSection":["A la Une","Enseignement","Le Val d'Ajol","Le Val-d'Ajol &amp; son canton"],"inLanguage":"fr-FR","potentialAction":[{"@type":"CommentAction","name":"Comment","target":["https:\/\/vosgesinfo.fr\/remiremontinfo\/2023\/01\/membres-collectif-unis-college-val-dajol-se-rendent-a-ceremonie-voeux\/#respond"]}]},{"@type":"WebPage","@id":"https:\/\/vosgesinfo.fr\/remiremontinfo\/2023\/01\/membres-collectif-unis-college-val-dajol-se-rendent-a-ceremonie-voeux\/","url":"https:\/\/vosgesinfo.fr\/remiremontinfo\/2023\/01\/membres-collectif-unis-college-val-dajol-se-rendent-a-ceremonie-voeux\/","name":"Des membres du collectif \"Tous unis pour un coll\u00e8ge au Val d'Ajol\" se rendent \u00e0 la c\u00e9r\u00e9monie des Voeux - Remiremont Info","isPartOf":{"@id":"https:\/\/vosgesinfo.fr\/remiremontinfo\/#website"},"primaryImageOfPage":{"@id":"https:\/\/vosgesinfo.fr\/remiremontinfo\/2023\/01\/membres-collectif-unis-college-val-dajol-se-rendent-a-ceremonie-voeux\/#primaryimage"},"image":{"@id":"https:\/\/vosgesinfo.fr\/remiremontinfo\/2023\/01\/membres-collectif-unis-college-val-dajol-se-rendent-a-ceremonie-voeux\/#primaryimage"},"thumbnailUrl":"https:\/\/vosgesinfo.fr\/app\/uploads\/sites\/5\/2024\/09\/202301capture-decran-2023-01-16-110558.png","datePublished":"2023-01-16T09:09:27+00:00","dateModified":"2023-01-16T09:09:27+00:00","breadcrumb":{"@id":"https:\/\/vosgesinfo.fr\/remiremontinfo\/2023\/01\/membres-collectif-unis-college-val-dajol-se-rendent-a-ceremonie-voeux\/#breadcrumb"},"inLanguage":"fr-FR","potentialAction":[{"@type":"ReadAction","target":["https:\/\/vosgesinfo.fr\/remiremontinfo\/2023\/01\/membres-collectif-unis-college-val-dajol-se-rendent-a-ceremonie-voeux\/"]}]},{"@type":"ImageObject","inLanguage":"fr-FR","@id":"https:\/\/vosgesinfo.fr\/remiremontinfo\/2023\/01\/membres-collectif-unis-college-val-dajol-se-rendent-a-ceremonie-voeux\/#primaryimage","url":"https:\/\/vosgesinfo.fr\/app\/uploads\/sites\/5\/2024\/09\/202301capture-decran-2023-01-16-110558.png","contentUrl":"https:\/\/vosgesinfo.fr\/app\/uploads\/sites\/5\/2024\/09\/202301capture-decran-2023-01-16-110558.png","width":1012,"height":667},{"@type":"BreadcrumbList","@id":"https:\/\/vosgesinfo.fr\/remiremontinfo\/2023\/01\/membres-collectif-unis-college-val-dajol-se-rendent-a-ceremonie-voeux\/#breadcrumb","itemListElement":[{"@type":"ListItem","position":1,"name":"Home","item":"https:\/\/vosgesinfo.fr\/remiremontinfo\/"},{"@type":"ListItem","position":2,"name":"Des membres du collectif \u00ab\u00a0Tous unis pour un coll\u00e8ge au Val d&rsquo;Ajol\u00a0\u00bb se rendent \u00e0 la c\u00e9r\u00e9monie des Voeux"}]},{"@type":"WebSite","@id":"https:\/\/vosgesinfo.fr\/remiremontinfo\/#website","url":"https:\/\/vosgesinfo.fr\/remiremontinfo\/","name":"Remiremont Info","description":"Toute l&#039;actualit\u00e9 de Remiremont","publisher":{"@id":"https:\/\/vosgesinfo.fr\/remiremontinfo\/#organization"},"alternateName":"Toute l'actualit\u00e9 de Remiremont","potentialAction":[{"@type":"SearchAction","target":{"@type":"EntryPoint","urlTemplate":"https:\/\/vosgesinfo.fr\/remiremontinfo\/?s={search_term_string}"},"query-input":"required name=search_term_string"}],"inLanguage":"fr-FR"},{"@type":"Organization","@id":"https:\/\/vosgesinfo.fr\/remiremontinfo\/#organization","name":"Remiremont Info","url":"https:\/\/vosgesinfo.fr\/remiremontinfo\/","logo":{"@type":"ImageObject","inLanguage":"fr-FR","@id":"https:\/\/vosgesinfo.fr\/remiremontinfo\/#\/schema\/logo\/image\/","url":"https:\/\/vosgesinfo.fr\/app\/uploads\/sites\/5\/2023\/08\/favicon-remiremontinfo.png","contentUrl":"https:\/\/vosgesinfo.fr\/app\/uploads\/sites\/5\/2023\/08\/favicon-remiremontinfo.png","width":512,"height":512,"caption":"Remiremont Info"},"image":{"@id":"https:\/\/vosgesinfo.fr\/remiremontinfo\/#\/schema\/logo\/image\/"},"sameAs":["https:\/\/www.facebook.com\/remiremontinfo","https:\/\/x.com\/VosgesInfo88","https:\/\/www.youtube.com\/@vosgesinfo"]},{"@type":"Person","@id":"https:\/\/vosgesinfo.fr\/remiremontinfo\/#\/schema\/person\/3bfd164d5218a185b1db68655a265316","name":"C D","image":{"@type":"ImageObject","inLanguage":"fr-FR","@id":"https:\/\/vosgesinfo.fr\/remiremontinfo\/#\/schema\/person\/image\/","url":"https:\/\/secure.gravatar.com\/avatar\/1f9a70007336511a47468b8f1c66f922b8b7cf617b02a31149ada43893a5d48f?s=96&d=mm&r=g","contentUrl":"https:\/\/secure.gravatar.com\/avatar\/1f9a70007336511a47468b8f1c66f922b8b7cf617b02a31149ada43893a5d48f?s=96&d=mm&r=g","caption":"C D"},"url":"https:\/\/vosgesinfo.fr\/remiremontinfo\/author\/cedric-drevet\/"}]}},"_links":{"self":[{"href":"https:\/\/vosgesinfo.fr\/remiremontinfo\/wp-json\/wp\/v2\/posts\/66811","targetHints":{"allow":["GET"]}}],"collection":[{"href":"https:\/\/vosgesinfo.fr\/remiremontinfo\/wp-json\/wp\/v2\/posts"}],"about":[{"href":"https:\/\/vosgesinfo.fr\/remiremontinfo\/wp-json\/wp\/v2\/types\/post"}],"author":[{"embeddable":true,"href":"https:\/\/vosgesinfo.fr\/remiremontinfo\/wp-json\/wp\/v2\/users\/407"}],"replies":[{"embeddable":true,"href":"https:\/\/vosgesinfo.fr\/remiremontinfo\/wp-json\/wp\/v2\/comments?post=66811"}],"version-history":[{"count":0,"href":"https:\/\/vosgesinfo.fr\/remiremontinfo\/wp-json\/wp\/v2\/posts\/66811\/revisions"}],"wp:featuredmedia":[{"embeddable":true,"href":"https:\/\/vosgesinfo.fr\/remiremontinfo\/wp-json\/wp\/v2\/media\/66812"}],"wp:attachment":[{"href":"https:\/\/vosgesinfo.fr\/remiremontinfo\/wp-json\/wp\/v2\/media?parent=66811"}],"wp:term":[{"taxonomy":"category","embeddable":true,"href":"https:\/\/vosgesinfo.fr\/remiremontinfo\/wp-json\/wp\/v2\/categories?post=66811"},{"taxonomy":"post_tag","embeddable":true,"href":"https:\/\/vosgesinfo.fr\/remiremontinfo\/wp-json\/wp\/v2\/tags?post=66811"}],"curies":[{"name":"wp","href":"https:\/\/api.w.org\/{rel}","templated":true}]}}