{"id":66816,"date":"2023-01-16T07:14:06","date_gmt":"2023-01-16T06:14:06","guid":{"rendered":"https:\/\/vosgesinfo.fr\/remiremontinfo\/2023\/01\/26e-semaine-de-photographie-exposition-jackdal-photographies-musee-charles-friry\/"},"modified":"2023-01-16T07:14:06","modified_gmt":"2023-01-16T06:14:06","slug":"26e-semaine-de-photographie-exposition-jackdal-photographies-musee-charles-friry","status":"publish","type":"post","link":"https:\/\/vosgesinfo.fr\/remiremontinfo\/2023\/01\/26e-semaine-de-photographie-exposition-jackdal-photographies-musee-charles-friry\/","title":{"rendered":"26e Semaine de la Photographie : exposition \u00ab Jackdal Photographies \u00bb au mus\u00e9e Charles Friry"},"content":{"rendered":"<p style=\"text-align: center;\"><a href=\"\/2023\/01\/Capture-d\u2019\u00e9cran-2023-01-16-111522.png\"><img decoding=\"async\" class=\"alignnone size-full wp-image-362055\" src=\"\/2023\/01\/Capture-d\u2019\u00e9cran-2023-01-16-111522.png\" alt=\"Capture d\u2019\u00e9cran 2023-01-16 111522\" width=\"416\" height=\"592\" \/><\/a><\/p>\n<p>En pr\u00e9ambule de la 26e Semaine de la Photographie, le mus\u00e9e Charles Friry<br \/>\naccueille JACKDAL, photographe vosgien, du mercredi 18 janvier au vendredi<br \/>\n7 avril 2023.<br \/>\nCette exposition est compos\u00e9e d\u2019une s\u00e9lection de photographies \u00e9clectiques, que<br \/>\nl\u2019artiste qualifie comme des instants du quotidien immortalis\u00e9s dans leur spontan\u00e9it\u00e9.<br \/>\nIl nous propose une balade rythm\u00e9e entre po\u00e9sie et humour avec des clich\u00e9s<br \/>\nr\u00e9v\u00e9lant un quotidien aux allures intemporelles.<br \/>\n\u00c0 noter que l\u2019artiste sera pr\u00e9sent au mus\u00e9e samedi 4 f\u00e9vrier de 15h \u00e0 18h pour<br \/>\nexpliquer son accrochage au public.<\/p>\n<p>Informations pratiques :<br \/>\nMus\u00e9e Charles Friry \u2013 12 rue du G\u00e9n\u00e9ral<br \/>\nHumbert \u00e0 Remiremont<br \/>\nOuvert du mercredi au dimanche de 10h<br \/>\n\u00e0 12h et de 14h \u00e0 18h<\/p>\n<p>Entr\u00e9e libre<\/p>\n<p><span style=\"font-size: 10pt;\"><em>Communiqu\u00e9 de la Mairie\u00a0<\/em><\/span><\/p>\n","protected":false},"excerpt":{"rendered":"<p>En pr\u00e9ambule de la 26e Semaine de la Photographie, le mus\u00e9e Charles Friry accueille JACKDAL, photographe vosgien, du mercredi 18 [&hellip;]<\/p>\n","protected":false},"author":407,"featured_media":66817,"comment_status":"open","ping_status":"open","sticky":false,"template":"","format":"standard","meta":{"footnotes":""},"categories":[26,4,1556,35],"tags":[2756,396,44],"class_list":["post-66816","post","type-post","status-publish","format-standard","has-post-thumbnail","hentry","category-a-la-une","category-culture","category-remiremont-remiremont-son-canton-2","category-remiremont-son-canton","tag-expo","tag-photographie","tag-remiremont"],"acf":[],"yoast_head":"<!-- This site is optimized with the Yoast SEO plugin v22.5 - https:\/\/yoast.com\/wordpress\/plugins\/seo\/ -->\n<title>26e Semaine de la Photographie : exposition \u00ab Jackdal Photographies \u00bb au mus\u00e9e Charles Friry - Remiremont Info<\/title>\n<meta name=\"robots\" content=\"index, follow, max-snippet:-1, max-image-preview:large, max-video-preview:-1\" \/>\n<link rel=\"canonical\" href=\"https:\/\/vosgesinfo.fr\/remiremontinfo\/2023\/01\/26e-semaine-de-photographie-exposition-jackdal-photographies-musee-charles-friry\/\" \/>\n<meta name=\"twitter:card\" content=\"summary_large_image\" \/>\n<meta name=\"twitter:title\" content=\"26e Semaine de la Photographie : exposition \u00ab Jackdal Photographies \u00bb au mus\u00e9e Charles Friry - Remiremont Info\" \/>\n<meta name=\"twitter:description\" content=\"En pr\u00e9ambule de la 26e Semaine de la Photographie, le mus\u00e9e Charles Friry accueille JACKDAL, photographe vosgien, du mercredi 18 [&hellip;]\" \/>\n<meta name=\"twitter:image\" content=\"https:\/\/vosgesinfo.fr\/app\/uploads\/sites\/5\/2024\/09\/202301capture-decran-2023-01-16-111539.png\" \/>\n<meta name=\"twitter:creator\" content=\"@VosgesInfo88\" \/>\n<meta name=\"twitter:site\" content=\"@VosgesInfo88\" \/>\n<meta name=\"twitter:label1\" content=\"\u00c9crit par\" \/>\n\t<meta name=\"twitter:data1\" content=\"C D\" \/>\n\t<meta name=\"twitter:label2\" content=\"Dur\u00e9e de lecture estim\u00e9e\" \/>\n\t<meta name=\"twitter:data2\" content=\"1 minute\" \/>\n<script type=\"application\/ld+json\" class=\"yoast-schema-graph\">{\"@context\":\"https:\/\/schema.org\",\"@graph\":[{\"@type\":\"Article\",\"@id\":\"https:\/\/vosgesinfo.fr\/remiremontinfo\/2023\/01\/26e-semaine-de-photographie-exposition-jackdal-photographies-musee-charles-friry\/#article\",\"isPartOf\":{\"@id\":\"https:\/\/vosgesinfo.fr\/remiremontinfo\/2023\/01\/26e-semaine-de-photographie-exposition-jackdal-photographies-musee-charles-friry\/\"},\"author\":{\"name\":\"C D\",\"@id\":\"https:\/\/vosgesinfo.fr\/remiremontinfo\/#\/schema\/person\/3bfd164d5218a185b1db68655a265316\"},\"headline\":\"26e Semaine de la Photographie : exposition \u00ab Jackdal Photographies \u00bb au mus\u00e9e Charles Friry\",\"datePublished\":\"2023-01-16T06:14:06+00:00\",\"dateModified\":\"2023-01-16T06:14:06+00:00\",\"mainEntityOfPage\":{\"@id\":\"https:\/\/vosgesinfo.fr\/remiremontinfo\/2023\/01\/26e-semaine-de-photographie-exposition-jackdal-photographies-musee-charles-friry\/\"},\"wordCount\":143,\"commentCount\":0,\"publisher\":{\"@id\":\"https:\/\/vosgesinfo.fr\/remiremontinfo\/#organization\"},\"image\":{\"@id\":\"https:\/\/vosgesinfo.fr\/remiremontinfo\/2023\/01\/26e-semaine-de-photographie-exposition-jackdal-photographies-musee-charles-friry\/#primaryimage\"},\"thumbnailUrl\":\"https:\/\/vosgesinfo.fr\/app\/uploads\/sites\/5\/2024\/09\/202301capture-decran-2023-01-16-111539.png\",\"keywords\":[\"Expo\",\"Photographie\",\"remiremont\"],\"articleSection\":[\"A la Une\",\"Culture\",\"Remiremont\",\"Remiremont &amp; son canton\"],\"inLanguage\":\"fr-FR\",\"potentialAction\":[{\"@type\":\"CommentAction\",\"name\":\"Comment\",\"target\":[\"https:\/\/vosgesinfo.fr\/remiremontinfo\/2023\/01\/26e-semaine-de-photographie-exposition-jackdal-photographies-musee-charles-friry\/#respond\"]}]},{\"@type\":\"WebPage\",\"@id\":\"https:\/\/vosgesinfo.fr\/remiremontinfo\/2023\/01\/26e-semaine-de-photographie-exposition-jackdal-photographies-musee-charles-friry\/\",\"url\":\"https:\/\/vosgesinfo.fr\/remiremontinfo\/2023\/01\/26e-semaine-de-photographie-exposition-jackdal-photographies-musee-charles-friry\/\",\"name\":\"26e Semaine de la Photographie : exposition \u00ab Jackdal Photographies \u00bb au mus\u00e9e Charles Friry - Remiremont Info\",\"isPartOf\":{\"@id\":\"https:\/\/vosgesinfo.fr\/remiremontinfo\/#website\"},\"primaryImageOfPage\":{\"@id\":\"https:\/\/vosgesinfo.fr\/remiremontinfo\/2023\/01\/26e-semaine-de-photographie-exposition-jackdal-photographies-musee-charles-friry\/#primaryimage\"},\"image\":{\"@id\":\"https:\/\/vosgesinfo.fr\/remiremontinfo\/2023\/01\/26e-semaine-de-photographie-exposition-jackdal-photographies-musee-charles-friry\/#primaryimage\"},\"thumbnailUrl\":\"https:\/\/vosgesinfo.fr\/app\/uploads\/sites\/5\/2024\/09\/202301capture-decran-2023-01-16-111539.png\",\"datePublished\":\"2023-01-16T06:14:06+00:00\",\"dateModified\":\"2023-01-16T06:14:06+00:00\",\"breadcrumb\":{\"@id\":\"https:\/\/vosgesinfo.fr\/remiremontinfo\/2023\/01\/26e-semaine-de-photographie-exposition-jackdal-photographies-musee-charles-friry\/#breadcrumb\"},\"inLanguage\":\"fr-FR\",\"potentialAction\":[{\"@type\":\"ReadAction\",\"target\":[\"https:\/\/vosgesinfo.fr\/remiremontinfo\/2023\/01\/26e-semaine-de-photographie-exposition-jackdal-photographies-musee-charles-friry\/\"]}]},{\"@type\":\"ImageObject\",\"inLanguage\":\"fr-FR\",\"@id\":\"https:\/\/vosgesinfo.fr\/remiremontinfo\/2023\/01\/26e-semaine-de-photographie-exposition-jackdal-photographies-musee-charles-friry\/#primaryimage\",\"url\":\"https:\/\/vosgesinfo.fr\/app\/uploads\/sites\/5\/2024\/09\/202301capture-decran-2023-01-16-111539.png\",\"contentUrl\":\"https:\/\/vosgesinfo.fr\/app\/uploads\/sites\/5\/2024\/09\/202301capture-decran-2023-01-16-111539.png\",\"width\":977,\"height\":672},{\"@type\":\"BreadcrumbList\",\"@id\":\"https:\/\/vosgesinfo.fr\/remiremontinfo\/2023\/01\/26e-semaine-de-photographie-exposition-jackdal-photographies-musee-charles-friry\/#breadcrumb\",\"itemListElement\":[{\"@type\":\"ListItem\",\"position\":1,\"name\":\"Home\",\"item\":\"https:\/\/vosgesinfo.fr\/remiremontinfo\/\"},{\"@type\":\"ListItem\",\"position\":2,\"name\":\"26e Semaine de la Photographie : exposition \u00ab Jackdal Photographies \u00bb au mus\u00e9e Charles Friry\"}]},{\"@type\":\"WebSite\",\"@id\":\"https:\/\/vosgesinfo.fr\/remiremontinfo\/#website\",\"url\":\"https:\/\/vosgesinfo.fr\/remiremontinfo\/\",\"name\":\"Remiremont Info\",\"description\":\"Toute l&#039;actualit\u00e9 de Remiremont\",\"publisher\":{\"@id\":\"https:\/\/vosgesinfo.fr\/remiremontinfo\/#organization\"},\"alternateName\":\"Toute l'actualit\u00e9 de Remiremont\",\"potentialAction\":[{\"@type\":\"SearchAction\",\"target\":{\"@type\":\"EntryPoint\",\"urlTemplate\":\"https:\/\/vosgesinfo.fr\/remiremontinfo\/?s={search_term_string}\"},\"query-input\":\"required name=search_term_string\"}],\"inLanguage\":\"fr-FR\"},{\"@type\":\"Organization\",\"@id\":\"https:\/\/vosgesinfo.fr\/remiremontinfo\/#organization\",\"name\":\"Remiremont Info\",\"url\":\"https:\/\/vosgesinfo.fr\/remiremontinfo\/\",\"logo\":{\"@type\":\"ImageObject\",\"inLanguage\":\"fr-FR\",\"@id\":\"https:\/\/vosgesinfo.fr\/remiremontinfo\/#\/schema\/logo\/image\/\",\"url\":\"https:\/\/vosgesinfo.fr\/app\/uploads\/sites\/5\/2023\/08\/favicon-remiremontinfo.png\",\"contentUrl\":\"https:\/\/vosgesinfo.fr\/app\/uploads\/sites\/5\/2023\/08\/favicon-remiremontinfo.png\",\"width\":512,\"height\":512,\"caption\":\"Remiremont Info\"},\"image\":{\"@id\":\"https:\/\/vosgesinfo.fr\/remiremontinfo\/#\/schema\/logo\/image\/\"},\"sameAs\":[\"https:\/\/www.facebook.com\/remiremontinfo\",\"https:\/\/x.com\/VosgesInfo88\",\"https:\/\/www.youtube.com\/@vosgesinfo\"]},{\"@type\":\"Person\",\"@id\":\"https:\/\/vosgesinfo.fr\/remiremontinfo\/#\/schema\/person\/3bfd164d5218a185b1db68655a265316\",\"name\":\"C D\",\"image\":{\"@type\":\"ImageObject\",\"inLanguage\":\"fr-FR\",\"@id\":\"https:\/\/vosgesinfo.fr\/remiremontinfo\/#\/schema\/person\/image\/\",\"url\":\"https:\/\/secure.gravatar.com\/avatar\/1f9a70007336511a47468b8f1c66f922b8b7cf617b02a31149ada43893a5d48f?s=96&d=mm&r=g\",\"contentUrl\":\"https:\/\/secure.gravatar.com\/avatar\/1f9a70007336511a47468b8f1c66f922b8b7cf617b02a31149ada43893a5d48f?s=96&d=mm&r=g\",\"caption\":\"C D\"},\"url\":\"https:\/\/vosgesinfo.fr\/remiremontinfo\/author\/cedric-drevet\/\"}]}<\/script>\n<!-- \/ Yoast SEO plugin. -->","yoast_head_json":{"title":"26e Semaine de la Photographie : exposition \u00ab Jackdal Photographies \u00bb au mus\u00e9e Charles Friry - Remiremont Info","robots":{"index":"index","follow":"follow","max-snippet":"max-snippet:-1","max-image-preview":"max-image-preview:large","max-video-preview":"max-video-preview:-1"},"canonical":"https:\/\/vosgesinfo.fr\/remiremontinfo\/2023\/01\/26e-semaine-de-photographie-exposition-jackdal-photographies-musee-charles-friry\/","twitter_card":"summary_large_image","twitter_title":"26e Semaine de la Photographie : exposition \u00ab Jackdal Photographies \u00bb au mus\u00e9e Charles Friry - Remiremont Info","twitter_description":"En pr\u00e9ambule de la 26e Semaine de la Photographie, le mus\u00e9e Charles Friry accueille JACKDAL, photographe vosgien, du mercredi 18 [&hellip;]","twitter_image":"https:\/\/vosgesinfo.fr\/app\/uploads\/sites\/5\/2024\/09\/202301capture-decran-2023-01-16-111539.png","twitter_creator":"@VosgesInfo88","twitter_site":"@VosgesInfo88","twitter_misc":{"\u00c9crit par":"C D","Dur\u00e9e de lecture estim\u00e9e":"1 minute"},"schema":{"@context":"https:\/\/schema.org","@graph":[{"@type":"Article","@id":"https:\/\/vosgesinfo.fr\/remiremontinfo\/2023\/01\/26e-semaine-de-photographie-exposition-jackdal-photographies-musee-charles-friry\/#article","isPartOf":{"@id":"https:\/\/vosgesinfo.fr\/remiremontinfo\/2023\/01\/26e-semaine-de-photographie-exposition-jackdal-photographies-musee-charles-friry\/"},"author":{"name":"C D","@id":"https:\/\/vosgesinfo.fr\/remiremontinfo\/#\/schema\/person\/3bfd164d5218a185b1db68655a265316"},"headline":"26e Semaine de la Photographie : exposition \u00ab Jackdal Photographies \u00bb au mus\u00e9e Charles Friry","datePublished":"2023-01-16T06:14:06+00:00","dateModified":"2023-01-16T06:14:06+00:00","mainEntityOfPage":{"@id":"https:\/\/vosgesinfo.fr\/remiremontinfo\/2023\/01\/26e-semaine-de-photographie-exposition-jackdal-photographies-musee-charles-friry\/"},"wordCount":143,"commentCount":0,"publisher":{"@id":"https:\/\/vosgesinfo.fr\/remiremontinfo\/#organization"},"image":{"@id":"https:\/\/vosgesinfo.fr\/remiremontinfo\/2023\/01\/26e-semaine-de-photographie-exposition-jackdal-photographies-musee-charles-friry\/#primaryimage"},"thumbnailUrl":"https:\/\/vosgesinfo.fr\/app\/uploads\/sites\/5\/2024\/09\/202301capture-decran-2023-01-16-111539.png","keywords":["Expo","Photographie","remiremont"],"articleSection":["A la Une","Culture","Remiremont","Remiremont &amp; son canton"],"inLanguage":"fr-FR","potentialAction":[{"@type":"CommentAction","name":"Comment","target":["https:\/\/vosgesinfo.fr\/remiremontinfo\/2023\/01\/26e-semaine-de-photographie-exposition-jackdal-photographies-musee-charles-friry\/#respond"]}]},{"@type":"WebPage","@id":"https:\/\/vosgesinfo.fr\/remiremontinfo\/2023\/01\/26e-semaine-de-photographie-exposition-jackdal-photographies-musee-charles-friry\/","url":"https:\/\/vosgesinfo.fr\/remiremontinfo\/2023\/01\/26e-semaine-de-photographie-exposition-jackdal-photographies-musee-charles-friry\/","name":"26e Semaine de la Photographie : exposition \u00ab Jackdal Photographies \u00bb au mus\u00e9e Charles Friry - Remiremont Info","isPartOf":{"@id":"https:\/\/vosgesinfo.fr\/remiremontinfo\/#website"},"primaryImageOfPage":{"@id":"https:\/\/vosgesinfo.fr\/remiremontinfo\/2023\/01\/26e-semaine-de-photographie-exposition-jackdal-photographies-musee-charles-friry\/#primaryimage"},"image":{"@id":"https:\/\/vosgesinfo.fr\/remiremontinfo\/2023\/01\/26e-semaine-de-photographie-exposition-jackdal-photographies-musee-charles-friry\/#primaryimage"},"thumbnailUrl":"https:\/\/vosgesinfo.fr\/app\/uploads\/sites\/5\/2024\/09\/202301capture-decran-2023-01-16-111539.png","datePublished":"2023-01-16T06:14:06+00:00","dateModified":"2023-01-16T06:14:06+00:00","breadcrumb":{"@id":"https:\/\/vosgesinfo.fr\/remiremontinfo\/2023\/01\/26e-semaine-de-photographie-exposition-jackdal-photographies-musee-charles-friry\/#breadcrumb"},"inLanguage":"fr-FR","potentialAction":[{"@type":"ReadAction","target":["https:\/\/vosgesinfo.fr\/remiremontinfo\/2023\/01\/26e-semaine-de-photographie-exposition-jackdal-photographies-musee-charles-friry\/"]}]},{"@type":"ImageObject","inLanguage":"fr-FR","@id":"https:\/\/vosgesinfo.fr\/remiremontinfo\/2023\/01\/26e-semaine-de-photographie-exposition-jackdal-photographies-musee-charles-friry\/#primaryimage","url":"https:\/\/vosgesinfo.fr\/app\/uploads\/sites\/5\/2024\/09\/202301capture-decran-2023-01-16-111539.png","contentUrl":"https:\/\/vosgesinfo.fr\/app\/uploads\/sites\/5\/2024\/09\/202301capture-decran-2023-01-16-111539.png","width":977,"height":672},{"@type":"BreadcrumbList","@id":"https:\/\/vosgesinfo.fr\/remiremontinfo\/2023\/01\/26e-semaine-de-photographie-exposition-jackdal-photographies-musee-charles-friry\/#breadcrumb","itemListElement":[{"@type":"ListItem","position":1,"name":"Home","item":"https:\/\/vosgesinfo.fr\/remiremontinfo\/"},{"@type":"ListItem","position":2,"name":"26e Semaine de la Photographie : exposition \u00ab Jackdal Photographies \u00bb au mus\u00e9e Charles Friry"}]},{"@type":"WebSite","@id":"https:\/\/vosgesinfo.fr\/remiremontinfo\/#website","url":"https:\/\/vosgesinfo.fr\/remiremontinfo\/","name":"Remiremont Info","description":"Toute l&#039;actualit\u00e9 de Remiremont","publisher":{"@id":"https:\/\/vosgesinfo.fr\/remiremontinfo\/#organization"},"alternateName":"Toute l'actualit\u00e9 de Remiremont","potentialAction":[{"@type":"SearchAction","target":{"@type":"EntryPoint","urlTemplate":"https:\/\/vosgesinfo.fr\/remiremontinfo\/?s={search_term_string}"},"query-input":"required name=search_term_string"}],"inLanguage":"fr-FR"},{"@type":"Organization","@id":"https:\/\/vosgesinfo.fr\/remiremontinfo\/#organization","name":"Remiremont Info","url":"https:\/\/vosgesinfo.fr\/remiremontinfo\/","logo":{"@type":"ImageObject","inLanguage":"fr-FR","@id":"https:\/\/vosgesinfo.fr\/remiremontinfo\/#\/schema\/logo\/image\/","url":"https:\/\/vosgesinfo.fr\/app\/uploads\/sites\/5\/2023\/08\/favicon-remiremontinfo.png","contentUrl":"https:\/\/vosgesinfo.fr\/app\/uploads\/sites\/5\/2023\/08\/favicon-remiremontinfo.png","width":512,"height":512,"caption":"Remiremont Info"},"image":{"@id":"https:\/\/vosgesinfo.fr\/remiremontinfo\/#\/schema\/logo\/image\/"},"sameAs":["https:\/\/www.facebook.com\/remiremontinfo","https:\/\/x.com\/VosgesInfo88","https:\/\/www.youtube.com\/@vosgesinfo"]},{"@type":"Person","@id":"https:\/\/vosgesinfo.fr\/remiremontinfo\/#\/schema\/person\/3bfd164d5218a185b1db68655a265316","name":"C D","image":{"@type":"ImageObject","inLanguage":"fr-FR","@id":"https:\/\/vosgesinfo.fr\/remiremontinfo\/#\/schema\/person\/image\/","url":"https:\/\/secure.gravatar.com\/avatar\/1f9a70007336511a47468b8f1c66f922b8b7cf617b02a31149ada43893a5d48f?s=96&d=mm&r=g","contentUrl":"https:\/\/secure.gravatar.com\/avatar\/1f9a70007336511a47468b8f1c66f922b8b7cf617b02a31149ada43893a5d48f?s=96&d=mm&r=g","caption":"C D"},"url":"https:\/\/vosgesinfo.fr\/remiremontinfo\/author\/cedric-drevet\/"}]}},"_links":{"self":[{"href":"https:\/\/vosgesinfo.fr\/remiremontinfo\/wp-json\/wp\/v2\/posts\/66816","targetHints":{"allow":["GET"]}}],"collection":[{"href":"https:\/\/vosgesinfo.fr\/remiremontinfo\/wp-json\/wp\/v2\/posts"}],"about":[{"href":"https:\/\/vosgesinfo.fr\/remiremontinfo\/wp-json\/wp\/v2\/types\/post"}],"author":[{"embeddable":true,"href":"https:\/\/vosgesinfo.fr\/remiremontinfo\/wp-json\/wp\/v2\/users\/407"}],"replies":[{"embeddable":true,"href":"https:\/\/vosgesinfo.fr\/remiremontinfo\/wp-json\/wp\/v2\/comments?post=66816"}],"version-history":[{"count":0,"href":"https:\/\/vosgesinfo.fr\/remiremontinfo\/wp-json\/wp\/v2\/posts\/66816\/revisions"}],"wp:featuredmedia":[{"embeddable":true,"href":"https:\/\/vosgesinfo.fr\/remiremontinfo\/wp-json\/wp\/v2\/media\/66817"}],"wp:attachment":[{"href":"https:\/\/vosgesinfo.fr\/remiremontinfo\/wp-json\/wp\/v2\/media?parent=66816"}],"wp:term":[{"taxonomy":"category","embeddable":true,"href":"https:\/\/vosgesinfo.fr\/remiremontinfo\/wp-json\/wp\/v2\/categories?post=66816"},{"taxonomy":"post_tag","embeddable":true,"href":"https:\/\/vosgesinfo.fr\/remiremontinfo\/wp-json\/wp\/v2\/tags?post=66816"}],"curies":[{"name":"wp","href":"https:\/\/api.w.org\/{rel}","templated":true}]}}