{"id":66826,"date":"2023-01-17T08:46:03","date_gmt":"2023-01-17T07:46:03","guid":{"rendered":"https:\/\/vosgesinfo.fr\/remiremontinfo\/2023\/01\/rupt-moselle-service-minimum-ecoles-pendant-greve-de-jeudi\/"},"modified":"2023-01-17T08:46:03","modified_gmt":"2023-01-17T07:46:03","slug":"rupt-moselle-service-minimum-ecoles-pendant-greve-de-jeudi","status":"publish","type":"post","link":"https:\/\/vosgesinfo.fr\/remiremontinfo\/2023\/01\/rupt-moselle-service-minimum-ecoles-pendant-greve-de-jeudi\/","title":{"rendered":"Rupt-sur-Moselle : service minimum dans les \u00e9coles pendant la gr\u00e8ve de jeudi"},"content":{"rendered":"<h2><a href=\"\/2023\/01\/Capture-d\u2019\u00e9cran-2023-01-17-094526.png\"><img decoding=\"async\" class=\"alignnone size-full wp-image-362092\" src=\"\/2023\/01\/Capture-d\u2019\u00e9cran-2023-01-17-094526.png\" alt=\"ecole rupt google maps\" width=\"607\" height=\"507\" \/><\/a><\/h2>\n<h2><span style=\"font-size: 12pt;\"><strong>Dans le cadre du mouvement d&rsquo;opposition \u00e0 la r\u00e9forme des retraites pr\u00e9vue par le gouvernement, une journ\u00e9e de gr\u00e8ve et de manifestation est pr\u00e9vue ce jeudi 19 janvier. Un rassemblement aura notamment lieu \u00e0 Epinal. Les \u00e9coles pourraient notamment \u00eatre impact\u00e9es par cette mobilisation.\u00a0<\/strong><\/span><\/h2>\n<p>A Rupt-sur-Moselle, voici le programme de service minimum pr\u00e9sent\u00e9 par la Mairie :<\/p>\n<p style=\"text-align: center;\"><a href=\"\/2023\/01\/325953191_894546598566364_8136134852979474703_n.png\"><img decoding=\"async\" class=\"alignnone size-large wp-image-362089\" src=\"\/2023\/01\/325953191_894546598566364_8136134852979474703_n-724x1024.png\" alt=\"325953191_894546598566364_8136134852979474703_n\" width=\"724\" height=\"1024\" \/><\/a> <a href=\"\/2023\/01\/325976860_933851697606041_5834316459728358595_n.jpg\"><img decoding=\"async\" class=\"alignnone size-large wp-image-362090\" src=\"\/2023\/01\/325976860_933851697606041_5834316459728358595_n-724x1024.jpg\" alt=\"325976860_933851697606041_5834316459728358595_n\" width=\"724\" height=\"1024\" \/><\/a> <a href=\"\/2023\/01\/325994607_703028801530004_1310972657964870670_n.png\"><img decoding=\"async\" class=\"alignnone size-large wp-image-362091\" src=\"\/2023\/01\/325994607_703028801530004_1310972657964870670_n-724x1024.png\" alt=\"325994607_703028801530004_1310972657964870670_n\" width=\"724\" height=\"1024\" \/><\/a><\/p>\n","protected":false},"excerpt":{"rendered":"<p>Dans le cadre du mouvement d&rsquo;opposition \u00e0 la r\u00e9forme des retraites pr\u00e9vue par le gouvernement, une journ\u00e9e de gr\u00e8ve et [&hellip;]<\/p>\n","protected":false},"author":407,"featured_media":66827,"comment_status":"open","ping_status":"open","sticky":false,"template":"","format":"standard","meta":{"footnotes":""},"categories":[26,37,250,13],"tags":[415,506,387,310,32],"class_list":["post-66826","post","type-post","status-publish","format-standard","has-post-thumbnail","hentry","category-a-la-une","category-le-thillot-son-canton","category-rupt-sur-moselle","category-societe","tag-ecole","tag-greve","tag-retraite","tag-rupt-sur-moselle","tag-vosges"],"acf":[],"yoast_head":"<!-- This site is optimized with the Yoast SEO plugin v22.5 - https:\/\/yoast.com\/wordpress\/plugins\/seo\/ -->\n<title>Rupt-sur-Moselle : service minimum dans les \u00e9coles pendant la gr\u00e8ve de jeudi - Remiremont Info<\/title>\n<meta name=\"robots\" content=\"index, follow, max-snippet:-1, max-image-preview:large, max-video-preview:-1\" \/>\n<link rel=\"canonical\" href=\"https:\/\/vosgesinfo.fr\/remiremontinfo\/2023\/01\/rupt-moselle-service-minimum-ecoles-pendant-greve-de-jeudi\/\" \/>\n<meta name=\"twitter:card\" content=\"summary_large_image\" \/>\n<meta name=\"twitter:title\" content=\"Rupt-sur-Moselle : service minimum dans les \u00e9coles pendant la gr\u00e8ve de jeudi - Remiremont Info\" \/>\n<meta name=\"twitter:description\" content=\"Dans le cadre du mouvement d&rsquo;opposition \u00e0 la r\u00e9forme des retraites pr\u00e9vue par le gouvernement, une journ\u00e9e de gr\u00e8ve et [&hellip;]\" \/>\n<meta name=\"twitter:image\" content=\"https:\/\/vosgesinfo.fr\/app\/uploads\/sites\/5\/2024\/09\/202301capture-decran-2023-01-17-094526.png\" \/>\n<meta name=\"twitter:creator\" content=\"@VosgesInfo88\" \/>\n<meta name=\"twitter:site\" content=\"@VosgesInfo88\" \/>\n<meta name=\"twitter:label1\" content=\"\u00c9crit par\" \/>\n\t<meta name=\"twitter:data1\" content=\"C D\" \/>\n<script type=\"application\/ld+json\" class=\"yoast-schema-graph\">{\"@context\":\"https:\/\/schema.org\",\"@graph\":[{\"@type\":\"Article\",\"@id\":\"https:\/\/vosgesinfo.fr\/remiremontinfo\/2023\/01\/rupt-moselle-service-minimum-ecoles-pendant-greve-de-jeudi\/#article\",\"isPartOf\":{\"@id\":\"https:\/\/vosgesinfo.fr\/remiremontinfo\/2023\/01\/rupt-moselle-service-minimum-ecoles-pendant-greve-de-jeudi\/\"},\"author\":{\"name\":\"C D\",\"@id\":\"https:\/\/vosgesinfo.fr\/remiremontinfo\/#\/schema\/person\/3bfd164d5218a185b1db68655a265316\"},\"headline\":\"Rupt-sur-Moselle : service minimum dans les \u00e9coles pendant la gr\u00e8ve de jeudi\",\"datePublished\":\"2023-01-17T07:46:03+00:00\",\"dateModified\":\"2023-01-17T07:46:03+00:00\",\"mainEntityOfPage\":{\"@id\":\"https:\/\/vosgesinfo.fr\/remiremontinfo\/2023\/01\/rupt-moselle-service-minimum-ecoles-pendant-greve-de-jeudi\/\"},\"wordCount\":73,\"commentCount\":0,\"publisher\":{\"@id\":\"https:\/\/vosgesinfo.fr\/remiremontinfo\/#organization\"},\"image\":{\"@id\":\"https:\/\/vosgesinfo.fr\/remiremontinfo\/2023\/01\/rupt-moselle-service-minimum-ecoles-pendant-greve-de-jeudi\/#primaryimage\"},\"thumbnailUrl\":\"https:\/\/vosgesinfo.fr\/app\/uploads\/sites\/5\/2024\/09\/202301capture-decran-2023-01-17-094526.png\",\"keywords\":[\"ecole\",\"gr\u00eave\",\"retraite\",\"rupt-sur-moselle\",\"Vosges\"],\"articleSection\":[\"A la Une\",\"Le Thillot &amp; son canton\",\"Rupt-Sur-Moselle\",\"Soci\u00e9t\u00e9\"],\"inLanguage\":\"fr-FR\",\"potentialAction\":[{\"@type\":\"CommentAction\",\"name\":\"Comment\",\"target\":[\"https:\/\/vosgesinfo.fr\/remiremontinfo\/2023\/01\/rupt-moselle-service-minimum-ecoles-pendant-greve-de-jeudi\/#respond\"]}]},{\"@type\":\"WebPage\",\"@id\":\"https:\/\/vosgesinfo.fr\/remiremontinfo\/2023\/01\/rupt-moselle-service-minimum-ecoles-pendant-greve-de-jeudi\/\",\"url\":\"https:\/\/vosgesinfo.fr\/remiremontinfo\/2023\/01\/rupt-moselle-service-minimum-ecoles-pendant-greve-de-jeudi\/\",\"name\":\"Rupt-sur-Moselle : service minimum dans les \u00e9coles pendant la gr\u00e8ve de jeudi - Remiremont Info\",\"isPartOf\":{\"@id\":\"https:\/\/vosgesinfo.fr\/remiremontinfo\/#website\"},\"primaryImageOfPage\":{\"@id\":\"https:\/\/vosgesinfo.fr\/remiremontinfo\/2023\/01\/rupt-moselle-service-minimum-ecoles-pendant-greve-de-jeudi\/#primaryimage\"},\"image\":{\"@id\":\"https:\/\/vosgesinfo.fr\/remiremontinfo\/2023\/01\/rupt-moselle-service-minimum-ecoles-pendant-greve-de-jeudi\/#primaryimage\"},\"thumbnailUrl\":\"https:\/\/vosgesinfo.fr\/app\/uploads\/sites\/5\/2024\/09\/202301capture-decran-2023-01-17-094526.png\",\"datePublished\":\"2023-01-17T07:46:03+00:00\",\"dateModified\":\"2023-01-17T07:46:03+00:00\",\"breadcrumb\":{\"@id\":\"https:\/\/vosgesinfo.fr\/remiremontinfo\/2023\/01\/rupt-moselle-service-minimum-ecoles-pendant-greve-de-jeudi\/#breadcrumb\"},\"inLanguage\":\"fr-FR\",\"potentialAction\":[{\"@type\":\"ReadAction\",\"target\":[\"https:\/\/vosgesinfo.fr\/remiremontinfo\/2023\/01\/rupt-moselle-service-minimum-ecoles-pendant-greve-de-jeudi\/\"]}]},{\"@type\":\"ImageObject\",\"inLanguage\":\"fr-FR\",\"@id\":\"https:\/\/vosgesinfo.fr\/remiremontinfo\/2023\/01\/rupt-moselle-service-minimum-ecoles-pendant-greve-de-jeudi\/#primaryimage\",\"url\":\"https:\/\/vosgesinfo.fr\/app\/uploads\/sites\/5\/2024\/09\/202301capture-decran-2023-01-17-094526.png\",\"contentUrl\":\"https:\/\/vosgesinfo.fr\/app\/uploads\/sites\/5\/2024\/09\/202301capture-decran-2023-01-17-094526.png\",\"width\":607,\"height\":507},{\"@type\":\"BreadcrumbList\",\"@id\":\"https:\/\/vosgesinfo.fr\/remiremontinfo\/2023\/01\/rupt-moselle-service-minimum-ecoles-pendant-greve-de-jeudi\/#breadcrumb\",\"itemListElement\":[{\"@type\":\"ListItem\",\"position\":1,\"name\":\"Home\",\"item\":\"https:\/\/vosgesinfo.fr\/remiremontinfo\/\"},{\"@type\":\"ListItem\",\"position\":2,\"name\":\"Rupt-sur-Moselle : service minimum dans les \u00e9coles pendant la gr\u00e8ve de jeudi\"}]},{\"@type\":\"WebSite\",\"@id\":\"https:\/\/vosgesinfo.fr\/remiremontinfo\/#website\",\"url\":\"https:\/\/vosgesinfo.fr\/remiremontinfo\/\",\"name\":\"Remiremont Info\",\"description\":\"Toute l&#039;actualit\u00e9 de Remiremont\",\"publisher\":{\"@id\":\"https:\/\/vosgesinfo.fr\/remiremontinfo\/#organization\"},\"alternateName\":\"Toute l'actualit\u00e9 de Remiremont\",\"potentialAction\":[{\"@type\":\"SearchAction\",\"target\":{\"@type\":\"EntryPoint\",\"urlTemplate\":\"https:\/\/vosgesinfo.fr\/remiremontinfo\/?s={search_term_string}\"},\"query-input\":\"required name=search_term_string\"}],\"inLanguage\":\"fr-FR\"},{\"@type\":\"Organization\",\"@id\":\"https:\/\/vosgesinfo.fr\/remiremontinfo\/#organization\",\"name\":\"Remiremont Info\",\"url\":\"https:\/\/vosgesinfo.fr\/remiremontinfo\/\",\"logo\":{\"@type\":\"ImageObject\",\"inLanguage\":\"fr-FR\",\"@id\":\"https:\/\/vosgesinfo.fr\/remiremontinfo\/#\/schema\/logo\/image\/\",\"url\":\"https:\/\/vosgesinfo.fr\/app\/uploads\/sites\/5\/2023\/08\/favicon-remiremontinfo.png\",\"contentUrl\":\"https:\/\/vosgesinfo.fr\/app\/uploads\/sites\/5\/2023\/08\/favicon-remiremontinfo.png\",\"width\":512,\"height\":512,\"caption\":\"Remiremont Info\"},\"image\":{\"@id\":\"https:\/\/vosgesinfo.fr\/remiremontinfo\/#\/schema\/logo\/image\/\"},\"sameAs\":[\"https:\/\/www.facebook.com\/remiremontinfo\",\"https:\/\/x.com\/VosgesInfo88\",\"https:\/\/www.youtube.com\/@vosgesinfo\"]},{\"@type\":\"Person\",\"@id\":\"https:\/\/vosgesinfo.fr\/remiremontinfo\/#\/schema\/person\/3bfd164d5218a185b1db68655a265316\",\"name\":\"C D\",\"image\":{\"@type\":\"ImageObject\",\"inLanguage\":\"fr-FR\",\"@id\":\"https:\/\/vosgesinfo.fr\/remiremontinfo\/#\/schema\/person\/image\/\",\"url\":\"https:\/\/secure.gravatar.com\/avatar\/1f9a70007336511a47468b8f1c66f922b8b7cf617b02a31149ada43893a5d48f?s=96&d=mm&r=g\",\"contentUrl\":\"https:\/\/secure.gravatar.com\/avatar\/1f9a70007336511a47468b8f1c66f922b8b7cf617b02a31149ada43893a5d48f?s=96&d=mm&r=g\",\"caption\":\"C D\"},\"url\":\"https:\/\/vosgesinfo.fr\/remiremontinfo\/author\/cedric-drevet\/\"}]}<\/script>\n<!-- \/ Yoast SEO plugin. -->","yoast_head_json":{"title":"Rupt-sur-Moselle : service minimum dans les \u00e9coles pendant la gr\u00e8ve de jeudi - Remiremont Info","robots":{"index":"index","follow":"follow","max-snippet":"max-snippet:-1","max-image-preview":"max-image-preview:large","max-video-preview":"max-video-preview:-1"},"canonical":"https:\/\/vosgesinfo.fr\/remiremontinfo\/2023\/01\/rupt-moselle-service-minimum-ecoles-pendant-greve-de-jeudi\/","twitter_card":"summary_large_image","twitter_title":"Rupt-sur-Moselle : service minimum dans les \u00e9coles pendant la gr\u00e8ve de jeudi - Remiremont Info","twitter_description":"Dans le cadre du mouvement d&rsquo;opposition \u00e0 la r\u00e9forme des retraites pr\u00e9vue par le gouvernement, une journ\u00e9e de gr\u00e8ve et [&hellip;]","twitter_image":"https:\/\/vosgesinfo.fr\/app\/uploads\/sites\/5\/2024\/09\/202301capture-decran-2023-01-17-094526.png","twitter_creator":"@VosgesInfo88","twitter_site":"@VosgesInfo88","twitter_misc":{"\u00c9crit par":"C D"},"schema":{"@context":"https:\/\/schema.org","@graph":[{"@type":"Article","@id":"https:\/\/vosgesinfo.fr\/remiremontinfo\/2023\/01\/rupt-moselle-service-minimum-ecoles-pendant-greve-de-jeudi\/#article","isPartOf":{"@id":"https:\/\/vosgesinfo.fr\/remiremontinfo\/2023\/01\/rupt-moselle-service-minimum-ecoles-pendant-greve-de-jeudi\/"},"author":{"name":"C D","@id":"https:\/\/vosgesinfo.fr\/remiremontinfo\/#\/schema\/person\/3bfd164d5218a185b1db68655a265316"},"headline":"Rupt-sur-Moselle : service minimum dans les \u00e9coles pendant la gr\u00e8ve de jeudi","datePublished":"2023-01-17T07:46:03+00:00","dateModified":"2023-01-17T07:46:03+00:00","mainEntityOfPage":{"@id":"https:\/\/vosgesinfo.fr\/remiremontinfo\/2023\/01\/rupt-moselle-service-minimum-ecoles-pendant-greve-de-jeudi\/"},"wordCount":73,"commentCount":0,"publisher":{"@id":"https:\/\/vosgesinfo.fr\/remiremontinfo\/#organization"},"image":{"@id":"https:\/\/vosgesinfo.fr\/remiremontinfo\/2023\/01\/rupt-moselle-service-minimum-ecoles-pendant-greve-de-jeudi\/#primaryimage"},"thumbnailUrl":"https:\/\/vosgesinfo.fr\/app\/uploads\/sites\/5\/2024\/09\/202301capture-decran-2023-01-17-094526.png","keywords":["ecole","gr\u00eave","retraite","rupt-sur-moselle","Vosges"],"articleSection":["A la Une","Le Thillot &amp; son canton","Rupt-Sur-Moselle","Soci\u00e9t\u00e9"],"inLanguage":"fr-FR","potentialAction":[{"@type":"CommentAction","name":"Comment","target":["https:\/\/vosgesinfo.fr\/remiremontinfo\/2023\/01\/rupt-moselle-service-minimum-ecoles-pendant-greve-de-jeudi\/#respond"]}]},{"@type":"WebPage","@id":"https:\/\/vosgesinfo.fr\/remiremontinfo\/2023\/01\/rupt-moselle-service-minimum-ecoles-pendant-greve-de-jeudi\/","url":"https:\/\/vosgesinfo.fr\/remiremontinfo\/2023\/01\/rupt-moselle-service-minimum-ecoles-pendant-greve-de-jeudi\/","name":"Rupt-sur-Moselle : service minimum dans les \u00e9coles pendant la gr\u00e8ve de jeudi - Remiremont Info","isPartOf":{"@id":"https:\/\/vosgesinfo.fr\/remiremontinfo\/#website"},"primaryImageOfPage":{"@id":"https:\/\/vosgesinfo.fr\/remiremontinfo\/2023\/01\/rupt-moselle-service-minimum-ecoles-pendant-greve-de-jeudi\/#primaryimage"},"image":{"@id":"https:\/\/vosgesinfo.fr\/remiremontinfo\/2023\/01\/rupt-moselle-service-minimum-ecoles-pendant-greve-de-jeudi\/#primaryimage"},"thumbnailUrl":"https:\/\/vosgesinfo.fr\/app\/uploads\/sites\/5\/2024\/09\/202301capture-decran-2023-01-17-094526.png","datePublished":"2023-01-17T07:46:03+00:00","dateModified":"2023-01-17T07:46:03+00:00","breadcrumb":{"@id":"https:\/\/vosgesinfo.fr\/remiremontinfo\/2023\/01\/rupt-moselle-service-minimum-ecoles-pendant-greve-de-jeudi\/#breadcrumb"},"inLanguage":"fr-FR","potentialAction":[{"@type":"ReadAction","target":["https:\/\/vosgesinfo.fr\/remiremontinfo\/2023\/01\/rupt-moselle-service-minimum-ecoles-pendant-greve-de-jeudi\/"]}]},{"@type":"ImageObject","inLanguage":"fr-FR","@id":"https:\/\/vosgesinfo.fr\/remiremontinfo\/2023\/01\/rupt-moselle-service-minimum-ecoles-pendant-greve-de-jeudi\/#primaryimage","url":"https:\/\/vosgesinfo.fr\/app\/uploads\/sites\/5\/2024\/09\/202301capture-decran-2023-01-17-094526.png","contentUrl":"https:\/\/vosgesinfo.fr\/app\/uploads\/sites\/5\/2024\/09\/202301capture-decran-2023-01-17-094526.png","width":607,"height":507},{"@type":"BreadcrumbList","@id":"https:\/\/vosgesinfo.fr\/remiremontinfo\/2023\/01\/rupt-moselle-service-minimum-ecoles-pendant-greve-de-jeudi\/#breadcrumb","itemListElement":[{"@type":"ListItem","position":1,"name":"Home","item":"https:\/\/vosgesinfo.fr\/remiremontinfo\/"},{"@type":"ListItem","position":2,"name":"Rupt-sur-Moselle : service minimum dans les \u00e9coles pendant la gr\u00e8ve de jeudi"}]},{"@type":"WebSite","@id":"https:\/\/vosgesinfo.fr\/remiremontinfo\/#website","url":"https:\/\/vosgesinfo.fr\/remiremontinfo\/","name":"Remiremont Info","description":"Toute l&#039;actualit\u00e9 de Remiremont","publisher":{"@id":"https:\/\/vosgesinfo.fr\/remiremontinfo\/#organization"},"alternateName":"Toute l'actualit\u00e9 de Remiremont","potentialAction":[{"@type":"SearchAction","target":{"@type":"EntryPoint","urlTemplate":"https:\/\/vosgesinfo.fr\/remiremontinfo\/?s={search_term_string}"},"query-input":"required name=search_term_string"}],"inLanguage":"fr-FR"},{"@type":"Organization","@id":"https:\/\/vosgesinfo.fr\/remiremontinfo\/#organization","name":"Remiremont Info","url":"https:\/\/vosgesinfo.fr\/remiremontinfo\/","logo":{"@type":"ImageObject","inLanguage":"fr-FR","@id":"https:\/\/vosgesinfo.fr\/remiremontinfo\/#\/schema\/logo\/image\/","url":"https:\/\/vosgesinfo.fr\/app\/uploads\/sites\/5\/2023\/08\/favicon-remiremontinfo.png","contentUrl":"https:\/\/vosgesinfo.fr\/app\/uploads\/sites\/5\/2023\/08\/favicon-remiremontinfo.png","width":512,"height":512,"caption":"Remiremont Info"},"image":{"@id":"https:\/\/vosgesinfo.fr\/remiremontinfo\/#\/schema\/logo\/image\/"},"sameAs":["https:\/\/www.facebook.com\/remiremontinfo","https:\/\/x.com\/VosgesInfo88","https:\/\/www.youtube.com\/@vosgesinfo"]},{"@type":"Person","@id":"https:\/\/vosgesinfo.fr\/remiremontinfo\/#\/schema\/person\/3bfd164d5218a185b1db68655a265316","name":"C D","image":{"@type":"ImageObject","inLanguage":"fr-FR","@id":"https:\/\/vosgesinfo.fr\/remiremontinfo\/#\/schema\/person\/image\/","url":"https:\/\/secure.gravatar.com\/avatar\/1f9a70007336511a47468b8f1c66f922b8b7cf617b02a31149ada43893a5d48f?s=96&d=mm&r=g","contentUrl":"https:\/\/secure.gravatar.com\/avatar\/1f9a70007336511a47468b8f1c66f922b8b7cf617b02a31149ada43893a5d48f?s=96&d=mm&r=g","caption":"C D"},"url":"https:\/\/vosgesinfo.fr\/remiremontinfo\/author\/cedric-drevet\/"}]}},"_links":{"self":[{"href":"https:\/\/vosgesinfo.fr\/remiremontinfo\/wp-json\/wp\/v2\/posts\/66826","targetHints":{"allow":["GET"]}}],"collection":[{"href":"https:\/\/vosgesinfo.fr\/remiremontinfo\/wp-json\/wp\/v2\/posts"}],"about":[{"href":"https:\/\/vosgesinfo.fr\/remiremontinfo\/wp-json\/wp\/v2\/types\/post"}],"author":[{"embeddable":true,"href":"https:\/\/vosgesinfo.fr\/remiremontinfo\/wp-json\/wp\/v2\/users\/407"}],"replies":[{"embeddable":true,"href":"https:\/\/vosgesinfo.fr\/remiremontinfo\/wp-json\/wp\/v2\/comments?post=66826"}],"version-history":[{"count":0,"href":"https:\/\/vosgesinfo.fr\/remiremontinfo\/wp-json\/wp\/v2\/posts\/66826\/revisions"}],"wp:featuredmedia":[{"embeddable":true,"href":"https:\/\/vosgesinfo.fr\/remiremontinfo\/wp-json\/wp\/v2\/media\/66827"}],"wp:attachment":[{"href":"https:\/\/vosgesinfo.fr\/remiremontinfo\/wp-json\/wp\/v2\/media?parent=66826"}],"wp:term":[{"taxonomy":"category","embeddable":true,"href":"https:\/\/vosgesinfo.fr\/remiremontinfo\/wp-json\/wp\/v2\/categories?post=66826"},{"taxonomy":"post_tag","embeddable":true,"href":"https:\/\/vosgesinfo.fr\/remiremontinfo\/wp-json\/wp\/v2\/tags?post=66826"}],"curies":[{"name":"wp","href":"https:\/\/api.w.org\/{rel}","templated":true}]}}