{"id":66850,"date":"2023-01-17T10:58:29","date_gmt":"2023-01-17T09:58:29","guid":{"rendered":"https:\/\/vosgesinfo.fr\/remiremontinfo\/2023\/01\/neige-verglas-departement-vosges-place-vigilance-orange\/"},"modified":"2023-01-17T10:58:29","modified_gmt":"2023-01-17T09:58:29","slug":"neige-verglas-departement-vosges-place-vigilance-orange","status":"publish","type":"post","link":"https:\/\/vosgesinfo.fr\/remiremontinfo\/2023\/01\/neige-verglas-departement-vosges-place-vigilance-orange\/","title":{"rendered":"Neige et verglas : le d\u00e9partement des Vosges plac\u00e9 en vigilance orange"},"content":{"rendered":"<p style=\"text-align: center;\"><a href=\"\/2022\/01\/verglas-765x510.jpg\"><img decoding=\"async\" class=\"alignnone size-full wp-image-335560\" src=\"\/2022\/01\/verglas-765x510.jpg\" alt=\"verglas-765x510\" width=\"765\" height=\"510\" \/><\/a><\/p>\n<p style=\"text-align: left;\"><span style=\"font-size: 10pt;\"><em>Photo d&rsquo;illustration<\/em><\/span><\/p>\n<p style=\"text-align: center;\"><span style=\"font-size: 10pt;\"><em>Communiqu\u00e9 de la Pr\u00e9fecture\u00a0<\/em><\/span><\/p>\n<p><span style=\"font-size: 12pt;\"><strong>M\u00e9t\u00e9o France place le d\u00e9partement des Vosges en orange pour risque de neige\/verglas \u00e0 compter de ce jour 12h00 jusque demain 10h00.<\/strong><\/span><\/p>\n<p>La perturbation venue du sud apporte de la pluie rapidement remplac\u00e9e par de la neige jusqu&rsquo;en plaine de la fin de matin\u00e9e de mardi au milieu de nuit de mardi \u00e0 mercredi, et est suivie d&rsquo;un risque de regel g\u00e9n\u00e9ralis\u00e9 mercredi matin.<\/p>\n<p>En fin d&rsquo;apr\u00e8s-midi et ce mardi soir des intensit\u00e9s neigeuses marqu\u00e9es se produisent localement avec 2 \u00e0 3 cm par heure.<br \/>\nSur l&rsquo;ensemble de l&rsquo;\u00e9pisode est attendue une couche de neige pouvant d\u00e9passer les 5 cm et tr\u00e8s localement atteindre 10 cm.<br \/>\nApr\u00e8s ces chutes de neige, les temp\u00e9ratures restent n\u00e9gatives et peuvent engendrer encore des ph\u00e9nom\u00e8nes glissants par regel des chauss\u00e9es mouill\u00e9es en premi\u00e8re moiti\u00e9 de matin\u00e9e de mercredi.<br \/>\nLa pr\u00e9f\u00e8te des Vosges appelle \u00e0 la plus grande prudence et au respect des consignes de prudence ci-dessous :<\/p>\n<p>Conseils de comportement :<br \/>\n\u2022 Soyez prudents et vigilants si vous devez absolument vous d\u00e9placer ;<br \/>\n\u2022 Privil\u00e9giez les transports en commun ;<br \/>\n\u2022 Pr\u00e9parez votre d\u00e9placement et votre itin\u00e9raire ;<br \/>\n\u2022 Respectez les restrictions de circulation et d\u00e9viations mises en place ;<br \/>\n\u2022 Facilitez le passage des engins de d\u00e9gagement des routes et autoroutes, en particulier en stationnant votre v\u00e9hicule en dehors des voies de circulation ;<br \/>\n\u2022 Prot\u00e9gez-vous des chutes et prot\u00e9gez les autres en d\u00e9gageant la neige et en salant les trottoirs<br \/>\ndevant votre domicile, tout en \u00e9vitant d\u2019obstruer les regards d\u2019\u00e9coulement des eaux ;<br \/>\n\u2022 Ne touchez en aucun cas \u00e0 des fils \u00e9lectriques tomb\u00e9s au sol ;<br \/>\n\u2022 Installez imp\u00e9rativement les groupes \u00e9lectrog\u00e8nes \u00e0 l\u2019ext\u00e9rieur des b\u00e2timents ;<br \/>\n\u2022 N\u2019utilisez pas pour vous chauffer des appareils non destin\u00e9s \u00e0 cet usage (cuisini\u00e8re, brasero&#8230;) ou des chauffages d\u2019appoint \u00e0 combustion en continu. Ces appareils ne doivent fonctionner que par intermittence.<\/p>\n<p>Pour tout renseignement compl\u00e9mentaire, consulter le site institutionnel www.meteo.fr<\/p>\n<p>&nbsp;<\/p>\n","protected":false},"excerpt":{"rendered":"<p>Photo d&rsquo;illustration Communiqu\u00e9 de la Pr\u00e9fecture\u00a0 M\u00e9t\u00e9o France place le d\u00e9partement des Vosges en orange pour risque de neige\/verglas \u00e0 [&hellip;]<\/p>\n","protected":false},"author":407,"featured_media":66851,"comment_status":"open","ping_status":"open","sticky":false,"template":"","format":"standard","meta":{"footnotes":""},"categories":[26,95,18],"tags":[128,487,720,2297,32],"class_list":["post-66850","post","type-post","status-publish","format-standard","has-post-thumbnail","hentry","category-a-la-une","category-securite","category-vosges","tag-meteo","tag-neige","tag-verglas","tag-vigilance","tag-vosges"],"acf":[],"yoast_head":"<!-- This site is optimized with the Yoast SEO plugin v22.5 - https:\/\/yoast.com\/wordpress\/plugins\/seo\/ -->\n<title>Neige et verglas : le d\u00e9partement des Vosges plac\u00e9 en vigilance orange - Remiremont Info<\/title>\n<meta name=\"robots\" content=\"index, follow, max-snippet:-1, max-image-preview:large, max-video-preview:-1\" \/>\n<link rel=\"canonical\" href=\"https:\/\/vosgesinfo.fr\/remiremontinfo\/2023\/01\/neige-verglas-departement-vosges-place-vigilance-orange\/\" \/>\n<meta name=\"twitter:card\" content=\"summary_large_image\" \/>\n<meta name=\"twitter:title\" content=\"Neige et verglas : le d\u00e9partement des Vosges plac\u00e9 en vigilance orange - Remiremont Info\" \/>\n<meta name=\"twitter:description\" content=\"Photo d&rsquo;illustration Communiqu\u00e9 de la Pr\u00e9fecture\u00a0 M\u00e9t\u00e9o France place le d\u00e9partement des Vosges en orange pour risque de neige\/verglas \u00e0 [&hellip;]\" \/>\n<meta name=\"twitter:image\" content=\"https:\/\/vosgesinfo.fr\/app\/uploads\/sites\/5\/2024\/09\/202201verglas-765x510-4.jpg\" \/>\n<meta name=\"twitter:creator\" content=\"@VosgesInfo88\" \/>\n<meta name=\"twitter:site\" content=\"@VosgesInfo88\" \/>\n<meta name=\"twitter:label1\" content=\"\u00c9crit par\" \/>\n\t<meta name=\"twitter:data1\" content=\"C D\" \/>\n\t<meta name=\"twitter:label2\" content=\"Dur\u00e9e de lecture estim\u00e9e\" \/>\n\t<meta name=\"twitter:data2\" content=\"2 minutes\" \/>\n<script type=\"application\/ld+json\" class=\"yoast-schema-graph\">{\"@context\":\"https:\/\/schema.org\",\"@graph\":[{\"@type\":\"Article\",\"@id\":\"https:\/\/vosgesinfo.fr\/remiremontinfo\/2023\/01\/neige-verglas-departement-vosges-place-vigilance-orange\/#article\",\"isPartOf\":{\"@id\":\"https:\/\/vosgesinfo.fr\/remiremontinfo\/2023\/01\/neige-verglas-departement-vosges-place-vigilance-orange\/\"},\"author\":{\"name\":\"C D\",\"@id\":\"https:\/\/vosgesinfo.fr\/remiremontinfo\/#\/schema\/person\/3bfd164d5218a185b1db68655a265316\"},\"headline\":\"Neige et verglas : le d\u00e9partement des Vosges plac\u00e9 en vigilance orange\",\"datePublished\":\"2023-01-17T09:58:29+00:00\",\"dateModified\":\"2023-01-17T09:58:29+00:00\",\"mainEntityOfPage\":{\"@id\":\"https:\/\/vosgesinfo.fr\/remiremontinfo\/2023\/01\/neige-verglas-departement-vosges-place-vigilance-orange\/\"},\"wordCount\":361,\"commentCount\":0,\"publisher\":{\"@id\":\"https:\/\/vosgesinfo.fr\/remiremontinfo\/#organization\"},\"image\":{\"@id\":\"https:\/\/vosgesinfo.fr\/remiremontinfo\/2023\/01\/neige-verglas-departement-vosges-place-vigilance-orange\/#primaryimage\"},\"thumbnailUrl\":\"https:\/\/vosgesinfo.fr\/app\/uploads\/sites\/5\/2024\/09\/202201verglas-765x510-4.jpg\",\"keywords\":[\"M\u00e9t\u00e9o\",\"neige\",\"verglas\",\"vigilance\",\"Vosges\"],\"articleSection\":[\"A la Une\",\"S\u00e9curit\u00e9\",\"Vosges\"],\"inLanguage\":\"fr-FR\",\"potentialAction\":[{\"@type\":\"CommentAction\",\"name\":\"Comment\",\"target\":[\"https:\/\/vosgesinfo.fr\/remiremontinfo\/2023\/01\/neige-verglas-departement-vosges-place-vigilance-orange\/#respond\"]}]},{\"@type\":\"WebPage\",\"@id\":\"https:\/\/vosgesinfo.fr\/remiremontinfo\/2023\/01\/neige-verglas-departement-vosges-place-vigilance-orange\/\",\"url\":\"https:\/\/vosgesinfo.fr\/remiremontinfo\/2023\/01\/neige-verglas-departement-vosges-place-vigilance-orange\/\",\"name\":\"Neige et verglas : le d\u00e9partement des Vosges plac\u00e9 en vigilance orange - Remiremont Info\",\"isPartOf\":{\"@id\":\"https:\/\/vosgesinfo.fr\/remiremontinfo\/#website\"},\"primaryImageOfPage\":{\"@id\":\"https:\/\/vosgesinfo.fr\/remiremontinfo\/2023\/01\/neige-verglas-departement-vosges-place-vigilance-orange\/#primaryimage\"},\"image\":{\"@id\":\"https:\/\/vosgesinfo.fr\/remiremontinfo\/2023\/01\/neige-verglas-departement-vosges-place-vigilance-orange\/#primaryimage\"},\"thumbnailUrl\":\"https:\/\/vosgesinfo.fr\/app\/uploads\/sites\/5\/2024\/09\/202201verglas-765x510-4.jpg\",\"datePublished\":\"2023-01-17T09:58:29+00:00\",\"dateModified\":\"2023-01-17T09:58:29+00:00\",\"breadcrumb\":{\"@id\":\"https:\/\/vosgesinfo.fr\/remiremontinfo\/2023\/01\/neige-verglas-departement-vosges-place-vigilance-orange\/#breadcrumb\"},\"inLanguage\":\"fr-FR\",\"potentialAction\":[{\"@type\":\"ReadAction\",\"target\":[\"https:\/\/vosgesinfo.fr\/remiremontinfo\/2023\/01\/neige-verglas-departement-vosges-place-vigilance-orange\/\"]}]},{\"@type\":\"ImageObject\",\"inLanguage\":\"fr-FR\",\"@id\":\"https:\/\/vosgesinfo.fr\/remiremontinfo\/2023\/01\/neige-verglas-departement-vosges-place-vigilance-orange\/#primaryimage\",\"url\":\"https:\/\/vosgesinfo.fr\/app\/uploads\/sites\/5\/2024\/09\/202201verglas-765x510-4.jpg\",\"contentUrl\":\"https:\/\/vosgesinfo.fr\/app\/uploads\/sites\/5\/2024\/09\/202201verglas-765x510-4.jpg\",\"width\":765,\"height\":510},{\"@type\":\"BreadcrumbList\",\"@id\":\"https:\/\/vosgesinfo.fr\/remiremontinfo\/2023\/01\/neige-verglas-departement-vosges-place-vigilance-orange\/#breadcrumb\",\"itemListElement\":[{\"@type\":\"ListItem\",\"position\":1,\"name\":\"Home\",\"item\":\"https:\/\/vosgesinfo.fr\/remiremontinfo\/\"},{\"@type\":\"ListItem\",\"position\":2,\"name\":\"Neige et verglas : le d\u00e9partement des Vosges plac\u00e9 en vigilance orange\"}]},{\"@type\":\"WebSite\",\"@id\":\"https:\/\/vosgesinfo.fr\/remiremontinfo\/#website\",\"url\":\"https:\/\/vosgesinfo.fr\/remiremontinfo\/\",\"name\":\"Remiremont Info\",\"description\":\"Toute l&#039;actualit\u00e9 de Remiremont\",\"publisher\":{\"@id\":\"https:\/\/vosgesinfo.fr\/remiremontinfo\/#organization\"},\"alternateName\":\"Toute l'actualit\u00e9 de Remiremont\",\"potentialAction\":[{\"@type\":\"SearchAction\",\"target\":{\"@type\":\"EntryPoint\",\"urlTemplate\":\"https:\/\/vosgesinfo.fr\/remiremontinfo\/?s={search_term_string}\"},\"query-input\":\"required name=search_term_string\"}],\"inLanguage\":\"fr-FR\"},{\"@type\":\"Organization\",\"@id\":\"https:\/\/vosgesinfo.fr\/remiremontinfo\/#organization\",\"name\":\"Remiremont Info\",\"url\":\"https:\/\/vosgesinfo.fr\/remiremontinfo\/\",\"logo\":{\"@type\":\"ImageObject\",\"inLanguage\":\"fr-FR\",\"@id\":\"https:\/\/vosgesinfo.fr\/remiremontinfo\/#\/schema\/logo\/image\/\",\"url\":\"https:\/\/vosgesinfo.fr\/app\/uploads\/sites\/5\/2023\/08\/favicon-remiremontinfo.png\",\"contentUrl\":\"https:\/\/vosgesinfo.fr\/app\/uploads\/sites\/5\/2023\/08\/favicon-remiremontinfo.png\",\"width\":512,\"height\":512,\"caption\":\"Remiremont Info\"},\"image\":{\"@id\":\"https:\/\/vosgesinfo.fr\/remiremontinfo\/#\/schema\/logo\/image\/\"},\"sameAs\":[\"https:\/\/www.facebook.com\/remiremontinfo\",\"https:\/\/x.com\/VosgesInfo88\",\"https:\/\/www.youtube.com\/@vosgesinfo\"]},{\"@type\":\"Person\",\"@id\":\"https:\/\/vosgesinfo.fr\/remiremontinfo\/#\/schema\/person\/3bfd164d5218a185b1db68655a265316\",\"name\":\"C D\",\"image\":{\"@type\":\"ImageObject\",\"inLanguage\":\"fr-FR\",\"@id\":\"https:\/\/vosgesinfo.fr\/remiremontinfo\/#\/schema\/person\/image\/\",\"url\":\"https:\/\/secure.gravatar.com\/avatar\/1f9a70007336511a47468b8f1c66f922b8b7cf617b02a31149ada43893a5d48f?s=96&d=mm&r=g\",\"contentUrl\":\"https:\/\/secure.gravatar.com\/avatar\/1f9a70007336511a47468b8f1c66f922b8b7cf617b02a31149ada43893a5d48f?s=96&d=mm&r=g\",\"caption\":\"C D\"},\"url\":\"https:\/\/vosgesinfo.fr\/remiremontinfo\/author\/cedric-drevet\/\"}]}<\/script>\n<!-- \/ Yoast SEO plugin. -->","yoast_head_json":{"title":"Neige et verglas : le d\u00e9partement des Vosges plac\u00e9 en vigilance orange - Remiremont Info","robots":{"index":"index","follow":"follow","max-snippet":"max-snippet:-1","max-image-preview":"max-image-preview:large","max-video-preview":"max-video-preview:-1"},"canonical":"https:\/\/vosgesinfo.fr\/remiremontinfo\/2023\/01\/neige-verglas-departement-vosges-place-vigilance-orange\/","twitter_card":"summary_large_image","twitter_title":"Neige et verglas : le d\u00e9partement des Vosges plac\u00e9 en vigilance orange - Remiremont Info","twitter_description":"Photo d&rsquo;illustration Communiqu\u00e9 de la Pr\u00e9fecture\u00a0 M\u00e9t\u00e9o France place le d\u00e9partement des Vosges en orange pour risque de neige\/verglas \u00e0 [&hellip;]","twitter_image":"https:\/\/vosgesinfo.fr\/app\/uploads\/sites\/5\/2024\/09\/202201verglas-765x510-4.jpg","twitter_creator":"@VosgesInfo88","twitter_site":"@VosgesInfo88","twitter_misc":{"\u00c9crit par":"C D","Dur\u00e9e de lecture estim\u00e9e":"2 minutes"},"schema":{"@context":"https:\/\/schema.org","@graph":[{"@type":"Article","@id":"https:\/\/vosgesinfo.fr\/remiremontinfo\/2023\/01\/neige-verglas-departement-vosges-place-vigilance-orange\/#article","isPartOf":{"@id":"https:\/\/vosgesinfo.fr\/remiremontinfo\/2023\/01\/neige-verglas-departement-vosges-place-vigilance-orange\/"},"author":{"name":"C D","@id":"https:\/\/vosgesinfo.fr\/remiremontinfo\/#\/schema\/person\/3bfd164d5218a185b1db68655a265316"},"headline":"Neige et verglas : le d\u00e9partement des Vosges plac\u00e9 en vigilance orange","datePublished":"2023-01-17T09:58:29+00:00","dateModified":"2023-01-17T09:58:29+00:00","mainEntityOfPage":{"@id":"https:\/\/vosgesinfo.fr\/remiremontinfo\/2023\/01\/neige-verglas-departement-vosges-place-vigilance-orange\/"},"wordCount":361,"commentCount":0,"publisher":{"@id":"https:\/\/vosgesinfo.fr\/remiremontinfo\/#organization"},"image":{"@id":"https:\/\/vosgesinfo.fr\/remiremontinfo\/2023\/01\/neige-verglas-departement-vosges-place-vigilance-orange\/#primaryimage"},"thumbnailUrl":"https:\/\/vosgesinfo.fr\/app\/uploads\/sites\/5\/2024\/09\/202201verglas-765x510-4.jpg","keywords":["M\u00e9t\u00e9o","neige","verglas","vigilance","Vosges"],"articleSection":["A la Une","S\u00e9curit\u00e9","Vosges"],"inLanguage":"fr-FR","potentialAction":[{"@type":"CommentAction","name":"Comment","target":["https:\/\/vosgesinfo.fr\/remiremontinfo\/2023\/01\/neige-verglas-departement-vosges-place-vigilance-orange\/#respond"]}]},{"@type":"WebPage","@id":"https:\/\/vosgesinfo.fr\/remiremontinfo\/2023\/01\/neige-verglas-departement-vosges-place-vigilance-orange\/","url":"https:\/\/vosgesinfo.fr\/remiremontinfo\/2023\/01\/neige-verglas-departement-vosges-place-vigilance-orange\/","name":"Neige et verglas : le d\u00e9partement des Vosges plac\u00e9 en vigilance orange - Remiremont Info","isPartOf":{"@id":"https:\/\/vosgesinfo.fr\/remiremontinfo\/#website"},"primaryImageOfPage":{"@id":"https:\/\/vosgesinfo.fr\/remiremontinfo\/2023\/01\/neige-verglas-departement-vosges-place-vigilance-orange\/#primaryimage"},"image":{"@id":"https:\/\/vosgesinfo.fr\/remiremontinfo\/2023\/01\/neige-verglas-departement-vosges-place-vigilance-orange\/#primaryimage"},"thumbnailUrl":"https:\/\/vosgesinfo.fr\/app\/uploads\/sites\/5\/2024\/09\/202201verglas-765x510-4.jpg","datePublished":"2023-01-17T09:58:29+00:00","dateModified":"2023-01-17T09:58:29+00:00","breadcrumb":{"@id":"https:\/\/vosgesinfo.fr\/remiremontinfo\/2023\/01\/neige-verglas-departement-vosges-place-vigilance-orange\/#breadcrumb"},"inLanguage":"fr-FR","potentialAction":[{"@type":"ReadAction","target":["https:\/\/vosgesinfo.fr\/remiremontinfo\/2023\/01\/neige-verglas-departement-vosges-place-vigilance-orange\/"]}]},{"@type":"ImageObject","inLanguage":"fr-FR","@id":"https:\/\/vosgesinfo.fr\/remiremontinfo\/2023\/01\/neige-verglas-departement-vosges-place-vigilance-orange\/#primaryimage","url":"https:\/\/vosgesinfo.fr\/app\/uploads\/sites\/5\/2024\/09\/202201verglas-765x510-4.jpg","contentUrl":"https:\/\/vosgesinfo.fr\/app\/uploads\/sites\/5\/2024\/09\/202201verglas-765x510-4.jpg","width":765,"height":510},{"@type":"BreadcrumbList","@id":"https:\/\/vosgesinfo.fr\/remiremontinfo\/2023\/01\/neige-verglas-departement-vosges-place-vigilance-orange\/#breadcrumb","itemListElement":[{"@type":"ListItem","position":1,"name":"Home","item":"https:\/\/vosgesinfo.fr\/remiremontinfo\/"},{"@type":"ListItem","position":2,"name":"Neige et verglas : le d\u00e9partement des Vosges plac\u00e9 en vigilance orange"}]},{"@type":"WebSite","@id":"https:\/\/vosgesinfo.fr\/remiremontinfo\/#website","url":"https:\/\/vosgesinfo.fr\/remiremontinfo\/","name":"Remiremont Info","description":"Toute l&#039;actualit\u00e9 de Remiremont","publisher":{"@id":"https:\/\/vosgesinfo.fr\/remiremontinfo\/#organization"},"alternateName":"Toute l'actualit\u00e9 de Remiremont","potentialAction":[{"@type":"SearchAction","target":{"@type":"EntryPoint","urlTemplate":"https:\/\/vosgesinfo.fr\/remiremontinfo\/?s={search_term_string}"},"query-input":"required name=search_term_string"}],"inLanguage":"fr-FR"},{"@type":"Organization","@id":"https:\/\/vosgesinfo.fr\/remiremontinfo\/#organization","name":"Remiremont Info","url":"https:\/\/vosgesinfo.fr\/remiremontinfo\/","logo":{"@type":"ImageObject","inLanguage":"fr-FR","@id":"https:\/\/vosgesinfo.fr\/remiremontinfo\/#\/schema\/logo\/image\/","url":"https:\/\/vosgesinfo.fr\/app\/uploads\/sites\/5\/2023\/08\/favicon-remiremontinfo.png","contentUrl":"https:\/\/vosgesinfo.fr\/app\/uploads\/sites\/5\/2023\/08\/favicon-remiremontinfo.png","width":512,"height":512,"caption":"Remiremont Info"},"image":{"@id":"https:\/\/vosgesinfo.fr\/remiremontinfo\/#\/schema\/logo\/image\/"},"sameAs":["https:\/\/www.facebook.com\/remiremontinfo","https:\/\/x.com\/VosgesInfo88","https:\/\/www.youtube.com\/@vosgesinfo"]},{"@type":"Person","@id":"https:\/\/vosgesinfo.fr\/remiremontinfo\/#\/schema\/person\/3bfd164d5218a185b1db68655a265316","name":"C D","image":{"@type":"ImageObject","inLanguage":"fr-FR","@id":"https:\/\/vosgesinfo.fr\/remiremontinfo\/#\/schema\/person\/image\/","url":"https:\/\/secure.gravatar.com\/avatar\/1f9a70007336511a47468b8f1c66f922b8b7cf617b02a31149ada43893a5d48f?s=96&d=mm&r=g","contentUrl":"https:\/\/secure.gravatar.com\/avatar\/1f9a70007336511a47468b8f1c66f922b8b7cf617b02a31149ada43893a5d48f?s=96&d=mm&r=g","caption":"C D"},"url":"https:\/\/vosgesinfo.fr\/remiremontinfo\/author\/cedric-drevet\/"}]}},"_links":{"self":[{"href":"https:\/\/vosgesinfo.fr\/remiremontinfo\/wp-json\/wp\/v2\/posts\/66850","targetHints":{"allow":["GET"]}}],"collection":[{"href":"https:\/\/vosgesinfo.fr\/remiremontinfo\/wp-json\/wp\/v2\/posts"}],"about":[{"href":"https:\/\/vosgesinfo.fr\/remiremontinfo\/wp-json\/wp\/v2\/types\/post"}],"author":[{"embeddable":true,"href":"https:\/\/vosgesinfo.fr\/remiremontinfo\/wp-json\/wp\/v2\/users\/407"}],"replies":[{"embeddable":true,"href":"https:\/\/vosgesinfo.fr\/remiremontinfo\/wp-json\/wp\/v2\/comments?post=66850"}],"version-history":[{"count":0,"href":"https:\/\/vosgesinfo.fr\/remiremontinfo\/wp-json\/wp\/v2\/posts\/66850\/revisions"}],"wp:featuredmedia":[{"embeddable":true,"href":"https:\/\/vosgesinfo.fr\/remiremontinfo\/wp-json\/wp\/v2\/media\/66851"}],"wp:attachment":[{"href":"https:\/\/vosgesinfo.fr\/remiremontinfo\/wp-json\/wp\/v2\/media?parent=66850"}],"wp:term":[{"taxonomy":"category","embeddable":true,"href":"https:\/\/vosgesinfo.fr\/remiremontinfo\/wp-json\/wp\/v2\/categories?post=66850"},{"taxonomy":"post_tag","embeddable":true,"href":"https:\/\/vosgesinfo.fr\/remiremontinfo\/wp-json\/wp\/v2\/tags?post=66850"}],"curies":[{"name":"wp","href":"https:\/\/api.w.org\/{rel}","templated":true}]}}