{"id":66861,"date":"2023-01-18T08:03:07","date_gmt":"2023-01-18T07:03:07","guid":{"rendered":"https:\/\/vosgesinfo.fr\/remiremontinfo\/2023\/01\/appel-a-temoins-anne-marie-originaire-depinal-na-toujours-ete-retrouvee\/"},"modified":"2023-01-18T08:03:07","modified_gmt":"2023-01-18T07:03:07","slug":"appel-a-temoins-anne-marie-originaire-depinal-na-toujours-ete-retrouvee","status":"publish","type":"post","link":"https:\/\/vosgesinfo.fr\/remiremontinfo\/2023\/01\/appel-a-temoins-anne-marie-originaire-depinal-na-toujours-ete-retrouvee\/","title":{"rendered":"Appel \u00e0 t\u00e9moins : Anne-Marie, originaire d\u2019\u00c9pinal, n\u2019a toujours pas \u00e9t\u00e9 retrouv\u00e9e"},"content":{"rendered":"<p><span class=\"x193iq5w xeuugli x13faqbe x1vvkbs x1xmvt09 x1lliihq x1s928wv xhkezso x1gmr53x x1cpjm7i x1fgarty x1943h6x xudqn12 x3x7a5m x6prxxf xvq8zen xo1l8bm xzsf02u x1yc453h\" dir=\"auto\">D\u00e9but janvier, la police nationale d\u2019Epinal a signal\u00e9 la disparition inqui\u00e9tante de Anne-Marie, \u00e2g\u00e9e de 85 ans et qui mesure 1,60 m, yeux verts, cheveux grisonnant et ch\u00e2tain, v\u00eatue d\u2019un manteau bleu et un bonnet blanc. Elle n\u2019a pas ses cartes d\u2019identit\u00e9s sur elle ni aucun effet personnel.<\/span><\/p>\n<p><span class=\"x193iq5w xeuugli x13faqbe x1vvkbs x1xmvt09 x1lliihq x1s928wv xhkezso x1gmr53x x1cpjm7i x1fgarty x1943h6x xudqn12 x3x7a5m x6prxxf xvq8zen xo1l8bm xzsf02u x1yc453h\" dir=\"auto\">Disparue depuis le 6 janvier \u00e0 7h, Anne Marie n\u2019a toujours pas \u00e9t\u00e9 retrouv\u00e9e. C\u2019est la 11 \u00e8me nuit qu\u2019elle est port\u00e9e disparue.<br \/>\n<\/span><\/p>\n<p><span class=\"x193iq5w xeuugli x13faqbe x1vvkbs x1xmvt09 x1lliihq x1s928wv xhkezso x1gmr53x x1cpjm7i x1fgarty x1943h6x xudqn12 x3x7a5m x6prxxf xvq8zen xo1l8bm xzsf02u x1yc453h\" dir=\"auto\">Le num\u00e9ro \u00e0 contacter est le 03 29 69 17 20 si vous avez des informations.\u00a0<\/span><\/p>\n<p>&nbsp;<\/p>\n","protected":false},"excerpt":{"rendered":"<p>D\u00e9but janvier, la police nationale d\u2019Epinal a signal\u00e9 la disparition inqui\u00e9tante de Anne-Marie, \u00e2g\u00e9e de 85 ans et qui mesure [&hellip;]<\/p>\n","protected":false},"author":407,"featured_media":66862,"comment_status":"open","ping_status":"open","sticky":false,"template":"","format":"standard","meta":{"footnotes":""},"categories":[26,8,18],"tags":[5380,3230,32],"class_list":["post-66861","post","type-post","status-publish","format-standard","has-post-thumbnail","hentry","category-a-la-une","category-faits-divers","category-vosges","tag-anne-marie","tag-disparition","tag-vosges"],"acf":[],"yoast_head":"<!-- This site is optimized with the Yoast SEO plugin v22.5 - https:\/\/yoast.com\/wordpress\/plugins\/seo\/ -->\n<title>Appel \u00e0 t\u00e9moins : Anne-Marie, originaire d\u2019\u00c9pinal, n\u2019a toujours pas \u00e9t\u00e9 retrouv\u00e9e - Remiremont Info<\/title>\n<meta name=\"robots\" content=\"index, follow, max-snippet:-1, max-image-preview:large, max-video-preview:-1\" \/>\n<link rel=\"canonical\" href=\"https:\/\/vosgesinfo.fr\/remiremontinfo\/2023\/01\/appel-a-temoins-anne-marie-originaire-depinal-na-toujours-ete-retrouvee\/\" \/>\n<meta name=\"twitter:card\" content=\"summary_large_image\" \/>\n<meta name=\"twitter:title\" content=\"Appel \u00e0 t\u00e9moins : Anne-Marie, originaire d\u2019\u00c9pinal, n\u2019a toujours pas \u00e9t\u00e9 retrouv\u00e9e - Remiremont Info\" \/>\n<meta name=\"twitter:description\" content=\"D\u00e9but janvier, la police nationale d\u2019Epinal a signal\u00e9 la disparition inqui\u00e9tante de Anne-Marie, \u00e2g\u00e9e de 85 ans et qui mesure [&hellip;]\" \/>\n<meta name=\"twitter:image\" content=\"https:\/\/vosgesinfo.fr\/app\/uploads\/sites\/5\/2024\/09\/202301thumbnail-20220723-095111-signature-600x800-2.jpg\" \/>\n<meta name=\"twitter:creator\" content=\"@VosgesInfo88\" \/>\n<meta name=\"twitter:site\" content=\"@VosgesInfo88\" \/>\n<meta name=\"twitter:label1\" content=\"\u00c9crit par\" \/>\n\t<meta name=\"twitter:data1\" content=\"C D\" \/>\n<script type=\"application\/ld+json\" class=\"yoast-schema-graph\">{\"@context\":\"https:\/\/schema.org\",\"@graph\":[{\"@type\":\"Article\",\"@id\":\"https:\/\/vosgesinfo.fr\/remiremontinfo\/2023\/01\/appel-a-temoins-anne-marie-originaire-depinal-na-toujours-ete-retrouvee\/#article\",\"isPartOf\":{\"@id\":\"https:\/\/vosgesinfo.fr\/remiremontinfo\/2023\/01\/appel-a-temoins-anne-marie-originaire-depinal-na-toujours-ete-retrouvee\/\"},\"author\":{\"name\":\"C D\",\"@id\":\"https:\/\/vosgesinfo.fr\/remiremontinfo\/#\/schema\/person\/3bfd164d5218a185b1db68655a265316\"},\"headline\":\"Appel \u00e0 t\u00e9moins : Anne-Marie, originaire d\u2019\u00c9pinal, n\u2019a toujours pas \u00e9t\u00e9 retrouv\u00e9e\",\"datePublished\":\"2023-01-18T07:03:07+00:00\",\"dateModified\":\"2023-01-18T07:03:07+00:00\",\"mainEntityOfPage\":{\"@id\":\"https:\/\/vosgesinfo.fr\/remiremontinfo\/2023\/01\/appel-a-temoins-anne-marie-originaire-depinal-na-toujours-ete-retrouvee\/\"},\"wordCount\":107,\"commentCount\":0,\"publisher\":{\"@id\":\"https:\/\/vosgesinfo.fr\/remiremontinfo\/#organization\"},\"image\":{\"@id\":\"https:\/\/vosgesinfo.fr\/remiremontinfo\/2023\/01\/appel-a-temoins-anne-marie-originaire-depinal-na-toujours-ete-retrouvee\/#primaryimage\"},\"thumbnailUrl\":\"https:\/\/vosgesinfo.fr\/app\/uploads\/sites\/5\/2024\/09\/202301thumbnail-20220723-095111-signature-600x800-2.jpg\",\"keywords\":[\"anne marie\",\"disparition\",\"Vosges\"],\"articleSection\":[\"A la Une\",\"Faits-divers\",\"Vosges\"],\"inLanguage\":\"fr-FR\",\"potentialAction\":[{\"@type\":\"CommentAction\",\"name\":\"Comment\",\"target\":[\"https:\/\/vosgesinfo.fr\/remiremontinfo\/2023\/01\/appel-a-temoins-anne-marie-originaire-depinal-na-toujours-ete-retrouvee\/#respond\"]}]},{\"@type\":\"WebPage\",\"@id\":\"https:\/\/vosgesinfo.fr\/remiremontinfo\/2023\/01\/appel-a-temoins-anne-marie-originaire-depinal-na-toujours-ete-retrouvee\/\",\"url\":\"https:\/\/vosgesinfo.fr\/remiremontinfo\/2023\/01\/appel-a-temoins-anne-marie-originaire-depinal-na-toujours-ete-retrouvee\/\",\"name\":\"Appel \u00e0 t\u00e9moins : Anne-Marie, originaire d\u2019\u00c9pinal, n\u2019a toujours pas \u00e9t\u00e9 retrouv\u00e9e - Remiremont Info\",\"isPartOf\":{\"@id\":\"https:\/\/vosgesinfo.fr\/remiremontinfo\/#website\"},\"primaryImageOfPage\":{\"@id\":\"https:\/\/vosgesinfo.fr\/remiremontinfo\/2023\/01\/appel-a-temoins-anne-marie-originaire-depinal-na-toujours-ete-retrouvee\/#primaryimage\"},\"image\":{\"@id\":\"https:\/\/vosgesinfo.fr\/remiremontinfo\/2023\/01\/appel-a-temoins-anne-marie-originaire-depinal-na-toujours-ete-retrouvee\/#primaryimage\"},\"thumbnailUrl\":\"https:\/\/vosgesinfo.fr\/app\/uploads\/sites\/5\/2024\/09\/202301thumbnail-20220723-095111-signature-600x800-2.jpg\",\"datePublished\":\"2023-01-18T07:03:07+00:00\",\"dateModified\":\"2023-01-18T07:03:07+00:00\",\"breadcrumb\":{\"@id\":\"https:\/\/vosgesinfo.fr\/remiremontinfo\/2023\/01\/appel-a-temoins-anne-marie-originaire-depinal-na-toujours-ete-retrouvee\/#breadcrumb\"},\"inLanguage\":\"fr-FR\",\"potentialAction\":[{\"@type\":\"ReadAction\",\"target\":[\"https:\/\/vosgesinfo.fr\/remiremontinfo\/2023\/01\/appel-a-temoins-anne-marie-originaire-depinal-na-toujours-ete-retrouvee\/\"]}]},{\"@type\":\"ImageObject\",\"inLanguage\":\"fr-FR\",\"@id\":\"https:\/\/vosgesinfo.fr\/remiremontinfo\/2023\/01\/appel-a-temoins-anne-marie-originaire-depinal-na-toujours-ete-retrouvee\/#primaryimage\",\"url\":\"https:\/\/vosgesinfo.fr\/app\/uploads\/sites\/5\/2024\/09\/202301thumbnail-20220723-095111-signature-600x800-2.jpg\",\"contentUrl\":\"https:\/\/vosgesinfo.fr\/app\/uploads\/sites\/5\/2024\/09\/202301thumbnail-20220723-095111-signature-600x800-2.jpg\",\"width\":600,\"height\":446},{\"@type\":\"BreadcrumbList\",\"@id\":\"https:\/\/vosgesinfo.fr\/remiremontinfo\/2023\/01\/appel-a-temoins-anne-marie-originaire-depinal-na-toujours-ete-retrouvee\/#breadcrumb\",\"itemListElement\":[{\"@type\":\"ListItem\",\"position\":1,\"name\":\"Home\",\"item\":\"https:\/\/vosgesinfo.fr\/remiremontinfo\/\"},{\"@type\":\"ListItem\",\"position\":2,\"name\":\"Appel \u00e0 t\u00e9moins : Anne-Marie, originaire d\u2019\u00c9pinal, n\u2019a toujours pas \u00e9t\u00e9 retrouv\u00e9e\"}]},{\"@type\":\"WebSite\",\"@id\":\"https:\/\/vosgesinfo.fr\/remiremontinfo\/#website\",\"url\":\"https:\/\/vosgesinfo.fr\/remiremontinfo\/\",\"name\":\"Remiremont Info\",\"description\":\"Toute l&#039;actualit\u00e9 de Remiremont\",\"publisher\":{\"@id\":\"https:\/\/vosgesinfo.fr\/remiremontinfo\/#organization\"},\"alternateName\":\"Toute l'actualit\u00e9 de Remiremont\",\"potentialAction\":[{\"@type\":\"SearchAction\",\"target\":{\"@type\":\"EntryPoint\",\"urlTemplate\":\"https:\/\/vosgesinfo.fr\/remiremontinfo\/?s={search_term_string}\"},\"query-input\":\"required name=search_term_string\"}],\"inLanguage\":\"fr-FR\"},{\"@type\":\"Organization\",\"@id\":\"https:\/\/vosgesinfo.fr\/remiremontinfo\/#organization\",\"name\":\"Remiremont Info\",\"url\":\"https:\/\/vosgesinfo.fr\/remiremontinfo\/\",\"logo\":{\"@type\":\"ImageObject\",\"inLanguage\":\"fr-FR\",\"@id\":\"https:\/\/vosgesinfo.fr\/remiremontinfo\/#\/schema\/logo\/image\/\",\"url\":\"https:\/\/vosgesinfo.fr\/app\/uploads\/sites\/5\/2023\/08\/favicon-remiremontinfo.png\",\"contentUrl\":\"https:\/\/vosgesinfo.fr\/app\/uploads\/sites\/5\/2023\/08\/favicon-remiremontinfo.png\",\"width\":512,\"height\":512,\"caption\":\"Remiremont Info\"},\"image\":{\"@id\":\"https:\/\/vosgesinfo.fr\/remiremontinfo\/#\/schema\/logo\/image\/\"},\"sameAs\":[\"https:\/\/www.facebook.com\/remiremontinfo\",\"https:\/\/x.com\/VosgesInfo88\",\"https:\/\/www.youtube.com\/@vosgesinfo\"]},{\"@type\":\"Person\",\"@id\":\"https:\/\/vosgesinfo.fr\/remiremontinfo\/#\/schema\/person\/3bfd164d5218a185b1db68655a265316\",\"name\":\"C D\",\"image\":{\"@type\":\"ImageObject\",\"inLanguage\":\"fr-FR\",\"@id\":\"https:\/\/vosgesinfo.fr\/remiremontinfo\/#\/schema\/person\/image\/\",\"url\":\"https:\/\/secure.gravatar.com\/avatar\/1f9a70007336511a47468b8f1c66f922b8b7cf617b02a31149ada43893a5d48f?s=96&d=mm&r=g\",\"contentUrl\":\"https:\/\/secure.gravatar.com\/avatar\/1f9a70007336511a47468b8f1c66f922b8b7cf617b02a31149ada43893a5d48f?s=96&d=mm&r=g\",\"caption\":\"C D\"},\"url\":\"https:\/\/vosgesinfo.fr\/remiremontinfo\/author\/cedric-drevet\/\"}]}<\/script>\n<!-- \/ Yoast SEO plugin. -->","yoast_head_json":{"title":"Appel \u00e0 t\u00e9moins : Anne-Marie, originaire d\u2019\u00c9pinal, n\u2019a toujours pas \u00e9t\u00e9 retrouv\u00e9e - Remiremont Info","robots":{"index":"index","follow":"follow","max-snippet":"max-snippet:-1","max-image-preview":"max-image-preview:large","max-video-preview":"max-video-preview:-1"},"canonical":"https:\/\/vosgesinfo.fr\/remiremontinfo\/2023\/01\/appel-a-temoins-anne-marie-originaire-depinal-na-toujours-ete-retrouvee\/","twitter_card":"summary_large_image","twitter_title":"Appel \u00e0 t\u00e9moins : Anne-Marie, originaire d\u2019\u00c9pinal, n\u2019a toujours pas \u00e9t\u00e9 retrouv\u00e9e - Remiremont Info","twitter_description":"D\u00e9but janvier, la police nationale d\u2019Epinal a signal\u00e9 la disparition inqui\u00e9tante de Anne-Marie, \u00e2g\u00e9e de 85 ans et qui mesure [&hellip;]","twitter_image":"https:\/\/vosgesinfo.fr\/app\/uploads\/sites\/5\/2024\/09\/202301thumbnail-20220723-095111-signature-600x800-2.jpg","twitter_creator":"@VosgesInfo88","twitter_site":"@VosgesInfo88","twitter_misc":{"\u00c9crit par":"C D"},"schema":{"@context":"https:\/\/schema.org","@graph":[{"@type":"Article","@id":"https:\/\/vosgesinfo.fr\/remiremontinfo\/2023\/01\/appel-a-temoins-anne-marie-originaire-depinal-na-toujours-ete-retrouvee\/#article","isPartOf":{"@id":"https:\/\/vosgesinfo.fr\/remiremontinfo\/2023\/01\/appel-a-temoins-anne-marie-originaire-depinal-na-toujours-ete-retrouvee\/"},"author":{"name":"C D","@id":"https:\/\/vosgesinfo.fr\/remiremontinfo\/#\/schema\/person\/3bfd164d5218a185b1db68655a265316"},"headline":"Appel \u00e0 t\u00e9moins : Anne-Marie, originaire d\u2019\u00c9pinal, n\u2019a toujours pas \u00e9t\u00e9 retrouv\u00e9e","datePublished":"2023-01-18T07:03:07+00:00","dateModified":"2023-01-18T07:03:07+00:00","mainEntityOfPage":{"@id":"https:\/\/vosgesinfo.fr\/remiremontinfo\/2023\/01\/appel-a-temoins-anne-marie-originaire-depinal-na-toujours-ete-retrouvee\/"},"wordCount":107,"commentCount":0,"publisher":{"@id":"https:\/\/vosgesinfo.fr\/remiremontinfo\/#organization"},"image":{"@id":"https:\/\/vosgesinfo.fr\/remiremontinfo\/2023\/01\/appel-a-temoins-anne-marie-originaire-depinal-na-toujours-ete-retrouvee\/#primaryimage"},"thumbnailUrl":"https:\/\/vosgesinfo.fr\/app\/uploads\/sites\/5\/2024\/09\/202301thumbnail-20220723-095111-signature-600x800-2.jpg","keywords":["anne marie","disparition","Vosges"],"articleSection":["A la Une","Faits-divers","Vosges"],"inLanguage":"fr-FR","potentialAction":[{"@type":"CommentAction","name":"Comment","target":["https:\/\/vosgesinfo.fr\/remiremontinfo\/2023\/01\/appel-a-temoins-anne-marie-originaire-depinal-na-toujours-ete-retrouvee\/#respond"]}]},{"@type":"WebPage","@id":"https:\/\/vosgesinfo.fr\/remiremontinfo\/2023\/01\/appel-a-temoins-anne-marie-originaire-depinal-na-toujours-ete-retrouvee\/","url":"https:\/\/vosgesinfo.fr\/remiremontinfo\/2023\/01\/appel-a-temoins-anne-marie-originaire-depinal-na-toujours-ete-retrouvee\/","name":"Appel \u00e0 t\u00e9moins : Anne-Marie, originaire d\u2019\u00c9pinal, n\u2019a toujours pas \u00e9t\u00e9 retrouv\u00e9e - Remiremont Info","isPartOf":{"@id":"https:\/\/vosgesinfo.fr\/remiremontinfo\/#website"},"primaryImageOfPage":{"@id":"https:\/\/vosgesinfo.fr\/remiremontinfo\/2023\/01\/appel-a-temoins-anne-marie-originaire-depinal-na-toujours-ete-retrouvee\/#primaryimage"},"image":{"@id":"https:\/\/vosgesinfo.fr\/remiremontinfo\/2023\/01\/appel-a-temoins-anne-marie-originaire-depinal-na-toujours-ete-retrouvee\/#primaryimage"},"thumbnailUrl":"https:\/\/vosgesinfo.fr\/app\/uploads\/sites\/5\/2024\/09\/202301thumbnail-20220723-095111-signature-600x800-2.jpg","datePublished":"2023-01-18T07:03:07+00:00","dateModified":"2023-01-18T07:03:07+00:00","breadcrumb":{"@id":"https:\/\/vosgesinfo.fr\/remiremontinfo\/2023\/01\/appel-a-temoins-anne-marie-originaire-depinal-na-toujours-ete-retrouvee\/#breadcrumb"},"inLanguage":"fr-FR","potentialAction":[{"@type":"ReadAction","target":["https:\/\/vosgesinfo.fr\/remiremontinfo\/2023\/01\/appel-a-temoins-anne-marie-originaire-depinal-na-toujours-ete-retrouvee\/"]}]},{"@type":"ImageObject","inLanguage":"fr-FR","@id":"https:\/\/vosgesinfo.fr\/remiremontinfo\/2023\/01\/appel-a-temoins-anne-marie-originaire-depinal-na-toujours-ete-retrouvee\/#primaryimage","url":"https:\/\/vosgesinfo.fr\/app\/uploads\/sites\/5\/2024\/09\/202301thumbnail-20220723-095111-signature-600x800-2.jpg","contentUrl":"https:\/\/vosgesinfo.fr\/app\/uploads\/sites\/5\/2024\/09\/202301thumbnail-20220723-095111-signature-600x800-2.jpg","width":600,"height":446},{"@type":"BreadcrumbList","@id":"https:\/\/vosgesinfo.fr\/remiremontinfo\/2023\/01\/appel-a-temoins-anne-marie-originaire-depinal-na-toujours-ete-retrouvee\/#breadcrumb","itemListElement":[{"@type":"ListItem","position":1,"name":"Home","item":"https:\/\/vosgesinfo.fr\/remiremontinfo\/"},{"@type":"ListItem","position":2,"name":"Appel \u00e0 t\u00e9moins : Anne-Marie, originaire d\u2019\u00c9pinal, n\u2019a toujours pas \u00e9t\u00e9 retrouv\u00e9e"}]},{"@type":"WebSite","@id":"https:\/\/vosgesinfo.fr\/remiremontinfo\/#website","url":"https:\/\/vosgesinfo.fr\/remiremontinfo\/","name":"Remiremont Info","description":"Toute l&#039;actualit\u00e9 de Remiremont","publisher":{"@id":"https:\/\/vosgesinfo.fr\/remiremontinfo\/#organization"},"alternateName":"Toute l'actualit\u00e9 de Remiremont","potentialAction":[{"@type":"SearchAction","target":{"@type":"EntryPoint","urlTemplate":"https:\/\/vosgesinfo.fr\/remiremontinfo\/?s={search_term_string}"},"query-input":"required name=search_term_string"}],"inLanguage":"fr-FR"},{"@type":"Organization","@id":"https:\/\/vosgesinfo.fr\/remiremontinfo\/#organization","name":"Remiremont Info","url":"https:\/\/vosgesinfo.fr\/remiremontinfo\/","logo":{"@type":"ImageObject","inLanguage":"fr-FR","@id":"https:\/\/vosgesinfo.fr\/remiremontinfo\/#\/schema\/logo\/image\/","url":"https:\/\/vosgesinfo.fr\/app\/uploads\/sites\/5\/2023\/08\/favicon-remiremontinfo.png","contentUrl":"https:\/\/vosgesinfo.fr\/app\/uploads\/sites\/5\/2023\/08\/favicon-remiremontinfo.png","width":512,"height":512,"caption":"Remiremont Info"},"image":{"@id":"https:\/\/vosgesinfo.fr\/remiremontinfo\/#\/schema\/logo\/image\/"},"sameAs":["https:\/\/www.facebook.com\/remiremontinfo","https:\/\/x.com\/VosgesInfo88","https:\/\/www.youtube.com\/@vosgesinfo"]},{"@type":"Person","@id":"https:\/\/vosgesinfo.fr\/remiremontinfo\/#\/schema\/person\/3bfd164d5218a185b1db68655a265316","name":"C D","image":{"@type":"ImageObject","inLanguage":"fr-FR","@id":"https:\/\/vosgesinfo.fr\/remiremontinfo\/#\/schema\/person\/image\/","url":"https:\/\/secure.gravatar.com\/avatar\/1f9a70007336511a47468b8f1c66f922b8b7cf617b02a31149ada43893a5d48f?s=96&d=mm&r=g","contentUrl":"https:\/\/secure.gravatar.com\/avatar\/1f9a70007336511a47468b8f1c66f922b8b7cf617b02a31149ada43893a5d48f?s=96&d=mm&r=g","caption":"C D"},"url":"https:\/\/vosgesinfo.fr\/remiremontinfo\/author\/cedric-drevet\/"}]}},"_links":{"self":[{"href":"https:\/\/vosgesinfo.fr\/remiremontinfo\/wp-json\/wp\/v2\/posts\/66861","targetHints":{"allow":["GET"]}}],"collection":[{"href":"https:\/\/vosgesinfo.fr\/remiremontinfo\/wp-json\/wp\/v2\/posts"}],"about":[{"href":"https:\/\/vosgesinfo.fr\/remiremontinfo\/wp-json\/wp\/v2\/types\/post"}],"author":[{"embeddable":true,"href":"https:\/\/vosgesinfo.fr\/remiremontinfo\/wp-json\/wp\/v2\/users\/407"}],"replies":[{"embeddable":true,"href":"https:\/\/vosgesinfo.fr\/remiremontinfo\/wp-json\/wp\/v2\/comments?post=66861"}],"version-history":[{"count":0,"href":"https:\/\/vosgesinfo.fr\/remiremontinfo\/wp-json\/wp\/v2\/posts\/66861\/revisions"}],"wp:featuredmedia":[{"embeddable":true,"href":"https:\/\/vosgesinfo.fr\/remiremontinfo\/wp-json\/wp\/v2\/media\/66862"}],"wp:attachment":[{"href":"https:\/\/vosgesinfo.fr\/remiremontinfo\/wp-json\/wp\/v2\/media?parent=66861"}],"wp:term":[{"taxonomy":"category","embeddable":true,"href":"https:\/\/vosgesinfo.fr\/remiremontinfo\/wp-json\/wp\/v2\/categories?post=66861"},{"taxonomy":"post_tag","embeddable":true,"href":"https:\/\/vosgesinfo.fr\/remiremontinfo\/wp-json\/wp\/v2\/tags?post=66861"}],"curies":[{"name":"wp","href":"https:\/\/api.w.org\/{rel}","templated":true}]}}