{"id":66927,"date":"2023-01-19T08:51:26","date_gmt":"2023-01-19T07:51:26","guid":{"rendered":"https:\/\/vosgesinfo.fr\/remiremontinfo\/2023\/01\/val-dajol-j-30-foire-aux-andouilles\/"},"modified":"2023-01-19T08:51:26","modified_gmt":"2023-01-19T07:51:26","slug":"val-dajol-j-30-foire-aux-andouilles","status":"publish","type":"post","link":"https:\/\/vosgesinfo.fr\/remiremontinfo\/2023\/01\/val-dajol-j-30-foire-aux-andouilles\/","title":{"rendered":"Le Val d&rsquo;Ajol : J-30 avant la Foire aux Andouilles"},"content":{"rendered":"\n<h2><span style=\"font-size: 12pt;\"><strong>C&rsquo;est l&rsquo;un des grands rendez-vous culturels et culinaire de l&rsquo;ann\u00e9e au Val d&rsquo;Ajol. Organis\u00e9e par la Confr\u00e9rie des Taste Andouilles et Gandoyaux, la Foire \u00e0 l&rsquo;Andouille rassemble habituellement des centaines de visiteurs autour de ce produit local. De nombreuses animations rythmes l&rsquo;\u00e9v\u00e9nement : intronisations, march\u00e9 aux puces, d\u00e9fil\u00e9 costum\u00e9, concours de la meilleure tourte, salon du livre et un march\u00e9 gourmand avec d\u00e9gustations !\u00a0<\/strong><\/span><\/h2>\n<p>En attendant ce grand \u00e9v\u00e9nement, et pour les nostalgiques, pourquoi ne pas faire un petit retour dans le temps, au moyen d&rsquo;un reportage de 1966.\u00a0Ce petit film en noir et blanc nous replonge dans une \u00e9poque bien diff\u00e9rente de la notre, mais tr\u00e8s semblable aussi sur bien des aspects. On retrouve une ambiance, et l\u2019on ne perd pas ses rep\u00e8res. La Docte, Insigne et Gourmande Confr\u00e9rie des Taste-Andouilles et Gandoyaux du Val-d\u2019Ajol\u00a0avait \u00e9t\u00e9 fond\u00e9e un an auparavant, le\u00a015 F\u00e9vrier 1965.\u00a0Voici l\u2019histoire de sa cr\u00e9ation, comme rapport\u00e9e sur le site de la Confr\u00e9rie\u00a0:\u00a0<em>\u00ab\u00a0Ce jour du 15 f\u00e9vrier 1965, le RP Maurice Lelong et son \u00e9diteur Charles Morel partis \u00e0 5h du matin de Paris, t\u00e9l\u00e9phonaient depuis Bar-sur-Aube pour informer qu\u2019ils \u00e9taient bloqu\u00e9s par le verglas et qu\u2019ils devaient faire demi-tour. Un peu d\u00e9\u00e7us, les convives se sont tout de m\u00eame install\u00e9s \u00e0 la bonne table de l\u2019H\u00f4tel du Cygne pour entamer avec app\u00e9tit l\u2019excellent repas que Robert leur avait concoct\u00e9. Quand une belle surprise les enchanta au milieu du repas : ayant vaincu le verglas, le RP Lelongaccompagn\u00e9 de son \u00e9diteur arrivaient \u00e0 13h23 pour partager les agapes. Acclam\u00e9, install\u00e9 vivement \u00e0 table devant une assiette garnie de cochonnailles, le RP Lelong d\u00e9clarait que \u00ab l\u2019Andouille du Val-d\u2019Ajol \u00e9tait digne des plus grands \u00e9loges. \u00bb Et devant les cam\u00e9ras de t\u00e9l\u00e9vision, les micros des radios, il a r\u00e9p\u00e9t\u00e9 \u00e0 qui mieux mieux les m\u00e9rites incontestables de l\u2019Andouille du Val-d\u2019Ajol. Puis dans une joyeuse ambiance, ce fameux jour du 15 f\u00e9vrier 1965, la Confr\u00e9rie fut cr\u00e9\u00e9e en pr\u00e9sence du RP Lelong, du Marquis de Buyer, maire du Val-d\u2019Ajol de Charles Laprevote, une \u00e9quipe de gais lurons et fut lanc\u00e9e avec humour par les m\u00e9dias\u00a0\u00bb.<\/em><\/p>\n<p>Retrouvez le reportage sur Ina.fr :\u00a0<a href=\"https:\/\/m.ina.fr\/video\/SXF01012892\/foire-aux-andouilles-au-val-d-ajol-video.html?fbclid=IwAR1H-i_VQ0RVWuseeyWUT9KqWG7sQbiH23vAABLlPlXdKRJ6ax56z17MeaE\">Foire aux andouilles au Val d\u2019Ajol \u2013 Vid\u00e9o Ina.fr<\/a><\/p>\n<p>&nbsp;<\/p>\n<p>&nbsp;<\/p>\n","protected":false},"excerpt":{"rendered":"<p>C&rsquo;est l&rsquo;un des grands rendez-vous culturels et culinaire de l&rsquo;ann\u00e9e au Val d&rsquo;Ajol. Organis\u00e9e par la Confr\u00e9rie des Taste Andouilles [&hellip;]<\/p>\n","protected":false},"author":407,"featured_media":66928,"comment_status":"open","ping_status":"open","sticky":false,"template":"","format":"standard","meta":{"footnotes":""},"categories":[26,4,121,82],"tags":[1798,123,32],"class_list":["post-66927","post","type-post","status-publish","format-standard","has-post-thumbnail","hentry","category-a-la-une","category-culture","category-le-val-dajol-le-val-dajol-son-canton","category-le-val-dajol-son-canton","tag-andouilles","tag-val-dajol","tag-vosges"],"acf":[],"yoast_head":"<!-- This site is optimized with the Yoast SEO plugin v22.5 - https:\/\/yoast.com\/wordpress\/plugins\/seo\/ -->\n<title>Le Val d&#039;Ajol : J-30 avant la Foire aux Andouilles - Remiremont Info<\/title>\n<meta name=\"robots\" content=\"index, follow, max-snippet:-1, max-image-preview:large, max-video-preview:-1\" \/>\n<link rel=\"canonical\" href=\"https:\/\/vosgesinfo.fr\/remiremontinfo\/2023\/01\/val-dajol-j-30-foire-aux-andouilles\/\" \/>\n<meta name=\"twitter:card\" content=\"summary_large_image\" \/>\n<meta name=\"twitter:title\" content=\"Le Val d&#039;Ajol : J-30 avant la Foire aux Andouilles - Remiremont Info\" \/>\n<meta name=\"twitter:description\" content=\"C&rsquo;est l&rsquo;un des grands rendez-vous culturels et culinaire de l&rsquo;ann\u00e9e au Val d&rsquo;Ajol. Organis\u00e9e par la Confr\u00e9rie des Taste Andouilles [&hellip;]\" \/>\n<meta name=\"twitter:image\" content=\"https:\/\/vosgesinfo.fr\/app\/uploads\/sites\/5\/2024\/09\/202301img-0083-1024x768-1.jpg\" \/>\n<meta name=\"twitter:creator\" content=\"@VosgesInfo88\" \/>\n<meta name=\"twitter:site\" content=\"@VosgesInfo88\" \/>\n<meta name=\"twitter:label1\" content=\"\u00c9crit par\" \/>\n\t<meta name=\"twitter:data1\" content=\"C D\" \/>\n\t<meta name=\"twitter:label2\" content=\"Dur\u00e9e de lecture estim\u00e9e\" \/>\n\t<meta name=\"twitter:data2\" content=\"2 minutes\" \/>\n<script type=\"application\/ld+json\" class=\"yoast-schema-graph\">{\"@context\":\"https:\/\/schema.org\",\"@graph\":[{\"@type\":\"Article\",\"@id\":\"https:\/\/vosgesinfo.fr\/remiremontinfo\/2023\/01\/val-dajol-j-30-foire-aux-andouilles\/#article\",\"isPartOf\":{\"@id\":\"https:\/\/vosgesinfo.fr\/remiremontinfo\/2023\/01\/val-dajol-j-30-foire-aux-andouilles\/\"},\"author\":{\"name\":\"C D\",\"@id\":\"https:\/\/vosgesinfo.fr\/remiremontinfo\/#\/schema\/person\/3bfd164d5218a185b1db68655a265316\"},\"headline\":\"Le Val d&rsquo;Ajol : J-30 avant la Foire aux Andouilles\",\"datePublished\":\"2023-01-19T07:51:26+00:00\",\"dateModified\":\"2023-01-19T07:51:26+00:00\",\"mainEntityOfPage\":{\"@id\":\"https:\/\/vosgesinfo.fr\/remiremontinfo\/2023\/01\/val-dajol-j-30-foire-aux-andouilles\/\"},\"wordCount\":427,\"commentCount\":0,\"publisher\":{\"@id\":\"https:\/\/vosgesinfo.fr\/remiremontinfo\/#organization\"},\"image\":{\"@id\":\"https:\/\/vosgesinfo.fr\/remiremontinfo\/2023\/01\/val-dajol-j-30-foire-aux-andouilles\/#primaryimage\"},\"thumbnailUrl\":\"https:\/\/vosgesinfo.fr\/app\/uploads\/sites\/5\/2024\/09\/202301img-0083-1024x768-1.jpg\",\"keywords\":[\"andouilles\",\"val d'ajol\",\"Vosges\"],\"articleSection\":[\"A la Une\",\"Culture\",\"Le Val d'Ajol\",\"Le Val-d'Ajol &amp; son canton\"],\"inLanguage\":\"fr-FR\",\"potentialAction\":[{\"@type\":\"CommentAction\",\"name\":\"Comment\",\"target\":[\"https:\/\/vosgesinfo.fr\/remiremontinfo\/2023\/01\/val-dajol-j-30-foire-aux-andouilles\/#respond\"]}]},{\"@type\":\"WebPage\",\"@id\":\"https:\/\/vosgesinfo.fr\/remiremontinfo\/2023\/01\/val-dajol-j-30-foire-aux-andouilles\/\",\"url\":\"https:\/\/vosgesinfo.fr\/remiremontinfo\/2023\/01\/val-dajol-j-30-foire-aux-andouilles\/\",\"name\":\"Le Val d'Ajol : J-30 avant la Foire aux Andouilles - Remiremont Info\",\"isPartOf\":{\"@id\":\"https:\/\/vosgesinfo.fr\/remiremontinfo\/#website\"},\"primaryImageOfPage\":{\"@id\":\"https:\/\/vosgesinfo.fr\/remiremontinfo\/2023\/01\/val-dajol-j-30-foire-aux-andouilles\/#primaryimage\"},\"image\":{\"@id\":\"https:\/\/vosgesinfo.fr\/remiremontinfo\/2023\/01\/val-dajol-j-30-foire-aux-andouilles\/#primaryimage\"},\"thumbnailUrl\":\"https:\/\/vosgesinfo.fr\/app\/uploads\/sites\/5\/2024\/09\/202301img-0083-1024x768-1.jpg\",\"datePublished\":\"2023-01-19T07:51:26+00:00\",\"dateModified\":\"2023-01-19T07:51:26+00:00\",\"breadcrumb\":{\"@id\":\"https:\/\/vosgesinfo.fr\/remiremontinfo\/2023\/01\/val-dajol-j-30-foire-aux-andouilles\/#breadcrumb\"},\"inLanguage\":\"fr-FR\",\"potentialAction\":[{\"@type\":\"ReadAction\",\"target\":[\"https:\/\/vosgesinfo.fr\/remiremontinfo\/2023\/01\/val-dajol-j-30-foire-aux-andouilles\/\"]}]},{\"@type\":\"ImageObject\",\"inLanguage\":\"fr-FR\",\"@id\":\"https:\/\/vosgesinfo.fr\/remiremontinfo\/2023\/01\/val-dajol-j-30-foire-aux-andouilles\/#primaryimage\",\"url\":\"https:\/\/vosgesinfo.fr\/app\/uploads\/sites\/5\/2024\/09\/202301img-0083-1024x768-1.jpg\",\"contentUrl\":\"https:\/\/vosgesinfo.fr\/app\/uploads\/sites\/5\/2024\/09\/202301img-0083-1024x768-1.jpg\",\"width\":800,\"height\":615},{\"@type\":\"BreadcrumbList\",\"@id\":\"https:\/\/vosgesinfo.fr\/remiremontinfo\/2023\/01\/val-dajol-j-30-foire-aux-andouilles\/#breadcrumb\",\"itemListElement\":[{\"@type\":\"ListItem\",\"position\":1,\"name\":\"Home\",\"item\":\"https:\/\/vosgesinfo.fr\/remiremontinfo\/\"},{\"@type\":\"ListItem\",\"position\":2,\"name\":\"Le Val d&rsquo;Ajol : J-30 avant la Foire aux Andouilles\"}]},{\"@type\":\"WebSite\",\"@id\":\"https:\/\/vosgesinfo.fr\/remiremontinfo\/#website\",\"url\":\"https:\/\/vosgesinfo.fr\/remiremontinfo\/\",\"name\":\"Remiremont Info\",\"description\":\"Toute l&#039;actualit\u00e9 de Remiremont\",\"publisher\":{\"@id\":\"https:\/\/vosgesinfo.fr\/remiremontinfo\/#organization\"},\"alternateName\":\"Toute l'actualit\u00e9 de Remiremont\",\"potentialAction\":[{\"@type\":\"SearchAction\",\"target\":{\"@type\":\"EntryPoint\",\"urlTemplate\":\"https:\/\/vosgesinfo.fr\/remiremontinfo\/?s={search_term_string}\"},\"query-input\":\"required name=search_term_string\"}],\"inLanguage\":\"fr-FR\"},{\"@type\":\"Organization\",\"@id\":\"https:\/\/vosgesinfo.fr\/remiremontinfo\/#organization\",\"name\":\"Remiremont Info\",\"url\":\"https:\/\/vosgesinfo.fr\/remiremontinfo\/\",\"logo\":{\"@type\":\"ImageObject\",\"inLanguage\":\"fr-FR\",\"@id\":\"https:\/\/vosgesinfo.fr\/remiremontinfo\/#\/schema\/logo\/image\/\",\"url\":\"https:\/\/vosgesinfo.fr\/app\/uploads\/sites\/5\/2023\/08\/favicon-remiremontinfo.png\",\"contentUrl\":\"https:\/\/vosgesinfo.fr\/app\/uploads\/sites\/5\/2023\/08\/favicon-remiremontinfo.png\",\"width\":512,\"height\":512,\"caption\":\"Remiremont Info\"},\"image\":{\"@id\":\"https:\/\/vosgesinfo.fr\/remiremontinfo\/#\/schema\/logo\/image\/\"},\"sameAs\":[\"https:\/\/www.facebook.com\/remiremontinfo\",\"https:\/\/x.com\/VosgesInfo88\",\"https:\/\/www.youtube.com\/@vosgesinfo\"]},{\"@type\":\"Person\",\"@id\":\"https:\/\/vosgesinfo.fr\/remiremontinfo\/#\/schema\/person\/3bfd164d5218a185b1db68655a265316\",\"name\":\"C D\",\"image\":{\"@type\":\"ImageObject\",\"inLanguage\":\"fr-FR\",\"@id\":\"https:\/\/vosgesinfo.fr\/remiremontinfo\/#\/schema\/person\/image\/\",\"url\":\"https:\/\/secure.gravatar.com\/avatar\/1f9a70007336511a47468b8f1c66f922b8b7cf617b02a31149ada43893a5d48f?s=96&d=mm&r=g\",\"contentUrl\":\"https:\/\/secure.gravatar.com\/avatar\/1f9a70007336511a47468b8f1c66f922b8b7cf617b02a31149ada43893a5d48f?s=96&d=mm&r=g\",\"caption\":\"C D\"},\"url\":\"https:\/\/vosgesinfo.fr\/remiremontinfo\/author\/cedric-drevet\/\"}]}<\/script>\n<!-- \/ Yoast SEO plugin. -->","yoast_head_json":{"title":"Le Val d'Ajol : J-30 avant la Foire aux Andouilles - Remiremont Info","robots":{"index":"index","follow":"follow","max-snippet":"max-snippet:-1","max-image-preview":"max-image-preview:large","max-video-preview":"max-video-preview:-1"},"canonical":"https:\/\/vosgesinfo.fr\/remiremontinfo\/2023\/01\/val-dajol-j-30-foire-aux-andouilles\/","twitter_card":"summary_large_image","twitter_title":"Le Val d'Ajol : J-30 avant la Foire aux Andouilles - Remiremont Info","twitter_description":"C&rsquo;est l&rsquo;un des grands rendez-vous culturels et culinaire de l&rsquo;ann\u00e9e au Val d&rsquo;Ajol. Organis\u00e9e par la Confr\u00e9rie des Taste Andouilles [&hellip;]","twitter_image":"https:\/\/vosgesinfo.fr\/app\/uploads\/sites\/5\/2024\/09\/202301img-0083-1024x768-1.jpg","twitter_creator":"@VosgesInfo88","twitter_site":"@VosgesInfo88","twitter_misc":{"\u00c9crit par":"C D","Dur\u00e9e de lecture estim\u00e9e":"2 minutes"},"schema":{"@context":"https:\/\/schema.org","@graph":[{"@type":"Article","@id":"https:\/\/vosgesinfo.fr\/remiremontinfo\/2023\/01\/val-dajol-j-30-foire-aux-andouilles\/#article","isPartOf":{"@id":"https:\/\/vosgesinfo.fr\/remiremontinfo\/2023\/01\/val-dajol-j-30-foire-aux-andouilles\/"},"author":{"name":"C D","@id":"https:\/\/vosgesinfo.fr\/remiremontinfo\/#\/schema\/person\/3bfd164d5218a185b1db68655a265316"},"headline":"Le Val d&rsquo;Ajol : J-30 avant la Foire aux Andouilles","datePublished":"2023-01-19T07:51:26+00:00","dateModified":"2023-01-19T07:51:26+00:00","mainEntityOfPage":{"@id":"https:\/\/vosgesinfo.fr\/remiremontinfo\/2023\/01\/val-dajol-j-30-foire-aux-andouilles\/"},"wordCount":427,"commentCount":0,"publisher":{"@id":"https:\/\/vosgesinfo.fr\/remiremontinfo\/#organization"},"image":{"@id":"https:\/\/vosgesinfo.fr\/remiremontinfo\/2023\/01\/val-dajol-j-30-foire-aux-andouilles\/#primaryimage"},"thumbnailUrl":"https:\/\/vosgesinfo.fr\/app\/uploads\/sites\/5\/2024\/09\/202301img-0083-1024x768-1.jpg","keywords":["andouilles","val d'ajol","Vosges"],"articleSection":["A la Une","Culture","Le Val d'Ajol","Le Val-d'Ajol &amp; son canton"],"inLanguage":"fr-FR","potentialAction":[{"@type":"CommentAction","name":"Comment","target":["https:\/\/vosgesinfo.fr\/remiremontinfo\/2023\/01\/val-dajol-j-30-foire-aux-andouilles\/#respond"]}]},{"@type":"WebPage","@id":"https:\/\/vosgesinfo.fr\/remiremontinfo\/2023\/01\/val-dajol-j-30-foire-aux-andouilles\/","url":"https:\/\/vosgesinfo.fr\/remiremontinfo\/2023\/01\/val-dajol-j-30-foire-aux-andouilles\/","name":"Le Val d'Ajol : J-30 avant la Foire aux Andouilles - Remiremont Info","isPartOf":{"@id":"https:\/\/vosgesinfo.fr\/remiremontinfo\/#website"},"primaryImageOfPage":{"@id":"https:\/\/vosgesinfo.fr\/remiremontinfo\/2023\/01\/val-dajol-j-30-foire-aux-andouilles\/#primaryimage"},"image":{"@id":"https:\/\/vosgesinfo.fr\/remiremontinfo\/2023\/01\/val-dajol-j-30-foire-aux-andouilles\/#primaryimage"},"thumbnailUrl":"https:\/\/vosgesinfo.fr\/app\/uploads\/sites\/5\/2024\/09\/202301img-0083-1024x768-1.jpg","datePublished":"2023-01-19T07:51:26+00:00","dateModified":"2023-01-19T07:51:26+00:00","breadcrumb":{"@id":"https:\/\/vosgesinfo.fr\/remiremontinfo\/2023\/01\/val-dajol-j-30-foire-aux-andouilles\/#breadcrumb"},"inLanguage":"fr-FR","potentialAction":[{"@type":"ReadAction","target":["https:\/\/vosgesinfo.fr\/remiremontinfo\/2023\/01\/val-dajol-j-30-foire-aux-andouilles\/"]}]},{"@type":"ImageObject","inLanguage":"fr-FR","@id":"https:\/\/vosgesinfo.fr\/remiremontinfo\/2023\/01\/val-dajol-j-30-foire-aux-andouilles\/#primaryimage","url":"https:\/\/vosgesinfo.fr\/app\/uploads\/sites\/5\/2024\/09\/202301img-0083-1024x768-1.jpg","contentUrl":"https:\/\/vosgesinfo.fr\/app\/uploads\/sites\/5\/2024\/09\/202301img-0083-1024x768-1.jpg","width":800,"height":615},{"@type":"BreadcrumbList","@id":"https:\/\/vosgesinfo.fr\/remiremontinfo\/2023\/01\/val-dajol-j-30-foire-aux-andouilles\/#breadcrumb","itemListElement":[{"@type":"ListItem","position":1,"name":"Home","item":"https:\/\/vosgesinfo.fr\/remiremontinfo\/"},{"@type":"ListItem","position":2,"name":"Le Val d&rsquo;Ajol : J-30 avant la Foire aux Andouilles"}]},{"@type":"WebSite","@id":"https:\/\/vosgesinfo.fr\/remiremontinfo\/#website","url":"https:\/\/vosgesinfo.fr\/remiremontinfo\/","name":"Remiremont Info","description":"Toute l&#039;actualit\u00e9 de Remiremont","publisher":{"@id":"https:\/\/vosgesinfo.fr\/remiremontinfo\/#organization"},"alternateName":"Toute l'actualit\u00e9 de Remiremont","potentialAction":[{"@type":"SearchAction","target":{"@type":"EntryPoint","urlTemplate":"https:\/\/vosgesinfo.fr\/remiremontinfo\/?s={search_term_string}"},"query-input":"required name=search_term_string"}],"inLanguage":"fr-FR"},{"@type":"Organization","@id":"https:\/\/vosgesinfo.fr\/remiremontinfo\/#organization","name":"Remiremont Info","url":"https:\/\/vosgesinfo.fr\/remiremontinfo\/","logo":{"@type":"ImageObject","inLanguage":"fr-FR","@id":"https:\/\/vosgesinfo.fr\/remiremontinfo\/#\/schema\/logo\/image\/","url":"https:\/\/vosgesinfo.fr\/app\/uploads\/sites\/5\/2023\/08\/favicon-remiremontinfo.png","contentUrl":"https:\/\/vosgesinfo.fr\/app\/uploads\/sites\/5\/2023\/08\/favicon-remiremontinfo.png","width":512,"height":512,"caption":"Remiremont Info"},"image":{"@id":"https:\/\/vosgesinfo.fr\/remiremontinfo\/#\/schema\/logo\/image\/"},"sameAs":["https:\/\/www.facebook.com\/remiremontinfo","https:\/\/x.com\/VosgesInfo88","https:\/\/www.youtube.com\/@vosgesinfo"]},{"@type":"Person","@id":"https:\/\/vosgesinfo.fr\/remiremontinfo\/#\/schema\/person\/3bfd164d5218a185b1db68655a265316","name":"C D","image":{"@type":"ImageObject","inLanguage":"fr-FR","@id":"https:\/\/vosgesinfo.fr\/remiremontinfo\/#\/schema\/person\/image\/","url":"https:\/\/secure.gravatar.com\/avatar\/1f9a70007336511a47468b8f1c66f922b8b7cf617b02a31149ada43893a5d48f?s=96&d=mm&r=g","contentUrl":"https:\/\/secure.gravatar.com\/avatar\/1f9a70007336511a47468b8f1c66f922b8b7cf617b02a31149ada43893a5d48f?s=96&d=mm&r=g","caption":"C D"},"url":"https:\/\/vosgesinfo.fr\/remiremontinfo\/author\/cedric-drevet\/"}]}},"_links":{"self":[{"href":"https:\/\/vosgesinfo.fr\/remiremontinfo\/wp-json\/wp\/v2\/posts\/66927","targetHints":{"allow":["GET"]}}],"collection":[{"href":"https:\/\/vosgesinfo.fr\/remiremontinfo\/wp-json\/wp\/v2\/posts"}],"about":[{"href":"https:\/\/vosgesinfo.fr\/remiremontinfo\/wp-json\/wp\/v2\/types\/post"}],"author":[{"embeddable":true,"href":"https:\/\/vosgesinfo.fr\/remiremontinfo\/wp-json\/wp\/v2\/users\/407"}],"replies":[{"embeddable":true,"href":"https:\/\/vosgesinfo.fr\/remiremontinfo\/wp-json\/wp\/v2\/comments?post=66927"}],"version-history":[{"count":0,"href":"https:\/\/vosgesinfo.fr\/remiremontinfo\/wp-json\/wp\/v2\/posts\/66927\/revisions"}],"wp:featuredmedia":[{"embeddable":true,"href":"https:\/\/vosgesinfo.fr\/remiremontinfo\/wp-json\/wp\/v2\/media\/66928"}],"wp:attachment":[{"href":"https:\/\/vosgesinfo.fr\/remiremontinfo\/wp-json\/wp\/v2\/media?parent=66927"}],"wp:term":[{"taxonomy":"category","embeddable":true,"href":"https:\/\/vosgesinfo.fr\/remiremontinfo\/wp-json\/wp\/v2\/categories?post=66927"},{"taxonomy":"post_tag","embeddable":true,"href":"https:\/\/vosgesinfo.fr\/remiremontinfo\/wp-json\/wp\/v2\/tags?post=66927"}],"curies":[{"name":"wp","href":"https:\/\/api.w.org\/{rel}","templated":true}]}}