{"id":66955,"date":"2023-01-20T10:12:39","date_gmt":"2023-01-20T09:12:39","guid":{"rendered":"https:\/\/vosgesinfo.fr\/remiremontinfo\/2023\/01\/cornimont-faudra-t-deboulonner-statue-de-dame-de-paix-nom-de-laicite\/"},"modified":"2023-01-20T10:12:39","modified_gmt":"2023-01-20T09:12:39","slug":"cornimont-faudra-t-deboulonner-statue-de-dame-de-paix-nom-de-laicite","status":"publish","type":"post","link":"https:\/\/vosgesinfo.fr\/remiremontinfo\/2023\/01\/cornimont-faudra-t-deboulonner-statue-de-dame-de-paix-nom-de-laicite\/","title":{"rendered":"Cornimont\u00a0: faudra-t-il d\u00e9boulonner la statue de Notre Dame de la Paix au nom de la la\u00efcit\u00e9\u00a0?"},"content":{"rendered":"<p><a href=\"\/2023\/01\/notre-dame-de-la-paix-2.png\"><img decoding=\"async\" class=\"alignnone size-full wp-image-362292\" src=\"\/2023\/01\/notre-dame-de-la-paix-2.png\" alt=\"notre dame de la paix (2)\" width=\"900\" height=\"598\" \/><\/a><\/p>\n<p><span style=\"font-size: 10pt;\"><em>Photo d&rsquo;archive, par Mairie de Cornimont<\/em><\/span><\/p>\n<h2><span style=\"font-size: 12pt;\"><strong>La cour administrative d&rsquo;appel de Bordeaux, confirmant une premi\u00e8re d\u00e9cision du tribunal administratif de Poitiers, a ordonn\u00e9 le retrait d\u2019une statue de la Vierge Marie de l\u2019espace public, \u00e0 La Flotte-en-R\u00e9, sur l&rsquo;\u00eele de R\u00e9, en Charente-Maritime. Au nom du principe de la\u00efcit\u00e9, faut-il d\u00e9boulonner les monuments \u00e0 caract\u00e8re religieux, tels que la statue de Notre Dame de la Paix \u00e0 Cornimont\u00a0?<\/strong><\/span><\/h2>\n<p>Sur l\u2019\u00eele de R\u00e9, la statue en question aurait \u00e9t\u00e9 remplac\u00e9e suite \u00e0 un incident. <em>\u00ab\u00a0Au printemps 2020, la statue blanche est endommag\u00e9e apr\u00e8s avoir \u00e9t\u00e9 percut\u00e9e par un automobiliste. La municipalit\u00e9 d\u00e9cide alors de la reconstruire \u00e0 l&rsquo;identique, au m\u00eame emplacement, sur un promontoire\u00a0\u00bb<\/em>, d\u2019apr\u00e8s <a href=\"https:\/\/www.tf1info.fr\/societe\/sur-l-ile-de-re-une-statue-de-la-vierge-marie-devra-etre-demontee-au-nom-de-la-laicite-2245120.html\">TF1<\/a>. L\u2019occasion pour une association se faisant appeler \u00ab\u00a0La Libre Pens\u00e9e 17\u00a0\u00bb d\u2019attaquer la mairie. D\u2019apr\u00e8s l\u2019article 28 de la c\u00e9l\u00e8bre Loi de S\u00e9paration des Eglises et de l\u2019\u00c9tat du 9 d\u00e9cembre 1905\u00a0:<em> \u00ab\u00a0Il est interdit, \u00e0 l&rsquo;avenir, d&rsquo;\u00e9lever ou d&rsquo;apposer aucun signe ou embl\u00e8me religieux sur les monuments publics ou en quelque emplacement public que ce soit, \u00e0 l&rsquo;exception des \u00e9difices servant au culte, des terrains de s\u00e9pulture dans les cimeti\u00e8res, des monuments fun\u00e9raires, ainsi que des mus\u00e9es ou expositions\u00a0\u00bb.<\/em> Bien s\u00fbr, la d\u00e9cision judiciaire ne fait pas l\u2019unanimit\u00e9. Il ne s\u2019agit pas d\u2019un cas isol\u00e9 : le tribunal administratif de Nantes avait enjoint en d\u00e9cembre 2021 la commune des Sables d&rsquo;Olonne, en Vend\u00e9e, de retirer une statue de Saint-Michel d&rsquo;une place publique. Hors de ces cas particuliers, la question de la pr\u00e9sence de monuments et symboles religieux dans l\u2019espace public peut se poser en de nombreux endroits.<\/p>\n<p>Et notamment dans les Vosges, o\u00f9 l\u2019on ne compte pas les calvaires, les croix, les statues du Christ, de la Vierge Marie et des saints. Aux quatre coins du d\u00e9partement, des \u0153uvres d\u2019art, des lieux, des symboles t\u00e9moignent de la foi et de l&rsquo;esp\u00e9rance de g\u00e9n\u00e9rations. A Cornimont, le monument de Notre Dame de la Paix domine la ville. D\u2019importants travaux de restauration ont effectu\u00e9s ces derni\u00e8res ann\u00e9es. Le monument, construit par les Ateliers Pierson, devra-t-il un jour \u00eatre retir\u00e9\u00a0? Si l\u2019on d\u00e9boulonnait simplement la statue, il resterait un pi\u00e9destal. Peut-\u00eatre pourra-t-on y installer une statue de Marianne, ou pourquoi pas du Pr\u00e9sident de La R\u00e9publique, ou de la Premi\u00e8re Ministre\u00a0?\u00a0D&rsquo;autres questions \u00e9mergent : Faut-il autoriser Monsieur ou Madame le Maire \u00e0 remettre les cl\u00e9s de la Ville \u00e0 Saint-Nicolas\u00a0? Le saint patron des lorrains doit-il \u00eatre autoris\u00e9 \u00e0 entrer dans l\u2019enceinte des \u00e9coles de la R\u00e9publique pour apporter des papillotes aux enfants\u00a0? Faut-il aussi faire taire le son des cloches des \u00e9glises\u00a0? Quel doit \u00eatre le p\u00e9rim\u00e8tre de la la\u00efcit\u00e9 pour le 21\u00e8me si\u00e8cle\u00a0? La question est ouverte.<\/p>\n<p>Pour plus d&rsquo;infos sur le monument Notre Dame de la Paix, cliquez ici :\u00a0<a href=\"https:\/\/remiremontinfo.fr\/2021\/11\/cornimont-decouvrez-statue-de-dame-de-paix-dun-plus-pres\/\">Cornimont : d\u00e9couvrez la statue de Notre Dame de la Paix d&rsquo;un peu plus pr\u00e8s &#8211; Remiremont Info<\/a><\/p>\n","protected":false},"excerpt":{"rendered":"<p>Photo d&rsquo;archive, par Mairie de Cornimont La cour administrative d&rsquo;appel de Bordeaux, confirmant une premi\u00e8re d\u00e9cision du tribunal administratif de [&hellip;]<\/p>\n","protected":false},"author":407,"featured_media":66956,"comment_status":"open","ping_status":"open","sticky":false,"template":"","format":"standard","meta":{"footnotes":""},"categories":[26,34,25,13],"tags":[79,5397,5398,2140,2102,87,3101,32],"class_list":["post-66955","post","type-post","status-publish","format-standard","has-post-thumbnail","hentry","category-a-la-une","category-cornimont","category-la-bresse-son-canton","category-societe","tag-cornimont","tag-espace-public","tag-laicite","tag-monument","tag-notre-dame-de-la-paix","tag-religion","tag-statue","tag-vosges"],"acf":[],"yoast_head":"<!-- This site is optimized with the Yoast SEO plugin v22.5 - https:\/\/yoast.com\/wordpress\/plugins\/seo\/ -->\n<title>Cornimont\u00a0: faudra-t-il d\u00e9boulonner la statue de Notre Dame de la Paix au nom de la la\u00efcit\u00e9\u00a0? - Remiremont Info<\/title>\n<meta name=\"robots\" content=\"index, follow, max-snippet:-1, max-image-preview:large, max-video-preview:-1\" \/>\n<link rel=\"canonical\" href=\"https:\/\/vosgesinfo.fr\/remiremontinfo\/2023\/01\/cornimont-faudra-t-deboulonner-statue-de-dame-de-paix-nom-de-laicite\/\" \/>\n<meta name=\"twitter:card\" content=\"summary_large_image\" \/>\n<meta name=\"twitter:title\" content=\"Cornimont\u00a0: faudra-t-il d\u00e9boulonner la statue de Notre Dame de la Paix au nom de la la\u00efcit\u00e9\u00a0? - Remiremont Info\" \/>\n<meta name=\"twitter:description\" content=\"Photo d&rsquo;archive, par Mairie de Cornimont La cour administrative d&rsquo;appel de Bordeaux, confirmant une premi\u00e8re d\u00e9cision du tribunal administratif de [&hellip;]\" \/>\n<meta name=\"twitter:image\" content=\"https:\/\/vosgesinfo.fr\/app\/uploads\/sites\/5\/2024\/09\/202301notre-dame-de-la-paix-2.png\" \/>\n<meta name=\"twitter:creator\" content=\"@VosgesInfo88\" \/>\n<meta name=\"twitter:site\" content=\"@VosgesInfo88\" \/>\n<meta name=\"twitter:label1\" content=\"\u00c9crit par\" \/>\n\t<meta name=\"twitter:data1\" content=\"C D\" \/>\n\t<meta name=\"twitter:label2\" content=\"Dur\u00e9e de lecture estim\u00e9e\" \/>\n\t<meta name=\"twitter:data2\" content=\"3 minutes\" \/>\n<script type=\"application\/ld+json\" class=\"yoast-schema-graph\">{\"@context\":\"https:\/\/schema.org\",\"@graph\":[{\"@type\":\"Article\",\"@id\":\"https:\/\/vosgesinfo.fr\/remiremontinfo\/2023\/01\/cornimont-faudra-t-deboulonner-statue-de-dame-de-paix-nom-de-laicite\/#article\",\"isPartOf\":{\"@id\":\"https:\/\/vosgesinfo.fr\/remiremontinfo\/2023\/01\/cornimont-faudra-t-deboulonner-statue-de-dame-de-paix-nom-de-laicite\/\"},\"author\":{\"name\":\"C D\",\"@id\":\"https:\/\/vosgesinfo.fr\/remiremontinfo\/#\/schema\/person\/3bfd164d5218a185b1db68655a265316\"},\"headline\":\"Cornimont\u00a0: faudra-t-il d\u00e9boulonner la statue de Notre Dame de la Paix au nom de la la\u00efcit\u00e9\u00a0?\",\"datePublished\":\"2023-01-20T09:12:39+00:00\",\"dateModified\":\"2023-01-20T09:12:39+00:00\",\"mainEntityOfPage\":{\"@id\":\"https:\/\/vosgesinfo.fr\/remiremontinfo\/2023\/01\/cornimont-faudra-t-deboulonner-statue-de-dame-de-paix-nom-de-laicite\/\"},\"wordCount\":555,\"commentCount\":0,\"publisher\":{\"@id\":\"https:\/\/vosgesinfo.fr\/remiremontinfo\/#organization\"},\"image\":{\"@id\":\"https:\/\/vosgesinfo.fr\/remiremontinfo\/2023\/01\/cornimont-faudra-t-deboulonner-statue-de-dame-de-paix-nom-de-laicite\/#primaryimage\"},\"thumbnailUrl\":\"https:\/\/vosgesinfo.fr\/app\/uploads\/sites\/5\/2024\/09\/202301notre-dame-de-la-paix-2.png\",\"keywords\":[\"cornimont\",\"espace public\",\"laicit\u00e9\",\"Monument\",\"Notre Dame de la Paix\",\"Religion\",\"statue\",\"Vosges\"],\"articleSection\":[\"A la Une\",\"Cornimont\",\"La Bresse &amp; son canton\",\"Soci\u00e9t\u00e9\"],\"inLanguage\":\"fr-FR\",\"potentialAction\":[{\"@type\":\"CommentAction\",\"name\":\"Comment\",\"target\":[\"https:\/\/vosgesinfo.fr\/remiremontinfo\/2023\/01\/cornimont-faudra-t-deboulonner-statue-de-dame-de-paix-nom-de-laicite\/#respond\"]}]},{\"@type\":\"WebPage\",\"@id\":\"https:\/\/vosgesinfo.fr\/remiremontinfo\/2023\/01\/cornimont-faudra-t-deboulonner-statue-de-dame-de-paix-nom-de-laicite\/\",\"url\":\"https:\/\/vosgesinfo.fr\/remiremontinfo\/2023\/01\/cornimont-faudra-t-deboulonner-statue-de-dame-de-paix-nom-de-laicite\/\",\"name\":\"Cornimont\u00a0: faudra-t-il d\u00e9boulonner la statue de Notre Dame de la Paix au nom de la la\u00efcit\u00e9\u00a0? - Remiremont Info\",\"isPartOf\":{\"@id\":\"https:\/\/vosgesinfo.fr\/remiremontinfo\/#website\"},\"primaryImageOfPage\":{\"@id\":\"https:\/\/vosgesinfo.fr\/remiremontinfo\/2023\/01\/cornimont-faudra-t-deboulonner-statue-de-dame-de-paix-nom-de-laicite\/#primaryimage\"},\"image\":{\"@id\":\"https:\/\/vosgesinfo.fr\/remiremontinfo\/2023\/01\/cornimont-faudra-t-deboulonner-statue-de-dame-de-paix-nom-de-laicite\/#primaryimage\"},\"thumbnailUrl\":\"https:\/\/vosgesinfo.fr\/app\/uploads\/sites\/5\/2024\/09\/202301notre-dame-de-la-paix-2.png\",\"datePublished\":\"2023-01-20T09:12:39+00:00\",\"dateModified\":\"2023-01-20T09:12:39+00:00\",\"breadcrumb\":{\"@id\":\"https:\/\/vosgesinfo.fr\/remiremontinfo\/2023\/01\/cornimont-faudra-t-deboulonner-statue-de-dame-de-paix-nom-de-laicite\/#breadcrumb\"},\"inLanguage\":\"fr-FR\",\"potentialAction\":[{\"@type\":\"ReadAction\",\"target\":[\"https:\/\/vosgesinfo.fr\/remiremontinfo\/2023\/01\/cornimont-faudra-t-deboulonner-statue-de-dame-de-paix-nom-de-laicite\/\"]}]},{\"@type\":\"ImageObject\",\"inLanguage\":\"fr-FR\",\"@id\":\"https:\/\/vosgesinfo.fr\/remiremontinfo\/2023\/01\/cornimont-faudra-t-deboulonner-statue-de-dame-de-paix-nom-de-laicite\/#primaryimage\",\"url\":\"https:\/\/vosgesinfo.fr\/app\/uploads\/sites\/5\/2024\/09\/202301notre-dame-de-la-paix-2.png\",\"contentUrl\":\"https:\/\/vosgesinfo.fr\/app\/uploads\/sites\/5\/2024\/09\/202301notre-dame-de-la-paix-2.png\",\"width\":900,\"height\":598},{\"@type\":\"BreadcrumbList\",\"@id\":\"https:\/\/vosgesinfo.fr\/remiremontinfo\/2023\/01\/cornimont-faudra-t-deboulonner-statue-de-dame-de-paix-nom-de-laicite\/#breadcrumb\",\"itemListElement\":[{\"@type\":\"ListItem\",\"position\":1,\"name\":\"Home\",\"item\":\"https:\/\/vosgesinfo.fr\/remiremontinfo\/\"},{\"@type\":\"ListItem\",\"position\":2,\"name\":\"Cornimont\u00a0: faudra-t-il d\u00e9boulonner la statue de Notre Dame de la Paix au nom de la la\u00efcit\u00e9\u00a0?\"}]},{\"@type\":\"WebSite\",\"@id\":\"https:\/\/vosgesinfo.fr\/remiremontinfo\/#website\",\"url\":\"https:\/\/vosgesinfo.fr\/remiremontinfo\/\",\"name\":\"Remiremont Info\",\"description\":\"Toute l&#039;actualit\u00e9 de Remiremont\",\"publisher\":{\"@id\":\"https:\/\/vosgesinfo.fr\/remiremontinfo\/#organization\"},\"alternateName\":\"Toute l'actualit\u00e9 de Remiremont\",\"potentialAction\":[{\"@type\":\"SearchAction\",\"target\":{\"@type\":\"EntryPoint\",\"urlTemplate\":\"https:\/\/vosgesinfo.fr\/remiremontinfo\/?s={search_term_string}\"},\"query-input\":\"required name=search_term_string\"}],\"inLanguage\":\"fr-FR\"},{\"@type\":\"Organization\",\"@id\":\"https:\/\/vosgesinfo.fr\/remiremontinfo\/#organization\",\"name\":\"Remiremont Info\",\"url\":\"https:\/\/vosgesinfo.fr\/remiremontinfo\/\",\"logo\":{\"@type\":\"ImageObject\",\"inLanguage\":\"fr-FR\",\"@id\":\"https:\/\/vosgesinfo.fr\/remiremontinfo\/#\/schema\/logo\/image\/\",\"url\":\"https:\/\/vosgesinfo.fr\/app\/uploads\/sites\/5\/2023\/08\/favicon-remiremontinfo.png\",\"contentUrl\":\"https:\/\/vosgesinfo.fr\/app\/uploads\/sites\/5\/2023\/08\/favicon-remiremontinfo.png\",\"width\":512,\"height\":512,\"caption\":\"Remiremont Info\"},\"image\":{\"@id\":\"https:\/\/vosgesinfo.fr\/remiremontinfo\/#\/schema\/logo\/image\/\"},\"sameAs\":[\"https:\/\/www.facebook.com\/remiremontinfo\",\"https:\/\/x.com\/VosgesInfo88\",\"https:\/\/www.youtube.com\/@vosgesinfo\"]},{\"@type\":\"Person\",\"@id\":\"https:\/\/vosgesinfo.fr\/remiremontinfo\/#\/schema\/person\/3bfd164d5218a185b1db68655a265316\",\"name\":\"C D\",\"image\":{\"@type\":\"ImageObject\",\"inLanguage\":\"fr-FR\",\"@id\":\"https:\/\/vosgesinfo.fr\/remiremontinfo\/#\/schema\/person\/image\/\",\"url\":\"https:\/\/secure.gravatar.com\/avatar\/1f9a70007336511a47468b8f1c66f922b8b7cf617b02a31149ada43893a5d48f?s=96&d=mm&r=g\",\"contentUrl\":\"https:\/\/secure.gravatar.com\/avatar\/1f9a70007336511a47468b8f1c66f922b8b7cf617b02a31149ada43893a5d48f?s=96&d=mm&r=g\",\"caption\":\"C D\"},\"url\":\"https:\/\/vosgesinfo.fr\/remiremontinfo\/author\/cedric-drevet\/\"}]}<\/script>\n<!-- \/ Yoast SEO plugin. -->","yoast_head_json":{"title":"Cornimont\u00a0: faudra-t-il d\u00e9boulonner la statue de Notre Dame de la Paix au nom de la la\u00efcit\u00e9\u00a0? - Remiremont Info","robots":{"index":"index","follow":"follow","max-snippet":"max-snippet:-1","max-image-preview":"max-image-preview:large","max-video-preview":"max-video-preview:-1"},"canonical":"https:\/\/vosgesinfo.fr\/remiremontinfo\/2023\/01\/cornimont-faudra-t-deboulonner-statue-de-dame-de-paix-nom-de-laicite\/","twitter_card":"summary_large_image","twitter_title":"Cornimont\u00a0: faudra-t-il d\u00e9boulonner la statue de Notre Dame de la Paix au nom de la la\u00efcit\u00e9\u00a0? - Remiremont Info","twitter_description":"Photo d&rsquo;archive, par Mairie de Cornimont La cour administrative d&rsquo;appel de Bordeaux, confirmant une premi\u00e8re d\u00e9cision du tribunal administratif de [&hellip;]","twitter_image":"https:\/\/vosgesinfo.fr\/app\/uploads\/sites\/5\/2024\/09\/202301notre-dame-de-la-paix-2.png","twitter_creator":"@VosgesInfo88","twitter_site":"@VosgesInfo88","twitter_misc":{"\u00c9crit par":"C D","Dur\u00e9e de lecture estim\u00e9e":"3 minutes"},"schema":{"@context":"https:\/\/schema.org","@graph":[{"@type":"Article","@id":"https:\/\/vosgesinfo.fr\/remiremontinfo\/2023\/01\/cornimont-faudra-t-deboulonner-statue-de-dame-de-paix-nom-de-laicite\/#article","isPartOf":{"@id":"https:\/\/vosgesinfo.fr\/remiremontinfo\/2023\/01\/cornimont-faudra-t-deboulonner-statue-de-dame-de-paix-nom-de-laicite\/"},"author":{"name":"C D","@id":"https:\/\/vosgesinfo.fr\/remiremontinfo\/#\/schema\/person\/3bfd164d5218a185b1db68655a265316"},"headline":"Cornimont\u00a0: faudra-t-il d\u00e9boulonner la statue de Notre Dame de la Paix au nom de la la\u00efcit\u00e9\u00a0?","datePublished":"2023-01-20T09:12:39+00:00","dateModified":"2023-01-20T09:12:39+00:00","mainEntityOfPage":{"@id":"https:\/\/vosgesinfo.fr\/remiremontinfo\/2023\/01\/cornimont-faudra-t-deboulonner-statue-de-dame-de-paix-nom-de-laicite\/"},"wordCount":555,"commentCount":0,"publisher":{"@id":"https:\/\/vosgesinfo.fr\/remiremontinfo\/#organization"},"image":{"@id":"https:\/\/vosgesinfo.fr\/remiremontinfo\/2023\/01\/cornimont-faudra-t-deboulonner-statue-de-dame-de-paix-nom-de-laicite\/#primaryimage"},"thumbnailUrl":"https:\/\/vosgesinfo.fr\/app\/uploads\/sites\/5\/2024\/09\/202301notre-dame-de-la-paix-2.png","keywords":["cornimont","espace public","laicit\u00e9","Monument","Notre Dame de la Paix","Religion","statue","Vosges"],"articleSection":["A la Une","Cornimont","La Bresse &amp; son canton","Soci\u00e9t\u00e9"],"inLanguage":"fr-FR","potentialAction":[{"@type":"CommentAction","name":"Comment","target":["https:\/\/vosgesinfo.fr\/remiremontinfo\/2023\/01\/cornimont-faudra-t-deboulonner-statue-de-dame-de-paix-nom-de-laicite\/#respond"]}]},{"@type":"WebPage","@id":"https:\/\/vosgesinfo.fr\/remiremontinfo\/2023\/01\/cornimont-faudra-t-deboulonner-statue-de-dame-de-paix-nom-de-laicite\/","url":"https:\/\/vosgesinfo.fr\/remiremontinfo\/2023\/01\/cornimont-faudra-t-deboulonner-statue-de-dame-de-paix-nom-de-laicite\/","name":"Cornimont\u00a0: faudra-t-il d\u00e9boulonner la statue de Notre Dame de la Paix au nom de la la\u00efcit\u00e9\u00a0? - Remiremont Info","isPartOf":{"@id":"https:\/\/vosgesinfo.fr\/remiremontinfo\/#website"},"primaryImageOfPage":{"@id":"https:\/\/vosgesinfo.fr\/remiremontinfo\/2023\/01\/cornimont-faudra-t-deboulonner-statue-de-dame-de-paix-nom-de-laicite\/#primaryimage"},"image":{"@id":"https:\/\/vosgesinfo.fr\/remiremontinfo\/2023\/01\/cornimont-faudra-t-deboulonner-statue-de-dame-de-paix-nom-de-laicite\/#primaryimage"},"thumbnailUrl":"https:\/\/vosgesinfo.fr\/app\/uploads\/sites\/5\/2024\/09\/202301notre-dame-de-la-paix-2.png","datePublished":"2023-01-20T09:12:39+00:00","dateModified":"2023-01-20T09:12:39+00:00","breadcrumb":{"@id":"https:\/\/vosgesinfo.fr\/remiremontinfo\/2023\/01\/cornimont-faudra-t-deboulonner-statue-de-dame-de-paix-nom-de-laicite\/#breadcrumb"},"inLanguage":"fr-FR","potentialAction":[{"@type":"ReadAction","target":["https:\/\/vosgesinfo.fr\/remiremontinfo\/2023\/01\/cornimont-faudra-t-deboulonner-statue-de-dame-de-paix-nom-de-laicite\/"]}]},{"@type":"ImageObject","inLanguage":"fr-FR","@id":"https:\/\/vosgesinfo.fr\/remiremontinfo\/2023\/01\/cornimont-faudra-t-deboulonner-statue-de-dame-de-paix-nom-de-laicite\/#primaryimage","url":"https:\/\/vosgesinfo.fr\/app\/uploads\/sites\/5\/2024\/09\/202301notre-dame-de-la-paix-2.png","contentUrl":"https:\/\/vosgesinfo.fr\/app\/uploads\/sites\/5\/2024\/09\/202301notre-dame-de-la-paix-2.png","width":900,"height":598},{"@type":"BreadcrumbList","@id":"https:\/\/vosgesinfo.fr\/remiremontinfo\/2023\/01\/cornimont-faudra-t-deboulonner-statue-de-dame-de-paix-nom-de-laicite\/#breadcrumb","itemListElement":[{"@type":"ListItem","position":1,"name":"Home","item":"https:\/\/vosgesinfo.fr\/remiremontinfo\/"},{"@type":"ListItem","position":2,"name":"Cornimont\u00a0: faudra-t-il d\u00e9boulonner la statue de Notre Dame de la Paix au nom de la la\u00efcit\u00e9\u00a0?"}]},{"@type":"WebSite","@id":"https:\/\/vosgesinfo.fr\/remiremontinfo\/#website","url":"https:\/\/vosgesinfo.fr\/remiremontinfo\/","name":"Remiremont Info","description":"Toute l&#039;actualit\u00e9 de Remiremont","publisher":{"@id":"https:\/\/vosgesinfo.fr\/remiremontinfo\/#organization"},"alternateName":"Toute l'actualit\u00e9 de Remiremont","potentialAction":[{"@type":"SearchAction","target":{"@type":"EntryPoint","urlTemplate":"https:\/\/vosgesinfo.fr\/remiremontinfo\/?s={search_term_string}"},"query-input":"required name=search_term_string"}],"inLanguage":"fr-FR"},{"@type":"Organization","@id":"https:\/\/vosgesinfo.fr\/remiremontinfo\/#organization","name":"Remiremont Info","url":"https:\/\/vosgesinfo.fr\/remiremontinfo\/","logo":{"@type":"ImageObject","inLanguage":"fr-FR","@id":"https:\/\/vosgesinfo.fr\/remiremontinfo\/#\/schema\/logo\/image\/","url":"https:\/\/vosgesinfo.fr\/app\/uploads\/sites\/5\/2023\/08\/favicon-remiremontinfo.png","contentUrl":"https:\/\/vosgesinfo.fr\/app\/uploads\/sites\/5\/2023\/08\/favicon-remiremontinfo.png","width":512,"height":512,"caption":"Remiremont Info"},"image":{"@id":"https:\/\/vosgesinfo.fr\/remiremontinfo\/#\/schema\/logo\/image\/"},"sameAs":["https:\/\/www.facebook.com\/remiremontinfo","https:\/\/x.com\/VosgesInfo88","https:\/\/www.youtube.com\/@vosgesinfo"]},{"@type":"Person","@id":"https:\/\/vosgesinfo.fr\/remiremontinfo\/#\/schema\/person\/3bfd164d5218a185b1db68655a265316","name":"C D","image":{"@type":"ImageObject","inLanguage":"fr-FR","@id":"https:\/\/vosgesinfo.fr\/remiremontinfo\/#\/schema\/person\/image\/","url":"https:\/\/secure.gravatar.com\/avatar\/1f9a70007336511a47468b8f1c66f922b8b7cf617b02a31149ada43893a5d48f?s=96&d=mm&r=g","contentUrl":"https:\/\/secure.gravatar.com\/avatar\/1f9a70007336511a47468b8f1c66f922b8b7cf617b02a31149ada43893a5d48f?s=96&d=mm&r=g","caption":"C D"},"url":"https:\/\/vosgesinfo.fr\/remiremontinfo\/author\/cedric-drevet\/"}]}},"_links":{"self":[{"href":"https:\/\/vosgesinfo.fr\/remiremontinfo\/wp-json\/wp\/v2\/posts\/66955","targetHints":{"allow":["GET"]}}],"collection":[{"href":"https:\/\/vosgesinfo.fr\/remiremontinfo\/wp-json\/wp\/v2\/posts"}],"about":[{"href":"https:\/\/vosgesinfo.fr\/remiremontinfo\/wp-json\/wp\/v2\/types\/post"}],"author":[{"embeddable":true,"href":"https:\/\/vosgesinfo.fr\/remiremontinfo\/wp-json\/wp\/v2\/users\/407"}],"replies":[{"embeddable":true,"href":"https:\/\/vosgesinfo.fr\/remiremontinfo\/wp-json\/wp\/v2\/comments?post=66955"}],"version-history":[{"count":0,"href":"https:\/\/vosgesinfo.fr\/remiremontinfo\/wp-json\/wp\/v2\/posts\/66955\/revisions"}],"wp:featuredmedia":[{"embeddable":true,"href":"https:\/\/vosgesinfo.fr\/remiremontinfo\/wp-json\/wp\/v2\/media\/66956"}],"wp:attachment":[{"href":"https:\/\/vosgesinfo.fr\/remiremontinfo\/wp-json\/wp\/v2\/media?parent=66955"}],"wp:term":[{"taxonomy":"category","embeddable":true,"href":"https:\/\/vosgesinfo.fr\/remiremontinfo\/wp-json\/wp\/v2\/categories?post=66955"},{"taxonomy":"post_tag","embeddable":true,"href":"https:\/\/vosgesinfo.fr\/remiremontinfo\/wp-json\/wp\/v2\/tags?post=66955"}],"curies":[{"name":"wp","href":"https:\/\/api.w.org\/{rel}","templated":true}]}}