{"id":66960,"date":"2023-01-20T12:17:10","date_gmt":"2023-01-20T11:17:10","guid":{"rendered":"https:\/\/vosgesinfo.fr\/remiremontinfo\/2023\/01\/remiremont-cest-etre-moment-de-lancer-bataille-de-boules-de-neige\/"},"modified":"2023-01-20T12:17:10","modified_gmt":"2023-01-20T11:17:10","slug":"remiremont-cest-etre-moment-de-lancer-bataille-de-boules-de-neige","status":"publish","type":"post","link":"https:\/\/vosgesinfo.fr\/remiremontinfo\/2023\/01\/remiremont-cest-etre-moment-de-lancer-bataille-de-boules-de-neige\/","title":{"rendered":"Remiremont : c&rsquo;est peut \u00eatre le moment de lancer une bataille de boules de neige"},"content":{"rendered":"<p><a href=\"\/2023\/01\/snowball-fight-578445_960_720.jpg\"><img decoding=\"async\" class=\"alignnone size-full wp-image-362308\" src=\"\/2023\/01\/snowball-fight-578445_960_720.jpg\" alt=\"snowball-fight-578445_960_720\" width=\"781\" height=\"576\" \/><\/a><\/p>\n<p><span style=\"font-size: 10pt;\"><em>Photo d&rsquo;illustration, avec un beau geste technique\u00a0<\/em><\/span><\/p>\n<h2><span style=\"font-size: 12pt;\"><strong>La neige qui recouvre les parcs, les toits, les v\u00e9hicules \u00e0 Remiremont comme dans d&rsquo;autres villes de d\u00e9partement peut \u00eatre l&rsquo;occasion pratiquer quelques activit\u00e9s bien appr\u00e9ci\u00e9es : la construction d&rsquo;un bonhomme de neige, ou d&rsquo;un igloo. Ou encore la traditionnelle bataille de boule de neige : pour cela, peu de mat\u00e9riel est n\u00e9cessaire, et il suffit pour garantir une bonne pratique de s&rsquo;en remettre aux quelques r\u00e8gles \u00e9l\u00e9mentaire ci dessous bri\u00e8vement \u00e9nonc\u00e9es.\u00a0<\/strong><\/span><\/h2>\n<p>Pour commencer, et enclencher les \u00ab\u00a0hostilit\u00e9s\u00a0\u00bb, il convient de r\u00e9aliser une boule de neige, \u00e0 main nue ou avec des gants, et de viser une premi\u00e8re \u00ab\u00a0cible\u00a0\u00bb. La r\u00e9action de celle ci devrait donner quelques indications sur l&rsquo;opportunit\u00e9 de poursuivre l&rsquo;exp\u00e9rience. Pour \u00e9viter que le jeu ne tourne court, ne pas viser le ou les \u00ab\u00a0bellig\u00e9rants\u00a0\u00bb en plein visage. Ce n&rsquo;est jamais tr\u00e8s agr\u00e9able.\u00a0Il est aussi d\u00e9conseill\u00e9 de viser express\u00e9ment les organes reproductifs d&rsquo;un participant \u00e0 la bataille. Si tout se fait dans la joie, la bonne humeur et l&rsquo;intelligence, tout devrait bien se passer.\u00a0Nous ne savons pas combien de temps va durer l&rsquo;enneigement et la surface concern\u00e9e, alors il est peut \u00eatre pr\u00e9f\u00e9rable de ne pas trop tarder. Voici les pr\u00e9vision m\u00e9t\u00e9o de l&rsquo;\u00e9quipe de <a href=\"https:\/\/www.facebook.com\/meteodesvallees\">M\u00e9t\u00e9o des Vall\u00e9es<\/a> pour les jours \u00e0 venir :\u00a0\u00ab\u00a0Samedi : Toujours une domination des nuages ramen\u00e9s depuis l\u2019Europe centrale dans un flux d\u2019est et des \u00e9claircies assez rares. Tout au plus quelques flocons. La nouveaut\u00e9 viendra de la bise \u00e0 30 km\/h en rafales accentuant la sensation de froid. Minimales de -8 \u00e0 -3 \u00b0C et maximales partout sous 0 \u00b0C. Dimanche: Minimales parfois proches de -10 \u00b0C en montagne l\u00e0 o\u00f9 le ciel se sera d\u00e9gag\u00e9 la nuit. En journ\u00e9e peu de changement avec beaucoup de grisaille, quelques faibles chutes de neige ici et l\u00e0, notamment en Alsace et aucun d\u00e9gel. Semaine prochaine\u00a0: Nous resterons dans ce m\u00eame flux d\u2019est avec des gel\u00e9es nocturnes marqu\u00e9es, un temps assez nuageux mais calme !\u00a0\u00bb<\/p>\n<p><iframe loading=\"lazy\" src=\"\/\/www.youtube.com\/embed\/UXXCZN-gvVk\" width=\"425\" height=\"350\" allowfullscreen=\"allowfullscreen\"><\/iframe><\/p>\n","protected":false},"excerpt":{"rendered":"<p>Photo d&rsquo;illustration, avec un beau geste technique\u00a0 La neige qui recouvre les parcs, les toits, les v\u00e9hicules \u00e0 Remiremont comme [&hellip;]<\/p>\n","protected":false},"author":407,"featured_media":66961,"comment_status":"open","ping_status":"open","sticky":false,"template":"","format":"standard","meta":{"footnotes":""},"categories":[26,54,1556,35],"tags":[5401,5402,487,2241,32],"class_list":["post-66960","post","type-post","status-publish","format-standard","has-post-thumbnail","hentry","category-a-la-une","category-loisirs","category-remiremont-remiremont-son-canton-2","category-remiremont-son-canton","tag-bataille-de-boules-d-eniege","tag-boule-de-neige","tag-neige","tag-remirmeont","tag-vosges"],"acf":[],"yoast_head":"<!-- This site is optimized with the Yoast SEO plugin v22.5 - https:\/\/yoast.com\/wordpress\/plugins\/seo\/ -->\n<title>Remiremont : c&#039;est peut \u00eatre le moment de lancer une bataille de boules de neige - Remiremont Info<\/title>\n<meta name=\"robots\" content=\"index, follow, max-snippet:-1, max-image-preview:large, max-video-preview:-1\" \/>\n<link rel=\"canonical\" href=\"https:\/\/vosgesinfo.fr\/remiremontinfo\/2023\/01\/remiremont-cest-etre-moment-de-lancer-bataille-de-boules-de-neige\/\" \/>\n<meta name=\"twitter:card\" content=\"summary_large_image\" \/>\n<meta name=\"twitter:title\" content=\"Remiremont : c&#039;est peut \u00eatre le moment de lancer une bataille de boules de neige - Remiremont Info\" \/>\n<meta name=\"twitter:description\" content=\"Photo d&rsquo;illustration, avec un beau geste technique\u00a0 La neige qui recouvre les parcs, les toits, les v\u00e9hicules \u00e0 Remiremont comme [&hellip;]\" \/>\n<meta name=\"twitter:image\" content=\"https:\/\/vosgesinfo.fr\/app\/uploads\/sites\/5\/2024\/09\/202301snowball-fight-578445-960-720.jpg\" \/>\n<meta name=\"twitter:creator\" content=\"@VosgesInfo88\" \/>\n<meta name=\"twitter:site\" content=\"@VosgesInfo88\" \/>\n<meta name=\"twitter:label1\" content=\"\u00c9crit par\" \/>\n\t<meta name=\"twitter:data1\" content=\"C D\" \/>\n\t<meta name=\"twitter:label2\" content=\"Dur\u00e9e de lecture estim\u00e9e\" \/>\n\t<meta name=\"twitter:data2\" content=\"2 minutes\" \/>\n<script type=\"application\/ld+json\" class=\"yoast-schema-graph\">{\"@context\":\"https:\/\/schema.org\",\"@graph\":[{\"@type\":\"Article\",\"@id\":\"https:\/\/vosgesinfo.fr\/remiremontinfo\/2023\/01\/remiremont-cest-etre-moment-de-lancer-bataille-de-boules-de-neige\/#article\",\"isPartOf\":{\"@id\":\"https:\/\/vosgesinfo.fr\/remiremontinfo\/2023\/01\/remiremont-cest-etre-moment-de-lancer-bataille-de-boules-de-neige\/\"},\"author\":{\"name\":\"C D\",\"@id\":\"https:\/\/vosgesinfo.fr\/remiremontinfo\/#\/schema\/person\/3bfd164d5218a185b1db68655a265316\"},\"headline\":\"Remiremont : c&rsquo;est peut \u00eatre le moment de lancer une bataille de boules de neige\",\"datePublished\":\"2023-01-20T11:17:10+00:00\",\"dateModified\":\"2023-01-20T11:17:10+00:00\",\"mainEntityOfPage\":{\"@id\":\"https:\/\/vosgesinfo.fr\/remiremontinfo\/2023\/01\/remiremont-cest-etre-moment-de-lancer-bataille-de-boules-de-neige\/\"},\"wordCount\":387,\"commentCount\":0,\"publisher\":{\"@id\":\"https:\/\/vosgesinfo.fr\/remiremontinfo\/#organization\"},\"image\":{\"@id\":\"https:\/\/vosgesinfo.fr\/remiremontinfo\/2023\/01\/remiremont-cest-etre-moment-de-lancer-bataille-de-boules-de-neige\/#primaryimage\"},\"thumbnailUrl\":\"https:\/\/vosgesinfo.fr\/app\/uploads\/sites\/5\/2024\/09\/202301snowball-fight-578445-960-720.jpg\",\"keywords\":[\"bataille de boules d eniege\",\"boule de neige\",\"neige\",\"remirmeont\",\"Vosges\"],\"articleSection\":[\"A la Une\",\"Loisirs\",\"Remiremont\",\"Remiremont &amp; son canton\"],\"inLanguage\":\"fr-FR\",\"potentialAction\":[{\"@type\":\"CommentAction\",\"name\":\"Comment\",\"target\":[\"https:\/\/vosgesinfo.fr\/remiremontinfo\/2023\/01\/remiremont-cest-etre-moment-de-lancer-bataille-de-boules-de-neige\/#respond\"]}]},{\"@type\":\"WebPage\",\"@id\":\"https:\/\/vosgesinfo.fr\/remiremontinfo\/2023\/01\/remiremont-cest-etre-moment-de-lancer-bataille-de-boules-de-neige\/\",\"url\":\"https:\/\/vosgesinfo.fr\/remiremontinfo\/2023\/01\/remiremont-cest-etre-moment-de-lancer-bataille-de-boules-de-neige\/\",\"name\":\"Remiremont : c'est peut \u00eatre le moment de lancer une bataille de boules de neige - Remiremont Info\",\"isPartOf\":{\"@id\":\"https:\/\/vosgesinfo.fr\/remiremontinfo\/#website\"},\"primaryImageOfPage\":{\"@id\":\"https:\/\/vosgesinfo.fr\/remiremontinfo\/2023\/01\/remiremont-cest-etre-moment-de-lancer-bataille-de-boules-de-neige\/#primaryimage\"},\"image\":{\"@id\":\"https:\/\/vosgesinfo.fr\/remiremontinfo\/2023\/01\/remiremont-cest-etre-moment-de-lancer-bataille-de-boules-de-neige\/#primaryimage\"},\"thumbnailUrl\":\"https:\/\/vosgesinfo.fr\/app\/uploads\/sites\/5\/2024\/09\/202301snowball-fight-578445-960-720.jpg\",\"datePublished\":\"2023-01-20T11:17:10+00:00\",\"dateModified\":\"2023-01-20T11:17:10+00:00\",\"breadcrumb\":{\"@id\":\"https:\/\/vosgesinfo.fr\/remiremontinfo\/2023\/01\/remiremont-cest-etre-moment-de-lancer-bataille-de-boules-de-neige\/#breadcrumb\"},\"inLanguage\":\"fr-FR\",\"potentialAction\":[{\"@type\":\"ReadAction\",\"target\":[\"https:\/\/vosgesinfo.fr\/remiremontinfo\/2023\/01\/remiremont-cest-etre-moment-de-lancer-bataille-de-boules-de-neige\/\"]}]},{\"@type\":\"ImageObject\",\"inLanguage\":\"fr-FR\",\"@id\":\"https:\/\/vosgesinfo.fr\/remiremontinfo\/2023\/01\/remiremont-cest-etre-moment-de-lancer-bataille-de-boules-de-neige\/#primaryimage\",\"url\":\"https:\/\/vosgesinfo.fr\/app\/uploads\/sites\/5\/2024\/09\/202301snowball-fight-578445-960-720.jpg\",\"contentUrl\":\"https:\/\/vosgesinfo.fr\/app\/uploads\/sites\/5\/2024\/09\/202301snowball-fight-578445-960-720.jpg\",\"width\":781,\"height\":576},{\"@type\":\"BreadcrumbList\",\"@id\":\"https:\/\/vosgesinfo.fr\/remiremontinfo\/2023\/01\/remiremont-cest-etre-moment-de-lancer-bataille-de-boules-de-neige\/#breadcrumb\",\"itemListElement\":[{\"@type\":\"ListItem\",\"position\":1,\"name\":\"Home\",\"item\":\"https:\/\/vosgesinfo.fr\/remiremontinfo\/\"},{\"@type\":\"ListItem\",\"position\":2,\"name\":\"Remiremont : c&rsquo;est peut \u00eatre le moment de lancer une bataille de boules de neige\"}]},{\"@type\":\"WebSite\",\"@id\":\"https:\/\/vosgesinfo.fr\/remiremontinfo\/#website\",\"url\":\"https:\/\/vosgesinfo.fr\/remiremontinfo\/\",\"name\":\"Remiremont Info\",\"description\":\"Toute l&#039;actualit\u00e9 de Remiremont\",\"publisher\":{\"@id\":\"https:\/\/vosgesinfo.fr\/remiremontinfo\/#organization\"},\"alternateName\":\"Toute l'actualit\u00e9 de Remiremont\",\"potentialAction\":[{\"@type\":\"SearchAction\",\"target\":{\"@type\":\"EntryPoint\",\"urlTemplate\":\"https:\/\/vosgesinfo.fr\/remiremontinfo\/?s={search_term_string}\"},\"query-input\":\"required name=search_term_string\"}],\"inLanguage\":\"fr-FR\"},{\"@type\":\"Organization\",\"@id\":\"https:\/\/vosgesinfo.fr\/remiremontinfo\/#organization\",\"name\":\"Remiremont Info\",\"url\":\"https:\/\/vosgesinfo.fr\/remiremontinfo\/\",\"logo\":{\"@type\":\"ImageObject\",\"inLanguage\":\"fr-FR\",\"@id\":\"https:\/\/vosgesinfo.fr\/remiremontinfo\/#\/schema\/logo\/image\/\",\"url\":\"https:\/\/vosgesinfo.fr\/app\/uploads\/sites\/5\/2023\/08\/favicon-remiremontinfo.png\",\"contentUrl\":\"https:\/\/vosgesinfo.fr\/app\/uploads\/sites\/5\/2023\/08\/favicon-remiremontinfo.png\",\"width\":512,\"height\":512,\"caption\":\"Remiremont Info\"},\"image\":{\"@id\":\"https:\/\/vosgesinfo.fr\/remiremontinfo\/#\/schema\/logo\/image\/\"},\"sameAs\":[\"https:\/\/www.facebook.com\/remiremontinfo\",\"https:\/\/x.com\/VosgesInfo88\",\"https:\/\/www.youtube.com\/@vosgesinfo\"]},{\"@type\":\"Person\",\"@id\":\"https:\/\/vosgesinfo.fr\/remiremontinfo\/#\/schema\/person\/3bfd164d5218a185b1db68655a265316\",\"name\":\"C D\",\"image\":{\"@type\":\"ImageObject\",\"inLanguage\":\"fr-FR\",\"@id\":\"https:\/\/vosgesinfo.fr\/remiremontinfo\/#\/schema\/person\/image\/\",\"url\":\"https:\/\/secure.gravatar.com\/avatar\/1f9a70007336511a47468b8f1c66f922b8b7cf617b02a31149ada43893a5d48f?s=96&d=mm&r=g\",\"contentUrl\":\"https:\/\/secure.gravatar.com\/avatar\/1f9a70007336511a47468b8f1c66f922b8b7cf617b02a31149ada43893a5d48f?s=96&d=mm&r=g\",\"caption\":\"C D\"},\"url\":\"https:\/\/vosgesinfo.fr\/remiremontinfo\/author\/cedric-drevet\/\"}]}<\/script>\n<!-- \/ Yoast SEO plugin. -->","yoast_head_json":{"title":"Remiremont : c'est peut \u00eatre le moment de lancer une bataille de boules de neige - Remiremont Info","robots":{"index":"index","follow":"follow","max-snippet":"max-snippet:-1","max-image-preview":"max-image-preview:large","max-video-preview":"max-video-preview:-1"},"canonical":"https:\/\/vosgesinfo.fr\/remiremontinfo\/2023\/01\/remiremont-cest-etre-moment-de-lancer-bataille-de-boules-de-neige\/","twitter_card":"summary_large_image","twitter_title":"Remiremont : c'est peut \u00eatre le moment de lancer une bataille de boules de neige - Remiremont Info","twitter_description":"Photo d&rsquo;illustration, avec un beau geste technique\u00a0 La neige qui recouvre les parcs, les toits, les v\u00e9hicules \u00e0 Remiremont comme [&hellip;]","twitter_image":"https:\/\/vosgesinfo.fr\/app\/uploads\/sites\/5\/2024\/09\/202301snowball-fight-578445-960-720.jpg","twitter_creator":"@VosgesInfo88","twitter_site":"@VosgesInfo88","twitter_misc":{"\u00c9crit par":"C D","Dur\u00e9e de lecture estim\u00e9e":"2 minutes"},"schema":{"@context":"https:\/\/schema.org","@graph":[{"@type":"Article","@id":"https:\/\/vosgesinfo.fr\/remiremontinfo\/2023\/01\/remiremont-cest-etre-moment-de-lancer-bataille-de-boules-de-neige\/#article","isPartOf":{"@id":"https:\/\/vosgesinfo.fr\/remiremontinfo\/2023\/01\/remiremont-cest-etre-moment-de-lancer-bataille-de-boules-de-neige\/"},"author":{"name":"C D","@id":"https:\/\/vosgesinfo.fr\/remiremontinfo\/#\/schema\/person\/3bfd164d5218a185b1db68655a265316"},"headline":"Remiremont : c&rsquo;est peut \u00eatre le moment de lancer une bataille de boules de neige","datePublished":"2023-01-20T11:17:10+00:00","dateModified":"2023-01-20T11:17:10+00:00","mainEntityOfPage":{"@id":"https:\/\/vosgesinfo.fr\/remiremontinfo\/2023\/01\/remiremont-cest-etre-moment-de-lancer-bataille-de-boules-de-neige\/"},"wordCount":387,"commentCount":0,"publisher":{"@id":"https:\/\/vosgesinfo.fr\/remiremontinfo\/#organization"},"image":{"@id":"https:\/\/vosgesinfo.fr\/remiremontinfo\/2023\/01\/remiremont-cest-etre-moment-de-lancer-bataille-de-boules-de-neige\/#primaryimage"},"thumbnailUrl":"https:\/\/vosgesinfo.fr\/app\/uploads\/sites\/5\/2024\/09\/202301snowball-fight-578445-960-720.jpg","keywords":["bataille de boules d eniege","boule de neige","neige","remirmeont","Vosges"],"articleSection":["A la Une","Loisirs","Remiremont","Remiremont &amp; son canton"],"inLanguage":"fr-FR","potentialAction":[{"@type":"CommentAction","name":"Comment","target":["https:\/\/vosgesinfo.fr\/remiremontinfo\/2023\/01\/remiremont-cest-etre-moment-de-lancer-bataille-de-boules-de-neige\/#respond"]}]},{"@type":"WebPage","@id":"https:\/\/vosgesinfo.fr\/remiremontinfo\/2023\/01\/remiremont-cest-etre-moment-de-lancer-bataille-de-boules-de-neige\/","url":"https:\/\/vosgesinfo.fr\/remiremontinfo\/2023\/01\/remiremont-cest-etre-moment-de-lancer-bataille-de-boules-de-neige\/","name":"Remiremont : c'est peut \u00eatre le moment de lancer une bataille de boules de neige - Remiremont Info","isPartOf":{"@id":"https:\/\/vosgesinfo.fr\/remiremontinfo\/#website"},"primaryImageOfPage":{"@id":"https:\/\/vosgesinfo.fr\/remiremontinfo\/2023\/01\/remiremont-cest-etre-moment-de-lancer-bataille-de-boules-de-neige\/#primaryimage"},"image":{"@id":"https:\/\/vosgesinfo.fr\/remiremontinfo\/2023\/01\/remiremont-cest-etre-moment-de-lancer-bataille-de-boules-de-neige\/#primaryimage"},"thumbnailUrl":"https:\/\/vosgesinfo.fr\/app\/uploads\/sites\/5\/2024\/09\/202301snowball-fight-578445-960-720.jpg","datePublished":"2023-01-20T11:17:10+00:00","dateModified":"2023-01-20T11:17:10+00:00","breadcrumb":{"@id":"https:\/\/vosgesinfo.fr\/remiremontinfo\/2023\/01\/remiremont-cest-etre-moment-de-lancer-bataille-de-boules-de-neige\/#breadcrumb"},"inLanguage":"fr-FR","potentialAction":[{"@type":"ReadAction","target":["https:\/\/vosgesinfo.fr\/remiremontinfo\/2023\/01\/remiremont-cest-etre-moment-de-lancer-bataille-de-boules-de-neige\/"]}]},{"@type":"ImageObject","inLanguage":"fr-FR","@id":"https:\/\/vosgesinfo.fr\/remiremontinfo\/2023\/01\/remiremont-cest-etre-moment-de-lancer-bataille-de-boules-de-neige\/#primaryimage","url":"https:\/\/vosgesinfo.fr\/app\/uploads\/sites\/5\/2024\/09\/202301snowball-fight-578445-960-720.jpg","contentUrl":"https:\/\/vosgesinfo.fr\/app\/uploads\/sites\/5\/2024\/09\/202301snowball-fight-578445-960-720.jpg","width":781,"height":576},{"@type":"BreadcrumbList","@id":"https:\/\/vosgesinfo.fr\/remiremontinfo\/2023\/01\/remiremont-cest-etre-moment-de-lancer-bataille-de-boules-de-neige\/#breadcrumb","itemListElement":[{"@type":"ListItem","position":1,"name":"Home","item":"https:\/\/vosgesinfo.fr\/remiremontinfo\/"},{"@type":"ListItem","position":2,"name":"Remiremont : c&rsquo;est peut \u00eatre le moment de lancer une bataille de boules de neige"}]},{"@type":"WebSite","@id":"https:\/\/vosgesinfo.fr\/remiremontinfo\/#website","url":"https:\/\/vosgesinfo.fr\/remiremontinfo\/","name":"Remiremont Info","description":"Toute l&#039;actualit\u00e9 de Remiremont","publisher":{"@id":"https:\/\/vosgesinfo.fr\/remiremontinfo\/#organization"},"alternateName":"Toute l'actualit\u00e9 de Remiremont","potentialAction":[{"@type":"SearchAction","target":{"@type":"EntryPoint","urlTemplate":"https:\/\/vosgesinfo.fr\/remiremontinfo\/?s={search_term_string}"},"query-input":"required name=search_term_string"}],"inLanguage":"fr-FR"},{"@type":"Organization","@id":"https:\/\/vosgesinfo.fr\/remiremontinfo\/#organization","name":"Remiremont Info","url":"https:\/\/vosgesinfo.fr\/remiremontinfo\/","logo":{"@type":"ImageObject","inLanguage":"fr-FR","@id":"https:\/\/vosgesinfo.fr\/remiremontinfo\/#\/schema\/logo\/image\/","url":"https:\/\/vosgesinfo.fr\/app\/uploads\/sites\/5\/2023\/08\/favicon-remiremontinfo.png","contentUrl":"https:\/\/vosgesinfo.fr\/app\/uploads\/sites\/5\/2023\/08\/favicon-remiremontinfo.png","width":512,"height":512,"caption":"Remiremont Info"},"image":{"@id":"https:\/\/vosgesinfo.fr\/remiremontinfo\/#\/schema\/logo\/image\/"},"sameAs":["https:\/\/www.facebook.com\/remiremontinfo","https:\/\/x.com\/VosgesInfo88","https:\/\/www.youtube.com\/@vosgesinfo"]},{"@type":"Person","@id":"https:\/\/vosgesinfo.fr\/remiremontinfo\/#\/schema\/person\/3bfd164d5218a185b1db68655a265316","name":"C D","image":{"@type":"ImageObject","inLanguage":"fr-FR","@id":"https:\/\/vosgesinfo.fr\/remiremontinfo\/#\/schema\/person\/image\/","url":"https:\/\/secure.gravatar.com\/avatar\/1f9a70007336511a47468b8f1c66f922b8b7cf617b02a31149ada43893a5d48f?s=96&d=mm&r=g","contentUrl":"https:\/\/secure.gravatar.com\/avatar\/1f9a70007336511a47468b8f1c66f922b8b7cf617b02a31149ada43893a5d48f?s=96&d=mm&r=g","caption":"C D"},"url":"https:\/\/vosgesinfo.fr\/remiremontinfo\/author\/cedric-drevet\/"}]}},"_links":{"self":[{"href":"https:\/\/vosgesinfo.fr\/remiremontinfo\/wp-json\/wp\/v2\/posts\/66960","targetHints":{"allow":["GET"]}}],"collection":[{"href":"https:\/\/vosgesinfo.fr\/remiremontinfo\/wp-json\/wp\/v2\/posts"}],"about":[{"href":"https:\/\/vosgesinfo.fr\/remiremontinfo\/wp-json\/wp\/v2\/types\/post"}],"author":[{"embeddable":true,"href":"https:\/\/vosgesinfo.fr\/remiremontinfo\/wp-json\/wp\/v2\/users\/407"}],"replies":[{"embeddable":true,"href":"https:\/\/vosgesinfo.fr\/remiremontinfo\/wp-json\/wp\/v2\/comments?post=66960"}],"version-history":[{"count":0,"href":"https:\/\/vosgesinfo.fr\/remiremontinfo\/wp-json\/wp\/v2\/posts\/66960\/revisions"}],"wp:featuredmedia":[{"embeddable":true,"href":"https:\/\/vosgesinfo.fr\/remiremontinfo\/wp-json\/wp\/v2\/media\/66961"}],"wp:attachment":[{"href":"https:\/\/vosgesinfo.fr\/remiremontinfo\/wp-json\/wp\/v2\/media?parent=66960"}],"wp:term":[{"taxonomy":"category","embeddable":true,"href":"https:\/\/vosgesinfo.fr\/remiremontinfo\/wp-json\/wp\/v2\/categories?post=66960"},{"taxonomy":"post_tag","embeddable":true,"href":"https:\/\/vosgesinfo.fr\/remiremontinfo\/wp-json\/wp\/v2\/tags?post=66960"}],"curies":[{"name":"wp","href":"https:\/\/api.w.org\/{rel}","templated":true}]}}