{"id":66962,"date":"2023-01-20T12:20:54","date_gmt":"2023-01-20T11:20:54","guid":{"rendered":"https:\/\/vosgesinfo.fr\/remiremontinfo\/2023\/01\/saint-nabord-lassociation-fsd-recherche-encadrants-section-marche-nordique\/"},"modified":"2023-01-20T12:20:54","modified_gmt":"2023-01-20T11:20:54","slug":"saint-nabord-lassociation-fsd-recherche-encadrants-section-marche-nordique","status":"publish","type":"post","link":"https:\/\/vosgesinfo.fr\/remiremontinfo\/2023\/01\/saint-nabord-lassociation-fsd-recherche-encadrants-section-marche-nordique\/","title":{"rendered":"Saint-Nabord : l&rsquo;association FSD recherche des encadrants pour sa section Marche nordique"},"content":{"rendered":"<p><a href=\"\/2023\/01\/326429111_968863714496955_812439263244474818_n.jpg\"><img decoding=\"async\" class=\"alignnone size-large wp-image-362310\" src=\"\/2023\/01\/326429111_968863714496955_812439263244474818_n-1024x529.jpg\" alt=\"326429111_968863714496955_812439263244474818_n\" width=\"960\" height=\"496\" \/><\/a><\/p>\n<div class=\"x11i5rnm xat24cr x1mh8g0r x1vvkbs xdj266r x126k92a\">\n<h2 dir=\"auto\"><span style=\"font-size: 12pt;\"><strong>L&rsquo;association FSD (Falli\u00e8res-Sport-D\u00e9tente) recherche des encadrants pour sa section\u00a0Marche nordique\u00a0 et propose une formation du 11 au 15 avril.\u00a0<\/strong><\/span><\/h2>\n<div dir=\"auto\"><span class=\"x3nfvp2 x1j61x8r x1fcty0u xdj266r xhhsvwb xat24cr xgzva0m xxymvpz xlup9mm x1kky2od\">La section Marche Nordique de Falli\u00e8res Sport D\u00e9tente-Saint Nabord, existe depuis 2011, cette ann\u00e9e l\u00e0, 12 adh\u00e9rents avaient suivi une formation Initiateur Marche Nordique, avec G\u00e9rard Bernabe, Formateur national de Nordik Walking.\u00a0<\/span>D&rsquo;autres formations ont eu lieu au cour de la derni\u00e8re d\u00e9cennie, et ce sont actuellement 14 initiateurs enti\u00e8rement b\u00e9n\u00e9voles qui se relaient pour encadrer les sorties. La diversit\u00e9 des parcours propos\u00e9s et la convivialit\u00e9 r\u00e9gnant lors des sorties en fait une section tr\u00e8s pris\u00e9e.<\/div>\n<\/div>\n<div class=\"x11i5rnm xat24cr x1mh8g0r x1vvkbs xtlvy1s x126k92a\">\n<div dir=\"auto\"><\/div>\n<div dir=\"auto\">Les sorties ont lieu, le lundi matin, mercredi apr\u00e8s midi, jeudi soir, samedi matin et dimanche matin, le lieu de RDV change r\u00e9guli\u00e8rement au cours de la saison. Depuis la rentr\u00e9e de septembre, ce n&rsquo;est pas moins de 191 adh\u00e9rents qui ont rejoint ce groupe, ce qui pose quelques soucis d&rsquo;organisation pour encadrer les sorties en toute s\u00e9curit\u00e9. L&rsquo;association Falli\u00e8res Sport D\u00e9tente\u00a0recherche donc de futurs encadrants marche nordique, et a d\u00e9cid\u00e9 d&rsquo;organiser une formation \u00ab\u00a0Initiateur Marche Nordique Atout sant\u00e9\u00a0\u00bb.<\/div>\n<div dir=\"auto\"><\/div>\n<\/div>\n<div class=\"x11i5rnm xat24cr x1mh8g0r x1vvkbs xtlvy1s x126k92a\">\n<div dir=\"auto\">Cette formation dipl\u00f4mante sera assur\u00e9e par G\u00e9rard Bernabe, Expert en marche nordique, Consultant marche nordique et par ailleurs auteur de \u00ab\u00a0La marche nordique atout sant\u00e9\u00ae\u00a0\u00bb disponible sur les \u00e9ditions GAP et la FNAC.<\/div>\n<\/div>\n<div class=\"x11i5rnm xat24cr x1mh8g0r x1vvkbs xtlvy1s x126k92a\">\n<div dir=\"auto\"><\/div>\n<div dir=\"auto\">Du mardi 11 au samedi 15 avril 2023<\/div>\n<div dir=\"auto\">\u00c0 Falli\u00e8res, Saint-Nabord<\/div>\n<div dir=\"auto\">Dur\u00e9e de la formation : 37 heures<\/div>\n<\/div>\n<div class=\"x11i5rnm xat24cr x1mh8g0r x1vvkbs xtlvy1s x126k92a\">\n<div dir=\"auto\">Il reste quelques places pour cette formation.<\/div>\n<\/div>\n<div class=\"x11i5rnm xat24cr x1mh8g0r x1vvkbs xtlvy1s x126k92a\">\n<div dir=\"auto\">Pour tout renseignement compl\u00e9mentaire, de contacter Bernard Cunat au 06 71 45 95 35<\/div>\n<\/div>\n<div dir=\"auto\"><\/div>\n<div dir=\"auto\"><span style=\"font-size: 10pt;\"><em>Source : Mairie de Saint-Nabord\u00a0<\/em><\/span><\/div>\n","protected":false},"excerpt":{"rendered":"<p>L&rsquo;association FSD (Falli\u00e8res-Sport-D\u00e9tente) recherche des encadrants pour sa section\u00a0Marche nordique\u00a0 et propose une formation du 11 au 15 avril.\u00a0 La [&hellip;]<\/p>\n","protected":false},"author":407,"featured_media":66963,"comment_status":"open","ping_status":"open","sticky":false,"template":"","format":"standard","meta":{"footnotes":""},"categories":[26,35,100,14],"tags":[5403,42,32],"class_list":["post-66962","post","type-post","status-publish","format-standard","has-post-thumbnail","hentry","category-a-la-une","category-remiremont-son-canton","category-saint-nabord","category-sport","tag-marche-nordique","tag-saint-nabord","tag-vosges"],"acf":[],"yoast_head":"<!-- This site is optimized with the Yoast SEO plugin v22.5 - https:\/\/yoast.com\/wordpress\/plugins\/seo\/ -->\n<title>Saint-Nabord : l&#039;association FSD recherche des encadrants pour sa section Marche nordique - Remiremont Info<\/title>\n<meta name=\"robots\" content=\"index, follow, max-snippet:-1, max-image-preview:large, max-video-preview:-1\" \/>\n<link rel=\"canonical\" href=\"https:\/\/vosgesinfo.fr\/remiremontinfo\/2023\/01\/saint-nabord-lassociation-fsd-recherche-encadrants-section-marche-nordique\/\" \/>\n<meta name=\"twitter:card\" content=\"summary_large_image\" \/>\n<meta name=\"twitter:title\" content=\"Saint-Nabord : l&#039;association FSD recherche des encadrants pour sa section Marche nordique - Remiremont Info\" \/>\n<meta name=\"twitter:description\" content=\"L&rsquo;association FSD (Falli\u00e8res-Sport-D\u00e9tente) recherche des encadrants pour sa section\u00a0Marche nordique\u00a0 et propose une formation du 11 au 15 avril.\u00a0 La [&hellip;]\" \/>\n<meta name=\"twitter:image\" content=\"https:\/\/vosgesinfo.fr\/app\/uploads\/sites\/5\/2024\/09\/202301326429111-968863714496955-812439263244474818-n.jpg\" \/>\n<meta name=\"twitter:creator\" content=\"@VosgesInfo88\" \/>\n<meta name=\"twitter:site\" content=\"@VosgesInfo88\" \/>\n<meta name=\"twitter:label1\" content=\"\u00c9crit par\" \/>\n\t<meta name=\"twitter:data1\" content=\"C D\" \/>\n\t<meta name=\"twitter:label2\" content=\"Dur\u00e9e de lecture estim\u00e9e\" \/>\n\t<meta name=\"twitter:data2\" content=\"1 minute\" \/>\n<script type=\"application\/ld+json\" class=\"yoast-schema-graph\">{\"@context\":\"https:\/\/schema.org\",\"@graph\":[{\"@type\":\"Article\",\"@id\":\"https:\/\/vosgesinfo.fr\/remiremontinfo\/2023\/01\/saint-nabord-lassociation-fsd-recherche-encadrants-section-marche-nordique\/#article\",\"isPartOf\":{\"@id\":\"https:\/\/vosgesinfo.fr\/remiremontinfo\/2023\/01\/saint-nabord-lassociation-fsd-recherche-encadrants-section-marche-nordique\/\"},\"author\":{\"name\":\"C D\",\"@id\":\"https:\/\/vosgesinfo.fr\/remiremontinfo\/#\/schema\/person\/3bfd164d5218a185b1db68655a265316\"},\"headline\":\"Saint-Nabord : l&rsquo;association FSD recherche des encadrants pour sa section Marche nordique\",\"datePublished\":\"2023-01-20T11:20:54+00:00\",\"dateModified\":\"2023-01-20T11:20:54+00:00\",\"mainEntityOfPage\":{\"@id\":\"https:\/\/vosgesinfo.fr\/remiremontinfo\/2023\/01\/saint-nabord-lassociation-fsd-recherche-encadrants-section-marche-nordique\/\"},\"wordCount\":284,\"commentCount\":0,\"publisher\":{\"@id\":\"https:\/\/vosgesinfo.fr\/remiremontinfo\/#organization\"},\"image\":{\"@id\":\"https:\/\/vosgesinfo.fr\/remiremontinfo\/2023\/01\/saint-nabord-lassociation-fsd-recherche-encadrants-section-marche-nordique\/#primaryimage\"},\"thumbnailUrl\":\"https:\/\/vosgesinfo.fr\/app\/uploads\/sites\/5\/2024\/09\/202301326429111-968863714496955-812439263244474818-n.jpg\",\"keywords\":[\"Marche Nordique\",\"saint-nabord\",\"Vosges\"],\"articleSection\":[\"A la Une\",\"Remiremont &amp; son canton\",\"Saint-Nabord\",\"Sport\"],\"inLanguage\":\"fr-FR\",\"potentialAction\":[{\"@type\":\"CommentAction\",\"name\":\"Comment\",\"target\":[\"https:\/\/vosgesinfo.fr\/remiremontinfo\/2023\/01\/saint-nabord-lassociation-fsd-recherche-encadrants-section-marche-nordique\/#respond\"]}]},{\"@type\":\"WebPage\",\"@id\":\"https:\/\/vosgesinfo.fr\/remiremontinfo\/2023\/01\/saint-nabord-lassociation-fsd-recherche-encadrants-section-marche-nordique\/\",\"url\":\"https:\/\/vosgesinfo.fr\/remiremontinfo\/2023\/01\/saint-nabord-lassociation-fsd-recherche-encadrants-section-marche-nordique\/\",\"name\":\"Saint-Nabord : l'association FSD recherche des encadrants pour sa section Marche nordique - Remiremont Info\",\"isPartOf\":{\"@id\":\"https:\/\/vosgesinfo.fr\/remiremontinfo\/#website\"},\"primaryImageOfPage\":{\"@id\":\"https:\/\/vosgesinfo.fr\/remiremontinfo\/2023\/01\/saint-nabord-lassociation-fsd-recherche-encadrants-section-marche-nordique\/#primaryimage\"},\"image\":{\"@id\":\"https:\/\/vosgesinfo.fr\/remiremontinfo\/2023\/01\/saint-nabord-lassociation-fsd-recherche-encadrants-section-marche-nordique\/#primaryimage\"},\"thumbnailUrl\":\"https:\/\/vosgesinfo.fr\/app\/uploads\/sites\/5\/2024\/09\/202301326429111-968863714496955-812439263244474818-n.jpg\",\"datePublished\":\"2023-01-20T11:20:54+00:00\",\"dateModified\":\"2023-01-20T11:20:54+00:00\",\"breadcrumb\":{\"@id\":\"https:\/\/vosgesinfo.fr\/remiremontinfo\/2023\/01\/saint-nabord-lassociation-fsd-recherche-encadrants-section-marche-nordique\/#breadcrumb\"},\"inLanguage\":\"fr-FR\",\"potentialAction\":[{\"@type\":\"ReadAction\",\"target\":[\"https:\/\/vosgesinfo.fr\/remiremontinfo\/2023\/01\/saint-nabord-lassociation-fsd-recherche-encadrants-section-marche-nordique\/\"]}]},{\"@type\":\"ImageObject\",\"inLanguage\":\"fr-FR\",\"@id\":\"https:\/\/vosgesinfo.fr\/remiremontinfo\/2023\/01\/saint-nabord-lassociation-fsd-recherche-encadrants-section-marche-nordique\/#primaryimage\",\"url\":\"https:\/\/vosgesinfo.fr\/app\/uploads\/sites\/5\/2024\/09\/202301326429111-968863714496955-812439263244474818-n.jpg\",\"contentUrl\":\"https:\/\/vosgesinfo.fr\/app\/uploads\/sites\/5\/2024\/09\/202301326429111-968863714496955-812439263244474818-n.jpg\",\"width\":2048,\"height\":1057},{\"@type\":\"BreadcrumbList\",\"@id\":\"https:\/\/vosgesinfo.fr\/remiremontinfo\/2023\/01\/saint-nabord-lassociation-fsd-recherche-encadrants-section-marche-nordique\/#breadcrumb\",\"itemListElement\":[{\"@type\":\"ListItem\",\"position\":1,\"name\":\"Home\",\"item\":\"https:\/\/vosgesinfo.fr\/remiremontinfo\/\"},{\"@type\":\"ListItem\",\"position\":2,\"name\":\"Saint-Nabord : l&rsquo;association FSD recherche des encadrants pour sa section Marche nordique\"}]},{\"@type\":\"WebSite\",\"@id\":\"https:\/\/vosgesinfo.fr\/remiremontinfo\/#website\",\"url\":\"https:\/\/vosgesinfo.fr\/remiremontinfo\/\",\"name\":\"Remiremont Info\",\"description\":\"Toute l&#039;actualit\u00e9 de Remiremont\",\"publisher\":{\"@id\":\"https:\/\/vosgesinfo.fr\/remiremontinfo\/#organization\"},\"alternateName\":\"Toute l'actualit\u00e9 de Remiremont\",\"potentialAction\":[{\"@type\":\"SearchAction\",\"target\":{\"@type\":\"EntryPoint\",\"urlTemplate\":\"https:\/\/vosgesinfo.fr\/remiremontinfo\/?s={search_term_string}\"},\"query-input\":\"required name=search_term_string\"}],\"inLanguage\":\"fr-FR\"},{\"@type\":\"Organization\",\"@id\":\"https:\/\/vosgesinfo.fr\/remiremontinfo\/#organization\",\"name\":\"Remiremont Info\",\"url\":\"https:\/\/vosgesinfo.fr\/remiremontinfo\/\",\"logo\":{\"@type\":\"ImageObject\",\"inLanguage\":\"fr-FR\",\"@id\":\"https:\/\/vosgesinfo.fr\/remiremontinfo\/#\/schema\/logo\/image\/\",\"url\":\"https:\/\/vosgesinfo.fr\/app\/uploads\/sites\/5\/2023\/08\/favicon-remiremontinfo.png\",\"contentUrl\":\"https:\/\/vosgesinfo.fr\/app\/uploads\/sites\/5\/2023\/08\/favicon-remiremontinfo.png\",\"width\":512,\"height\":512,\"caption\":\"Remiremont Info\"},\"image\":{\"@id\":\"https:\/\/vosgesinfo.fr\/remiremontinfo\/#\/schema\/logo\/image\/\"},\"sameAs\":[\"https:\/\/www.facebook.com\/remiremontinfo\",\"https:\/\/x.com\/VosgesInfo88\",\"https:\/\/www.youtube.com\/@vosgesinfo\"]},{\"@type\":\"Person\",\"@id\":\"https:\/\/vosgesinfo.fr\/remiremontinfo\/#\/schema\/person\/3bfd164d5218a185b1db68655a265316\",\"name\":\"C D\",\"image\":{\"@type\":\"ImageObject\",\"inLanguage\":\"fr-FR\",\"@id\":\"https:\/\/vosgesinfo.fr\/remiremontinfo\/#\/schema\/person\/image\/\",\"url\":\"https:\/\/secure.gravatar.com\/avatar\/1f9a70007336511a47468b8f1c66f922b8b7cf617b02a31149ada43893a5d48f?s=96&d=mm&r=g\",\"contentUrl\":\"https:\/\/secure.gravatar.com\/avatar\/1f9a70007336511a47468b8f1c66f922b8b7cf617b02a31149ada43893a5d48f?s=96&d=mm&r=g\",\"caption\":\"C D\"},\"url\":\"https:\/\/vosgesinfo.fr\/remiremontinfo\/author\/cedric-drevet\/\"}]}<\/script>\n<!-- \/ Yoast SEO plugin. -->","yoast_head_json":{"title":"Saint-Nabord : l'association FSD recherche des encadrants pour sa section Marche nordique - Remiremont Info","robots":{"index":"index","follow":"follow","max-snippet":"max-snippet:-1","max-image-preview":"max-image-preview:large","max-video-preview":"max-video-preview:-1"},"canonical":"https:\/\/vosgesinfo.fr\/remiremontinfo\/2023\/01\/saint-nabord-lassociation-fsd-recherche-encadrants-section-marche-nordique\/","twitter_card":"summary_large_image","twitter_title":"Saint-Nabord : l'association FSD recherche des encadrants pour sa section Marche nordique - Remiremont Info","twitter_description":"L&rsquo;association FSD (Falli\u00e8res-Sport-D\u00e9tente) recherche des encadrants pour sa section\u00a0Marche nordique\u00a0 et propose une formation du 11 au 15 avril.\u00a0 La [&hellip;]","twitter_image":"https:\/\/vosgesinfo.fr\/app\/uploads\/sites\/5\/2024\/09\/202301326429111-968863714496955-812439263244474818-n.jpg","twitter_creator":"@VosgesInfo88","twitter_site":"@VosgesInfo88","twitter_misc":{"\u00c9crit par":"C D","Dur\u00e9e de lecture estim\u00e9e":"1 minute"},"schema":{"@context":"https:\/\/schema.org","@graph":[{"@type":"Article","@id":"https:\/\/vosgesinfo.fr\/remiremontinfo\/2023\/01\/saint-nabord-lassociation-fsd-recherche-encadrants-section-marche-nordique\/#article","isPartOf":{"@id":"https:\/\/vosgesinfo.fr\/remiremontinfo\/2023\/01\/saint-nabord-lassociation-fsd-recherche-encadrants-section-marche-nordique\/"},"author":{"name":"C D","@id":"https:\/\/vosgesinfo.fr\/remiremontinfo\/#\/schema\/person\/3bfd164d5218a185b1db68655a265316"},"headline":"Saint-Nabord : l&rsquo;association FSD recherche des encadrants pour sa section Marche nordique","datePublished":"2023-01-20T11:20:54+00:00","dateModified":"2023-01-20T11:20:54+00:00","mainEntityOfPage":{"@id":"https:\/\/vosgesinfo.fr\/remiremontinfo\/2023\/01\/saint-nabord-lassociation-fsd-recherche-encadrants-section-marche-nordique\/"},"wordCount":284,"commentCount":0,"publisher":{"@id":"https:\/\/vosgesinfo.fr\/remiremontinfo\/#organization"},"image":{"@id":"https:\/\/vosgesinfo.fr\/remiremontinfo\/2023\/01\/saint-nabord-lassociation-fsd-recherche-encadrants-section-marche-nordique\/#primaryimage"},"thumbnailUrl":"https:\/\/vosgesinfo.fr\/app\/uploads\/sites\/5\/2024\/09\/202301326429111-968863714496955-812439263244474818-n.jpg","keywords":["Marche Nordique","saint-nabord","Vosges"],"articleSection":["A la Une","Remiremont &amp; son canton","Saint-Nabord","Sport"],"inLanguage":"fr-FR","potentialAction":[{"@type":"CommentAction","name":"Comment","target":["https:\/\/vosgesinfo.fr\/remiremontinfo\/2023\/01\/saint-nabord-lassociation-fsd-recherche-encadrants-section-marche-nordique\/#respond"]}]},{"@type":"WebPage","@id":"https:\/\/vosgesinfo.fr\/remiremontinfo\/2023\/01\/saint-nabord-lassociation-fsd-recherche-encadrants-section-marche-nordique\/","url":"https:\/\/vosgesinfo.fr\/remiremontinfo\/2023\/01\/saint-nabord-lassociation-fsd-recherche-encadrants-section-marche-nordique\/","name":"Saint-Nabord : l'association FSD recherche des encadrants pour sa section Marche nordique - Remiremont Info","isPartOf":{"@id":"https:\/\/vosgesinfo.fr\/remiremontinfo\/#website"},"primaryImageOfPage":{"@id":"https:\/\/vosgesinfo.fr\/remiremontinfo\/2023\/01\/saint-nabord-lassociation-fsd-recherche-encadrants-section-marche-nordique\/#primaryimage"},"image":{"@id":"https:\/\/vosgesinfo.fr\/remiremontinfo\/2023\/01\/saint-nabord-lassociation-fsd-recherche-encadrants-section-marche-nordique\/#primaryimage"},"thumbnailUrl":"https:\/\/vosgesinfo.fr\/app\/uploads\/sites\/5\/2024\/09\/202301326429111-968863714496955-812439263244474818-n.jpg","datePublished":"2023-01-20T11:20:54+00:00","dateModified":"2023-01-20T11:20:54+00:00","breadcrumb":{"@id":"https:\/\/vosgesinfo.fr\/remiremontinfo\/2023\/01\/saint-nabord-lassociation-fsd-recherche-encadrants-section-marche-nordique\/#breadcrumb"},"inLanguage":"fr-FR","potentialAction":[{"@type":"ReadAction","target":["https:\/\/vosgesinfo.fr\/remiremontinfo\/2023\/01\/saint-nabord-lassociation-fsd-recherche-encadrants-section-marche-nordique\/"]}]},{"@type":"ImageObject","inLanguage":"fr-FR","@id":"https:\/\/vosgesinfo.fr\/remiremontinfo\/2023\/01\/saint-nabord-lassociation-fsd-recherche-encadrants-section-marche-nordique\/#primaryimage","url":"https:\/\/vosgesinfo.fr\/app\/uploads\/sites\/5\/2024\/09\/202301326429111-968863714496955-812439263244474818-n.jpg","contentUrl":"https:\/\/vosgesinfo.fr\/app\/uploads\/sites\/5\/2024\/09\/202301326429111-968863714496955-812439263244474818-n.jpg","width":2048,"height":1057},{"@type":"BreadcrumbList","@id":"https:\/\/vosgesinfo.fr\/remiremontinfo\/2023\/01\/saint-nabord-lassociation-fsd-recherche-encadrants-section-marche-nordique\/#breadcrumb","itemListElement":[{"@type":"ListItem","position":1,"name":"Home","item":"https:\/\/vosgesinfo.fr\/remiremontinfo\/"},{"@type":"ListItem","position":2,"name":"Saint-Nabord : l&rsquo;association FSD recherche des encadrants pour sa section Marche nordique"}]},{"@type":"WebSite","@id":"https:\/\/vosgesinfo.fr\/remiremontinfo\/#website","url":"https:\/\/vosgesinfo.fr\/remiremontinfo\/","name":"Remiremont Info","description":"Toute l&#039;actualit\u00e9 de Remiremont","publisher":{"@id":"https:\/\/vosgesinfo.fr\/remiremontinfo\/#organization"},"alternateName":"Toute l'actualit\u00e9 de Remiremont","potentialAction":[{"@type":"SearchAction","target":{"@type":"EntryPoint","urlTemplate":"https:\/\/vosgesinfo.fr\/remiremontinfo\/?s={search_term_string}"},"query-input":"required name=search_term_string"}],"inLanguage":"fr-FR"},{"@type":"Organization","@id":"https:\/\/vosgesinfo.fr\/remiremontinfo\/#organization","name":"Remiremont Info","url":"https:\/\/vosgesinfo.fr\/remiremontinfo\/","logo":{"@type":"ImageObject","inLanguage":"fr-FR","@id":"https:\/\/vosgesinfo.fr\/remiremontinfo\/#\/schema\/logo\/image\/","url":"https:\/\/vosgesinfo.fr\/app\/uploads\/sites\/5\/2023\/08\/favicon-remiremontinfo.png","contentUrl":"https:\/\/vosgesinfo.fr\/app\/uploads\/sites\/5\/2023\/08\/favicon-remiremontinfo.png","width":512,"height":512,"caption":"Remiremont Info"},"image":{"@id":"https:\/\/vosgesinfo.fr\/remiremontinfo\/#\/schema\/logo\/image\/"},"sameAs":["https:\/\/www.facebook.com\/remiremontinfo","https:\/\/x.com\/VosgesInfo88","https:\/\/www.youtube.com\/@vosgesinfo"]},{"@type":"Person","@id":"https:\/\/vosgesinfo.fr\/remiremontinfo\/#\/schema\/person\/3bfd164d5218a185b1db68655a265316","name":"C D","image":{"@type":"ImageObject","inLanguage":"fr-FR","@id":"https:\/\/vosgesinfo.fr\/remiremontinfo\/#\/schema\/person\/image\/","url":"https:\/\/secure.gravatar.com\/avatar\/1f9a70007336511a47468b8f1c66f922b8b7cf617b02a31149ada43893a5d48f?s=96&d=mm&r=g","contentUrl":"https:\/\/secure.gravatar.com\/avatar\/1f9a70007336511a47468b8f1c66f922b8b7cf617b02a31149ada43893a5d48f?s=96&d=mm&r=g","caption":"C D"},"url":"https:\/\/vosgesinfo.fr\/remiremontinfo\/author\/cedric-drevet\/"}]}},"_links":{"self":[{"href":"https:\/\/vosgesinfo.fr\/remiremontinfo\/wp-json\/wp\/v2\/posts\/66962","targetHints":{"allow":["GET"]}}],"collection":[{"href":"https:\/\/vosgesinfo.fr\/remiremontinfo\/wp-json\/wp\/v2\/posts"}],"about":[{"href":"https:\/\/vosgesinfo.fr\/remiremontinfo\/wp-json\/wp\/v2\/types\/post"}],"author":[{"embeddable":true,"href":"https:\/\/vosgesinfo.fr\/remiremontinfo\/wp-json\/wp\/v2\/users\/407"}],"replies":[{"embeddable":true,"href":"https:\/\/vosgesinfo.fr\/remiremontinfo\/wp-json\/wp\/v2\/comments?post=66962"}],"version-history":[{"count":0,"href":"https:\/\/vosgesinfo.fr\/remiremontinfo\/wp-json\/wp\/v2\/posts\/66962\/revisions"}],"wp:featuredmedia":[{"embeddable":true,"href":"https:\/\/vosgesinfo.fr\/remiremontinfo\/wp-json\/wp\/v2\/media\/66963"}],"wp:attachment":[{"href":"https:\/\/vosgesinfo.fr\/remiremontinfo\/wp-json\/wp\/v2\/media?parent=66962"}],"wp:term":[{"taxonomy":"category","embeddable":true,"href":"https:\/\/vosgesinfo.fr\/remiremontinfo\/wp-json\/wp\/v2\/categories?post=66962"},{"taxonomy":"post_tag","embeddable":true,"href":"https:\/\/vosgesinfo.fr\/remiremontinfo\/wp-json\/wp\/v2\/tags?post=66962"}],"curies":[{"name":"wp","href":"https:\/\/api.w.org\/{rel}","templated":true}]}}