{"id":66968,"date":"2023-01-20T12:33:31","date_gmt":"2023-01-20T11:33:31","guid":{"rendered":"https:\/\/vosgesinfo.fr\/remiremontinfo\/2023\/01\/video-suicide-de-lucas-ministre-de-leducation-nationale-bord-larmes-senat\/"},"modified":"2023-01-20T12:33:31","modified_gmt":"2023-01-20T11:33:31","slug":"video-suicide-de-lucas-ministre-de-leducation-nationale-bord-larmes-senat","status":"publish","type":"post","link":"https:\/\/vosgesinfo.fr\/remiremontinfo\/2023\/01\/video-suicide-de-lucas-ministre-de-leducation-nationale-bord-larmes-senat\/","title":{"rendered":"VID\u00c9O \u2013 Suicide de Lucas : le ministre de l\u2019\u00c9ducation nationale au bord des larmes au S\u00e9nat"},"content":{"rendered":"<h2 class=\"article-chapo\">Interpell\u00e9 ce mercredi dans l\u2019h\u00e9micycle par la s\u00e9natrice \u00e9cologiste M\u00e9lanie Vogel au sujet du suicide du jeune Lucas, le ministre de l\u2019\u00c9ducation Pap Ndiaye a fait part de son \u00e9motion, au bord des larmes.<\/h2>\n<p>Le ministre de l\u2019\u00c9ducation nationale, \u00e9mu aux larmes a r\u00e9agi mercredi suite aux propos d\u2019une s\u00e9natrice \u00e9cologiste sur l\u2019homophobie et l\u2019intol\u00e9rance. Il a alors \u00e9voqu\u00e9 le suicide de Lucas, un coll\u00e9gien de 13 ans qui s\u2019est donn\u00e9 la mort apr\u00e8s avoir subi le harc\u00e8lement homophobe de ses camarades. Il \u00e9tait scolaris\u00e9 au coll\u00e8ge Louis Armand de Golbey. \u00ab\u00a0<span class=\"css-901oao css-16my406 r-poiln3 r-bcqeeo r-qvutc0\">Un \u00e9l\u00e8ve sur dix est victime de harc\u00e8lement au cours de sa scolarit\u00e9, avec parfois des cons\u00e9quences catastrophiques\u00a0\u00bb, indique le ministre.<\/span><\/p>\n","protected":false},"excerpt":{"rendered":"<p>Interpell\u00e9 ce mercredi dans l\u2019h\u00e9micycle par la s\u00e9natrice \u00e9cologiste M\u00e9lanie Vogel au sujet du suicide du jeune Lucas, le ministre [&hellip;]<\/p>\n","protected":false},"author":407,"featured_media":66969,"comment_status":"open","ping_status":"open","sticky":false,"template":"","format":"standard","meta":{"footnotes":""},"categories":[26,10,18],"tags":[1107,2614,32],"class_list":["post-66968","post","type-post","status-publish","format-standard","has-post-thumbnail","hentry","category-a-la-une","category-politique","category-vosges","tag-lucas","tag-senat","tag-vosges"],"acf":[],"yoast_head":"<!-- This site is optimized with the Yoast SEO plugin v22.5 - https:\/\/yoast.com\/wordpress\/plugins\/seo\/ -->\n<title>VID\u00c9O \u2013 Suicide de Lucas : le ministre de l\u2019\u00c9ducation nationale au bord des larmes au S\u00e9nat - Remiremont Info<\/title>\n<meta name=\"robots\" content=\"index, follow, max-snippet:-1, max-image-preview:large, max-video-preview:-1\" \/>\n<link rel=\"canonical\" href=\"https:\/\/vosgesinfo.fr\/remiremontinfo\/2023\/01\/video-suicide-de-lucas-ministre-de-leducation-nationale-bord-larmes-senat\/\" \/>\n<meta name=\"twitter:card\" content=\"summary_large_image\" \/>\n<meta name=\"twitter:title\" content=\"VID\u00c9O \u2013 Suicide de Lucas : le ministre de l\u2019\u00c9ducation nationale au bord des larmes au S\u00e9nat - Remiremont Info\" \/>\n<meta name=\"twitter:description\" content=\"Interpell\u00e9 ce mercredi dans l\u2019h\u00e9micycle par la s\u00e9natrice \u00e9cologiste M\u00e9lanie Vogel au sujet du suicide du jeune Lucas, le ministre [&hellip;]\" \/>\n<meta name=\"twitter:image\" content=\"https:\/\/vosgesinfo.fr\/app\/uploads\/sites\/5\/2024\/09\/202301college-louis-armand-golbey-800x282-1.jpg\" \/>\n<meta name=\"twitter:creator\" content=\"@VosgesInfo88\" \/>\n<meta name=\"twitter:site\" content=\"@VosgesInfo88\" \/>\n<meta name=\"twitter:label1\" content=\"\u00c9crit par\" \/>\n\t<meta name=\"twitter:data1\" content=\"C D\" \/>\n\t<meta name=\"twitter:label2\" content=\"Dur\u00e9e de lecture estim\u00e9e\" \/>\n\t<meta name=\"twitter:data2\" content=\"1 minute\" \/>\n<script type=\"application\/ld+json\" class=\"yoast-schema-graph\">{\"@context\":\"https:\/\/schema.org\",\"@graph\":[{\"@type\":\"Article\",\"@id\":\"https:\/\/vosgesinfo.fr\/remiremontinfo\/2023\/01\/video-suicide-de-lucas-ministre-de-leducation-nationale-bord-larmes-senat\/#article\",\"isPartOf\":{\"@id\":\"https:\/\/vosgesinfo.fr\/remiremontinfo\/2023\/01\/video-suicide-de-lucas-ministre-de-leducation-nationale-bord-larmes-senat\/\"},\"author\":{\"name\":\"C D\",\"@id\":\"https:\/\/vosgesinfo.fr\/remiremontinfo\/#\/schema\/person\/3bfd164d5218a185b1db68655a265316\"},\"headline\":\"VID\u00c9O \u2013 Suicide de Lucas : le ministre de l\u2019\u00c9ducation nationale au bord des larmes au S\u00e9nat\",\"datePublished\":\"2023-01-20T11:33:31+00:00\",\"dateModified\":\"2023-01-20T11:33:31+00:00\",\"mainEntityOfPage\":{\"@id\":\"https:\/\/vosgesinfo.fr\/remiremontinfo\/2023\/01\/video-suicide-de-lucas-ministre-de-leducation-nationale-bord-larmes-senat\/\"},\"wordCount\":149,\"commentCount\":0,\"publisher\":{\"@id\":\"https:\/\/vosgesinfo.fr\/remiremontinfo\/#organization\"},\"image\":{\"@id\":\"https:\/\/vosgesinfo.fr\/remiremontinfo\/2023\/01\/video-suicide-de-lucas-ministre-de-leducation-nationale-bord-larmes-senat\/#primaryimage\"},\"thumbnailUrl\":\"https:\/\/vosgesinfo.fr\/app\/uploads\/sites\/5\/2024\/09\/202301college-louis-armand-golbey-800x282-1.jpg\",\"keywords\":[\"Lucas\",\"S\u00e9nat\",\"Vosges\"],\"articleSection\":[\"A la Une\",\"Politique\",\"Vosges\"],\"inLanguage\":\"fr-FR\",\"potentialAction\":[{\"@type\":\"CommentAction\",\"name\":\"Comment\",\"target\":[\"https:\/\/vosgesinfo.fr\/remiremontinfo\/2023\/01\/video-suicide-de-lucas-ministre-de-leducation-nationale-bord-larmes-senat\/#respond\"]}]},{\"@type\":\"WebPage\",\"@id\":\"https:\/\/vosgesinfo.fr\/remiremontinfo\/2023\/01\/video-suicide-de-lucas-ministre-de-leducation-nationale-bord-larmes-senat\/\",\"url\":\"https:\/\/vosgesinfo.fr\/remiremontinfo\/2023\/01\/video-suicide-de-lucas-ministre-de-leducation-nationale-bord-larmes-senat\/\",\"name\":\"VID\u00c9O \u2013 Suicide de Lucas : le ministre de l\u2019\u00c9ducation nationale au bord des larmes au S\u00e9nat - Remiremont Info\",\"isPartOf\":{\"@id\":\"https:\/\/vosgesinfo.fr\/remiremontinfo\/#website\"},\"primaryImageOfPage\":{\"@id\":\"https:\/\/vosgesinfo.fr\/remiremontinfo\/2023\/01\/video-suicide-de-lucas-ministre-de-leducation-nationale-bord-larmes-senat\/#primaryimage\"},\"image\":{\"@id\":\"https:\/\/vosgesinfo.fr\/remiremontinfo\/2023\/01\/video-suicide-de-lucas-ministre-de-leducation-nationale-bord-larmes-senat\/#primaryimage\"},\"thumbnailUrl\":\"https:\/\/vosgesinfo.fr\/app\/uploads\/sites\/5\/2024\/09\/202301college-louis-armand-golbey-800x282-1.jpg\",\"datePublished\":\"2023-01-20T11:33:31+00:00\",\"dateModified\":\"2023-01-20T11:33:31+00:00\",\"breadcrumb\":{\"@id\":\"https:\/\/vosgesinfo.fr\/remiremontinfo\/2023\/01\/video-suicide-de-lucas-ministre-de-leducation-nationale-bord-larmes-senat\/#breadcrumb\"},\"inLanguage\":\"fr-FR\",\"potentialAction\":[{\"@type\":\"ReadAction\",\"target\":[\"https:\/\/vosgesinfo.fr\/remiremontinfo\/2023\/01\/video-suicide-de-lucas-ministre-de-leducation-nationale-bord-larmes-senat\/\"]}]},{\"@type\":\"ImageObject\",\"inLanguage\":\"fr-FR\",\"@id\":\"https:\/\/vosgesinfo.fr\/remiremontinfo\/2023\/01\/video-suicide-de-lucas-ministre-de-leducation-nationale-bord-larmes-senat\/#primaryimage\",\"url\":\"https:\/\/vosgesinfo.fr\/app\/uploads\/sites\/5\/2024\/09\/202301college-louis-armand-golbey-800x282-1.jpg\",\"contentUrl\":\"https:\/\/vosgesinfo.fr\/app\/uploads\/sites\/5\/2024\/09\/202301college-louis-armand-golbey-800x282-1.jpg\",\"width\":800,\"height\":282},{\"@type\":\"BreadcrumbList\",\"@id\":\"https:\/\/vosgesinfo.fr\/remiremontinfo\/2023\/01\/video-suicide-de-lucas-ministre-de-leducation-nationale-bord-larmes-senat\/#breadcrumb\",\"itemListElement\":[{\"@type\":\"ListItem\",\"position\":1,\"name\":\"Home\",\"item\":\"https:\/\/vosgesinfo.fr\/remiremontinfo\/\"},{\"@type\":\"ListItem\",\"position\":2,\"name\":\"VID\u00c9O \u2013 Suicide de Lucas : le ministre de l\u2019\u00c9ducation nationale au bord des larmes au S\u00e9nat\"}]},{\"@type\":\"WebSite\",\"@id\":\"https:\/\/vosgesinfo.fr\/remiremontinfo\/#website\",\"url\":\"https:\/\/vosgesinfo.fr\/remiremontinfo\/\",\"name\":\"Remiremont Info\",\"description\":\"Toute l&#039;actualit\u00e9 de Remiremont\",\"publisher\":{\"@id\":\"https:\/\/vosgesinfo.fr\/remiremontinfo\/#organization\"},\"alternateName\":\"Toute l'actualit\u00e9 de Remiremont\",\"potentialAction\":[{\"@type\":\"SearchAction\",\"target\":{\"@type\":\"EntryPoint\",\"urlTemplate\":\"https:\/\/vosgesinfo.fr\/remiremontinfo\/?s={search_term_string}\"},\"query-input\":\"required name=search_term_string\"}],\"inLanguage\":\"fr-FR\"},{\"@type\":\"Organization\",\"@id\":\"https:\/\/vosgesinfo.fr\/remiremontinfo\/#organization\",\"name\":\"Remiremont Info\",\"url\":\"https:\/\/vosgesinfo.fr\/remiremontinfo\/\",\"logo\":{\"@type\":\"ImageObject\",\"inLanguage\":\"fr-FR\",\"@id\":\"https:\/\/vosgesinfo.fr\/remiremontinfo\/#\/schema\/logo\/image\/\",\"url\":\"https:\/\/vosgesinfo.fr\/app\/uploads\/sites\/5\/2023\/08\/favicon-remiremontinfo.png\",\"contentUrl\":\"https:\/\/vosgesinfo.fr\/app\/uploads\/sites\/5\/2023\/08\/favicon-remiremontinfo.png\",\"width\":512,\"height\":512,\"caption\":\"Remiremont Info\"},\"image\":{\"@id\":\"https:\/\/vosgesinfo.fr\/remiremontinfo\/#\/schema\/logo\/image\/\"},\"sameAs\":[\"https:\/\/www.facebook.com\/remiremontinfo\",\"https:\/\/x.com\/VosgesInfo88\",\"https:\/\/www.youtube.com\/@vosgesinfo\"]},{\"@type\":\"Person\",\"@id\":\"https:\/\/vosgesinfo.fr\/remiremontinfo\/#\/schema\/person\/3bfd164d5218a185b1db68655a265316\",\"name\":\"C D\",\"image\":{\"@type\":\"ImageObject\",\"inLanguage\":\"fr-FR\",\"@id\":\"https:\/\/vosgesinfo.fr\/remiremontinfo\/#\/schema\/person\/image\/\",\"url\":\"https:\/\/secure.gravatar.com\/avatar\/1f9a70007336511a47468b8f1c66f922b8b7cf617b02a31149ada43893a5d48f?s=96&d=mm&r=g\",\"contentUrl\":\"https:\/\/secure.gravatar.com\/avatar\/1f9a70007336511a47468b8f1c66f922b8b7cf617b02a31149ada43893a5d48f?s=96&d=mm&r=g\",\"caption\":\"C D\"},\"url\":\"https:\/\/vosgesinfo.fr\/remiremontinfo\/author\/cedric-drevet\/\"}]}<\/script>\n<!-- \/ Yoast SEO plugin. -->","yoast_head_json":{"title":"VID\u00c9O \u2013 Suicide de Lucas : le ministre de l\u2019\u00c9ducation nationale au bord des larmes au S\u00e9nat - Remiremont Info","robots":{"index":"index","follow":"follow","max-snippet":"max-snippet:-1","max-image-preview":"max-image-preview:large","max-video-preview":"max-video-preview:-1"},"canonical":"https:\/\/vosgesinfo.fr\/remiremontinfo\/2023\/01\/video-suicide-de-lucas-ministre-de-leducation-nationale-bord-larmes-senat\/","twitter_card":"summary_large_image","twitter_title":"VID\u00c9O \u2013 Suicide de Lucas : le ministre de l\u2019\u00c9ducation nationale au bord des larmes au S\u00e9nat - Remiremont Info","twitter_description":"Interpell\u00e9 ce mercredi dans l\u2019h\u00e9micycle par la s\u00e9natrice \u00e9cologiste M\u00e9lanie Vogel au sujet du suicide du jeune Lucas, le ministre [&hellip;]","twitter_image":"https:\/\/vosgesinfo.fr\/app\/uploads\/sites\/5\/2024\/09\/202301college-louis-armand-golbey-800x282-1.jpg","twitter_creator":"@VosgesInfo88","twitter_site":"@VosgesInfo88","twitter_misc":{"\u00c9crit par":"C D","Dur\u00e9e de lecture estim\u00e9e":"1 minute"},"schema":{"@context":"https:\/\/schema.org","@graph":[{"@type":"Article","@id":"https:\/\/vosgesinfo.fr\/remiremontinfo\/2023\/01\/video-suicide-de-lucas-ministre-de-leducation-nationale-bord-larmes-senat\/#article","isPartOf":{"@id":"https:\/\/vosgesinfo.fr\/remiremontinfo\/2023\/01\/video-suicide-de-lucas-ministre-de-leducation-nationale-bord-larmes-senat\/"},"author":{"name":"C D","@id":"https:\/\/vosgesinfo.fr\/remiremontinfo\/#\/schema\/person\/3bfd164d5218a185b1db68655a265316"},"headline":"VID\u00c9O \u2013 Suicide de Lucas : le ministre de l\u2019\u00c9ducation nationale au bord des larmes au S\u00e9nat","datePublished":"2023-01-20T11:33:31+00:00","dateModified":"2023-01-20T11:33:31+00:00","mainEntityOfPage":{"@id":"https:\/\/vosgesinfo.fr\/remiremontinfo\/2023\/01\/video-suicide-de-lucas-ministre-de-leducation-nationale-bord-larmes-senat\/"},"wordCount":149,"commentCount":0,"publisher":{"@id":"https:\/\/vosgesinfo.fr\/remiremontinfo\/#organization"},"image":{"@id":"https:\/\/vosgesinfo.fr\/remiremontinfo\/2023\/01\/video-suicide-de-lucas-ministre-de-leducation-nationale-bord-larmes-senat\/#primaryimage"},"thumbnailUrl":"https:\/\/vosgesinfo.fr\/app\/uploads\/sites\/5\/2024\/09\/202301college-louis-armand-golbey-800x282-1.jpg","keywords":["Lucas","S\u00e9nat","Vosges"],"articleSection":["A la Une","Politique","Vosges"],"inLanguage":"fr-FR","potentialAction":[{"@type":"CommentAction","name":"Comment","target":["https:\/\/vosgesinfo.fr\/remiremontinfo\/2023\/01\/video-suicide-de-lucas-ministre-de-leducation-nationale-bord-larmes-senat\/#respond"]}]},{"@type":"WebPage","@id":"https:\/\/vosgesinfo.fr\/remiremontinfo\/2023\/01\/video-suicide-de-lucas-ministre-de-leducation-nationale-bord-larmes-senat\/","url":"https:\/\/vosgesinfo.fr\/remiremontinfo\/2023\/01\/video-suicide-de-lucas-ministre-de-leducation-nationale-bord-larmes-senat\/","name":"VID\u00c9O \u2013 Suicide de Lucas : le ministre de l\u2019\u00c9ducation nationale au bord des larmes au S\u00e9nat - Remiremont Info","isPartOf":{"@id":"https:\/\/vosgesinfo.fr\/remiremontinfo\/#website"},"primaryImageOfPage":{"@id":"https:\/\/vosgesinfo.fr\/remiremontinfo\/2023\/01\/video-suicide-de-lucas-ministre-de-leducation-nationale-bord-larmes-senat\/#primaryimage"},"image":{"@id":"https:\/\/vosgesinfo.fr\/remiremontinfo\/2023\/01\/video-suicide-de-lucas-ministre-de-leducation-nationale-bord-larmes-senat\/#primaryimage"},"thumbnailUrl":"https:\/\/vosgesinfo.fr\/app\/uploads\/sites\/5\/2024\/09\/202301college-louis-armand-golbey-800x282-1.jpg","datePublished":"2023-01-20T11:33:31+00:00","dateModified":"2023-01-20T11:33:31+00:00","breadcrumb":{"@id":"https:\/\/vosgesinfo.fr\/remiremontinfo\/2023\/01\/video-suicide-de-lucas-ministre-de-leducation-nationale-bord-larmes-senat\/#breadcrumb"},"inLanguage":"fr-FR","potentialAction":[{"@type":"ReadAction","target":["https:\/\/vosgesinfo.fr\/remiremontinfo\/2023\/01\/video-suicide-de-lucas-ministre-de-leducation-nationale-bord-larmes-senat\/"]}]},{"@type":"ImageObject","inLanguage":"fr-FR","@id":"https:\/\/vosgesinfo.fr\/remiremontinfo\/2023\/01\/video-suicide-de-lucas-ministre-de-leducation-nationale-bord-larmes-senat\/#primaryimage","url":"https:\/\/vosgesinfo.fr\/app\/uploads\/sites\/5\/2024\/09\/202301college-louis-armand-golbey-800x282-1.jpg","contentUrl":"https:\/\/vosgesinfo.fr\/app\/uploads\/sites\/5\/2024\/09\/202301college-louis-armand-golbey-800x282-1.jpg","width":800,"height":282},{"@type":"BreadcrumbList","@id":"https:\/\/vosgesinfo.fr\/remiremontinfo\/2023\/01\/video-suicide-de-lucas-ministre-de-leducation-nationale-bord-larmes-senat\/#breadcrumb","itemListElement":[{"@type":"ListItem","position":1,"name":"Home","item":"https:\/\/vosgesinfo.fr\/remiremontinfo\/"},{"@type":"ListItem","position":2,"name":"VID\u00c9O \u2013 Suicide de Lucas : le ministre de l\u2019\u00c9ducation nationale au bord des larmes au S\u00e9nat"}]},{"@type":"WebSite","@id":"https:\/\/vosgesinfo.fr\/remiremontinfo\/#website","url":"https:\/\/vosgesinfo.fr\/remiremontinfo\/","name":"Remiremont Info","description":"Toute l&#039;actualit\u00e9 de Remiremont","publisher":{"@id":"https:\/\/vosgesinfo.fr\/remiremontinfo\/#organization"},"alternateName":"Toute l'actualit\u00e9 de Remiremont","potentialAction":[{"@type":"SearchAction","target":{"@type":"EntryPoint","urlTemplate":"https:\/\/vosgesinfo.fr\/remiremontinfo\/?s={search_term_string}"},"query-input":"required name=search_term_string"}],"inLanguage":"fr-FR"},{"@type":"Organization","@id":"https:\/\/vosgesinfo.fr\/remiremontinfo\/#organization","name":"Remiremont Info","url":"https:\/\/vosgesinfo.fr\/remiremontinfo\/","logo":{"@type":"ImageObject","inLanguage":"fr-FR","@id":"https:\/\/vosgesinfo.fr\/remiremontinfo\/#\/schema\/logo\/image\/","url":"https:\/\/vosgesinfo.fr\/app\/uploads\/sites\/5\/2023\/08\/favicon-remiremontinfo.png","contentUrl":"https:\/\/vosgesinfo.fr\/app\/uploads\/sites\/5\/2023\/08\/favicon-remiremontinfo.png","width":512,"height":512,"caption":"Remiremont Info"},"image":{"@id":"https:\/\/vosgesinfo.fr\/remiremontinfo\/#\/schema\/logo\/image\/"},"sameAs":["https:\/\/www.facebook.com\/remiremontinfo","https:\/\/x.com\/VosgesInfo88","https:\/\/www.youtube.com\/@vosgesinfo"]},{"@type":"Person","@id":"https:\/\/vosgesinfo.fr\/remiremontinfo\/#\/schema\/person\/3bfd164d5218a185b1db68655a265316","name":"C D","image":{"@type":"ImageObject","inLanguage":"fr-FR","@id":"https:\/\/vosgesinfo.fr\/remiremontinfo\/#\/schema\/person\/image\/","url":"https:\/\/secure.gravatar.com\/avatar\/1f9a70007336511a47468b8f1c66f922b8b7cf617b02a31149ada43893a5d48f?s=96&d=mm&r=g","contentUrl":"https:\/\/secure.gravatar.com\/avatar\/1f9a70007336511a47468b8f1c66f922b8b7cf617b02a31149ada43893a5d48f?s=96&d=mm&r=g","caption":"C D"},"url":"https:\/\/vosgesinfo.fr\/remiremontinfo\/author\/cedric-drevet\/"}]}},"_links":{"self":[{"href":"https:\/\/vosgesinfo.fr\/remiremontinfo\/wp-json\/wp\/v2\/posts\/66968","targetHints":{"allow":["GET"]}}],"collection":[{"href":"https:\/\/vosgesinfo.fr\/remiremontinfo\/wp-json\/wp\/v2\/posts"}],"about":[{"href":"https:\/\/vosgesinfo.fr\/remiremontinfo\/wp-json\/wp\/v2\/types\/post"}],"author":[{"embeddable":true,"href":"https:\/\/vosgesinfo.fr\/remiremontinfo\/wp-json\/wp\/v2\/users\/407"}],"replies":[{"embeddable":true,"href":"https:\/\/vosgesinfo.fr\/remiremontinfo\/wp-json\/wp\/v2\/comments?post=66968"}],"version-history":[{"count":0,"href":"https:\/\/vosgesinfo.fr\/remiremontinfo\/wp-json\/wp\/v2\/posts\/66968\/revisions"}],"wp:featuredmedia":[{"embeddable":true,"href":"https:\/\/vosgesinfo.fr\/remiremontinfo\/wp-json\/wp\/v2\/media\/66969"}],"wp:attachment":[{"href":"https:\/\/vosgesinfo.fr\/remiremontinfo\/wp-json\/wp\/v2\/media?parent=66968"}],"wp:term":[{"taxonomy":"category","embeddable":true,"href":"https:\/\/vosgesinfo.fr\/remiremontinfo\/wp-json\/wp\/v2\/categories?post=66968"},{"taxonomy":"post_tag","embeddable":true,"href":"https:\/\/vosgesinfo.fr\/remiremontinfo\/wp-json\/wp\/v2\/tags?post=66968"}],"curies":[{"name":"wp","href":"https:\/\/api.w.org\/{rel}","templated":true}]}}