{"id":66971,"date":"2023-01-20T10:07:58","date_gmt":"2023-01-20T09:07:58","guid":{"rendered":"https:\/\/vosgesinfo.fr\/remiremontinfo\/2023\/01\/dry-january-gens-ne-se-rendent-toujours-compte-de-consommation-dalcool\/"},"modified":"2023-01-20T10:07:58","modified_gmt":"2023-01-20T09:07:58","slug":"dry-january-gens-ne-se-rendent-toujours-compte-de-consommation-dalcool","status":"publish","type":"post","link":"https:\/\/vosgesinfo.fr\/remiremontinfo\/2023\/01\/dry-january-gens-ne-se-rendent-toujours-compte-de-consommation-dalcool\/","title":{"rendered":"Dry January : \u00ab Les gens ne se rendent pas toujours compte de leur consommation d\u2019alcool \u00bb"},"content":{"rendered":"<h2><strong>Le Dry January \u2013 litt\u00e9ralement \u00ab\u00a0janvier sec\u00a0\u00bb \u2013 est une campagne de sant\u00e9 publique qui incite \u00e0 ne pas consommer durant au moins un mois dans l\u2019ann\u00e9e. Comme son nom l\u2019indique, il s\u2019agit du mois de janvier. L\u2019occasion de faire une pause apr\u00e8s les f\u00eates de fin d\u2019ann\u00e9e, mais aussi pour certains de r\u00e9fl\u00e9chir \u00e0 leur relation avec l\u2019alcool. L\u2019occasion \u00e9galement de faire le point avec le Docteur Jean-Marie Heid, responsable du service d\u2019addictologie du Centre Hospitalier de Saint-Di\u00e9-des-Vosges.<\/strong><\/h2>\n<p>\u00ab\u00a0Selon moi le Dry January ne change pas grand chose. Si vous buvez mod\u00e9r\u00e9ment il n\u2019y a pas vraiment de souci, donc arr\u00eater de boire un mois ne changera pas grand chose. Ce qui est toxique, c\u2019est la surconsommation. Soit au-del\u00e0 de 2 verres d\u2019alcool par jour, et pas tous les jours. Si on boit plus que cela, on se trouve dans une consommation \u00e0 risque, et l\u00e0 aussi arr\u00eater seulement un mois ne changera pas grand chose. Mais bien entendu, toute action qui rappelle que l\u2019alcool peut \u00eatre dangereux et qui invite \u00e0 moins boire est la bienvenue. Donc pourquoi pas le Dry January, mais pas que le mois de janvier.\u00a0\u00bb<\/p>\n<p>Le Docteur Heid explique que les bienfaits de l\u2019arr\u00eat de l\u2019alcool mettent plus longtemps \u00e0 se manifester que, par exemple, lors de l\u2019arr\u00eat du tabac. \u00ab\u00a0Quand on arr\u00eate de fumer, on respire tout de suite mieux. Avec l\u2019alcool c\u2019est diff\u00e9rent. On ne se sent pas forc\u00e9ment bien \u00e0 court terme, il peut y avoir des angoisses qui remontent. Et pour les personnes qui ont une d\u00e9pendance physique \u00e0 l\u2019alcool, un arr\u00eat brusque est dangereux pour leur sant\u00e9 car elles peuvent faire un delirium tremens ou un crise d\u2019\u00e9pilepsie. A moyen terme par contre, les bienfaits de l\u2019arr\u00eat de l\u2019alcool se manifestent au niveau de la sant\u00e9, physique comme psychologique. On a tendance \u00e0 vite maigrir, car l\u2019alcool est tr\u00e8s calorique, on a une sensation de libert\u00e9 et on g\u00e8re beaucoup mieux la vie familiale comme la vie professionnelle. Car une consommation excessive d\u2019alcool entra\u00eene de nombreux probl\u00e8mes, comme la perte du permis de conduire par exemple. Ce qui isole encore plus les personnes d\u00e9pendantes. Et sur le long terme, arr\u00eater de boire de l\u2019alcool peut \u00e9viter de d\u00e9velopper une cirrhose du foie, un cancer, une h\u00e9patite, une pancr\u00e9atite, une polyn\u00e9vrite des membres inf\u00e9rieurs\u2026 sachant que souvent l\u2019alcool est coupl\u00e9 au tabac ou \u00e0 d\u2019autres produits.\u00a0\u00bb<\/p>\n<p>Pour savoir si on a un probl\u00e8me avec l\u2019alcool, le Docteur Heid donne une m\u00e9thode simple\u00a0: \u00ab\u00a0si on boit seul, si on boit m\u00eame si on n\u2019aime pas ce qu\u2019on boit, ou si on boit quand on n\u2019a pas soif\u2026 si une ou plusieurs de ces conditions sont r\u00e9unies, alors on a un probl\u00e8me de d\u00e9pendance. Les gens ne se rendent pas toujours compte de leur consommation d\u2019alcool. D\u2019autant plus que l\u2019alcool est partout en France, c\u2019est tr\u00e8s facile de s\u2019en procurer, mais il ne faut pas en banaliser sa consommation.\u00a0\u00bb Au Centre Hospitalier de Saint-Di\u00e9-des-Vosges, 2 autres addictologues interviennent aux c\u00f4t\u00e9s du Docteur Heid. Il s\u2019agit respectivement des Docteurs Lucie Gruber et Camille Vola.<\/p>\n","protected":false},"excerpt":{"rendered":"<p>Le Dry January \u2013 litt\u00e9ralement \u00ab\u00a0janvier sec\u00a0\u00bb \u2013 est une campagne de sant\u00e9 publique qui incite \u00e0 ne pas consommer [&hellip;]<\/p>\n","protected":false},"author":407,"featured_media":66972,"comment_status":"open","ping_status":"open","sticky":false,"template":"","format":"standard","meta":{"footnotes":""},"categories":[26,12,18],"tags":[2916,46,32],"class_list":["post-66971","post","type-post","status-publish","format-standard","has-post-thumbnail","hentry","category-a-la-une","category-sante","category-vosges","tag-alcool","tag-sante","tag-vosges"],"acf":[],"yoast_head":"<!-- This site is optimized with the Yoast SEO plugin v22.5 - https:\/\/yoast.com\/wordpress\/plugins\/seo\/ -->\n<title>Dry January : \u00ab Les gens ne se rendent pas toujours compte de leur consommation d\u2019alcool \u00bb - Remiremont Info<\/title>\n<meta name=\"robots\" content=\"index, follow, max-snippet:-1, max-image-preview:large, max-video-preview:-1\" \/>\n<link rel=\"canonical\" href=\"https:\/\/vosgesinfo.fr\/remiremontinfo\/2023\/01\/dry-january-gens-ne-se-rendent-toujours-compte-de-consommation-dalcool\/\" \/>\n<meta name=\"twitter:card\" content=\"summary_large_image\" \/>\n<meta name=\"twitter:title\" content=\"Dry January : \u00ab Les gens ne se rendent pas toujours compte de leur consommation d\u2019alcool \u00bb - Remiremont Info\" \/>\n<meta name=\"twitter:description\" content=\"Le Dry January \u2013 litt\u00e9ralement \u00ab\u00a0janvier sec\u00a0\u00bb \u2013 est une campagne de sant\u00e9 publique qui incite \u00e0 ne pas consommer [&hellip;]\" \/>\n<meta name=\"twitter:image\" content=\"https:\/\/vosgesinfo.fr\/app\/uploads\/sites\/5\/2024\/09\/202301dr-jean-marie-heid-1024x771-1.jpg\" \/>\n<meta name=\"twitter:creator\" content=\"@VosgesInfo88\" \/>\n<meta name=\"twitter:site\" content=\"@VosgesInfo88\" \/>\n<meta name=\"twitter:label1\" content=\"\u00c9crit par\" \/>\n\t<meta name=\"twitter:data1\" content=\"C D\" \/>\n\t<meta name=\"twitter:label2\" content=\"Dur\u00e9e de lecture estim\u00e9e\" \/>\n\t<meta name=\"twitter:data2\" content=\"3 minutes\" \/>\n<script type=\"application\/ld+json\" class=\"yoast-schema-graph\">{\"@context\":\"https:\/\/schema.org\",\"@graph\":[{\"@type\":\"Article\",\"@id\":\"https:\/\/vosgesinfo.fr\/remiremontinfo\/2023\/01\/dry-january-gens-ne-se-rendent-toujours-compte-de-consommation-dalcool\/#article\",\"isPartOf\":{\"@id\":\"https:\/\/vosgesinfo.fr\/remiremontinfo\/2023\/01\/dry-january-gens-ne-se-rendent-toujours-compte-de-consommation-dalcool\/\"},\"author\":{\"name\":\"C D\",\"@id\":\"https:\/\/vosgesinfo.fr\/remiremontinfo\/#\/schema\/person\/3bfd164d5218a185b1db68655a265316\"},\"headline\":\"Dry January : \u00ab Les gens ne se rendent pas toujours compte de leur consommation d\u2019alcool \u00bb\",\"datePublished\":\"2023-01-20T09:07:58+00:00\",\"dateModified\":\"2023-01-20T09:07:58+00:00\",\"mainEntityOfPage\":{\"@id\":\"https:\/\/vosgesinfo.fr\/remiremontinfo\/2023\/01\/dry-january-gens-ne-se-rendent-toujours-compte-de-consommation-dalcool\/\"},\"wordCount\":590,\"commentCount\":0,\"publisher\":{\"@id\":\"https:\/\/vosgesinfo.fr\/remiremontinfo\/#organization\"},\"image\":{\"@id\":\"https:\/\/vosgesinfo.fr\/remiremontinfo\/2023\/01\/dry-january-gens-ne-se-rendent-toujours-compte-de-consommation-dalcool\/#primaryimage\"},\"thumbnailUrl\":\"https:\/\/vosgesinfo.fr\/app\/uploads\/sites\/5\/2024\/09\/202301dr-jean-marie-heid-1024x771-1.jpg\",\"keywords\":[\"alcool\",\"sant\u00e9\",\"Vosges\"],\"articleSection\":[\"A la Une\",\"Sant\u00e9\",\"Vosges\"],\"inLanguage\":\"fr-FR\",\"potentialAction\":[{\"@type\":\"CommentAction\",\"name\":\"Comment\",\"target\":[\"https:\/\/vosgesinfo.fr\/remiremontinfo\/2023\/01\/dry-january-gens-ne-se-rendent-toujours-compte-de-consommation-dalcool\/#respond\"]}]},{\"@type\":\"WebPage\",\"@id\":\"https:\/\/vosgesinfo.fr\/remiremontinfo\/2023\/01\/dry-january-gens-ne-se-rendent-toujours-compte-de-consommation-dalcool\/\",\"url\":\"https:\/\/vosgesinfo.fr\/remiremontinfo\/2023\/01\/dry-january-gens-ne-se-rendent-toujours-compte-de-consommation-dalcool\/\",\"name\":\"Dry January : \u00ab Les gens ne se rendent pas toujours compte de leur consommation d\u2019alcool \u00bb - Remiremont Info\",\"isPartOf\":{\"@id\":\"https:\/\/vosgesinfo.fr\/remiremontinfo\/#website\"},\"primaryImageOfPage\":{\"@id\":\"https:\/\/vosgesinfo.fr\/remiremontinfo\/2023\/01\/dry-january-gens-ne-se-rendent-toujours-compte-de-consommation-dalcool\/#primaryimage\"},\"image\":{\"@id\":\"https:\/\/vosgesinfo.fr\/remiremontinfo\/2023\/01\/dry-january-gens-ne-se-rendent-toujours-compte-de-consommation-dalcool\/#primaryimage\"},\"thumbnailUrl\":\"https:\/\/vosgesinfo.fr\/app\/uploads\/sites\/5\/2024\/09\/202301dr-jean-marie-heid-1024x771-1.jpg\",\"datePublished\":\"2023-01-20T09:07:58+00:00\",\"dateModified\":\"2023-01-20T09:07:58+00:00\",\"breadcrumb\":{\"@id\":\"https:\/\/vosgesinfo.fr\/remiremontinfo\/2023\/01\/dry-january-gens-ne-se-rendent-toujours-compte-de-consommation-dalcool\/#breadcrumb\"},\"inLanguage\":\"fr-FR\",\"potentialAction\":[{\"@type\":\"ReadAction\",\"target\":[\"https:\/\/vosgesinfo.fr\/remiremontinfo\/2023\/01\/dry-january-gens-ne-se-rendent-toujours-compte-de-consommation-dalcool\/\"]}]},{\"@type\":\"ImageObject\",\"inLanguage\":\"fr-FR\",\"@id\":\"https:\/\/vosgesinfo.fr\/remiremontinfo\/2023\/01\/dry-january-gens-ne-se-rendent-toujours-compte-de-consommation-dalcool\/#primaryimage\",\"url\":\"https:\/\/vosgesinfo.fr\/app\/uploads\/sites\/5\/2024\/09\/202301dr-jean-marie-heid-1024x771-1.jpg\",\"contentUrl\":\"https:\/\/vosgesinfo.fr\/app\/uploads\/sites\/5\/2024\/09\/202301dr-jean-marie-heid-1024x771-1.jpg\",\"width\":1024,\"height\":771},{\"@type\":\"BreadcrumbList\",\"@id\":\"https:\/\/vosgesinfo.fr\/remiremontinfo\/2023\/01\/dry-january-gens-ne-se-rendent-toujours-compte-de-consommation-dalcool\/#breadcrumb\",\"itemListElement\":[{\"@type\":\"ListItem\",\"position\":1,\"name\":\"Home\",\"item\":\"https:\/\/vosgesinfo.fr\/remiremontinfo\/\"},{\"@type\":\"ListItem\",\"position\":2,\"name\":\"Dry January : \u00ab Les gens ne se rendent pas toujours compte de leur consommation d\u2019alcool \u00bb\"}]},{\"@type\":\"WebSite\",\"@id\":\"https:\/\/vosgesinfo.fr\/remiremontinfo\/#website\",\"url\":\"https:\/\/vosgesinfo.fr\/remiremontinfo\/\",\"name\":\"Remiremont Info\",\"description\":\"Toute l&#039;actualit\u00e9 de Remiremont\",\"publisher\":{\"@id\":\"https:\/\/vosgesinfo.fr\/remiremontinfo\/#organization\"},\"alternateName\":\"Toute l'actualit\u00e9 de Remiremont\",\"potentialAction\":[{\"@type\":\"SearchAction\",\"target\":{\"@type\":\"EntryPoint\",\"urlTemplate\":\"https:\/\/vosgesinfo.fr\/remiremontinfo\/?s={search_term_string}\"},\"query-input\":\"required name=search_term_string\"}],\"inLanguage\":\"fr-FR\"},{\"@type\":\"Organization\",\"@id\":\"https:\/\/vosgesinfo.fr\/remiremontinfo\/#organization\",\"name\":\"Remiremont Info\",\"url\":\"https:\/\/vosgesinfo.fr\/remiremontinfo\/\",\"logo\":{\"@type\":\"ImageObject\",\"inLanguage\":\"fr-FR\",\"@id\":\"https:\/\/vosgesinfo.fr\/remiremontinfo\/#\/schema\/logo\/image\/\",\"url\":\"https:\/\/vosgesinfo.fr\/app\/uploads\/sites\/5\/2023\/08\/favicon-remiremontinfo.png\",\"contentUrl\":\"https:\/\/vosgesinfo.fr\/app\/uploads\/sites\/5\/2023\/08\/favicon-remiremontinfo.png\",\"width\":512,\"height\":512,\"caption\":\"Remiremont Info\"},\"image\":{\"@id\":\"https:\/\/vosgesinfo.fr\/remiremontinfo\/#\/schema\/logo\/image\/\"},\"sameAs\":[\"https:\/\/www.facebook.com\/remiremontinfo\",\"https:\/\/x.com\/VosgesInfo88\",\"https:\/\/www.youtube.com\/@vosgesinfo\"]},{\"@type\":\"Person\",\"@id\":\"https:\/\/vosgesinfo.fr\/remiremontinfo\/#\/schema\/person\/3bfd164d5218a185b1db68655a265316\",\"name\":\"C D\",\"image\":{\"@type\":\"ImageObject\",\"inLanguage\":\"fr-FR\",\"@id\":\"https:\/\/vosgesinfo.fr\/remiremontinfo\/#\/schema\/person\/image\/\",\"url\":\"https:\/\/secure.gravatar.com\/avatar\/1f9a70007336511a47468b8f1c66f922b8b7cf617b02a31149ada43893a5d48f?s=96&d=mm&r=g\",\"contentUrl\":\"https:\/\/secure.gravatar.com\/avatar\/1f9a70007336511a47468b8f1c66f922b8b7cf617b02a31149ada43893a5d48f?s=96&d=mm&r=g\",\"caption\":\"C D\"},\"url\":\"https:\/\/vosgesinfo.fr\/remiremontinfo\/author\/cedric-drevet\/\"}]}<\/script>\n<!-- \/ Yoast SEO plugin. -->","yoast_head_json":{"title":"Dry January : \u00ab Les gens ne se rendent pas toujours compte de leur consommation d\u2019alcool \u00bb - Remiremont Info","robots":{"index":"index","follow":"follow","max-snippet":"max-snippet:-1","max-image-preview":"max-image-preview:large","max-video-preview":"max-video-preview:-1"},"canonical":"https:\/\/vosgesinfo.fr\/remiremontinfo\/2023\/01\/dry-january-gens-ne-se-rendent-toujours-compte-de-consommation-dalcool\/","twitter_card":"summary_large_image","twitter_title":"Dry January : \u00ab Les gens ne se rendent pas toujours compte de leur consommation d\u2019alcool \u00bb - Remiremont Info","twitter_description":"Le Dry January \u2013 litt\u00e9ralement \u00ab\u00a0janvier sec\u00a0\u00bb \u2013 est une campagne de sant\u00e9 publique qui incite \u00e0 ne pas consommer [&hellip;]","twitter_image":"https:\/\/vosgesinfo.fr\/app\/uploads\/sites\/5\/2024\/09\/202301dr-jean-marie-heid-1024x771-1.jpg","twitter_creator":"@VosgesInfo88","twitter_site":"@VosgesInfo88","twitter_misc":{"\u00c9crit par":"C D","Dur\u00e9e de lecture estim\u00e9e":"3 minutes"},"schema":{"@context":"https:\/\/schema.org","@graph":[{"@type":"Article","@id":"https:\/\/vosgesinfo.fr\/remiremontinfo\/2023\/01\/dry-january-gens-ne-se-rendent-toujours-compte-de-consommation-dalcool\/#article","isPartOf":{"@id":"https:\/\/vosgesinfo.fr\/remiremontinfo\/2023\/01\/dry-january-gens-ne-se-rendent-toujours-compte-de-consommation-dalcool\/"},"author":{"name":"C D","@id":"https:\/\/vosgesinfo.fr\/remiremontinfo\/#\/schema\/person\/3bfd164d5218a185b1db68655a265316"},"headline":"Dry January : \u00ab Les gens ne se rendent pas toujours compte de leur consommation d\u2019alcool \u00bb","datePublished":"2023-01-20T09:07:58+00:00","dateModified":"2023-01-20T09:07:58+00:00","mainEntityOfPage":{"@id":"https:\/\/vosgesinfo.fr\/remiremontinfo\/2023\/01\/dry-january-gens-ne-se-rendent-toujours-compte-de-consommation-dalcool\/"},"wordCount":590,"commentCount":0,"publisher":{"@id":"https:\/\/vosgesinfo.fr\/remiremontinfo\/#organization"},"image":{"@id":"https:\/\/vosgesinfo.fr\/remiremontinfo\/2023\/01\/dry-january-gens-ne-se-rendent-toujours-compte-de-consommation-dalcool\/#primaryimage"},"thumbnailUrl":"https:\/\/vosgesinfo.fr\/app\/uploads\/sites\/5\/2024\/09\/202301dr-jean-marie-heid-1024x771-1.jpg","keywords":["alcool","sant\u00e9","Vosges"],"articleSection":["A la Une","Sant\u00e9","Vosges"],"inLanguage":"fr-FR","potentialAction":[{"@type":"CommentAction","name":"Comment","target":["https:\/\/vosgesinfo.fr\/remiremontinfo\/2023\/01\/dry-january-gens-ne-se-rendent-toujours-compte-de-consommation-dalcool\/#respond"]}]},{"@type":"WebPage","@id":"https:\/\/vosgesinfo.fr\/remiremontinfo\/2023\/01\/dry-january-gens-ne-se-rendent-toujours-compte-de-consommation-dalcool\/","url":"https:\/\/vosgesinfo.fr\/remiremontinfo\/2023\/01\/dry-january-gens-ne-se-rendent-toujours-compte-de-consommation-dalcool\/","name":"Dry January : \u00ab Les gens ne se rendent pas toujours compte de leur consommation d\u2019alcool \u00bb - Remiremont Info","isPartOf":{"@id":"https:\/\/vosgesinfo.fr\/remiremontinfo\/#website"},"primaryImageOfPage":{"@id":"https:\/\/vosgesinfo.fr\/remiremontinfo\/2023\/01\/dry-january-gens-ne-se-rendent-toujours-compte-de-consommation-dalcool\/#primaryimage"},"image":{"@id":"https:\/\/vosgesinfo.fr\/remiremontinfo\/2023\/01\/dry-january-gens-ne-se-rendent-toujours-compte-de-consommation-dalcool\/#primaryimage"},"thumbnailUrl":"https:\/\/vosgesinfo.fr\/app\/uploads\/sites\/5\/2024\/09\/202301dr-jean-marie-heid-1024x771-1.jpg","datePublished":"2023-01-20T09:07:58+00:00","dateModified":"2023-01-20T09:07:58+00:00","breadcrumb":{"@id":"https:\/\/vosgesinfo.fr\/remiremontinfo\/2023\/01\/dry-january-gens-ne-se-rendent-toujours-compte-de-consommation-dalcool\/#breadcrumb"},"inLanguage":"fr-FR","potentialAction":[{"@type":"ReadAction","target":["https:\/\/vosgesinfo.fr\/remiremontinfo\/2023\/01\/dry-january-gens-ne-se-rendent-toujours-compte-de-consommation-dalcool\/"]}]},{"@type":"ImageObject","inLanguage":"fr-FR","@id":"https:\/\/vosgesinfo.fr\/remiremontinfo\/2023\/01\/dry-january-gens-ne-se-rendent-toujours-compte-de-consommation-dalcool\/#primaryimage","url":"https:\/\/vosgesinfo.fr\/app\/uploads\/sites\/5\/2024\/09\/202301dr-jean-marie-heid-1024x771-1.jpg","contentUrl":"https:\/\/vosgesinfo.fr\/app\/uploads\/sites\/5\/2024\/09\/202301dr-jean-marie-heid-1024x771-1.jpg","width":1024,"height":771},{"@type":"BreadcrumbList","@id":"https:\/\/vosgesinfo.fr\/remiremontinfo\/2023\/01\/dry-january-gens-ne-se-rendent-toujours-compte-de-consommation-dalcool\/#breadcrumb","itemListElement":[{"@type":"ListItem","position":1,"name":"Home","item":"https:\/\/vosgesinfo.fr\/remiremontinfo\/"},{"@type":"ListItem","position":2,"name":"Dry January : \u00ab Les gens ne se rendent pas toujours compte de leur consommation d\u2019alcool \u00bb"}]},{"@type":"WebSite","@id":"https:\/\/vosgesinfo.fr\/remiremontinfo\/#website","url":"https:\/\/vosgesinfo.fr\/remiremontinfo\/","name":"Remiremont Info","description":"Toute l&#039;actualit\u00e9 de Remiremont","publisher":{"@id":"https:\/\/vosgesinfo.fr\/remiremontinfo\/#organization"},"alternateName":"Toute l'actualit\u00e9 de Remiremont","potentialAction":[{"@type":"SearchAction","target":{"@type":"EntryPoint","urlTemplate":"https:\/\/vosgesinfo.fr\/remiremontinfo\/?s={search_term_string}"},"query-input":"required name=search_term_string"}],"inLanguage":"fr-FR"},{"@type":"Organization","@id":"https:\/\/vosgesinfo.fr\/remiremontinfo\/#organization","name":"Remiremont Info","url":"https:\/\/vosgesinfo.fr\/remiremontinfo\/","logo":{"@type":"ImageObject","inLanguage":"fr-FR","@id":"https:\/\/vosgesinfo.fr\/remiremontinfo\/#\/schema\/logo\/image\/","url":"https:\/\/vosgesinfo.fr\/app\/uploads\/sites\/5\/2023\/08\/favicon-remiremontinfo.png","contentUrl":"https:\/\/vosgesinfo.fr\/app\/uploads\/sites\/5\/2023\/08\/favicon-remiremontinfo.png","width":512,"height":512,"caption":"Remiremont Info"},"image":{"@id":"https:\/\/vosgesinfo.fr\/remiremontinfo\/#\/schema\/logo\/image\/"},"sameAs":["https:\/\/www.facebook.com\/remiremontinfo","https:\/\/x.com\/VosgesInfo88","https:\/\/www.youtube.com\/@vosgesinfo"]},{"@type":"Person","@id":"https:\/\/vosgesinfo.fr\/remiremontinfo\/#\/schema\/person\/3bfd164d5218a185b1db68655a265316","name":"C D","image":{"@type":"ImageObject","inLanguage":"fr-FR","@id":"https:\/\/vosgesinfo.fr\/remiremontinfo\/#\/schema\/person\/image\/","url":"https:\/\/secure.gravatar.com\/avatar\/1f9a70007336511a47468b8f1c66f922b8b7cf617b02a31149ada43893a5d48f?s=96&d=mm&r=g","contentUrl":"https:\/\/secure.gravatar.com\/avatar\/1f9a70007336511a47468b8f1c66f922b8b7cf617b02a31149ada43893a5d48f?s=96&d=mm&r=g","caption":"C D"},"url":"https:\/\/vosgesinfo.fr\/remiremontinfo\/author\/cedric-drevet\/"}]}},"_links":{"self":[{"href":"https:\/\/vosgesinfo.fr\/remiremontinfo\/wp-json\/wp\/v2\/posts\/66971","targetHints":{"allow":["GET"]}}],"collection":[{"href":"https:\/\/vosgesinfo.fr\/remiremontinfo\/wp-json\/wp\/v2\/posts"}],"about":[{"href":"https:\/\/vosgesinfo.fr\/remiremontinfo\/wp-json\/wp\/v2\/types\/post"}],"author":[{"embeddable":true,"href":"https:\/\/vosgesinfo.fr\/remiremontinfo\/wp-json\/wp\/v2\/users\/407"}],"replies":[{"embeddable":true,"href":"https:\/\/vosgesinfo.fr\/remiremontinfo\/wp-json\/wp\/v2\/comments?post=66971"}],"version-history":[{"count":0,"href":"https:\/\/vosgesinfo.fr\/remiremontinfo\/wp-json\/wp\/v2\/posts\/66971\/revisions"}],"wp:featuredmedia":[{"embeddable":true,"href":"https:\/\/vosgesinfo.fr\/remiremontinfo\/wp-json\/wp\/v2\/media\/66972"}],"wp:attachment":[{"href":"https:\/\/vosgesinfo.fr\/remiremontinfo\/wp-json\/wp\/v2\/media?parent=66971"}],"wp:term":[{"taxonomy":"category","embeddable":true,"href":"https:\/\/vosgesinfo.fr\/remiremontinfo\/wp-json\/wp\/v2\/categories?post=66971"},{"taxonomy":"post_tag","embeddable":true,"href":"https:\/\/vosgesinfo.fr\/remiremontinfo\/wp-json\/wp\/v2\/tags?post=66971"}],"curies":[{"name":"wp","href":"https:\/\/api.w.org\/{rel}","templated":true}]}}