{"id":66981,"date":"2023-01-21T10:47:54","date_gmt":"2023-01-21T09:47:54","guid":{"rendered":"https:\/\/vosgesinfo.fr\/remiremontinfo\/2023\/01\/saint-etienne-comite-departemental-de-federation-francaise-sports-populaire-tient-ag\/"},"modified":"2023-01-21T10:47:54","modified_gmt":"2023-01-21T09:47:54","slug":"saint-etienne-comite-departemental-de-federation-francaise-sports-populaire-tient-ag","status":"publish","type":"post","link":"https:\/\/vosgesinfo.fr\/remiremontinfo\/2023\/01\/saint-etienne-comite-departemental-de-federation-francaise-sports-populaire-tient-ag\/","title":{"rendered":"Saint-Etienne : le comit\u00e9 d\u00e9partemental de la F\u00e9d\u00e9ration Fran\u00e7aise des Sports Populaire tient son AG"},"content":{"rendered":"<h2><a href=\"\/2023\/01\/ffsp-4.jpg\"><img decoding=\"async\" class=\"alignnone size-large wp-image-362356\" src=\"\/2023\/01\/ffsp-4-1024x681.jpg\" alt=\"ffsp (4)\" width=\"960\" height=\"638\" \/><\/a><\/h2>\n<h2><span style=\"font-size: 12pt;\"><strong>Le Comit\u00e9 D\u00e9partemental des Vosges de la FFSP (F\u00e9d\u00e9ration Fran\u00e7aise des Sports Populaires) s\u2019est r\u00e9uni ce samedi \u00e0 la salle polyvalente de Saint-Etienne les Remiremont pour son Assembl\u00e9e G\u00e9n\u00e9rale. Le Comit\u00e9 D\u00e9partemental rassemble une quarantaine d\u2019associations vosgiennes affili\u00e9es \u00e0 la FFSP. Ces associations organisent des Marches Populaires aux quatre coins du d\u00e9partement.<\/strong><\/span><\/h2>\n<p>Cette assembl\u00e9e g\u00e9n\u00e9rale, \u00e0 laquelle ont notamment particip\u00e9 le maire Michel Demange, le d\u00e9put\u00e9 Christophe Naegelen, le pr\u00e9sident du Comit\u00e9 D\u00e9partemental des Vosges (88) de la FFSP, Jean Marie Gehin, a \u00e9t\u00e9 l\u2019occasion de revenir sur l\u2019ann\u00e9e \u00e9coul\u00e9e et les \u00e9v\u00e9nements organis\u00e9s, et de pr\u00e9senter le programme 2023, avec quelques nouvelles marches. \u00ab\u00a0Chaque ann\u00e9e, l\u2019 AG est un moment fort dans la vie du Comit\u00e9 D\u00e9partemental\u00a0\u00bb, affirme son pr\u00e9sident. \u00ab\u00a0D\u2019abord c\u2019est un rassemblement de toutes les associations convi\u00e9es \u00e0 cet \u00e9v\u00e9nement, c\u2019est aussi l\u2019opportunit\u00e9 de retrouver des \u00e9lus politiques, c\u2019est encore les circonstances pour mieux se faire conna\u00eetre et ainsi faciliter le d\u00e9veloppement de notre activit\u00e9\u00a0\u00bb. L\u2019occasion de discuter aussi de l\u2019engagement associatif. Et de voter les rapports d\u2019activit\u00e9 et financier, \u00e0 l\u2019unanimit\u00e9. En 2022, de nombreuses marches ont \u00e9t\u00e9 organis\u00e9es. On note une baisse du nombre d\u2019\u00e9v\u00e9nements sur les derni\u00e8res ann\u00e9es. Pour 2023, la FFSP revient avec un programme important. Notons notamment l\u2019organisation de la 20\u00e8me Marche populaire internationale de Plombi\u00e8res-les-Bains et Ruaux le 30 avril, la 22\u00e8me marche \u00e0 Saint-Nabord le 21 mai, la 28\u00e8me au Girmont Val d\u2019Ajol le 3 juin, la 23\u00e8me le 27 aout \u00e0 Vagney.<\/p>\n<p>Pour d\u00e9couvrir le programme des semaines et mois \u00e0 venir, cliquez ici\u00a0:<a href=\"https:\/\/www.ffsp.fr\/\">FFSP F\u00e9d\u00e9ration Fran\u00e7aise des Sports Populaires | La F\u00e9d\u00e9ration Fran\u00e7aise des Sports Populaires met le sport \u00e0 la port\u00e9e de tous\u00a0!<\/a><\/p>\n\n","protected":false},"excerpt":{"rendered":"<p>Le Comit\u00e9 D\u00e9partemental des Vosges de la FFSP (F\u00e9d\u00e9ration Fran\u00e7aise des Sports Populaires) s\u2019est r\u00e9uni ce samedi \u00e0 la salle [&hellip;]<\/p>\n","protected":false},"author":407,"featured_media":66982,"comment_status":"open","ping_status":"open","sticky":false,"template":"","format":"standard","meta":{"footnotes":""},"categories":[26,35,155,14],"tags":[5410,493,61],"class_list":["post-66981","post","type-post","status-publish","format-standard","has-post-thumbnail","hentry","category-a-la-une","category-remiremont-son-canton","category-saint-etienne","category-sport","tag-ffsp","tag-marche","tag-sport"],"acf":[],"yoast_head":"<!-- This site is optimized with the Yoast SEO plugin v22.5 - https:\/\/yoast.com\/wordpress\/plugins\/seo\/ -->\n<title>Saint-Etienne : le comit\u00e9 d\u00e9partemental de la F\u00e9d\u00e9ration Fran\u00e7aise des Sports Populaire tient son AG - Remiremont Info<\/title>\n<meta name=\"robots\" content=\"index, follow, max-snippet:-1, max-image-preview:large, max-video-preview:-1\" \/>\n<link rel=\"canonical\" href=\"https:\/\/vosgesinfo.fr\/remiremontinfo\/2023\/01\/saint-etienne-comite-departemental-de-federation-francaise-sports-populaire-tient-ag\/\" \/>\n<meta name=\"twitter:card\" content=\"summary_large_image\" \/>\n<meta name=\"twitter:title\" content=\"Saint-Etienne : le comit\u00e9 d\u00e9partemental de la F\u00e9d\u00e9ration Fran\u00e7aise des Sports Populaire tient son AG - Remiremont Info\" \/>\n<meta name=\"twitter:description\" content=\"Le Comit\u00e9 D\u00e9partemental des Vosges de la FFSP (F\u00e9d\u00e9ration Fran\u00e7aise des Sports Populaires) s\u2019est r\u00e9uni ce samedi \u00e0 la salle [&hellip;]\" \/>\n<meta name=\"twitter:image\" content=\"https:\/\/vosgesinfo.fr\/app\/uploads\/sites\/5\/2024\/09\/202301ffsp-4.jpg\" \/>\n<meta name=\"twitter:creator\" content=\"@VosgesInfo88\" \/>\n<meta name=\"twitter:site\" content=\"@VosgesInfo88\" \/>\n<meta name=\"twitter:label1\" content=\"\u00c9crit par\" \/>\n\t<meta name=\"twitter:data1\" content=\"C D\" \/>\n\t<meta name=\"twitter:label2\" content=\"Dur\u00e9e de lecture estim\u00e9e\" \/>\n\t<meta name=\"twitter:data2\" content=\"2 minutes\" \/>\n<script type=\"application\/ld+json\" class=\"yoast-schema-graph\">{\"@context\":\"https:\/\/schema.org\",\"@graph\":[{\"@type\":\"Article\",\"@id\":\"https:\/\/vosgesinfo.fr\/remiremontinfo\/2023\/01\/saint-etienne-comite-departemental-de-federation-francaise-sports-populaire-tient-ag\/#article\",\"isPartOf\":{\"@id\":\"https:\/\/vosgesinfo.fr\/remiremontinfo\/2023\/01\/saint-etienne-comite-departemental-de-federation-francaise-sports-populaire-tient-ag\/\"},\"author\":{\"name\":\"C D\",\"@id\":\"https:\/\/vosgesinfo.fr\/remiremontinfo\/#\/schema\/person\/3bfd164d5218a185b1db68655a265316\"},\"headline\":\"Saint-Etienne : le comit\u00e9 d\u00e9partemental de la F\u00e9d\u00e9ration Fran\u00e7aise des Sports Populaire tient son AG\",\"datePublished\":\"2023-01-21T09:47:54+00:00\",\"dateModified\":\"2023-01-21T09:47:54+00:00\",\"mainEntityOfPage\":{\"@id\":\"https:\/\/vosgesinfo.fr\/remiremontinfo\/2023\/01\/saint-etienne-comite-departemental-de-federation-francaise-sports-populaire-tient-ag\/\"},\"wordCount\":342,\"commentCount\":0,\"publisher\":{\"@id\":\"https:\/\/vosgesinfo.fr\/remiremontinfo\/#organization\"},\"image\":{\"@id\":\"https:\/\/vosgesinfo.fr\/remiremontinfo\/2023\/01\/saint-etienne-comite-departemental-de-federation-francaise-sports-populaire-tient-ag\/#primaryimage\"},\"thumbnailUrl\":\"https:\/\/vosgesinfo.fr\/app\/uploads\/sites\/5\/2024\/09\/202301ffsp-4.jpg\",\"keywords\":[\"ffsp\",\"march\u00e9\",\"sport\"],\"articleSection\":[\"A la Une\",\"Remiremont &amp; son canton\",\"Saint-Etienne\",\"Sport\"],\"inLanguage\":\"fr-FR\",\"potentialAction\":[{\"@type\":\"CommentAction\",\"name\":\"Comment\",\"target\":[\"https:\/\/vosgesinfo.fr\/remiremontinfo\/2023\/01\/saint-etienne-comite-departemental-de-federation-francaise-sports-populaire-tient-ag\/#respond\"]}]},{\"@type\":\"WebPage\",\"@id\":\"https:\/\/vosgesinfo.fr\/remiremontinfo\/2023\/01\/saint-etienne-comite-departemental-de-federation-francaise-sports-populaire-tient-ag\/\",\"url\":\"https:\/\/vosgesinfo.fr\/remiremontinfo\/2023\/01\/saint-etienne-comite-departemental-de-federation-francaise-sports-populaire-tient-ag\/\",\"name\":\"Saint-Etienne : le comit\u00e9 d\u00e9partemental de la F\u00e9d\u00e9ration Fran\u00e7aise des Sports Populaire tient son AG - Remiremont Info\",\"isPartOf\":{\"@id\":\"https:\/\/vosgesinfo.fr\/remiremontinfo\/#website\"},\"primaryImageOfPage\":{\"@id\":\"https:\/\/vosgesinfo.fr\/remiremontinfo\/2023\/01\/saint-etienne-comite-departemental-de-federation-francaise-sports-populaire-tient-ag\/#primaryimage\"},\"image\":{\"@id\":\"https:\/\/vosgesinfo.fr\/remiremontinfo\/2023\/01\/saint-etienne-comite-departemental-de-federation-francaise-sports-populaire-tient-ag\/#primaryimage\"},\"thumbnailUrl\":\"https:\/\/vosgesinfo.fr\/app\/uploads\/sites\/5\/2024\/09\/202301ffsp-4.jpg\",\"datePublished\":\"2023-01-21T09:47:54+00:00\",\"dateModified\":\"2023-01-21T09:47:54+00:00\",\"breadcrumb\":{\"@id\":\"https:\/\/vosgesinfo.fr\/remiremontinfo\/2023\/01\/saint-etienne-comite-departemental-de-federation-francaise-sports-populaire-tient-ag\/#breadcrumb\"},\"inLanguage\":\"fr-FR\",\"potentialAction\":[{\"@type\":\"ReadAction\",\"target\":[\"https:\/\/vosgesinfo.fr\/remiremontinfo\/2023\/01\/saint-etienne-comite-departemental-de-federation-francaise-sports-populaire-tient-ag\/\"]}]},{\"@type\":\"ImageObject\",\"inLanguage\":\"fr-FR\",\"@id\":\"https:\/\/vosgesinfo.fr\/remiremontinfo\/2023\/01\/saint-etienne-comite-departemental-de-federation-francaise-sports-populaire-tient-ag\/#primaryimage\",\"url\":\"https:\/\/vosgesinfo.fr\/app\/uploads\/sites\/5\/2024\/09\/202301ffsp-4.jpg\",\"contentUrl\":\"https:\/\/vosgesinfo.fr\/app\/uploads\/sites\/5\/2024\/09\/202301ffsp-4.jpg\",\"width\":1600,\"height\":1064},{\"@type\":\"BreadcrumbList\",\"@id\":\"https:\/\/vosgesinfo.fr\/remiremontinfo\/2023\/01\/saint-etienne-comite-departemental-de-federation-francaise-sports-populaire-tient-ag\/#breadcrumb\",\"itemListElement\":[{\"@type\":\"ListItem\",\"position\":1,\"name\":\"Home\",\"item\":\"https:\/\/vosgesinfo.fr\/remiremontinfo\/\"},{\"@type\":\"ListItem\",\"position\":2,\"name\":\"Saint-Etienne : le comit\u00e9 d\u00e9partemental de la F\u00e9d\u00e9ration Fran\u00e7aise des Sports Populaire tient son AG\"}]},{\"@type\":\"WebSite\",\"@id\":\"https:\/\/vosgesinfo.fr\/remiremontinfo\/#website\",\"url\":\"https:\/\/vosgesinfo.fr\/remiremontinfo\/\",\"name\":\"Remiremont Info\",\"description\":\"Toute l&#039;actualit\u00e9 de Remiremont\",\"publisher\":{\"@id\":\"https:\/\/vosgesinfo.fr\/remiremontinfo\/#organization\"},\"alternateName\":\"Toute l'actualit\u00e9 de Remiremont\",\"potentialAction\":[{\"@type\":\"SearchAction\",\"target\":{\"@type\":\"EntryPoint\",\"urlTemplate\":\"https:\/\/vosgesinfo.fr\/remiremontinfo\/?s={search_term_string}\"},\"query-input\":\"required name=search_term_string\"}],\"inLanguage\":\"fr-FR\"},{\"@type\":\"Organization\",\"@id\":\"https:\/\/vosgesinfo.fr\/remiremontinfo\/#organization\",\"name\":\"Remiremont Info\",\"url\":\"https:\/\/vosgesinfo.fr\/remiremontinfo\/\",\"logo\":{\"@type\":\"ImageObject\",\"inLanguage\":\"fr-FR\",\"@id\":\"https:\/\/vosgesinfo.fr\/remiremontinfo\/#\/schema\/logo\/image\/\",\"url\":\"https:\/\/vosgesinfo.fr\/app\/uploads\/sites\/5\/2023\/08\/favicon-remiremontinfo.png\",\"contentUrl\":\"https:\/\/vosgesinfo.fr\/app\/uploads\/sites\/5\/2023\/08\/favicon-remiremontinfo.png\",\"width\":512,\"height\":512,\"caption\":\"Remiremont Info\"},\"image\":{\"@id\":\"https:\/\/vosgesinfo.fr\/remiremontinfo\/#\/schema\/logo\/image\/\"},\"sameAs\":[\"https:\/\/www.facebook.com\/remiremontinfo\",\"https:\/\/x.com\/VosgesInfo88\",\"https:\/\/www.youtube.com\/@vosgesinfo\"]},{\"@type\":\"Person\",\"@id\":\"https:\/\/vosgesinfo.fr\/remiremontinfo\/#\/schema\/person\/3bfd164d5218a185b1db68655a265316\",\"name\":\"C D\",\"image\":{\"@type\":\"ImageObject\",\"inLanguage\":\"fr-FR\",\"@id\":\"https:\/\/vosgesinfo.fr\/remiremontinfo\/#\/schema\/person\/image\/\",\"url\":\"https:\/\/secure.gravatar.com\/avatar\/1f9a70007336511a47468b8f1c66f922b8b7cf617b02a31149ada43893a5d48f?s=96&d=mm&r=g\",\"contentUrl\":\"https:\/\/secure.gravatar.com\/avatar\/1f9a70007336511a47468b8f1c66f922b8b7cf617b02a31149ada43893a5d48f?s=96&d=mm&r=g\",\"caption\":\"C D\"},\"url\":\"https:\/\/vosgesinfo.fr\/remiremontinfo\/author\/cedric-drevet\/\"}]}<\/script>\n<!-- \/ Yoast SEO plugin. -->","yoast_head_json":{"title":"Saint-Etienne : le comit\u00e9 d\u00e9partemental de la F\u00e9d\u00e9ration Fran\u00e7aise des Sports Populaire tient son AG - Remiremont Info","robots":{"index":"index","follow":"follow","max-snippet":"max-snippet:-1","max-image-preview":"max-image-preview:large","max-video-preview":"max-video-preview:-1"},"canonical":"https:\/\/vosgesinfo.fr\/remiremontinfo\/2023\/01\/saint-etienne-comite-departemental-de-federation-francaise-sports-populaire-tient-ag\/","twitter_card":"summary_large_image","twitter_title":"Saint-Etienne : le comit\u00e9 d\u00e9partemental de la F\u00e9d\u00e9ration Fran\u00e7aise des Sports Populaire tient son AG - Remiremont Info","twitter_description":"Le Comit\u00e9 D\u00e9partemental des Vosges de la FFSP (F\u00e9d\u00e9ration Fran\u00e7aise des Sports Populaires) s\u2019est r\u00e9uni ce samedi \u00e0 la salle [&hellip;]","twitter_image":"https:\/\/vosgesinfo.fr\/app\/uploads\/sites\/5\/2024\/09\/202301ffsp-4.jpg","twitter_creator":"@VosgesInfo88","twitter_site":"@VosgesInfo88","twitter_misc":{"\u00c9crit par":"C D","Dur\u00e9e de lecture estim\u00e9e":"2 minutes"},"schema":{"@context":"https:\/\/schema.org","@graph":[{"@type":"Article","@id":"https:\/\/vosgesinfo.fr\/remiremontinfo\/2023\/01\/saint-etienne-comite-departemental-de-federation-francaise-sports-populaire-tient-ag\/#article","isPartOf":{"@id":"https:\/\/vosgesinfo.fr\/remiremontinfo\/2023\/01\/saint-etienne-comite-departemental-de-federation-francaise-sports-populaire-tient-ag\/"},"author":{"name":"C D","@id":"https:\/\/vosgesinfo.fr\/remiremontinfo\/#\/schema\/person\/3bfd164d5218a185b1db68655a265316"},"headline":"Saint-Etienne : le comit\u00e9 d\u00e9partemental de la F\u00e9d\u00e9ration Fran\u00e7aise des Sports Populaire tient son AG","datePublished":"2023-01-21T09:47:54+00:00","dateModified":"2023-01-21T09:47:54+00:00","mainEntityOfPage":{"@id":"https:\/\/vosgesinfo.fr\/remiremontinfo\/2023\/01\/saint-etienne-comite-departemental-de-federation-francaise-sports-populaire-tient-ag\/"},"wordCount":342,"commentCount":0,"publisher":{"@id":"https:\/\/vosgesinfo.fr\/remiremontinfo\/#organization"},"image":{"@id":"https:\/\/vosgesinfo.fr\/remiremontinfo\/2023\/01\/saint-etienne-comite-departemental-de-federation-francaise-sports-populaire-tient-ag\/#primaryimage"},"thumbnailUrl":"https:\/\/vosgesinfo.fr\/app\/uploads\/sites\/5\/2024\/09\/202301ffsp-4.jpg","keywords":["ffsp","march\u00e9","sport"],"articleSection":["A la Une","Remiremont &amp; son canton","Saint-Etienne","Sport"],"inLanguage":"fr-FR","potentialAction":[{"@type":"CommentAction","name":"Comment","target":["https:\/\/vosgesinfo.fr\/remiremontinfo\/2023\/01\/saint-etienne-comite-departemental-de-federation-francaise-sports-populaire-tient-ag\/#respond"]}]},{"@type":"WebPage","@id":"https:\/\/vosgesinfo.fr\/remiremontinfo\/2023\/01\/saint-etienne-comite-departemental-de-federation-francaise-sports-populaire-tient-ag\/","url":"https:\/\/vosgesinfo.fr\/remiremontinfo\/2023\/01\/saint-etienne-comite-departemental-de-federation-francaise-sports-populaire-tient-ag\/","name":"Saint-Etienne : le comit\u00e9 d\u00e9partemental de la F\u00e9d\u00e9ration Fran\u00e7aise des Sports Populaire tient son AG - Remiremont Info","isPartOf":{"@id":"https:\/\/vosgesinfo.fr\/remiremontinfo\/#website"},"primaryImageOfPage":{"@id":"https:\/\/vosgesinfo.fr\/remiremontinfo\/2023\/01\/saint-etienne-comite-departemental-de-federation-francaise-sports-populaire-tient-ag\/#primaryimage"},"image":{"@id":"https:\/\/vosgesinfo.fr\/remiremontinfo\/2023\/01\/saint-etienne-comite-departemental-de-federation-francaise-sports-populaire-tient-ag\/#primaryimage"},"thumbnailUrl":"https:\/\/vosgesinfo.fr\/app\/uploads\/sites\/5\/2024\/09\/202301ffsp-4.jpg","datePublished":"2023-01-21T09:47:54+00:00","dateModified":"2023-01-21T09:47:54+00:00","breadcrumb":{"@id":"https:\/\/vosgesinfo.fr\/remiremontinfo\/2023\/01\/saint-etienne-comite-departemental-de-federation-francaise-sports-populaire-tient-ag\/#breadcrumb"},"inLanguage":"fr-FR","potentialAction":[{"@type":"ReadAction","target":["https:\/\/vosgesinfo.fr\/remiremontinfo\/2023\/01\/saint-etienne-comite-departemental-de-federation-francaise-sports-populaire-tient-ag\/"]}]},{"@type":"ImageObject","inLanguage":"fr-FR","@id":"https:\/\/vosgesinfo.fr\/remiremontinfo\/2023\/01\/saint-etienne-comite-departemental-de-federation-francaise-sports-populaire-tient-ag\/#primaryimage","url":"https:\/\/vosgesinfo.fr\/app\/uploads\/sites\/5\/2024\/09\/202301ffsp-4.jpg","contentUrl":"https:\/\/vosgesinfo.fr\/app\/uploads\/sites\/5\/2024\/09\/202301ffsp-4.jpg","width":1600,"height":1064},{"@type":"BreadcrumbList","@id":"https:\/\/vosgesinfo.fr\/remiremontinfo\/2023\/01\/saint-etienne-comite-departemental-de-federation-francaise-sports-populaire-tient-ag\/#breadcrumb","itemListElement":[{"@type":"ListItem","position":1,"name":"Home","item":"https:\/\/vosgesinfo.fr\/remiremontinfo\/"},{"@type":"ListItem","position":2,"name":"Saint-Etienne : le comit\u00e9 d\u00e9partemental de la F\u00e9d\u00e9ration Fran\u00e7aise des Sports Populaire tient son AG"}]},{"@type":"WebSite","@id":"https:\/\/vosgesinfo.fr\/remiremontinfo\/#website","url":"https:\/\/vosgesinfo.fr\/remiremontinfo\/","name":"Remiremont Info","description":"Toute l&#039;actualit\u00e9 de Remiremont","publisher":{"@id":"https:\/\/vosgesinfo.fr\/remiremontinfo\/#organization"},"alternateName":"Toute l'actualit\u00e9 de Remiremont","potentialAction":[{"@type":"SearchAction","target":{"@type":"EntryPoint","urlTemplate":"https:\/\/vosgesinfo.fr\/remiremontinfo\/?s={search_term_string}"},"query-input":"required name=search_term_string"}],"inLanguage":"fr-FR"},{"@type":"Organization","@id":"https:\/\/vosgesinfo.fr\/remiremontinfo\/#organization","name":"Remiremont Info","url":"https:\/\/vosgesinfo.fr\/remiremontinfo\/","logo":{"@type":"ImageObject","inLanguage":"fr-FR","@id":"https:\/\/vosgesinfo.fr\/remiremontinfo\/#\/schema\/logo\/image\/","url":"https:\/\/vosgesinfo.fr\/app\/uploads\/sites\/5\/2023\/08\/favicon-remiremontinfo.png","contentUrl":"https:\/\/vosgesinfo.fr\/app\/uploads\/sites\/5\/2023\/08\/favicon-remiremontinfo.png","width":512,"height":512,"caption":"Remiremont Info"},"image":{"@id":"https:\/\/vosgesinfo.fr\/remiremontinfo\/#\/schema\/logo\/image\/"},"sameAs":["https:\/\/www.facebook.com\/remiremontinfo","https:\/\/x.com\/VosgesInfo88","https:\/\/www.youtube.com\/@vosgesinfo"]},{"@type":"Person","@id":"https:\/\/vosgesinfo.fr\/remiremontinfo\/#\/schema\/person\/3bfd164d5218a185b1db68655a265316","name":"C D","image":{"@type":"ImageObject","inLanguage":"fr-FR","@id":"https:\/\/vosgesinfo.fr\/remiremontinfo\/#\/schema\/person\/image\/","url":"https:\/\/secure.gravatar.com\/avatar\/1f9a70007336511a47468b8f1c66f922b8b7cf617b02a31149ada43893a5d48f?s=96&d=mm&r=g","contentUrl":"https:\/\/secure.gravatar.com\/avatar\/1f9a70007336511a47468b8f1c66f922b8b7cf617b02a31149ada43893a5d48f?s=96&d=mm&r=g","caption":"C D"},"url":"https:\/\/vosgesinfo.fr\/remiremontinfo\/author\/cedric-drevet\/"}]}},"_links":{"self":[{"href":"https:\/\/vosgesinfo.fr\/remiremontinfo\/wp-json\/wp\/v2\/posts\/66981","targetHints":{"allow":["GET"]}}],"collection":[{"href":"https:\/\/vosgesinfo.fr\/remiremontinfo\/wp-json\/wp\/v2\/posts"}],"about":[{"href":"https:\/\/vosgesinfo.fr\/remiremontinfo\/wp-json\/wp\/v2\/types\/post"}],"author":[{"embeddable":true,"href":"https:\/\/vosgesinfo.fr\/remiremontinfo\/wp-json\/wp\/v2\/users\/407"}],"replies":[{"embeddable":true,"href":"https:\/\/vosgesinfo.fr\/remiremontinfo\/wp-json\/wp\/v2\/comments?post=66981"}],"version-history":[{"count":0,"href":"https:\/\/vosgesinfo.fr\/remiremontinfo\/wp-json\/wp\/v2\/posts\/66981\/revisions"}],"wp:featuredmedia":[{"embeddable":true,"href":"https:\/\/vosgesinfo.fr\/remiremontinfo\/wp-json\/wp\/v2\/media\/66982"}],"wp:attachment":[{"href":"https:\/\/vosgesinfo.fr\/remiremontinfo\/wp-json\/wp\/v2\/media?parent=66981"}],"wp:term":[{"taxonomy":"category","embeddable":true,"href":"https:\/\/vosgesinfo.fr\/remiremontinfo\/wp-json\/wp\/v2\/categories?post=66981"},{"taxonomy":"post_tag","embeddable":true,"href":"https:\/\/vosgesinfo.fr\/remiremontinfo\/wp-json\/wp\/v2\/tags?post=66981"}],"curies":[{"name":"wp","href":"https:\/\/api.w.org\/{rel}","templated":true}]}}