{"id":67003,"date":"2023-01-21T07:15:26","date_gmt":"2023-01-21T06:15:26","guid":{"rendered":"https:\/\/vosgesinfo.fr\/remiremontinfo\/2023\/01\/saint-nabord-ceremonie-voeux-lannee-2023\/"},"modified":"2023-01-21T07:15:26","modified_gmt":"2023-01-21T06:15:26","slug":"saint-nabord-ceremonie-voeux-lannee-2023","status":"publish","type":"post","link":"https:\/\/vosgesinfo.fr\/remiremontinfo\/2023\/01\/saint-nabord-ceremonie-voeux-lannee-2023\/","title":{"rendered":"Saint-Nabord : c\u00e9r\u00e9monie des voeux pour l&rsquo;ann\u00e9e 2023"},"content":{"rendered":"<p><a href=\"\/2023\/01\/326751674_541924284634587_748684868079486565_n.jpg\"><img decoding=\"async\" class=\"alignnone size-large wp-image-362397\" src=\"\/2023\/01\/326751674_541924284634587_748684868079486565_n-1024x768.jpg\" alt=\"326751674_541924284634587_748684868079486565_n\" width=\"960\" height=\"720\" \/><\/a><\/p>\n<div dir=\"auto\" style=\"text-align: center;\"><span style=\"font-size: 10pt;\"><em>Communiqu\u00e9 de la Mairie de Saint-Nabord\u00a0<\/em><\/span><\/div>\n<div class=\"x11i5rnm xat24cr x1mh8g0r x1vvkbs xtlvy1s x126k92a\">\n<div dir=\"auto\"><\/div>\n<div dir=\"auto\">Jean-Pierre CALMELS et son \u00e9quipe municipale ont enfin eu le grand plaisir d\u2019accueillir hier soir l\u2019ensemble de la population \u00e0 une c\u00e9r\u00e9monie des v\u0153ux propos\u00e9e dans un format inhabituel : le premier magistrat de la commune a tenu \u00e0 l\u2019occasion de cette premi\u00e8re \u00e9dition \u00e0 partager la vedette avec ses adjoints qui se sont succed\u00e9 sur le devant de la sc\u00e8ne pour pr\u00e9senter les travaux r\u00e9alis\u00e9s, depuis le d\u00e9but du mandat ainsi que leurs projets pour 2023.<\/div>\n<div dir=\"auto\"><\/div>\n<\/div>\n<div class=\"x11i5rnm xat24cr x1mh8g0r x1vvkbs xtlvy1s x126k92a\">\n<div dir=\"auto\">Anim\u00e9 d\u2019une main de ma\u00eetre par Julien BALLAND, 1er Adjoint en charge de la Commission Sports, Associations, Animation et Culture, la soir\u00e9e, entrecoup\u00e9e d\u2019un interm\u00e8de de l\u2019ensemble musical Molto Vivo, s\u2019est poursuivie par une allocution des personnalit\u00e9s officielles.<\/div>\n<\/div>\n<div class=\"x11i5rnm xat24cr x1mh8g0r x1vvkbs xtlvy1s x126k92a\">\n<div dir=\"auto\"><\/div>\n<div dir=\"auto\">Merci \u00e0 <a class=\"x1i10hfl xjbqb8w x6umtig x1b1mbwd xaqea5y xav7gou x9f619 x1ypdohk xt0psk2 xe8uvvx xdj266r x11i5rnm xat24cr x1mh8g0r xexx8yu x4uap5 x18d9i69 xkhd6sd x16tdsg8 x1hl2dhg xggy1nq x1a2a7pz xt0b8zv x1qq9wsj xo1l8bm\" tabindex=\"0\" href=\"https:\/\/www.facebook.com\/ChristopheNaegelenVosges?__cft__[0]=AZW2UPHc3JDTMiyMiw1LJUMMeY52sGE_keOTVcLHU5VWHKJPvqsxB_ePVhwBZ1cEZzXbI34STUMtCEW_HChXZnmjlxAc_BExDEURchXBSK6i3uZL7SQtYtkudIDUOOteFDTLI9PX0R4O5aHEg059HJn-mRMUU4b14sDCB8wCOs-M4bVrH-7rhHf22lw_TVz42-Y&amp;__tn__=-]K-R\"><span class=\"xt0psk2\">Christophe Naegelen<\/span><\/a> d\u00e9put\u00e9 de la 3\u00e8me circonscription des Vosges, Jean Hingray, S\u00e9nateur des Vosges et Val\u00e9rie JANKOWSKI, Conseill\u00e8re d\u00e9partementale d\u2019\u00eatre venus partager cette \u00e9v\u00e9nement avec l\u2019\u00e9quipe municipale et la population.<\/div>\n<\/div>\n<div class=\"x11i5rnm xat24cr x1mh8g0r x1vvkbs xtlvy1s x126k92a\">\n<div dir=\"auto\"><\/div>\n<div dir=\"auto\">Jean-Pierre CALMELS a cl\u00f4tur\u00e9 cette c\u00e9r\u00e9monie par un discours empreint de fiert\u00e9 et d\u2019\u00e9motion dans lequel il a bien s\u00fbr rendu hommage au travail de son \u00e9quipe, rappelant les grands chantiers de cette nouvelle ann\u00e9e, la construction de la future maison m\u00e9dicale, le d\u00e9marrage des travaux de la nouvelle station d\u2019\u00e9puration ainsi que l\u2019implantation d\u2019un stade de pump track sur le site des Perrey, avant de saluer la belle implication des agents communaux, f\u00e9licitant notamment le service des espaces verts pour le magnifique d\u00e9cor r\u00e9alis\u00e9 sur la sc\u00e8ne du centre socioculturel.<\/div>\n<\/div>\n<div class=\"x11i5rnm xat24cr x1mh8g0r x1vvkbs xtlvy1s x126k92a\">\n<div dir=\"auto\"><\/div>\n<div dir=\"auto\">La soir\u00e9e s\u2019est termin\u00e9e dans une ambiance conviviale et chaleureuse autour d\u2019un verre de l\u2019amiti\u00e9, moments privil\u00e9gi\u00e9s pour les \u00e9lus qui ont eu grand plaisir \u00e0 \u00e9changer de fa\u00e7on informelle avec leurs administr\u00e9s&#8230;<\/div>\n<\/div>\n","protected":false},"excerpt":{"rendered":"<p>Communiqu\u00e9 de la Mairie de Saint-Nabord\u00a0 Jean-Pierre CALMELS et son \u00e9quipe municipale ont enfin eu le grand plaisir d\u2019accueillir hier [&hellip;]<\/p>\n","protected":false},"author":407,"featured_media":67004,"comment_status":"open","ping_status":"open","sticky":false,"template":"","format":"standard","meta":{"footnotes":""},"categories":[26,10,35,100],"tags":[42,655,32],"class_list":["post-67003","post","type-post","status-publish","format-standard","has-post-thumbnail","hentry","category-a-la-une","category-politique","category-remiremont-son-canton","category-saint-nabord","tag-saint-nabord","tag-voeux","tag-vosges"],"acf":[],"yoast_head":"<!-- This site is optimized with the Yoast SEO plugin v22.5 - https:\/\/yoast.com\/wordpress\/plugins\/seo\/ -->\n<title>Saint-Nabord : c\u00e9r\u00e9monie des voeux pour l&#039;ann\u00e9e 2023 - Remiremont Info<\/title>\n<meta name=\"robots\" content=\"index, follow, max-snippet:-1, max-image-preview:large, max-video-preview:-1\" \/>\n<link rel=\"canonical\" href=\"https:\/\/vosgesinfo.fr\/remiremontinfo\/2023\/01\/saint-nabord-ceremonie-voeux-lannee-2023\/\" \/>\n<meta name=\"twitter:card\" content=\"summary_large_image\" \/>\n<meta name=\"twitter:title\" content=\"Saint-Nabord : c\u00e9r\u00e9monie des voeux pour l&#039;ann\u00e9e 2023 - Remiremont Info\" \/>\n<meta name=\"twitter:description\" content=\"Communiqu\u00e9 de la Mairie de Saint-Nabord\u00a0 Jean-Pierre CALMELS et son \u00e9quipe municipale ont enfin eu le grand plaisir d\u2019accueillir hier [&hellip;]\" \/>\n<meta name=\"twitter:image\" content=\"https:\/\/vosgesinfo.fr\/app\/uploads\/sites\/5\/2024\/09\/202301326751674-541924284634587-748684868079486565-n.jpg\" \/>\n<meta name=\"twitter:creator\" content=\"@VosgesInfo88\" \/>\n<meta name=\"twitter:site\" content=\"@VosgesInfo88\" \/>\n<meta name=\"twitter:label1\" content=\"\u00c9crit par\" \/>\n\t<meta name=\"twitter:data1\" content=\"C D\" \/>\n\t<meta name=\"twitter:label2\" content=\"Dur\u00e9e de lecture estim\u00e9e\" \/>\n\t<meta name=\"twitter:data2\" content=\"2 minutes\" \/>\n<script type=\"application\/ld+json\" class=\"yoast-schema-graph\">{\"@context\":\"https:\/\/schema.org\",\"@graph\":[{\"@type\":\"Article\",\"@id\":\"https:\/\/vosgesinfo.fr\/remiremontinfo\/2023\/01\/saint-nabord-ceremonie-voeux-lannee-2023\/#article\",\"isPartOf\":{\"@id\":\"https:\/\/vosgesinfo.fr\/remiremontinfo\/2023\/01\/saint-nabord-ceremonie-voeux-lannee-2023\/\"},\"author\":{\"name\":\"C D\",\"@id\":\"https:\/\/vosgesinfo.fr\/remiremontinfo\/#\/schema\/person\/3bfd164d5218a185b1db68655a265316\"},\"headline\":\"Saint-Nabord : c\u00e9r\u00e9monie des voeux pour l&rsquo;ann\u00e9e 2023\",\"datePublished\":\"2023-01-21T06:15:26+00:00\",\"dateModified\":\"2023-01-21T06:15:26+00:00\",\"mainEntityOfPage\":{\"@id\":\"https:\/\/vosgesinfo.fr\/remiremontinfo\/2023\/01\/saint-nabord-ceremonie-voeux-lannee-2023\/\"},\"wordCount\":334,\"commentCount\":0,\"publisher\":{\"@id\":\"https:\/\/vosgesinfo.fr\/remiremontinfo\/#organization\"},\"image\":{\"@id\":\"https:\/\/vosgesinfo.fr\/remiremontinfo\/2023\/01\/saint-nabord-ceremonie-voeux-lannee-2023\/#primaryimage\"},\"thumbnailUrl\":\"https:\/\/vosgesinfo.fr\/app\/uploads\/sites\/5\/2024\/09\/202301326751674-541924284634587-748684868079486565-n.jpg\",\"keywords\":[\"saint-nabord\",\"Voeux\",\"Vosges\"],\"articleSection\":[\"A la Une\",\"Politique\",\"Remiremont &amp; son canton\",\"Saint-Nabord\"],\"inLanguage\":\"fr-FR\",\"potentialAction\":[{\"@type\":\"CommentAction\",\"name\":\"Comment\",\"target\":[\"https:\/\/vosgesinfo.fr\/remiremontinfo\/2023\/01\/saint-nabord-ceremonie-voeux-lannee-2023\/#respond\"]}]},{\"@type\":\"WebPage\",\"@id\":\"https:\/\/vosgesinfo.fr\/remiremontinfo\/2023\/01\/saint-nabord-ceremonie-voeux-lannee-2023\/\",\"url\":\"https:\/\/vosgesinfo.fr\/remiremontinfo\/2023\/01\/saint-nabord-ceremonie-voeux-lannee-2023\/\",\"name\":\"Saint-Nabord : c\u00e9r\u00e9monie des voeux pour l'ann\u00e9e 2023 - Remiremont Info\",\"isPartOf\":{\"@id\":\"https:\/\/vosgesinfo.fr\/remiremontinfo\/#website\"},\"primaryImageOfPage\":{\"@id\":\"https:\/\/vosgesinfo.fr\/remiremontinfo\/2023\/01\/saint-nabord-ceremonie-voeux-lannee-2023\/#primaryimage\"},\"image\":{\"@id\":\"https:\/\/vosgesinfo.fr\/remiremontinfo\/2023\/01\/saint-nabord-ceremonie-voeux-lannee-2023\/#primaryimage\"},\"thumbnailUrl\":\"https:\/\/vosgesinfo.fr\/app\/uploads\/sites\/5\/2024\/09\/202301326751674-541924284634587-748684868079486565-n.jpg\",\"datePublished\":\"2023-01-21T06:15:26+00:00\",\"dateModified\":\"2023-01-21T06:15:26+00:00\",\"breadcrumb\":{\"@id\":\"https:\/\/vosgesinfo.fr\/remiremontinfo\/2023\/01\/saint-nabord-ceremonie-voeux-lannee-2023\/#breadcrumb\"},\"inLanguage\":\"fr-FR\",\"potentialAction\":[{\"@type\":\"ReadAction\",\"target\":[\"https:\/\/vosgesinfo.fr\/remiremontinfo\/2023\/01\/saint-nabord-ceremonie-voeux-lannee-2023\/\"]}]},{\"@type\":\"ImageObject\",\"inLanguage\":\"fr-FR\",\"@id\":\"https:\/\/vosgesinfo.fr\/remiremontinfo\/2023\/01\/saint-nabord-ceremonie-voeux-lannee-2023\/#primaryimage\",\"url\":\"https:\/\/vosgesinfo.fr\/app\/uploads\/sites\/5\/2024\/09\/202301326751674-541924284634587-748684868079486565-n.jpg\",\"contentUrl\":\"https:\/\/vosgesinfo.fr\/app\/uploads\/sites\/5\/2024\/09\/202301326751674-541924284634587-748684868079486565-n.jpg\",\"width\":2048,\"height\":1536},{\"@type\":\"BreadcrumbList\",\"@id\":\"https:\/\/vosgesinfo.fr\/remiremontinfo\/2023\/01\/saint-nabord-ceremonie-voeux-lannee-2023\/#breadcrumb\",\"itemListElement\":[{\"@type\":\"ListItem\",\"position\":1,\"name\":\"Home\",\"item\":\"https:\/\/vosgesinfo.fr\/remiremontinfo\/\"},{\"@type\":\"ListItem\",\"position\":2,\"name\":\"Saint-Nabord : c\u00e9r\u00e9monie des voeux pour l&rsquo;ann\u00e9e 2023\"}]},{\"@type\":\"WebSite\",\"@id\":\"https:\/\/vosgesinfo.fr\/remiremontinfo\/#website\",\"url\":\"https:\/\/vosgesinfo.fr\/remiremontinfo\/\",\"name\":\"Remiremont Info\",\"description\":\"Toute l&#039;actualit\u00e9 de Remiremont\",\"publisher\":{\"@id\":\"https:\/\/vosgesinfo.fr\/remiremontinfo\/#organization\"},\"alternateName\":\"Toute l'actualit\u00e9 de Remiremont\",\"potentialAction\":[{\"@type\":\"SearchAction\",\"target\":{\"@type\":\"EntryPoint\",\"urlTemplate\":\"https:\/\/vosgesinfo.fr\/remiremontinfo\/?s={search_term_string}\"},\"query-input\":\"required name=search_term_string\"}],\"inLanguage\":\"fr-FR\"},{\"@type\":\"Organization\",\"@id\":\"https:\/\/vosgesinfo.fr\/remiremontinfo\/#organization\",\"name\":\"Remiremont Info\",\"url\":\"https:\/\/vosgesinfo.fr\/remiremontinfo\/\",\"logo\":{\"@type\":\"ImageObject\",\"inLanguage\":\"fr-FR\",\"@id\":\"https:\/\/vosgesinfo.fr\/remiremontinfo\/#\/schema\/logo\/image\/\",\"url\":\"https:\/\/vosgesinfo.fr\/app\/uploads\/sites\/5\/2023\/08\/favicon-remiremontinfo.png\",\"contentUrl\":\"https:\/\/vosgesinfo.fr\/app\/uploads\/sites\/5\/2023\/08\/favicon-remiremontinfo.png\",\"width\":512,\"height\":512,\"caption\":\"Remiremont Info\"},\"image\":{\"@id\":\"https:\/\/vosgesinfo.fr\/remiremontinfo\/#\/schema\/logo\/image\/\"},\"sameAs\":[\"https:\/\/www.facebook.com\/remiremontinfo\",\"https:\/\/x.com\/VosgesInfo88\",\"https:\/\/www.youtube.com\/@vosgesinfo\"]},{\"@type\":\"Person\",\"@id\":\"https:\/\/vosgesinfo.fr\/remiremontinfo\/#\/schema\/person\/3bfd164d5218a185b1db68655a265316\",\"name\":\"C D\",\"image\":{\"@type\":\"ImageObject\",\"inLanguage\":\"fr-FR\",\"@id\":\"https:\/\/vosgesinfo.fr\/remiremontinfo\/#\/schema\/person\/image\/\",\"url\":\"https:\/\/secure.gravatar.com\/avatar\/1f9a70007336511a47468b8f1c66f922b8b7cf617b02a31149ada43893a5d48f?s=96&d=mm&r=g\",\"contentUrl\":\"https:\/\/secure.gravatar.com\/avatar\/1f9a70007336511a47468b8f1c66f922b8b7cf617b02a31149ada43893a5d48f?s=96&d=mm&r=g\",\"caption\":\"C D\"},\"url\":\"https:\/\/vosgesinfo.fr\/remiremontinfo\/author\/cedric-drevet\/\"}]}<\/script>\n<!-- \/ Yoast SEO plugin. -->","yoast_head_json":{"title":"Saint-Nabord : c\u00e9r\u00e9monie des voeux pour l'ann\u00e9e 2023 - Remiremont Info","robots":{"index":"index","follow":"follow","max-snippet":"max-snippet:-1","max-image-preview":"max-image-preview:large","max-video-preview":"max-video-preview:-1"},"canonical":"https:\/\/vosgesinfo.fr\/remiremontinfo\/2023\/01\/saint-nabord-ceremonie-voeux-lannee-2023\/","twitter_card":"summary_large_image","twitter_title":"Saint-Nabord : c\u00e9r\u00e9monie des voeux pour l'ann\u00e9e 2023 - Remiremont Info","twitter_description":"Communiqu\u00e9 de la Mairie de Saint-Nabord\u00a0 Jean-Pierre CALMELS et son \u00e9quipe municipale ont enfin eu le grand plaisir d\u2019accueillir hier [&hellip;]","twitter_image":"https:\/\/vosgesinfo.fr\/app\/uploads\/sites\/5\/2024\/09\/202301326751674-541924284634587-748684868079486565-n.jpg","twitter_creator":"@VosgesInfo88","twitter_site":"@VosgesInfo88","twitter_misc":{"\u00c9crit par":"C D","Dur\u00e9e de lecture estim\u00e9e":"2 minutes"},"schema":{"@context":"https:\/\/schema.org","@graph":[{"@type":"Article","@id":"https:\/\/vosgesinfo.fr\/remiremontinfo\/2023\/01\/saint-nabord-ceremonie-voeux-lannee-2023\/#article","isPartOf":{"@id":"https:\/\/vosgesinfo.fr\/remiremontinfo\/2023\/01\/saint-nabord-ceremonie-voeux-lannee-2023\/"},"author":{"name":"C D","@id":"https:\/\/vosgesinfo.fr\/remiremontinfo\/#\/schema\/person\/3bfd164d5218a185b1db68655a265316"},"headline":"Saint-Nabord : c\u00e9r\u00e9monie des voeux pour l&rsquo;ann\u00e9e 2023","datePublished":"2023-01-21T06:15:26+00:00","dateModified":"2023-01-21T06:15:26+00:00","mainEntityOfPage":{"@id":"https:\/\/vosgesinfo.fr\/remiremontinfo\/2023\/01\/saint-nabord-ceremonie-voeux-lannee-2023\/"},"wordCount":334,"commentCount":0,"publisher":{"@id":"https:\/\/vosgesinfo.fr\/remiremontinfo\/#organization"},"image":{"@id":"https:\/\/vosgesinfo.fr\/remiremontinfo\/2023\/01\/saint-nabord-ceremonie-voeux-lannee-2023\/#primaryimage"},"thumbnailUrl":"https:\/\/vosgesinfo.fr\/app\/uploads\/sites\/5\/2024\/09\/202301326751674-541924284634587-748684868079486565-n.jpg","keywords":["saint-nabord","Voeux","Vosges"],"articleSection":["A la Une","Politique","Remiremont &amp; son canton","Saint-Nabord"],"inLanguage":"fr-FR","potentialAction":[{"@type":"CommentAction","name":"Comment","target":["https:\/\/vosgesinfo.fr\/remiremontinfo\/2023\/01\/saint-nabord-ceremonie-voeux-lannee-2023\/#respond"]}]},{"@type":"WebPage","@id":"https:\/\/vosgesinfo.fr\/remiremontinfo\/2023\/01\/saint-nabord-ceremonie-voeux-lannee-2023\/","url":"https:\/\/vosgesinfo.fr\/remiremontinfo\/2023\/01\/saint-nabord-ceremonie-voeux-lannee-2023\/","name":"Saint-Nabord : c\u00e9r\u00e9monie des voeux pour l'ann\u00e9e 2023 - Remiremont Info","isPartOf":{"@id":"https:\/\/vosgesinfo.fr\/remiremontinfo\/#website"},"primaryImageOfPage":{"@id":"https:\/\/vosgesinfo.fr\/remiremontinfo\/2023\/01\/saint-nabord-ceremonie-voeux-lannee-2023\/#primaryimage"},"image":{"@id":"https:\/\/vosgesinfo.fr\/remiremontinfo\/2023\/01\/saint-nabord-ceremonie-voeux-lannee-2023\/#primaryimage"},"thumbnailUrl":"https:\/\/vosgesinfo.fr\/app\/uploads\/sites\/5\/2024\/09\/202301326751674-541924284634587-748684868079486565-n.jpg","datePublished":"2023-01-21T06:15:26+00:00","dateModified":"2023-01-21T06:15:26+00:00","breadcrumb":{"@id":"https:\/\/vosgesinfo.fr\/remiremontinfo\/2023\/01\/saint-nabord-ceremonie-voeux-lannee-2023\/#breadcrumb"},"inLanguage":"fr-FR","potentialAction":[{"@type":"ReadAction","target":["https:\/\/vosgesinfo.fr\/remiremontinfo\/2023\/01\/saint-nabord-ceremonie-voeux-lannee-2023\/"]}]},{"@type":"ImageObject","inLanguage":"fr-FR","@id":"https:\/\/vosgesinfo.fr\/remiremontinfo\/2023\/01\/saint-nabord-ceremonie-voeux-lannee-2023\/#primaryimage","url":"https:\/\/vosgesinfo.fr\/app\/uploads\/sites\/5\/2024\/09\/202301326751674-541924284634587-748684868079486565-n.jpg","contentUrl":"https:\/\/vosgesinfo.fr\/app\/uploads\/sites\/5\/2024\/09\/202301326751674-541924284634587-748684868079486565-n.jpg","width":2048,"height":1536},{"@type":"BreadcrumbList","@id":"https:\/\/vosgesinfo.fr\/remiremontinfo\/2023\/01\/saint-nabord-ceremonie-voeux-lannee-2023\/#breadcrumb","itemListElement":[{"@type":"ListItem","position":1,"name":"Home","item":"https:\/\/vosgesinfo.fr\/remiremontinfo\/"},{"@type":"ListItem","position":2,"name":"Saint-Nabord : c\u00e9r\u00e9monie des voeux pour l&rsquo;ann\u00e9e 2023"}]},{"@type":"WebSite","@id":"https:\/\/vosgesinfo.fr\/remiremontinfo\/#website","url":"https:\/\/vosgesinfo.fr\/remiremontinfo\/","name":"Remiremont Info","description":"Toute l&#039;actualit\u00e9 de Remiremont","publisher":{"@id":"https:\/\/vosgesinfo.fr\/remiremontinfo\/#organization"},"alternateName":"Toute l'actualit\u00e9 de Remiremont","potentialAction":[{"@type":"SearchAction","target":{"@type":"EntryPoint","urlTemplate":"https:\/\/vosgesinfo.fr\/remiremontinfo\/?s={search_term_string}"},"query-input":"required name=search_term_string"}],"inLanguage":"fr-FR"},{"@type":"Organization","@id":"https:\/\/vosgesinfo.fr\/remiremontinfo\/#organization","name":"Remiremont Info","url":"https:\/\/vosgesinfo.fr\/remiremontinfo\/","logo":{"@type":"ImageObject","inLanguage":"fr-FR","@id":"https:\/\/vosgesinfo.fr\/remiremontinfo\/#\/schema\/logo\/image\/","url":"https:\/\/vosgesinfo.fr\/app\/uploads\/sites\/5\/2023\/08\/favicon-remiremontinfo.png","contentUrl":"https:\/\/vosgesinfo.fr\/app\/uploads\/sites\/5\/2023\/08\/favicon-remiremontinfo.png","width":512,"height":512,"caption":"Remiremont Info"},"image":{"@id":"https:\/\/vosgesinfo.fr\/remiremontinfo\/#\/schema\/logo\/image\/"},"sameAs":["https:\/\/www.facebook.com\/remiremontinfo","https:\/\/x.com\/VosgesInfo88","https:\/\/www.youtube.com\/@vosgesinfo"]},{"@type":"Person","@id":"https:\/\/vosgesinfo.fr\/remiremontinfo\/#\/schema\/person\/3bfd164d5218a185b1db68655a265316","name":"C D","image":{"@type":"ImageObject","inLanguage":"fr-FR","@id":"https:\/\/vosgesinfo.fr\/remiremontinfo\/#\/schema\/person\/image\/","url":"https:\/\/secure.gravatar.com\/avatar\/1f9a70007336511a47468b8f1c66f922b8b7cf617b02a31149ada43893a5d48f?s=96&d=mm&r=g","contentUrl":"https:\/\/secure.gravatar.com\/avatar\/1f9a70007336511a47468b8f1c66f922b8b7cf617b02a31149ada43893a5d48f?s=96&d=mm&r=g","caption":"C D"},"url":"https:\/\/vosgesinfo.fr\/remiremontinfo\/author\/cedric-drevet\/"}]}},"_links":{"self":[{"href":"https:\/\/vosgesinfo.fr\/remiremontinfo\/wp-json\/wp\/v2\/posts\/67003","targetHints":{"allow":["GET"]}}],"collection":[{"href":"https:\/\/vosgesinfo.fr\/remiremontinfo\/wp-json\/wp\/v2\/posts"}],"about":[{"href":"https:\/\/vosgesinfo.fr\/remiremontinfo\/wp-json\/wp\/v2\/types\/post"}],"author":[{"embeddable":true,"href":"https:\/\/vosgesinfo.fr\/remiremontinfo\/wp-json\/wp\/v2\/users\/407"}],"replies":[{"embeddable":true,"href":"https:\/\/vosgesinfo.fr\/remiremontinfo\/wp-json\/wp\/v2\/comments?post=67003"}],"version-history":[{"count":0,"href":"https:\/\/vosgesinfo.fr\/remiremontinfo\/wp-json\/wp\/v2\/posts\/67003\/revisions"}],"wp:featuredmedia":[{"embeddable":true,"href":"https:\/\/vosgesinfo.fr\/remiremontinfo\/wp-json\/wp\/v2\/media\/67004"}],"wp:attachment":[{"href":"https:\/\/vosgesinfo.fr\/remiremontinfo\/wp-json\/wp\/v2\/media?parent=67003"}],"wp:term":[{"taxonomy":"category","embeddable":true,"href":"https:\/\/vosgesinfo.fr\/remiremontinfo\/wp-json\/wp\/v2\/categories?post=67003"},{"taxonomy":"post_tag","embeddable":true,"href":"https:\/\/vosgesinfo.fr\/remiremontinfo\/wp-json\/wp\/v2\/tags?post=67003"}],"curies":[{"name":"wp","href":"https:\/\/api.w.org\/{rel}","templated":true}]}}