{"id":67005,"date":"2023-01-23T10:37:42","date_gmt":"2023-01-23T09:37:42","guid":{"rendered":"https:\/\/vosgesinfo.fr\/remiremontinfo\/2023\/01\/remiremont-arnaud-claire-expose-a-mediatheque-preambule-de-26eme-semaine-de-photo\/"},"modified":"2023-01-23T10:37:42","modified_gmt":"2023-01-23T09:37:42","slug":"remiremont-arnaud-claire-expose-a-mediatheque-preambule-de-26eme-semaine-de-photo","status":"publish","type":"post","link":"https:\/\/vosgesinfo.fr\/remiremontinfo\/2023\/01\/remiremont-arnaud-claire-expose-a-mediatheque-preambule-de-26eme-semaine-de-photo\/","title":{"rendered":"Remiremont : Arnaud Claire expose \u00e0 la M\u00e9diath\u00e8que en pr\u00e9ambule de la 26\u00e8me semaine de la photo"},"content":{"rendered":"<h2><a href=\"\/2023\/01\/327149198_769866134469358_1198097365320228838_n.jpg\"><img decoding=\"async\" class=\"alignnone size-large wp-image-362423\" src=\"\/2023\/01\/327149198_769866134469358_1198097365320228838_n-724x1024.jpg\" alt=\"327149198_769866134469358_1198097365320228838_n\" width=\"724\" height=\"1024\" \/><\/a><\/h2>\n<h2><span style=\"font-size: 12pt;\"><strong>En pr\u00e9ambule de la 26\u00e8me Semaine de la Photographie, l&rsquo;\u00e9quipe de la\u00a0<a class=\"x1i10hfl xjbqb8w x6umtig x1b1mbwd xaqea5y xav7gou x9f619 x1ypdohk xt0psk2 xe8uvvx xdj266r x11i5rnm xat24cr x1mh8g0r xexx8yu x4uap5 x18d9i69 xkhd6sd x16tdsg8 x1hl2dhg xggy1nq x1a2a7pz xt0b8zv xzsf02u x1s688f\" tabindex=\"0\" href=\"https:\/\/www.facebook.com\/Mediatheque.Le.Cercle?__cft__[0]=AZU9b0yNf_4-f18NorVXZRLDy3IFvVBrhgE47OWO5zOqutIfHIFr3CdqqZ59htY3e1noKQDFK8Ia5LC1pHQYihiaLY13HKWQnHU0Zwu8CT47RybFkKLhUurvtrE7u9yoErGdwopPj3IiCUTXoPXdyPy5CTz2uyNGS7B3hTPb2J6pbEs_CCjRv-x4PvxK7Xmgp6s&amp;__tn__=-]K*F\"><span class=\"xt0psk2\">M\u00e9diath\u00e8que intercommunale Le Cercle<\/span><\/a>, situ\u00e9e 1 place Jules M\u00e9line, accueille Arnaud Claire pour l\u2019exposition \u00ab B\u00e9ance \u00bb, du jeudi 26 janvier au samedi 11 f\u00e9vrier 2023.\u00a0<\/strong><\/span><\/h2>\n<p>Entr\u00e9e libre \u2013 visite de groupe sur rendez-vous. L\u2019artiste y proposera une s\u00e9lection de clich\u00e9s de cette for\u00eat qu\u2019il appr\u00e9cie au c\u0153ur du Massif des Vosges. Venez d\u00e9couvrir cette ouverture aux \u00eatres qui peuplent la Terre et reconnaissance de leur insondable myst\u00e8re.<\/p>\n<p><span style=\"font-size: 10pt;\"><em>Source : Mairie de Remiremont\u00a0<\/em><\/span><\/p>\n","protected":false},"excerpt":{"rendered":"<p>En pr\u00e9ambule de la 26\u00e8me Semaine de la Photographie, l&rsquo;\u00e9quipe de la\u00a0M\u00e9diath\u00e8que intercommunale Le Cercle, situ\u00e9e 1 place Jules M\u00e9line, [&hellip;]<\/p>\n","protected":false},"author":407,"featured_media":67006,"comment_status":"open","ping_status":"open","sticky":false,"template":"","format":"standard","meta":{"footnotes":""},"categories":[26,4,1556,35],"tags":[5413,2756,787,44,32],"class_list":["post-67005","post","type-post","status-publish","format-standard","has-post-thumbnail","hentry","category-a-la-une","category-culture","category-remiremont-remiremont-son-canton-2","category-remiremont-son-canton","tag-arnaud-claire","tag-expo","tag-photo","tag-remiremont","tag-vosges"],"acf":[],"yoast_head":"<!-- This site is optimized with the Yoast SEO plugin v22.5 - https:\/\/yoast.com\/wordpress\/plugins\/seo\/ -->\n<title>Remiremont : Arnaud Claire expose \u00e0 la M\u00e9diath\u00e8que en pr\u00e9ambule de la 26\u00e8me semaine de la photo - Remiremont Info<\/title>\n<meta name=\"robots\" content=\"index, follow, max-snippet:-1, max-image-preview:large, max-video-preview:-1\" \/>\n<link rel=\"canonical\" href=\"https:\/\/vosgesinfo.fr\/remiremontinfo\/2023\/01\/remiremont-arnaud-claire-expose-a-mediatheque-preambule-de-26eme-semaine-de-photo\/\" \/>\n<meta name=\"twitter:card\" content=\"summary_large_image\" \/>\n<meta name=\"twitter:title\" content=\"Remiremont : Arnaud Claire expose \u00e0 la M\u00e9diath\u00e8que en pr\u00e9ambule de la 26\u00e8me semaine de la photo - Remiremont Info\" \/>\n<meta name=\"twitter:description\" content=\"En pr\u00e9ambule de la 26\u00e8me Semaine de la Photographie, l&rsquo;\u00e9quipe de la\u00a0M\u00e9diath\u00e8que intercommunale Le Cercle, situ\u00e9e 1 place Jules M\u00e9line, [&hellip;]\" \/>\n<meta name=\"twitter:image\" content=\"https:\/\/vosgesinfo.fr\/app\/uploads\/sites\/5\/2024\/09\/202301327149198-769866134469358-1198097365320228838-n.jpg\" \/>\n<meta name=\"twitter:creator\" content=\"@VosgesInfo88\" \/>\n<meta name=\"twitter:site\" content=\"@VosgesInfo88\" \/>\n<meta name=\"twitter:label1\" content=\"\u00c9crit par\" \/>\n\t<meta name=\"twitter:data1\" content=\"C D\" \/>\n<script type=\"application\/ld+json\" class=\"yoast-schema-graph\">{\"@context\":\"https:\/\/schema.org\",\"@graph\":[{\"@type\":\"Article\",\"@id\":\"https:\/\/vosgesinfo.fr\/remiremontinfo\/2023\/01\/remiremont-arnaud-claire-expose-a-mediatheque-preambule-de-26eme-semaine-de-photo\/#article\",\"isPartOf\":{\"@id\":\"https:\/\/vosgesinfo.fr\/remiremontinfo\/2023\/01\/remiremont-arnaud-claire-expose-a-mediatheque-preambule-de-26eme-semaine-de-photo\/\"},\"author\":{\"name\":\"C D\",\"@id\":\"https:\/\/vosgesinfo.fr\/remiremontinfo\/#\/schema\/person\/3bfd164d5218a185b1db68655a265316\"},\"headline\":\"Remiremont : Arnaud Claire expose \u00e0 la M\u00e9diath\u00e8que en pr\u00e9ambule de la 26\u00e8me semaine de la photo\",\"datePublished\":\"2023-01-23T09:37:42+00:00\",\"dateModified\":\"2023-01-23T09:37:42+00:00\",\"mainEntityOfPage\":{\"@id\":\"https:\/\/vosgesinfo.fr\/remiremontinfo\/2023\/01\/remiremont-arnaud-claire-expose-a-mediatheque-preambule-de-26eme-semaine-de-photo\/\"},\"wordCount\":114,\"commentCount\":0,\"publisher\":{\"@id\":\"https:\/\/vosgesinfo.fr\/remiremontinfo\/#organization\"},\"image\":{\"@id\":\"https:\/\/vosgesinfo.fr\/remiremontinfo\/2023\/01\/remiremont-arnaud-claire-expose-a-mediatheque-preambule-de-26eme-semaine-de-photo\/#primaryimage\"},\"thumbnailUrl\":\"https:\/\/vosgesinfo.fr\/app\/uploads\/sites\/5\/2024\/09\/202301327149198-769866134469358-1198097365320228838-n.jpg\",\"keywords\":[\"arnaud claire\",\"Expo\",\"Photo\",\"remiremont\",\"Vosges\"],\"articleSection\":[\"A la Une\",\"Culture\",\"Remiremont\",\"Remiremont &amp; son canton\"],\"inLanguage\":\"fr-FR\",\"potentialAction\":[{\"@type\":\"CommentAction\",\"name\":\"Comment\",\"target\":[\"https:\/\/vosgesinfo.fr\/remiremontinfo\/2023\/01\/remiremont-arnaud-claire-expose-a-mediatheque-preambule-de-26eme-semaine-de-photo\/#respond\"]}]},{\"@type\":\"WebPage\",\"@id\":\"https:\/\/vosgesinfo.fr\/remiremontinfo\/2023\/01\/remiremont-arnaud-claire-expose-a-mediatheque-preambule-de-26eme-semaine-de-photo\/\",\"url\":\"https:\/\/vosgesinfo.fr\/remiremontinfo\/2023\/01\/remiremont-arnaud-claire-expose-a-mediatheque-preambule-de-26eme-semaine-de-photo\/\",\"name\":\"Remiremont : Arnaud Claire expose \u00e0 la M\u00e9diath\u00e8que en pr\u00e9ambule de la 26\u00e8me semaine de la photo - Remiremont Info\",\"isPartOf\":{\"@id\":\"https:\/\/vosgesinfo.fr\/remiremontinfo\/#website\"},\"primaryImageOfPage\":{\"@id\":\"https:\/\/vosgesinfo.fr\/remiremontinfo\/2023\/01\/remiremont-arnaud-claire-expose-a-mediatheque-preambule-de-26eme-semaine-de-photo\/#primaryimage\"},\"image\":{\"@id\":\"https:\/\/vosgesinfo.fr\/remiremontinfo\/2023\/01\/remiremont-arnaud-claire-expose-a-mediatheque-preambule-de-26eme-semaine-de-photo\/#primaryimage\"},\"thumbnailUrl\":\"https:\/\/vosgesinfo.fr\/app\/uploads\/sites\/5\/2024\/09\/202301327149198-769866134469358-1198097365320228838-n.jpg\",\"datePublished\":\"2023-01-23T09:37:42+00:00\",\"dateModified\":\"2023-01-23T09:37:42+00:00\",\"breadcrumb\":{\"@id\":\"https:\/\/vosgesinfo.fr\/remiremontinfo\/2023\/01\/remiremont-arnaud-claire-expose-a-mediatheque-preambule-de-26eme-semaine-de-photo\/#breadcrumb\"},\"inLanguage\":\"fr-FR\",\"potentialAction\":[{\"@type\":\"ReadAction\",\"target\":[\"https:\/\/vosgesinfo.fr\/remiremontinfo\/2023\/01\/remiremont-arnaud-claire-expose-a-mediatheque-preambule-de-26eme-semaine-de-photo\/\"]}]},{\"@type\":\"ImageObject\",\"inLanguage\":\"fr-FR\",\"@id\":\"https:\/\/vosgesinfo.fr\/remiremontinfo\/2023\/01\/remiremont-arnaud-claire-expose-a-mediatheque-preambule-de-26eme-semaine-de-photo\/#primaryimage\",\"url\":\"https:\/\/vosgesinfo.fr\/app\/uploads\/sites\/5\/2024\/09\/202301327149198-769866134469358-1198097365320228838-n.jpg\",\"contentUrl\":\"https:\/\/vosgesinfo.fr\/app\/uploads\/sites\/5\/2024\/09\/202301327149198-769866134469358-1198097365320228838-n.jpg\",\"width\":1414,\"height\":2000},{\"@type\":\"BreadcrumbList\",\"@id\":\"https:\/\/vosgesinfo.fr\/remiremontinfo\/2023\/01\/remiremont-arnaud-claire-expose-a-mediatheque-preambule-de-26eme-semaine-de-photo\/#breadcrumb\",\"itemListElement\":[{\"@type\":\"ListItem\",\"position\":1,\"name\":\"Home\",\"item\":\"https:\/\/vosgesinfo.fr\/remiremontinfo\/\"},{\"@type\":\"ListItem\",\"position\":2,\"name\":\"Remiremont : Arnaud Claire expose \u00e0 la M\u00e9diath\u00e8que en pr\u00e9ambule de la 26\u00e8me semaine de la photo\"}]},{\"@type\":\"WebSite\",\"@id\":\"https:\/\/vosgesinfo.fr\/remiremontinfo\/#website\",\"url\":\"https:\/\/vosgesinfo.fr\/remiremontinfo\/\",\"name\":\"Remiremont Info\",\"description\":\"Toute l&#039;actualit\u00e9 de Remiremont\",\"publisher\":{\"@id\":\"https:\/\/vosgesinfo.fr\/remiremontinfo\/#organization\"},\"alternateName\":\"Toute l'actualit\u00e9 de Remiremont\",\"potentialAction\":[{\"@type\":\"SearchAction\",\"target\":{\"@type\":\"EntryPoint\",\"urlTemplate\":\"https:\/\/vosgesinfo.fr\/remiremontinfo\/?s={search_term_string}\"},\"query-input\":\"required name=search_term_string\"}],\"inLanguage\":\"fr-FR\"},{\"@type\":\"Organization\",\"@id\":\"https:\/\/vosgesinfo.fr\/remiremontinfo\/#organization\",\"name\":\"Remiremont Info\",\"url\":\"https:\/\/vosgesinfo.fr\/remiremontinfo\/\",\"logo\":{\"@type\":\"ImageObject\",\"inLanguage\":\"fr-FR\",\"@id\":\"https:\/\/vosgesinfo.fr\/remiremontinfo\/#\/schema\/logo\/image\/\",\"url\":\"https:\/\/vosgesinfo.fr\/app\/uploads\/sites\/5\/2023\/08\/favicon-remiremontinfo.png\",\"contentUrl\":\"https:\/\/vosgesinfo.fr\/app\/uploads\/sites\/5\/2023\/08\/favicon-remiremontinfo.png\",\"width\":512,\"height\":512,\"caption\":\"Remiremont Info\"},\"image\":{\"@id\":\"https:\/\/vosgesinfo.fr\/remiremontinfo\/#\/schema\/logo\/image\/\"},\"sameAs\":[\"https:\/\/www.facebook.com\/remiremontinfo\",\"https:\/\/x.com\/VosgesInfo88\",\"https:\/\/www.youtube.com\/@vosgesinfo\"]},{\"@type\":\"Person\",\"@id\":\"https:\/\/vosgesinfo.fr\/remiremontinfo\/#\/schema\/person\/3bfd164d5218a185b1db68655a265316\",\"name\":\"C D\",\"image\":{\"@type\":\"ImageObject\",\"inLanguage\":\"fr-FR\",\"@id\":\"https:\/\/vosgesinfo.fr\/remiremontinfo\/#\/schema\/person\/image\/\",\"url\":\"https:\/\/secure.gravatar.com\/avatar\/1f9a70007336511a47468b8f1c66f922b8b7cf617b02a31149ada43893a5d48f?s=96&d=mm&r=g\",\"contentUrl\":\"https:\/\/secure.gravatar.com\/avatar\/1f9a70007336511a47468b8f1c66f922b8b7cf617b02a31149ada43893a5d48f?s=96&d=mm&r=g\",\"caption\":\"C D\"},\"url\":\"https:\/\/vosgesinfo.fr\/remiremontinfo\/author\/cedric-drevet\/\"}]}<\/script>\n<!-- \/ Yoast SEO plugin. -->","yoast_head_json":{"title":"Remiremont : Arnaud Claire expose \u00e0 la M\u00e9diath\u00e8que en pr\u00e9ambule de la 26\u00e8me semaine de la photo - Remiremont Info","robots":{"index":"index","follow":"follow","max-snippet":"max-snippet:-1","max-image-preview":"max-image-preview:large","max-video-preview":"max-video-preview:-1"},"canonical":"https:\/\/vosgesinfo.fr\/remiremontinfo\/2023\/01\/remiremont-arnaud-claire-expose-a-mediatheque-preambule-de-26eme-semaine-de-photo\/","twitter_card":"summary_large_image","twitter_title":"Remiremont : Arnaud Claire expose \u00e0 la M\u00e9diath\u00e8que en pr\u00e9ambule de la 26\u00e8me semaine de la photo - Remiremont Info","twitter_description":"En pr\u00e9ambule de la 26\u00e8me Semaine de la Photographie, l&rsquo;\u00e9quipe de la\u00a0M\u00e9diath\u00e8que intercommunale Le Cercle, situ\u00e9e 1 place Jules M\u00e9line, [&hellip;]","twitter_image":"https:\/\/vosgesinfo.fr\/app\/uploads\/sites\/5\/2024\/09\/202301327149198-769866134469358-1198097365320228838-n.jpg","twitter_creator":"@VosgesInfo88","twitter_site":"@VosgesInfo88","twitter_misc":{"\u00c9crit par":"C D"},"schema":{"@context":"https:\/\/schema.org","@graph":[{"@type":"Article","@id":"https:\/\/vosgesinfo.fr\/remiremontinfo\/2023\/01\/remiremont-arnaud-claire-expose-a-mediatheque-preambule-de-26eme-semaine-de-photo\/#article","isPartOf":{"@id":"https:\/\/vosgesinfo.fr\/remiremontinfo\/2023\/01\/remiremont-arnaud-claire-expose-a-mediatheque-preambule-de-26eme-semaine-de-photo\/"},"author":{"name":"C D","@id":"https:\/\/vosgesinfo.fr\/remiremontinfo\/#\/schema\/person\/3bfd164d5218a185b1db68655a265316"},"headline":"Remiremont : Arnaud Claire expose \u00e0 la M\u00e9diath\u00e8que en pr\u00e9ambule de la 26\u00e8me semaine de la photo","datePublished":"2023-01-23T09:37:42+00:00","dateModified":"2023-01-23T09:37:42+00:00","mainEntityOfPage":{"@id":"https:\/\/vosgesinfo.fr\/remiremontinfo\/2023\/01\/remiremont-arnaud-claire-expose-a-mediatheque-preambule-de-26eme-semaine-de-photo\/"},"wordCount":114,"commentCount":0,"publisher":{"@id":"https:\/\/vosgesinfo.fr\/remiremontinfo\/#organization"},"image":{"@id":"https:\/\/vosgesinfo.fr\/remiremontinfo\/2023\/01\/remiremont-arnaud-claire-expose-a-mediatheque-preambule-de-26eme-semaine-de-photo\/#primaryimage"},"thumbnailUrl":"https:\/\/vosgesinfo.fr\/app\/uploads\/sites\/5\/2024\/09\/202301327149198-769866134469358-1198097365320228838-n.jpg","keywords":["arnaud claire","Expo","Photo","remiremont","Vosges"],"articleSection":["A la Une","Culture","Remiremont","Remiremont &amp; son canton"],"inLanguage":"fr-FR","potentialAction":[{"@type":"CommentAction","name":"Comment","target":["https:\/\/vosgesinfo.fr\/remiremontinfo\/2023\/01\/remiremont-arnaud-claire-expose-a-mediatheque-preambule-de-26eme-semaine-de-photo\/#respond"]}]},{"@type":"WebPage","@id":"https:\/\/vosgesinfo.fr\/remiremontinfo\/2023\/01\/remiremont-arnaud-claire-expose-a-mediatheque-preambule-de-26eme-semaine-de-photo\/","url":"https:\/\/vosgesinfo.fr\/remiremontinfo\/2023\/01\/remiremont-arnaud-claire-expose-a-mediatheque-preambule-de-26eme-semaine-de-photo\/","name":"Remiremont : Arnaud Claire expose \u00e0 la M\u00e9diath\u00e8que en pr\u00e9ambule de la 26\u00e8me semaine de la photo - Remiremont Info","isPartOf":{"@id":"https:\/\/vosgesinfo.fr\/remiremontinfo\/#website"},"primaryImageOfPage":{"@id":"https:\/\/vosgesinfo.fr\/remiremontinfo\/2023\/01\/remiremont-arnaud-claire-expose-a-mediatheque-preambule-de-26eme-semaine-de-photo\/#primaryimage"},"image":{"@id":"https:\/\/vosgesinfo.fr\/remiremontinfo\/2023\/01\/remiremont-arnaud-claire-expose-a-mediatheque-preambule-de-26eme-semaine-de-photo\/#primaryimage"},"thumbnailUrl":"https:\/\/vosgesinfo.fr\/app\/uploads\/sites\/5\/2024\/09\/202301327149198-769866134469358-1198097365320228838-n.jpg","datePublished":"2023-01-23T09:37:42+00:00","dateModified":"2023-01-23T09:37:42+00:00","breadcrumb":{"@id":"https:\/\/vosgesinfo.fr\/remiremontinfo\/2023\/01\/remiremont-arnaud-claire-expose-a-mediatheque-preambule-de-26eme-semaine-de-photo\/#breadcrumb"},"inLanguage":"fr-FR","potentialAction":[{"@type":"ReadAction","target":["https:\/\/vosgesinfo.fr\/remiremontinfo\/2023\/01\/remiremont-arnaud-claire-expose-a-mediatheque-preambule-de-26eme-semaine-de-photo\/"]}]},{"@type":"ImageObject","inLanguage":"fr-FR","@id":"https:\/\/vosgesinfo.fr\/remiremontinfo\/2023\/01\/remiremont-arnaud-claire-expose-a-mediatheque-preambule-de-26eme-semaine-de-photo\/#primaryimage","url":"https:\/\/vosgesinfo.fr\/app\/uploads\/sites\/5\/2024\/09\/202301327149198-769866134469358-1198097365320228838-n.jpg","contentUrl":"https:\/\/vosgesinfo.fr\/app\/uploads\/sites\/5\/2024\/09\/202301327149198-769866134469358-1198097365320228838-n.jpg","width":1414,"height":2000},{"@type":"BreadcrumbList","@id":"https:\/\/vosgesinfo.fr\/remiremontinfo\/2023\/01\/remiremont-arnaud-claire-expose-a-mediatheque-preambule-de-26eme-semaine-de-photo\/#breadcrumb","itemListElement":[{"@type":"ListItem","position":1,"name":"Home","item":"https:\/\/vosgesinfo.fr\/remiremontinfo\/"},{"@type":"ListItem","position":2,"name":"Remiremont : Arnaud Claire expose \u00e0 la M\u00e9diath\u00e8que en pr\u00e9ambule de la 26\u00e8me semaine de la photo"}]},{"@type":"WebSite","@id":"https:\/\/vosgesinfo.fr\/remiremontinfo\/#website","url":"https:\/\/vosgesinfo.fr\/remiremontinfo\/","name":"Remiremont Info","description":"Toute l&#039;actualit\u00e9 de Remiremont","publisher":{"@id":"https:\/\/vosgesinfo.fr\/remiremontinfo\/#organization"},"alternateName":"Toute l'actualit\u00e9 de Remiremont","potentialAction":[{"@type":"SearchAction","target":{"@type":"EntryPoint","urlTemplate":"https:\/\/vosgesinfo.fr\/remiremontinfo\/?s={search_term_string}"},"query-input":"required name=search_term_string"}],"inLanguage":"fr-FR"},{"@type":"Organization","@id":"https:\/\/vosgesinfo.fr\/remiremontinfo\/#organization","name":"Remiremont Info","url":"https:\/\/vosgesinfo.fr\/remiremontinfo\/","logo":{"@type":"ImageObject","inLanguage":"fr-FR","@id":"https:\/\/vosgesinfo.fr\/remiremontinfo\/#\/schema\/logo\/image\/","url":"https:\/\/vosgesinfo.fr\/app\/uploads\/sites\/5\/2023\/08\/favicon-remiremontinfo.png","contentUrl":"https:\/\/vosgesinfo.fr\/app\/uploads\/sites\/5\/2023\/08\/favicon-remiremontinfo.png","width":512,"height":512,"caption":"Remiremont Info"},"image":{"@id":"https:\/\/vosgesinfo.fr\/remiremontinfo\/#\/schema\/logo\/image\/"},"sameAs":["https:\/\/www.facebook.com\/remiremontinfo","https:\/\/x.com\/VosgesInfo88","https:\/\/www.youtube.com\/@vosgesinfo"]},{"@type":"Person","@id":"https:\/\/vosgesinfo.fr\/remiremontinfo\/#\/schema\/person\/3bfd164d5218a185b1db68655a265316","name":"C D","image":{"@type":"ImageObject","inLanguage":"fr-FR","@id":"https:\/\/vosgesinfo.fr\/remiremontinfo\/#\/schema\/person\/image\/","url":"https:\/\/secure.gravatar.com\/avatar\/1f9a70007336511a47468b8f1c66f922b8b7cf617b02a31149ada43893a5d48f?s=96&d=mm&r=g","contentUrl":"https:\/\/secure.gravatar.com\/avatar\/1f9a70007336511a47468b8f1c66f922b8b7cf617b02a31149ada43893a5d48f?s=96&d=mm&r=g","caption":"C D"},"url":"https:\/\/vosgesinfo.fr\/remiremontinfo\/author\/cedric-drevet\/"}]}},"_links":{"self":[{"href":"https:\/\/vosgesinfo.fr\/remiremontinfo\/wp-json\/wp\/v2\/posts\/67005","targetHints":{"allow":["GET"]}}],"collection":[{"href":"https:\/\/vosgesinfo.fr\/remiremontinfo\/wp-json\/wp\/v2\/posts"}],"about":[{"href":"https:\/\/vosgesinfo.fr\/remiremontinfo\/wp-json\/wp\/v2\/types\/post"}],"author":[{"embeddable":true,"href":"https:\/\/vosgesinfo.fr\/remiremontinfo\/wp-json\/wp\/v2\/users\/407"}],"replies":[{"embeddable":true,"href":"https:\/\/vosgesinfo.fr\/remiremontinfo\/wp-json\/wp\/v2\/comments?post=67005"}],"version-history":[{"count":0,"href":"https:\/\/vosgesinfo.fr\/remiremontinfo\/wp-json\/wp\/v2\/posts\/67005\/revisions"}],"wp:featuredmedia":[{"embeddable":true,"href":"https:\/\/vosgesinfo.fr\/remiremontinfo\/wp-json\/wp\/v2\/media\/67006"}],"wp:attachment":[{"href":"https:\/\/vosgesinfo.fr\/remiremontinfo\/wp-json\/wp\/v2\/media?parent=67005"}],"wp:term":[{"taxonomy":"category","embeddable":true,"href":"https:\/\/vosgesinfo.fr\/remiremontinfo\/wp-json\/wp\/v2\/categories?post=67005"},{"taxonomy":"post_tag","embeddable":true,"href":"https:\/\/vosgesinfo.fr\/remiremontinfo\/wp-json\/wp\/v2\/tags?post=67005"}],"curies":[{"name":"wp","href":"https:\/\/api.w.org\/{rel}","templated":true}]}}