{"id":67007,"date":"2023-01-23T10:45:01","date_gmt":"2023-01-23T09:45:01","guid":{"rendered":"https:\/\/vosgesinfo.fr\/remiremontinfo\/2023\/01\/remiremont-chorale-arc-ciel-continue-representations-de-spectacle-chanson-bouge\/"},"modified":"2023-01-23T10:45:01","modified_gmt":"2023-01-23T09:45:01","slug":"remiremont-chorale-arc-ciel-continue-representations-de-spectacle-chanson-bouge","status":"publish","type":"post","link":"https:\/\/vosgesinfo.fr\/remiremontinfo\/2023\/01\/remiremont-chorale-arc-ciel-continue-representations-de-spectacle-chanson-bouge\/","title":{"rendered":"Remiremont : la chorale Arc-en-Ciel continue les repr\u00e9sentations de son spectacle \u00ab La chanson qui bouge \u00bb"},"content":{"rendered":"<p><a href=\"\/2023\/01\/chorale-arc-en-ciel.jpg\"><img decoding=\"async\" class=\"alignnone size-large wp-image-362426\" src=\"\/2023\/01\/chorale-arc-en-ciel-1024x595.jpg\" alt=\"chorale arc en ciel\" width=\"960\" height=\"558\" \/><\/a><\/p>\n<p><span style=\"font-size: 10pt;\"><em>Photo par\u00a0<a href=\"https:\/\/www.facebook.com\/choralearcencielstame\">Chorale ARC En CIEL<\/a>\u00a0<\/em><\/span><\/p>\n<h2><span style=\"font-size: 12pt;\"><strong>La chorale stam\u00e9sienne Arc-en-Ciel remonte enfin sur la sc\u00e8ne du Centre culturel de Remiremont en ce mois de janvier. Apr\u00e8s une longue interruption due \u00e0 la crise sanitaire, les choristes et leur directeur artistique Emmanuel Paris\u00a0pr\u00e9sentent leur spectacle \u00ab La chanson qui bouge \u00bb.\u00a0<\/strong><\/span><\/h2>\n<p>Haut en couleurs et en mises en sc\u00e8ne, il est compos\u00e9 d\u2019un vaste r\u00e9pertoire de chansons fran\u00e7aises r\u00e9centes. Rendez-vous le samedi 28 janvier \u00e0 20 h 30 et le dimanches 29 janvier \u00e0 15 h. Les r\u00e9servations sont ouvertes \u00e0 l\u2019agence PACCT, 5 rue des Pr\u00eatres \u00e0 Remiremont, 09 52 78 53 94. Tarifs : 12 \u20ac (adultes) \/ 6 \u20ac (enfants de moins de 12 ans).<\/p>\n","protected":false},"excerpt":{"rendered":"<p>Photo par\u00a0Chorale ARC En CIEL\u00a0 La chorale stam\u00e9sienne Arc-en-Ciel remonte enfin sur la sc\u00e8ne du Centre culturel de Remiremont en [&hellip;]<\/p>\n","protected":false},"author":407,"featured_media":67008,"comment_status":"open","ping_status":"open","sticky":false,"template":"","format":"standard","meta":{"footnotes":""},"categories":[26,4,1556,35],"tags":[41,44,32],"class_list":["post-67007","post","type-post","status-publish","format-standard","has-post-thumbnail","hentry","category-a-la-une","category-culture","category-remiremont-remiremont-son-canton-2","category-remiremont-son-canton","tag-culture","tag-remiremont","tag-vosges"],"acf":[],"yoast_head":"<!-- This site is optimized with the Yoast SEO plugin v22.5 - https:\/\/yoast.com\/wordpress\/plugins\/seo\/ -->\n<title>Remiremont : la chorale Arc-en-Ciel continue les repr\u00e9sentations de son spectacle \u00ab La chanson qui bouge \u00bb - Remiremont Info<\/title>\n<meta name=\"robots\" content=\"index, follow, max-snippet:-1, max-image-preview:large, max-video-preview:-1\" \/>\n<link rel=\"canonical\" href=\"https:\/\/vosgesinfo.fr\/remiremontinfo\/2023\/01\/remiremont-chorale-arc-ciel-continue-representations-de-spectacle-chanson-bouge\/\" \/>\n<meta name=\"twitter:card\" content=\"summary_large_image\" \/>\n<meta name=\"twitter:title\" content=\"Remiremont : la chorale Arc-en-Ciel continue les repr\u00e9sentations de son spectacle \u00ab La chanson qui bouge \u00bb - Remiremont Info\" \/>\n<meta name=\"twitter:description\" content=\"Photo par\u00a0Chorale ARC En CIEL\u00a0 La chorale stam\u00e9sienne Arc-en-Ciel remonte enfin sur la sc\u00e8ne du Centre culturel de Remiremont en [&hellip;]\" \/>\n<meta name=\"twitter:image\" content=\"https:\/\/vosgesinfo.fr\/app\/uploads\/sites\/5\/2024\/09\/202301chorale-arc-en-ciel.jpg\" \/>\n<meta name=\"twitter:creator\" content=\"@VosgesInfo88\" \/>\n<meta name=\"twitter:site\" content=\"@VosgesInfo88\" \/>\n<meta name=\"twitter:label1\" content=\"\u00c9crit par\" \/>\n\t<meta name=\"twitter:data1\" content=\"C D\" \/>\n\t<meta name=\"twitter:label2\" content=\"Dur\u00e9e de lecture estim\u00e9e\" \/>\n\t<meta name=\"twitter:data2\" content=\"1 minute\" \/>\n<script type=\"application\/ld+json\" class=\"yoast-schema-graph\">{\"@context\":\"https:\/\/schema.org\",\"@graph\":[{\"@type\":\"Article\",\"@id\":\"https:\/\/vosgesinfo.fr\/remiremontinfo\/2023\/01\/remiremont-chorale-arc-ciel-continue-representations-de-spectacle-chanson-bouge\/#article\",\"isPartOf\":{\"@id\":\"https:\/\/vosgesinfo.fr\/remiremontinfo\/2023\/01\/remiremont-chorale-arc-ciel-continue-representations-de-spectacle-chanson-bouge\/\"},\"author\":{\"name\":\"C D\",\"@id\":\"https:\/\/vosgesinfo.fr\/remiremontinfo\/#\/schema\/person\/3bfd164d5218a185b1db68655a265316\"},\"headline\":\"Remiremont : la chorale Arc-en-Ciel continue les repr\u00e9sentations de son spectacle \u00ab La chanson qui bouge \u00bb\",\"datePublished\":\"2023-01-23T09:45:01+00:00\",\"dateModified\":\"2023-01-23T09:45:01+00:00\",\"mainEntityOfPage\":{\"@id\":\"https:\/\/vosgesinfo.fr\/remiremontinfo\/2023\/01\/remiremont-chorale-arc-ciel-continue-representations-de-spectacle-chanson-bouge\/\"},\"wordCount\":120,\"commentCount\":0,\"publisher\":{\"@id\":\"https:\/\/vosgesinfo.fr\/remiremontinfo\/#organization\"},\"image\":{\"@id\":\"https:\/\/vosgesinfo.fr\/remiremontinfo\/2023\/01\/remiremont-chorale-arc-ciel-continue-representations-de-spectacle-chanson-bouge\/#primaryimage\"},\"thumbnailUrl\":\"https:\/\/vosgesinfo.fr\/app\/uploads\/sites\/5\/2024\/09\/202301chorale-arc-en-ciel.jpg\",\"keywords\":[\"culture\",\"remiremont\",\"Vosges\"],\"articleSection\":[\"A la Une\",\"Culture\",\"Remiremont\",\"Remiremont &amp; son canton\"],\"inLanguage\":\"fr-FR\",\"potentialAction\":[{\"@type\":\"CommentAction\",\"name\":\"Comment\",\"target\":[\"https:\/\/vosgesinfo.fr\/remiremontinfo\/2023\/01\/remiremont-chorale-arc-ciel-continue-representations-de-spectacle-chanson-bouge\/#respond\"]}]},{\"@type\":\"WebPage\",\"@id\":\"https:\/\/vosgesinfo.fr\/remiremontinfo\/2023\/01\/remiremont-chorale-arc-ciel-continue-representations-de-spectacle-chanson-bouge\/\",\"url\":\"https:\/\/vosgesinfo.fr\/remiremontinfo\/2023\/01\/remiremont-chorale-arc-ciel-continue-representations-de-spectacle-chanson-bouge\/\",\"name\":\"Remiremont : la chorale Arc-en-Ciel continue les repr\u00e9sentations de son spectacle \u00ab La chanson qui bouge \u00bb - Remiremont Info\",\"isPartOf\":{\"@id\":\"https:\/\/vosgesinfo.fr\/remiremontinfo\/#website\"},\"primaryImageOfPage\":{\"@id\":\"https:\/\/vosgesinfo.fr\/remiremontinfo\/2023\/01\/remiremont-chorale-arc-ciel-continue-representations-de-spectacle-chanson-bouge\/#primaryimage\"},\"image\":{\"@id\":\"https:\/\/vosgesinfo.fr\/remiremontinfo\/2023\/01\/remiremont-chorale-arc-ciel-continue-representations-de-spectacle-chanson-bouge\/#primaryimage\"},\"thumbnailUrl\":\"https:\/\/vosgesinfo.fr\/app\/uploads\/sites\/5\/2024\/09\/202301chorale-arc-en-ciel.jpg\",\"datePublished\":\"2023-01-23T09:45:01+00:00\",\"dateModified\":\"2023-01-23T09:45:01+00:00\",\"breadcrumb\":{\"@id\":\"https:\/\/vosgesinfo.fr\/remiremontinfo\/2023\/01\/remiremont-chorale-arc-ciel-continue-representations-de-spectacle-chanson-bouge\/#breadcrumb\"},\"inLanguage\":\"fr-FR\",\"potentialAction\":[{\"@type\":\"ReadAction\",\"target\":[\"https:\/\/vosgesinfo.fr\/remiremontinfo\/2023\/01\/remiremont-chorale-arc-ciel-continue-representations-de-spectacle-chanson-bouge\/\"]}]},{\"@type\":\"ImageObject\",\"inLanguage\":\"fr-FR\",\"@id\":\"https:\/\/vosgesinfo.fr\/remiremontinfo\/2023\/01\/remiremont-chorale-arc-ciel-continue-representations-de-spectacle-chanson-bouge\/#primaryimage\",\"url\":\"https:\/\/vosgesinfo.fr\/app\/uploads\/sites\/5\/2024\/09\/202301chorale-arc-en-ciel.jpg\",\"contentUrl\":\"https:\/\/vosgesinfo.fr\/app\/uploads\/sites\/5\/2024\/09\/202301chorale-arc-en-ciel.jpg\",\"width\":1024,\"height\":595},{\"@type\":\"BreadcrumbList\",\"@id\":\"https:\/\/vosgesinfo.fr\/remiremontinfo\/2023\/01\/remiremont-chorale-arc-ciel-continue-representations-de-spectacle-chanson-bouge\/#breadcrumb\",\"itemListElement\":[{\"@type\":\"ListItem\",\"position\":1,\"name\":\"Home\",\"item\":\"https:\/\/vosgesinfo.fr\/remiremontinfo\/\"},{\"@type\":\"ListItem\",\"position\":2,\"name\":\"Remiremont : la chorale Arc-en-Ciel continue les repr\u00e9sentations de son spectacle \u00ab La chanson qui bouge \u00bb\"}]},{\"@type\":\"WebSite\",\"@id\":\"https:\/\/vosgesinfo.fr\/remiremontinfo\/#website\",\"url\":\"https:\/\/vosgesinfo.fr\/remiremontinfo\/\",\"name\":\"Remiremont Info\",\"description\":\"Toute l&#039;actualit\u00e9 de Remiremont\",\"publisher\":{\"@id\":\"https:\/\/vosgesinfo.fr\/remiremontinfo\/#organization\"},\"alternateName\":\"Toute l'actualit\u00e9 de Remiremont\",\"potentialAction\":[{\"@type\":\"SearchAction\",\"target\":{\"@type\":\"EntryPoint\",\"urlTemplate\":\"https:\/\/vosgesinfo.fr\/remiremontinfo\/?s={search_term_string}\"},\"query-input\":\"required name=search_term_string\"}],\"inLanguage\":\"fr-FR\"},{\"@type\":\"Organization\",\"@id\":\"https:\/\/vosgesinfo.fr\/remiremontinfo\/#organization\",\"name\":\"Remiremont Info\",\"url\":\"https:\/\/vosgesinfo.fr\/remiremontinfo\/\",\"logo\":{\"@type\":\"ImageObject\",\"inLanguage\":\"fr-FR\",\"@id\":\"https:\/\/vosgesinfo.fr\/remiremontinfo\/#\/schema\/logo\/image\/\",\"url\":\"https:\/\/vosgesinfo.fr\/app\/uploads\/sites\/5\/2023\/08\/favicon-remiremontinfo.png\",\"contentUrl\":\"https:\/\/vosgesinfo.fr\/app\/uploads\/sites\/5\/2023\/08\/favicon-remiremontinfo.png\",\"width\":512,\"height\":512,\"caption\":\"Remiremont Info\"},\"image\":{\"@id\":\"https:\/\/vosgesinfo.fr\/remiremontinfo\/#\/schema\/logo\/image\/\"},\"sameAs\":[\"https:\/\/www.facebook.com\/remiremontinfo\",\"https:\/\/x.com\/VosgesInfo88\",\"https:\/\/www.youtube.com\/@vosgesinfo\"]},{\"@type\":\"Person\",\"@id\":\"https:\/\/vosgesinfo.fr\/remiremontinfo\/#\/schema\/person\/3bfd164d5218a185b1db68655a265316\",\"name\":\"C D\",\"image\":{\"@type\":\"ImageObject\",\"inLanguage\":\"fr-FR\",\"@id\":\"https:\/\/vosgesinfo.fr\/remiremontinfo\/#\/schema\/person\/image\/\",\"url\":\"https:\/\/secure.gravatar.com\/avatar\/1f9a70007336511a47468b8f1c66f922b8b7cf617b02a31149ada43893a5d48f?s=96&d=mm&r=g\",\"contentUrl\":\"https:\/\/secure.gravatar.com\/avatar\/1f9a70007336511a47468b8f1c66f922b8b7cf617b02a31149ada43893a5d48f?s=96&d=mm&r=g\",\"caption\":\"C D\"},\"url\":\"https:\/\/vosgesinfo.fr\/remiremontinfo\/author\/cedric-drevet\/\"}]}<\/script>\n<!-- \/ Yoast SEO plugin. -->","yoast_head_json":{"title":"Remiremont : la chorale Arc-en-Ciel continue les repr\u00e9sentations de son spectacle \u00ab La chanson qui bouge \u00bb - Remiremont Info","robots":{"index":"index","follow":"follow","max-snippet":"max-snippet:-1","max-image-preview":"max-image-preview:large","max-video-preview":"max-video-preview:-1"},"canonical":"https:\/\/vosgesinfo.fr\/remiremontinfo\/2023\/01\/remiremont-chorale-arc-ciel-continue-representations-de-spectacle-chanson-bouge\/","twitter_card":"summary_large_image","twitter_title":"Remiremont : la chorale Arc-en-Ciel continue les repr\u00e9sentations de son spectacle \u00ab La chanson qui bouge \u00bb - Remiremont Info","twitter_description":"Photo par\u00a0Chorale ARC En CIEL\u00a0 La chorale stam\u00e9sienne Arc-en-Ciel remonte enfin sur la sc\u00e8ne du Centre culturel de Remiremont en [&hellip;]","twitter_image":"https:\/\/vosgesinfo.fr\/app\/uploads\/sites\/5\/2024\/09\/202301chorale-arc-en-ciel.jpg","twitter_creator":"@VosgesInfo88","twitter_site":"@VosgesInfo88","twitter_misc":{"\u00c9crit par":"C D","Dur\u00e9e de lecture estim\u00e9e":"1 minute"},"schema":{"@context":"https:\/\/schema.org","@graph":[{"@type":"Article","@id":"https:\/\/vosgesinfo.fr\/remiremontinfo\/2023\/01\/remiremont-chorale-arc-ciel-continue-representations-de-spectacle-chanson-bouge\/#article","isPartOf":{"@id":"https:\/\/vosgesinfo.fr\/remiremontinfo\/2023\/01\/remiremont-chorale-arc-ciel-continue-representations-de-spectacle-chanson-bouge\/"},"author":{"name":"C D","@id":"https:\/\/vosgesinfo.fr\/remiremontinfo\/#\/schema\/person\/3bfd164d5218a185b1db68655a265316"},"headline":"Remiremont : la chorale Arc-en-Ciel continue les repr\u00e9sentations de son spectacle \u00ab La chanson qui bouge \u00bb","datePublished":"2023-01-23T09:45:01+00:00","dateModified":"2023-01-23T09:45:01+00:00","mainEntityOfPage":{"@id":"https:\/\/vosgesinfo.fr\/remiremontinfo\/2023\/01\/remiremont-chorale-arc-ciel-continue-representations-de-spectacle-chanson-bouge\/"},"wordCount":120,"commentCount":0,"publisher":{"@id":"https:\/\/vosgesinfo.fr\/remiremontinfo\/#organization"},"image":{"@id":"https:\/\/vosgesinfo.fr\/remiremontinfo\/2023\/01\/remiremont-chorale-arc-ciel-continue-representations-de-spectacle-chanson-bouge\/#primaryimage"},"thumbnailUrl":"https:\/\/vosgesinfo.fr\/app\/uploads\/sites\/5\/2024\/09\/202301chorale-arc-en-ciel.jpg","keywords":["culture","remiremont","Vosges"],"articleSection":["A la Une","Culture","Remiremont","Remiremont &amp; son canton"],"inLanguage":"fr-FR","potentialAction":[{"@type":"CommentAction","name":"Comment","target":["https:\/\/vosgesinfo.fr\/remiremontinfo\/2023\/01\/remiremont-chorale-arc-ciel-continue-representations-de-spectacle-chanson-bouge\/#respond"]}]},{"@type":"WebPage","@id":"https:\/\/vosgesinfo.fr\/remiremontinfo\/2023\/01\/remiremont-chorale-arc-ciel-continue-representations-de-spectacle-chanson-bouge\/","url":"https:\/\/vosgesinfo.fr\/remiremontinfo\/2023\/01\/remiremont-chorale-arc-ciel-continue-representations-de-spectacle-chanson-bouge\/","name":"Remiremont : la chorale Arc-en-Ciel continue les repr\u00e9sentations de son spectacle \u00ab La chanson qui bouge \u00bb - Remiremont Info","isPartOf":{"@id":"https:\/\/vosgesinfo.fr\/remiremontinfo\/#website"},"primaryImageOfPage":{"@id":"https:\/\/vosgesinfo.fr\/remiremontinfo\/2023\/01\/remiremont-chorale-arc-ciel-continue-representations-de-spectacle-chanson-bouge\/#primaryimage"},"image":{"@id":"https:\/\/vosgesinfo.fr\/remiremontinfo\/2023\/01\/remiremont-chorale-arc-ciel-continue-representations-de-spectacle-chanson-bouge\/#primaryimage"},"thumbnailUrl":"https:\/\/vosgesinfo.fr\/app\/uploads\/sites\/5\/2024\/09\/202301chorale-arc-en-ciel.jpg","datePublished":"2023-01-23T09:45:01+00:00","dateModified":"2023-01-23T09:45:01+00:00","breadcrumb":{"@id":"https:\/\/vosgesinfo.fr\/remiremontinfo\/2023\/01\/remiremont-chorale-arc-ciel-continue-representations-de-spectacle-chanson-bouge\/#breadcrumb"},"inLanguage":"fr-FR","potentialAction":[{"@type":"ReadAction","target":["https:\/\/vosgesinfo.fr\/remiremontinfo\/2023\/01\/remiremont-chorale-arc-ciel-continue-representations-de-spectacle-chanson-bouge\/"]}]},{"@type":"ImageObject","inLanguage":"fr-FR","@id":"https:\/\/vosgesinfo.fr\/remiremontinfo\/2023\/01\/remiremont-chorale-arc-ciel-continue-representations-de-spectacle-chanson-bouge\/#primaryimage","url":"https:\/\/vosgesinfo.fr\/app\/uploads\/sites\/5\/2024\/09\/202301chorale-arc-en-ciel.jpg","contentUrl":"https:\/\/vosgesinfo.fr\/app\/uploads\/sites\/5\/2024\/09\/202301chorale-arc-en-ciel.jpg","width":1024,"height":595},{"@type":"BreadcrumbList","@id":"https:\/\/vosgesinfo.fr\/remiremontinfo\/2023\/01\/remiremont-chorale-arc-ciel-continue-representations-de-spectacle-chanson-bouge\/#breadcrumb","itemListElement":[{"@type":"ListItem","position":1,"name":"Home","item":"https:\/\/vosgesinfo.fr\/remiremontinfo\/"},{"@type":"ListItem","position":2,"name":"Remiremont : la chorale Arc-en-Ciel continue les repr\u00e9sentations de son spectacle \u00ab La chanson qui bouge \u00bb"}]},{"@type":"WebSite","@id":"https:\/\/vosgesinfo.fr\/remiremontinfo\/#website","url":"https:\/\/vosgesinfo.fr\/remiremontinfo\/","name":"Remiremont Info","description":"Toute l&#039;actualit\u00e9 de Remiremont","publisher":{"@id":"https:\/\/vosgesinfo.fr\/remiremontinfo\/#organization"},"alternateName":"Toute l'actualit\u00e9 de Remiremont","potentialAction":[{"@type":"SearchAction","target":{"@type":"EntryPoint","urlTemplate":"https:\/\/vosgesinfo.fr\/remiremontinfo\/?s={search_term_string}"},"query-input":"required name=search_term_string"}],"inLanguage":"fr-FR"},{"@type":"Organization","@id":"https:\/\/vosgesinfo.fr\/remiremontinfo\/#organization","name":"Remiremont Info","url":"https:\/\/vosgesinfo.fr\/remiremontinfo\/","logo":{"@type":"ImageObject","inLanguage":"fr-FR","@id":"https:\/\/vosgesinfo.fr\/remiremontinfo\/#\/schema\/logo\/image\/","url":"https:\/\/vosgesinfo.fr\/app\/uploads\/sites\/5\/2023\/08\/favicon-remiremontinfo.png","contentUrl":"https:\/\/vosgesinfo.fr\/app\/uploads\/sites\/5\/2023\/08\/favicon-remiremontinfo.png","width":512,"height":512,"caption":"Remiremont Info"},"image":{"@id":"https:\/\/vosgesinfo.fr\/remiremontinfo\/#\/schema\/logo\/image\/"},"sameAs":["https:\/\/www.facebook.com\/remiremontinfo","https:\/\/x.com\/VosgesInfo88","https:\/\/www.youtube.com\/@vosgesinfo"]},{"@type":"Person","@id":"https:\/\/vosgesinfo.fr\/remiremontinfo\/#\/schema\/person\/3bfd164d5218a185b1db68655a265316","name":"C D","image":{"@type":"ImageObject","inLanguage":"fr-FR","@id":"https:\/\/vosgesinfo.fr\/remiremontinfo\/#\/schema\/person\/image\/","url":"https:\/\/secure.gravatar.com\/avatar\/1f9a70007336511a47468b8f1c66f922b8b7cf617b02a31149ada43893a5d48f?s=96&d=mm&r=g","contentUrl":"https:\/\/secure.gravatar.com\/avatar\/1f9a70007336511a47468b8f1c66f922b8b7cf617b02a31149ada43893a5d48f?s=96&d=mm&r=g","caption":"C D"},"url":"https:\/\/vosgesinfo.fr\/remiremontinfo\/author\/cedric-drevet\/"}]}},"_links":{"self":[{"href":"https:\/\/vosgesinfo.fr\/remiremontinfo\/wp-json\/wp\/v2\/posts\/67007","targetHints":{"allow":["GET"]}}],"collection":[{"href":"https:\/\/vosgesinfo.fr\/remiremontinfo\/wp-json\/wp\/v2\/posts"}],"about":[{"href":"https:\/\/vosgesinfo.fr\/remiremontinfo\/wp-json\/wp\/v2\/types\/post"}],"author":[{"embeddable":true,"href":"https:\/\/vosgesinfo.fr\/remiremontinfo\/wp-json\/wp\/v2\/users\/407"}],"replies":[{"embeddable":true,"href":"https:\/\/vosgesinfo.fr\/remiremontinfo\/wp-json\/wp\/v2\/comments?post=67007"}],"version-history":[{"count":0,"href":"https:\/\/vosgesinfo.fr\/remiremontinfo\/wp-json\/wp\/v2\/posts\/67007\/revisions"}],"wp:featuredmedia":[{"embeddable":true,"href":"https:\/\/vosgesinfo.fr\/remiremontinfo\/wp-json\/wp\/v2\/media\/67008"}],"wp:attachment":[{"href":"https:\/\/vosgesinfo.fr\/remiremontinfo\/wp-json\/wp\/v2\/media?parent=67007"}],"wp:term":[{"taxonomy":"category","embeddable":true,"href":"https:\/\/vosgesinfo.fr\/remiremontinfo\/wp-json\/wp\/v2\/categories?post=67007"},{"taxonomy":"post_tag","embeddable":true,"href":"https:\/\/vosgesinfo.fr\/remiremontinfo\/wp-json\/wp\/v2\/tags?post=67007"}],"curies":[{"name":"wp","href":"https:\/\/api.w.org\/{rel}","templated":true}]}}