{"id":67009,"date":"2023-01-23T10:49:13","date_gmt":"2023-01-23T09:49:13","guid":{"rendered":"https:\/\/vosgesinfo.fr\/remiremontinfo\/2023\/01\/deces-de-lucas-senateur-jean-hingray-interpelle-ministre-pap-ndiaye-harcelement-scolaire\/"},"modified":"2023-01-23T10:49:13","modified_gmt":"2023-01-23T09:49:13","slug":"deces-de-lucas-senateur-jean-hingray-interpelle-ministre-pap-ndiaye-harcelement-scolaire","status":"publish","type":"post","link":"https:\/\/vosgesinfo.fr\/remiremontinfo\/2023\/01\/deces-de-lucas-senateur-jean-hingray-interpelle-ministre-pap-ndiaye-harcelement-scolaire\/","title":{"rendered":"D\u00e9c\u00e8s de Lucas : le s\u00e9nateur Jean Hingray interpelle le ministre Pap Ndiaye sur le harc\u00e8lement scolaire"},"content":{"rendered":"<p><a href=\"\/2023\/01\/Capture-d\u2019\u00e9cran-2023-01-23-114538.png\"><img decoding=\"async\" class=\"alignnone size-large wp-image-362429\" src=\"\/2023\/01\/Capture-d\u2019\u00e9cran-2023-01-23-114538-1024x682.png\" alt=\"Capture d\u2019\u00e9cran 2023-01-23 114538\" width=\"960\" height=\"639\" \/><\/a><\/p>\n<h2><span style=\"font-size: 12pt;\"><strong>Profond\u00e9ment touch\u00e9 par l\u2019histoire de Lucas, Jean Hingray a interpell\u00e9 une fois de plus le ministre sur le harc\u00e8lement scolaire lors de la s\u00e9ance publique du 18 janvier 2023.<\/strong><\/span><\/h2>\n<p>En 2021, Jean Hingray avait interpell\u00e9 le ministre, au sujet des messages haineux et violents qui pullulaient sur les r\u00e9seaux sociaux \u00e0 l\u2019encontre des 6e. Dans sa r\u00e9ponse, le minist\u00e8re a indiqu\u00e9 l\u2019importance du programme pHare (plan de pr\u00e9vention du harc\u00e8lement \u00e0 destination des \u00e9coles et des coll\u00e8ges), qui s\u2019est d\u00e9velopp\u00e9 progressivement dans les acad\u00e9mies. Le programme pHare \u00e9tait pourtant d\u00e9velopp\u00e9 dans le coll\u00e8ge o\u00f9 le jeune Lucas subissait un harc\u00e8lement acharn\u00e9. En novembre dernier, le ministre avait indiqu\u00e9 d\u2019excellents r\u00e9sultats l\u00e0 o\u00f9 il avait \u00e9t\u00e9 mis en place. Lors de la s\u00e9ance publique de mercredi, Jean Hingray a demand\u00e9 au ministre d\u2019indiquer pr\u00e9cis\u00e9ment les r\u00e9sultats auxquels il faisait allusion.<\/p>\n<p>Notre syst\u00e8me \u00e9ducatif ne r\u00e9agit pas comme il le faudrait. Il est primordial de s&rsquo;interroger sur les moyens mis en \u0153uvre, tout comme sur le cyberharc\u00e8lement et l&rsquo;efficacit\u00e9 du p\u00f4le de lutte. Le dernier rapport d\u2019information du S\u00e9nat fait un \u00e9tat des lieux alarmant: 6% \u00e0 10% des \u00e9l\u00e8ves subissent une forme de harc\u00e8lement au cours de leur scolarit\u00e9. Cela repr\u00e9sente un total de 800 000 allant jusqu\u2019\u00e0 1 000 000 d\u2019enfants qui seraient victimes de harc\u00e8lement &#8211; si ce n\u2019est plus. Un quart des victimes de harc\u00e8lement ont song\u00e9 au suicide. En 2021, 22 enfants ont mis fin \u00e0 leurs jours \u00e0 cause du harc\u00e8lement qu\u2019ils subissent.<\/p>\n<p>Retrouvez la vid\u00e9o officielle via ce lien :<br \/>\n<a href=\"http:\/\/videos.senat.fr\/video.3209227_63c7eec5b2bfe.seance-publique-du-18-janvier-2023-apres-midi?timecode=6344000\">http:\/\/videos.senat.fr\/video.3209227_63c7eec5b2bfe.seance-publique-du-18-janvier-2023-apres-midi?timecode=6344000\u00a0<\/a><\/p>\n<p><span style=\"font-size: 10pt;\"><em>Communiqu\u00e9\u00a0<\/em><\/span><\/p>\n","protected":false},"excerpt":{"rendered":"<p>Profond\u00e9ment touch\u00e9 par l\u2019histoire de Lucas, Jean Hingray a interpell\u00e9 une fois de plus le ministre sur le harc\u00e8lement scolaire [&hellip;]<\/p>\n","protected":false},"author":407,"featured_media":67010,"comment_status":"open","ping_status":"open","sticky":false,"template":"","format":"standard","meta":{"footnotes":""},"categories":[26,10,18],"tags":[5414,740,32],"class_list":["post-67009","post","type-post","status-publish","format-standard","has-post-thumbnail","hentry","category-a-la-une","category-politique","category-vosges","tag-harcelement","tag-jean-hingray","tag-vosges"],"acf":[],"yoast_head":"<!-- This site is optimized with the Yoast SEO plugin v22.5 - https:\/\/yoast.com\/wordpress\/plugins\/seo\/ -->\n<title>D\u00e9c\u00e8s de Lucas : le s\u00e9nateur Jean Hingray interpelle le ministre Pap Ndiaye sur le harc\u00e8lement scolaire - Remiremont Info<\/title>\n<meta name=\"robots\" content=\"index, follow, max-snippet:-1, max-image-preview:large, max-video-preview:-1\" \/>\n<link rel=\"canonical\" href=\"https:\/\/vosgesinfo.fr\/remiremontinfo\/2023\/01\/deces-de-lucas-senateur-jean-hingray-interpelle-ministre-pap-ndiaye-harcelement-scolaire\/\" \/>\n<meta name=\"twitter:card\" content=\"summary_large_image\" \/>\n<meta name=\"twitter:title\" content=\"D\u00e9c\u00e8s de Lucas : le s\u00e9nateur Jean Hingray interpelle le ministre Pap Ndiaye sur le harc\u00e8lement scolaire - Remiremont Info\" \/>\n<meta name=\"twitter:description\" content=\"Profond\u00e9ment touch\u00e9 par l\u2019histoire de Lucas, Jean Hingray a interpell\u00e9 une fois de plus le ministre sur le harc\u00e8lement scolaire [&hellip;]\" \/>\n<meta name=\"twitter:image\" content=\"https:\/\/vosgesinfo.fr\/app\/uploads\/sites\/5\/2024\/09\/202301capture-decran-2023-01-23-114538.png\" \/>\n<meta name=\"twitter:creator\" content=\"@VosgesInfo88\" \/>\n<meta name=\"twitter:site\" content=\"@VosgesInfo88\" \/>\n<meta name=\"twitter:label1\" content=\"\u00c9crit par\" \/>\n\t<meta name=\"twitter:data1\" content=\"C D\" \/>\n\t<meta name=\"twitter:label2\" content=\"Dur\u00e9e de lecture estim\u00e9e\" \/>\n\t<meta name=\"twitter:data2\" content=\"1 minute\" \/>\n<script type=\"application\/ld+json\" class=\"yoast-schema-graph\">{\"@context\":\"https:\/\/schema.org\",\"@graph\":[{\"@type\":\"Article\",\"@id\":\"https:\/\/vosgesinfo.fr\/remiremontinfo\/2023\/01\/deces-de-lucas-senateur-jean-hingray-interpelle-ministre-pap-ndiaye-harcelement-scolaire\/#article\",\"isPartOf\":{\"@id\":\"https:\/\/vosgesinfo.fr\/remiremontinfo\/2023\/01\/deces-de-lucas-senateur-jean-hingray-interpelle-ministre-pap-ndiaye-harcelement-scolaire\/\"},\"author\":{\"name\":\"C D\",\"@id\":\"https:\/\/vosgesinfo.fr\/remiremontinfo\/#\/schema\/person\/3bfd164d5218a185b1db68655a265316\"},\"headline\":\"D\u00e9c\u00e8s de Lucas : le s\u00e9nateur Jean Hingray interpelle le ministre Pap Ndiaye sur le harc\u00e8lement scolaire\",\"datePublished\":\"2023-01-23T09:49:13+00:00\",\"dateModified\":\"2023-01-23T09:49:13+00:00\",\"mainEntityOfPage\":{\"@id\":\"https:\/\/vosgesinfo.fr\/remiremontinfo\/2023\/01\/deces-de-lucas-senateur-jean-hingray-interpelle-ministre-pap-ndiaye-harcelement-scolaire\/\"},\"wordCount\":314,\"commentCount\":0,\"publisher\":{\"@id\":\"https:\/\/vosgesinfo.fr\/remiremontinfo\/#organization\"},\"image\":{\"@id\":\"https:\/\/vosgesinfo.fr\/remiremontinfo\/2023\/01\/deces-de-lucas-senateur-jean-hingray-interpelle-ministre-pap-ndiaye-harcelement-scolaire\/#primaryimage\"},\"thumbnailUrl\":\"https:\/\/vosgesinfo.fr\/app\/uploads\/sites\/5\/2024\/09\/202301capture-decran-2023-01-23-114538.png\",\"keywords\":[\"harc\u00e8lement\",\"Jean Hingray\",\"Vosges\"],\"articleSection\":[\"A la Une\",\"Politique\",\"Vosges\"],\"inLanguage\":\"fr-FR\",\"potentialAction\":[{\"@type\":\"CommentAction\",\"name\":\"Comment\",\"target\":[\"https:\/\/vosgesinfo.fr\/remiremontinfo\/2023\/01\/deces-de-lucas-senateur-jean-hingray-interpelle-ministre-pap-ndiaye-harcelement-scolaire\/#respond\"]}]},{\"@type\":\"WebPage\",\"@id\":\"https:\/\/vosgesinfo.fr\/remiremontinfo\/2023\/01\/deces-de-lucas-senateur-jean-hingray-interpelle-ministre-pap-ndiaye-harcelement-scolaire\/\",\"url\":\"https:\/\/vosgesinfo.fr\/remiremontinfo\/2023\/01\/deces-de-lucas-senateur-jean-hingray-interpelle-ministre-pap-ndiaye-harcelement-scolaire\/\",\"name\":\"D\u00e9c\u00e8s de Lucas : le s\u00e9nateur Jean Hingray interpelle le ministre Pap Ndiaye sur le harc\u00e8lement scolaire - Remiremont Info\",\"isPartOf\":{\"@id\":\"https:\/\/vosgesinfo.fr\/remiremontinfo\/#website\"},\"primaryImageOfPage\":{\"@id\":\"https:\/\/vosgesinfo.fr\/remiremontinfo\/2023\/01\/deces-de-lucas-senateur-jean-hingray-interpelle-ministre-pap-ndiaye-harcelement-scolaire\/#primaryimage\"},\"image\":{\"@id\":\"https:\/\/vosgesinfo.fr\/remiremontinfo\/2023\/01\/deces-de-lucas-senateur-jean-hingray-interpelle-ministre-pap-ndiaye-harcelement-scolaire\/#primaryimage\"},\"thumbnailUrl\":\"https:\/\/vosgesinfo.fr\/app\/uploads\/sites\/5\/2024\/09\/202301capture-decran-2023-01-23-114538.png\",\"datePublished\":\"2023-01-23T09:49:13+00:00\",\"dateModified\":\"2023-01-23T09:49:13+00:00\",\"breadcrumb\":{\"@id\":\"https:\/\/vosgesinfo.fr\/remiremontinfo\/2023\/01\/deces-de-lucas-senateur-jean-hingray-interpelle-ministre-pap-ndiaye-harcelement-scolaire\/#breadcrumb\"},\"inLanguage\":\"fr-FR\",\"potentialAction\":[{\"@type\":\"ReadAction\",\"target\":[\"https:\/\/vosgesinfo.fr\/remiremontinfo\/2023\/01\/deces-de-lucas-senateur-jean-hingray-interpelle-ministre-pap-ndiaye-harcelement-scolaire\/\"]}]},{\"@type\":\"ImageObject\",\"inLanguage\":\"fr-FR\",\"@id\":\"https:\/\/vosgesinfo.fr\/remiremontinfo\/2023\/01\/deces-de-lucas-senateur-jean-hingray-interpelle-ministre-pap-ndiaye-harcelement-scolaire\/#primaryimage\",\"url\":\"https:\/\/vosgesinfo.fr\/app\/uploads\/sites\/5\/2024\/09\/202301capture-decran-2023-01-23-114538.png\",\"contentUrl\":\"https:\/\/vosgesinfo.fr\/app\/uploads\/sites\/5\/2024\/09\/202301capture-decran-2023-01-23-114538.png\",\"width\":1150,\"height\":766},{\"@type\":\"BreadcrumbList\",\"@id\":\"https:\/\/vosgesinfo.fr\/remiremontinfo\/2023\/01\/deces-de-lucas-senateur-jean-hingray-interpelle-ministre-pap-ndiaye-harcelement-scolaire\/#breadcrumb\",\"itemListElement\":[{\"@type\":\"ListItem\",\"position\":1,\"name\":\"Home\",\"item\":\"https:\/\/vosgesinfo.fr\/remiremontinfo\/\"},{\"@type\":\"ListItem\",\"position\":2,\"name\":\"D\u00e9c\u00e8s de Lucas : le s\u00e9nateur Jean Hingray interpelle le ministre Pap Ndiaye sur le harc\u00e8lement scolaire\"}]},{\"@type\":\"WebSite\",\"@id\":\"https:\/\/vosgesinfo.fr\/remiremontinfo\/#website\",\"url\":\"https:\/\/vosgesinfo.fr\/remiremontinfo\/\",\"name\":\"Remiremont Info\",\"description\":\"Toute l&#039;actualit\u00e9 de Remiremont\",\"publisher\":{\"@id\":\"https:\/\/vosgesinfo.fr\/remiremontinfo\/#organization\"},\"alternateName\":\"Toute l'actualit\u00e9 de Remiremont\",\"potentialAction\":[{\"@type\":\"SearchAction\",\"target\":{\"@type\":\"EntryPoint\",\"urlTemplate\":\"https:\/\/vosgesinfo.fr\/remiremontinfo\/?s={search_term_string}\"},\"query-input\":\"required name=search_term_string\"}],\"inLanguage\":\"fr-FR\"},{\"@type\":\"Organization\",\"@id\":\"https:\/\/vosgesinfo.fr\/remiremontinfo\/#organization\",\"name\":\"Remiremont Info\",\"url\":\"https:\/\/vosgesinfo.fr\/remiremontinfo\/\",\"logo\":{\"@type\":\"ImageObject\",\"inLanguage\":\"fr-FR\",\"@id\":\"https:\/\/vosgesinfo.fr\/remiremontinfo\/#\/schema\/logo\/image\/\",\"url\":\"https:\/\/vosgesinfo.fr\/app\/uploads\/sites\/5\/2023\/08\/favicon-remiremontinfo.png\",\"contentUrl\":\"https:\/\/vosgesinfo.fr\/app\/uploads\/sites\/5\/2023\/08\/favicon-remiremontinfo.png\",\"width\":512,\"height\":512,\"caption\":\"Remiremont Info\"},\"image\":{\"@id\":\"https:\/\/vosgesinfo.fr\/remiremontinfo\/#\/schema\/logo\/image\/\"},\"sameAs\":[\"https:\/\/www.facebook.com\/remiremontinfo\",\"https:\/\/x.com\/VosgesInfo88\",\"https:\/\/www.youtube.com\/@vosgesinfo\"]},{\"@type\":\"Person\",\"@id\":\"https:\/\/vosgesinfo.fr\/remiremontinfo\/#\/schema\/person\/3bfd164d5218a185b1db68655a265316\",\"name\":\"C D\",\"image\":{\"@type\":\"ImageObject\",\"inLanguage\":\"fr-FR\",\"@id\":\"https:\/\/vosgesinfo.fr\/remiremontinfo\/#\/schema\/person\/image\/\",\"url\":\"https:\/\/secure.gravatar.com\/avatar\/1f9a70007336511a47468b8f1c66f922b8b7cf617b02a31149ada43893a5d48f?s=96&d=mm&r=g\",\"contentUrl\":\"https:\/\/secure.gravatar.com\/avatar\/1f9a70007336511a47468b8f1c66f922b8b7cf617b02a31149ada43893a5d48f?s=96&d=mm&r=g\",\"caption\":\"C D\"},\"url\":\"https:\/\/vosgesinfo.fr\/remiremontinfo\/author\/cedric-drevet\/\"}]}<\/script>\n<!-- \/ Yoast SEO plugin. -->","yoast_head_json":{"title":"D\u00e9c\u00e8s de Lucas : le s\u00e9nateur Jean Hingray interpelle le ministre Pap Ndiaye sur le harc\u00e8lement scolaire - Remiremont Info","robots":{"index":"index","follow":"follow","max-snippet":"max-snippet:-1","max-image-preview":"max-image-preview:large","max-video-preview":"max-video-preview:-1"},"canonical":"https:\/\/vosgesinfo.fr\/remiremontinfo\/2023\/01\/deces-de-lucas-senateur-jean-hingray-interpelle-ministre-pap-ndiaye-harcelement-scolaire\/","twitter_card":"summary_large_image","twitter_title":"D\u00e9c\u00e8s de Lucas : le s\u00e9nateur Jean Hingray interpelle le ministre Pap Ndiaye sur le harc\u00e8lement scolaire - Remiremont Info","twitter_description":"Profond\u00e9ment touch\u00e9 par l\u2019histoire de Lucas, Jean Hingray a interpell\u00e9 une fois de plus le ministre sur le harc\u00e8lement scolaire [&hellip;]","twitter_image":"https:\/\/vosgesinfo.fr\/app\/uploads\/sites\/5\/2024\/09\/202301capture-decran-2023-01-23-114538.png","twitter_creator":"@VosgesInfo88","twitter_site":"@VosgesInfo88","twitter_misc":{"\u00c9crit par":"C D","Dur\u00e9e de lecture estim\u00e9e":"1 minute"},"schema":{"@context":"https:\/\/schema.org","@graph":[{"@type":"Article","@id":"https:\/\/vosgesinfo.fr\/remiremontinfo\/2023\/01\/deces-de-lucas-senateur-jean-hingray-interpelle-ministre-pap-ndiaye-harcelement-scolaire\/#article","isPartOf":{"@id":"https:\/\/vosgesinfo.fr\/remiremontinfo\/2023\/01\/deces-de-lucas-senateur-jean-hingray-interpelle-ministre-pap-ndiaye-harcelement-scolaire\/"},"author":{"name":"C D","@id":"https:\/\/vosgesinfo.fr\/remiremontinfo\/#\/schema\/person\/3bfd164d5218a185b1db68655a265316"},"headline":"D\u00e9c\u00e8s de Lucas : le s\u00e9nateur Jean Hingray interpelle le ministre Pap Ndiaye sur le harc\u00e8lement scolaire","datePublished":"2023-01-23T09:49:13+00:00","dateModified":"2023-01-23T09:49:13+00:00","mainEntityOfPage":{"@id":"https:\/\/vosgesinfo.fr\/remiremontinfo\/2023\/01\/deces-de-lucas-senateur-jean-hingray-interpelle-ministre-pap-ndiaye-harcelement-scolaire\/"},"wordCount":314,"commentCount":0,"publisher":{"@id":"https:\/\/vosgesinfo.fr\/remiremontinfo\/#organization"},"image":{"@id":"https:\/\/vosgesinfo.fr\/remiremontinfo\/2023\/01\/deces-de-lucas-senateur-jean-hingray-interpelle-ministre-pap-ndiaye-harcelement-scolaire\/#primaryimage"},"thumbnailUrl":"https:\/\/vosgesinfo.fr\/app\/uploads\/sites\/5\/2024\/09\/202301capture-decran-2023-01-23-114538.png","keywords":["harc\u00e8lement","Jean Hingray","Vosges"],"articleSection":["A la Une","Politique","Vosges"],"inLanguage":"fr-FR","potentialAction":[{"@type":"CommentAction","name":"Comment","target":["https:\/\/vosgesinfo.fr\/remiremontinfo\/2023\/01\/deces-de-lucas-senateur-jean-hingray-interpelle-ministre-pap-ndiaye-harcelement-scolaire\/#respond"]}]},{"@type":"WebPage","@id":"https:\/\/vosgesinfo.fr\/remiremontinfo\/2023\/01\/deces-de-lucas-senateur-jean-hingray-interpelle-ministre-pap-ndiaye-harcelement-scolaire\/","url":"https:\/\/vosgesinfo.fr\/remiremontinfo\/2023\/01\/deces-de-lucas-senateur-jean-hingray-interpelle-ministre-pap-ndiaye-harcelement-scolaire\/","name":"D\u00e9c\u00e8s de Lucas : le s\u00e9nateur Jean Hingray interpelle le ministre Pap Ndiaye sur le harc\u00e8lement scolaire - Remiremont Info","isPartOf":{"@id":"https:\/\/vosgesinfo.fr\/remiremontinfo\/#website"},"primaryImageOfPage":{"@id":"https:\/\/vosgesinfo.fr\/remiremontinfo\/2023\/01\/deces-de-lucas-senateur-jean-hingray-interpelle-ministre-pap-ndiaye-harcelement-scolaire\/#primaryimage"},"image":{"@id":"https:\/\/vosgesinfo.fr\/remiremontinfo\/2023\/01\/deces-de-lucas-senateur-jean-hingray-interpelle-ministre-pap-ndiaye-harcelement-scolaire\/#primaryimage"},"thumbnailUrl":"https:\/\/vosgesinfo.fr\/app\/uploads\/sites\/5\/2024\/09\/202301capture-decran-2023-01-23-114538.png","datePublished":"2023-01-23T09:49:13+00:00","dateModified":"2023-01-23T09:49:13+00:00","breadcrumb":{"@id":"https:\/\/vosgesinfo.fr\/remiremontinfo\/2023\/01\/deces-de-lucas-senateur-jean-hingray-interpelle-ministre-pap-ndiaye-harcelement-scolaire\/#breadcrumb"},"inLanguage":"fr-FR","potentialAction":[{"@type":"ReadAction","target":["https:\/\/vosgesinfo.fr\/remiremontinfo\/2023\/01\/deces-de-lucas-senateur-jean-hingray-interpelle-ministre-pap-ndiaye-harcelement-scolaire\/"]}]},{"@type":"ImageObject","inLanguage":"fr-FR","@id":"https:\/\/vosgesinfo.fr\/remiremontinfo\/2023\/01\/deces-de-lucas-senateur-jean-hingray-interpelle-ministre-pap-ndiaye-harcelement-scolaire\/#primaryimage","url":"https:\/\/vosgesinfo.fr\/app\/uploads\/sites\/5\/2024\/09\/202301capture-decran-2023-01-23-114538.png","contentUrl":"https:\/\/vosgesinfo.fr\/app\/uploads\/sites\/5\/2024\/09\/202301capture-decran-2023-01-23-114538.png","width":1150,"height":766},{"@type":"BreadcrumbList","@id":"https:\/\/vosgesinfo.fr\/remiremontinfo\/2023\/01\/deces-de-lucas-senateur-jean-hingray-interpelle-ministre-pap-ndiaye-harcelement-scolaire\/#breadcrumb","itemListElement":[{"@type":"ListItem","position":1,"name":"Home","item":"https:\/\/vosgesinfo.fr\/remiremontinfo\/"},{"@type":"ListItem","position":2,"name":"D\u00e9c\u00e8s de Lucas : le s\u00e9nateur Jean Hingray interpelle le ministre Pap Ndiaye sur le harc\u00e8lement scolaire"}]},{"@type":"WebSite","@id":"https:\/\/vosgesinfo.fr\/remiremontinfo\/#website","url":"https:\/\/vosgesinfo.fr\/remiremontinfo\/","name":"Remiremont Info","description":"Toute l&#039;actualit\u00e9 de Remiremont","publisher":{"@id":"https:\/\/vosgesinfo.fr\/remiremontinfo\/#organization"},"alternateName":"Toute l'actualit\u00e9 de Remiremont","potentialAction":[{"@type":"SearchAction","target":{"@type":"EntryPoint","urlTemplate":"https:\/\/vosgesinfo.fr\/remiremontinfo\/?s={search_term_string}"},"query-input":"required name=search_term_string"}],"inLanguage":"fr-FR"},{"@type":"Organization","@id":"https:\/\/vosgesinfo.fr\/remiremontinfo\/#organization","name":"Remiremont Info","url":"https:\/\/vosgesinfo.fr\/remiremontinfo\/","logo":{"@type":"ImageObject","inLanguage":"fr-FR","@id":"https:\/\/vosgesinfo.fr\/remiremontinfo\/#\/schema\/logo\/image\/","url":"https:\/\/vosgesinfo.fr\/app\/uploads\/sites\/5\/2023\/08\/favicon-remiremontinfo.png","contentUrl":"https:\/\/vosgesinfo.fr\/app\/uploads\/sites\/5\/2023\/08\/favicon-remiremontinfo.png","width":512,"height":512,"caption":"Remiremont Info"},"image":{"@id":"https:\/\/vosgesinfo.fr\/remiremontinfo\/#\/schema\/logo\/image\/"},"sameAs":["https:\/\/www.facebook.com\/remiremontinfo","https:\/\/x.com\/VosgesInfo88","https:\/\/www.youtube.com\/@vosgesinfo"]},{"@type":"Person","@id":"https:\/\/vosgesinfo.fr\/remiremontinfo\/#\/schema\/person\/3bfd164d5218a185b1db68655a265316","name":"C D","image":{"@type":"ImageObject","inLanguage":"fr-FR","@id":"https:\/\/vosgesinfo.fr\/remiremontinfo\/#\/schema\/person\/image\/","url":"https:\/\/secure.gravatar.com\/avatar\/1f9a70007336511a47468b8f1c66f922b8b7cf617b02a31149ada43893a5d48f?s=96&d=mm&r=g","contentUrl":"https:\/\/secure.gravatar.com\/avatar\/1f9a70007336511a47468b8f1c66f922b8b7cf617b02a31149ada43893a5d48f?s=96&d=mm&r=g","caption":"C D"},"url":"https:\/\/vosgesinfo.fr\/remiremontinfo\/author\/cedric-drevet\/"}]}},"_links":{"self":[{"href":"https:\/\/vosgesinfo.fr\/remiremontinfo\/wp-json\/wp\/v2\/posts\/67009","targetHints":{"allow":["GET"]}}],"collection":[{"href":"https:\/\/vosgesinfo.fr\/remiremontinfo\/wp-json\/wp\/v2\/posts"}],"about":[{"href":"https:\/\/vosgesinfo.fr\/remiremontinfo\/wp-json\/wp\/v2\/types\/post"}],"author":[{"embeddable":true,"href":"https:\/\/vosgesinfo.fr\/remiremontinfo\/wp-json\/wp\/v2\/users\/407"}],"replies":[{"embeddable":true,"href":"https:\/\/vosgesinfo.fr\/remiremontinfo\/wp-json\/wp\/v2\/comments?post=67009"}],"version-history":[{"count":0,"href":"https:\/\/vosgesinfo.fr\/remiremontinfo\/wp-json\/wp\/v2\/posts\/67009\/revisions"}],"wp:featuredmedia":[{"embeddable":true,"href":"https:\/\/vosgesinfo.fr\/remiremontinfo\/wp-json\/wp\/v2\/media\/67010"}],"wp:attachment":[{"href":"https:\/\/vosgesinfo.fr\/remiremontinfo\/wp-json\/wp\/v2\/media?parent=67009"}],"wp:term":[{"taxonomy":"category","embeddable":true,"href":"https:\/\/vosgesinfo.fr\/remiremontinfo\/wp-json\/wp\/v2\/categories?post=67009"},{"taxonomy":"post_tag","embeddable":true,"href":"https:\/\/vosgesinfo.fr\/remiremontinfo\/wp-json\/wp\/v2\/tags?post=67009"}],"curies":[{"name":"wp","href":"https:\/\/api.w.org\/{rel}","templated":true}]}}