{"id":67013,"date":"2023-01-23T11:08:19","date_gmt":"2023-01-23T10:08:19","guid":{"rendered":"https:\/\/vosgesinfo.fr\/remiremontinfo\/2023\/01\/saulxures-petition-contre-reouverture-lextension-dune-carriere-col-hayes\/"},"modified":"2023-01-23T11:08:19","modified_gmt":"2023-01-23T10:08:19","slug":"saulxures-petition-contre-reouverture-lextension-dune-carriere-col-hayes","status":"publish","type":"post","link":"https:\/\/vosgesinfo.fr\/remiremontinfo\/2023\/01\/saulxures-petition-contre-reouverture-lextension-dune-carriere-col-hayes\/","title":{"rendered":"Saulxures : une p\u00e9tition contre la r\u00e9ouverture et l&rsquo;extension d&rsquo;une carri\u00e8re au col des Hayes"},"content":{"rendered":"<h2><a href=\"\/2023\/01\/UjSsbCNFHhBhDjH-800x450-noPad.jpg\"><img decoding=\"async\" class=\"alignnone size-full wp-image-362438\" src=\"\/2023\/01\/UjSsbCNFHhBhDjH-800x450-noPad.jpg\" alt=\"UjSsbCNFHhBhDjH-800x450-noPad\" width=\"800\" height=\"450\" \/><\/a><\/h2>\n<h2><span style=\"font-size: 12pt;\"><strong>L\u2019association \u00ab\u00a0Pr\u00e9servons l\u2019Environnement du Col des Hayes\u00a0\u00bb a lanc\u00e9 une p\u00e9tition en ligne pour s&rsquo;opposer \u00e0\u00a0la r\u00e9ouverture de la graniterie et \u00e0 l\u2019extension de la carri\u00e8re du lieu-dit Lansau. Pour plus d&rsquo;informations, retrouvez la p\u00e9tition en ligne au lien suivant :\u00a0<a href=\"https:\/\/www.change.org\/p\/plus-que-jamais-pr%C3%A9servons-l-environnement-du-col-des-hayes\">P\u00e9tition \u00b7 Plus que jamais, pr\u00e9servons l&rsquo;environnement du col des Hayes ! \u00b7 Change.org<\/a><\/strong><\/span><\/h2>\n<p>\u00ab\u00a0Dans les Hautes-Vosges, \u00e0 plus de 900 m d\u2019altitude, une graniterie industrielle, dispens\u00e9e d\u2019\u00e9valuation environnementale par la Pr\u00e9fecture des Vosges, s\u2019appr\u00eate de fa\u00e7on imminente \u00e0 r\u00e9-ouvrir et \u00e9tendre une carri\u00e8re \u00e0 l\u2019abandon depuis 2004\u00a0\u00bb, affirment les r\u00e9dacteurs de la p\u00e9tition. \u00ab\u00a0En effet, elle vient de b\u00e9n\u00e9ficier d\u2019une autorisation pr\u00e9fectorale qui sous-estime fortement les nouveaux dangers et les risques qu\u2019elle fait courir au milieu naturel, aux habitants et aux usagers du site du col des Hayes, qui relie les communes de Basse-sur-le-Rupt et de Saulxures-sur-Moselotte\u00a0\u00bb. Les p\u00e9titionnaires s&rsquo;adressent \u00e0 la Pr\u00e9f\u00e8te des Vosges : \u00ab\u00a0nous vous demandons d\u2019annuler l\u2019arr\u00eat\u00e9 d\u2019autorisation (n\u00b01022\/2022) accord\u00e9 pour la r\u00e9ouverture et l\u2019extension de la carri\u00e8re du lieu-dit Lansau, pr\u00e8s de 20 ans apr\u00e8s son quasi-abandon. Nous vous demandons \u00e9galement d\u2019ordonner une \u00e9valuation environnementale actualis\u00e9e, \u00e0 la mesure des enjeux sociaux et \u00e9cologiques du 21\u00e8 si\u00e8cle\u00a0\u00bb.<\/p>\n","protected":false},"excerpt":{"rendered":"<p>L\u2019association \u00ab\u00a0Pr\u00e9servons l\u2019Environnement du Col des Hayes\u00a0\u00bb a lanc\u00e9 une p\u00e9tition en ligne pour s&rsquo;opposer \u00e0\u00a0la r\u00e9ouverture de la graniterie [&hellip;]<\/p>\n","protected":false},"author":407,"featured_media":67014,"comment_status":"open","ping_status":"open","sticky":false,"template":"","format":"standard","meta":{"footnotes":""},"categories":[26,7,25,68],"tags":[5415,161,32],"class_list":["post-67013","post","type-post","status-publish","format-standard","has-post-thumbnail","hentry","category-a-la-une","category-environnement","category-la-bresse-son-canton","category-saulxures-sur-moselotte","tag-graniterie","tag-saulxures","tag-vosges"],"acf":[],"yoast_head":"<!-- This site is optimized with the Yoast SEO plugin v22.5 - https:\/\/yoast.com\/wordpress\/plugins\/seo\/ -->\n<title>Saulxures : une p\u00e9tition contre la r\u00e9ouverture et l&#039;extension d&#039;une carri\u00e8re au col des Hayes - Remiremont Info<\/title>\n<meta name=\"robots\" content=\"index, follow, max-snippet:-1, max-image-preview:large, max-video-preview:-1\" \/>\n<link rel=\"canonical\" href=\"https:\/\/vosgesinfo.fr\/remiremontinfo\/2023\/01\/saulxures-petition-contre-reouverture-lextension-dune-carriere-col-hayes\/\" \/>\n<meta name=\"twitter:card\" content=\"summary_large_image\" \/>\n<meta name=\"twitter:title\" content=\"Saulxures : une p\u00e9tition contre la r\u00e9ouverture et l&#039;extension d&#039;une carri\u00e8re au col des Hayes - Remiremont Info\" \/>\n<meta name=\"twitter:description\" content=\"L\u2019association \u00ab\u00a0Pr\u00e9servons l\u2019Environnement du Col des Hayes\u00a0\u00bb a lanc\u00e9 une p\u00e9tition en ligne pour s&rsquo;opposer \u00e0\u00a0la r\u00e9ouverture de la graniterie [&hellip;]\" \/>\n<meta name=\"twitter:image\" content=\"https:\/\/vosgesinfo.fr\/app\/uploads\/sites\/5\/2024\/09\/202301ujssbcnfhhbhdjh-800x450-nopad.jpg\" \/>\n<meta name=\"twitter:creator\" content=\"@VosgesInfo88\" \/>\n<meta name=\"twitter:site\" content=\"@VosgesInfo88\" \/>\n<meta name=\"twitter:label1\" content=\"\u00c9crit par\" \/>\n\t<meta name=\"twitter:data1\" content=\"C D\" \/>\n\t<meta name=\"twitter:label2\" content=\"Dur\u00e9e de lecture estim\u00e9e\" \/>\n\t<meta name=\"twitter:data2\" content=\"1 minute\" \/>\n<script type=\"application\/ld+json\" class=\"yoast-schema-graph\">{\"@context\":\"https:\/\/schema.org\",\"@graph\":[{\"@type\":\"Article\",\"@id\":\"https:\/\/vosgesinfo.fr\/remiremontinfo\/2023\/01\/saulxures-petition-contre-reouverture-lextension-dune-carriere-col-hayes\/#article\",\"isPartOf\":{\"@id\":\"https:\/\/vosgesinfo.fr\/remiremontinfo\/2023\/01\/saulxures-petition-contre-reouverture-lextension-dune-carriere-col-hayes\/\"},\"author\":{\"name\":\"C D\",\"@id\":\"https:\/\/vosgesinfo.fr\/remiremontinfo\/#\/schema\/person\/3bfd164d5218a185b1db68655a265316\"},\"headline\":\"Saulxures : une p\u00e9tition contre la r\u00e9ouverture et l&rsquo;extension d&rsquo;une carri\u00e8re au col des Hayes\",\"datePublished\":\"2023-01-23T10:08:19+00:00\",\"dateModified\":\"2023-01-23T10:08:19+00:00\",\"mainEntityOfPage\":{\"@id\":\"https:\/\/vosgesinfo.fr\/remiremontinfo\/2023\/01\/saulxures-petition-contre-reouverture-lextension-dune-carriere-col-hayes\/\"},\"wordCount\":245,\"commentCount\":0,\"publisher\":{\"@id\":\"https:\/\/vosgesinfo.fr\/remiremontinfo\/#organization\"},\"image\":{\"@id\":\"https:\/\/vosgesinfo.fr\/remiremontinfo\/2023\/01\/saulxures-petition-contre-reouverture-lextension-dune-carriere-col-hayes\/#primaryimage\"},\"thumbnailUrl\":\"https:\/\/vosgesinfo.fr\/app\/uploads\/sites\/5\/2024\/09\/202301ujssbcnfhhbhdjh-800x450-nopad.jpg\",\"keywords\":[\"graniterie\",\"Saulxures\",\"Vosges\"],\"articleSection\":[\"A la Une\",\"Environnement\",\"La Bresse &amp; son canton\",\"Saulxures-Sur-Moselotte\"],\"inLanguage\":\"fr-FR\",\"potentialAction\":[{\"@type\":\"CommentAction\",\"name\":\"Comment\",\"target\":[\"https:\/\/vosgesinfo.fr\/remiremontinfo\/2023\/01\/saulxures-petition-contre-reouverture-lextension-dune-carriere-col-hayes\/#respond\"]}]},{\"@type\":\"WebPage\",\"@id\":\"https:\/\/vosgesinfo.fr\/remiremontinfo\/2023\/01\/saulxures-petition-contre-reouverture-lextension-dune-carriere-col-hayes\/\",\"url\":\"https:\/\/vosgesinfo.fr\/remiremontinfo\/2023\/01\/saulxures-petition-contre-reouverture-lextension-dune-carriere-col-hayes\/\",\"name\":\"Saulxures : une p\u00e9tition contre la r\u00e9ouverture et l'extension d'une carri\u00e8re au col des Hayes - Remiremont Info\",\"isPartOf\":{\"@id\":\"https:\/\/vosgesinfo.fr\/remiremontinfo\/#website\"},\"primaryImageOfPage\":{\"@id\":\"https:\/\/vosgesinfo.fr\/remiremontinfo\/2023\/01\/saulxures-petition-contre-reouverture-lextension-dune-carriere-col-hayes\/#primaryimage\"},\"image\":{\"@id\":\"https:\/\/vosgesinfo.fr\/remiremontinfo\/2023\/01\/saulxures-petition-contre-reouverture-lextension-dune-carriere-col-hayes\/#primaryimage\"},\"thumbnailUrl\":\"https:\/\/vosgesinfo.fr\/app\/uploads\/sites\/5\/2024\/09\/202301ujssbcnfhhbhdjh-800x450-nopad.jpg\",\"datePublished\":\"2023-01-23T10:08:19+00:00\",\"dateModified\":\"2023-01-23T10:08:19+00:00\",\"breadcrumb\":{\"@id\":\"https:\/\/vosgesinfo.fr\/remiremontinfo\/2023\/01\/saulxures-petition-contre-reouverture-lextension-dune-carriere-col-hayes\/#breadcrumb\"},\"inLanguage\":\"fr-FR\",\"potentialAction\":[{\"@type\":\"ReadAction\",\"target\":[\"https:\/\/vosgesinfo.fr\/remiremontinfo\/2023\/01\/saulxures-petition-contre-reouverture-lextension-dune-carriere-col-hayes\/\"]}]},{\"@type\":\"ImageObject\",\"inLanguage\":\"fr-FR\",\"@id\":\"https:\/\/vosgesinfo.fr\/remiremontinfo\/2023\/01\/saulxures-petition-contre-reouverture-lextension-dune-carriere-col-hayes\/#primaryimage\",\"url\":\"https:\/\/vosgesinfo.fr\/app\/uploads\/sites\/5\/2024\/09\/202301ujssbcnfhhbhdjh-800x450-nopad.jpg\",\"contentUrl\":\"https:\/\/vosgesinfo.fr\/app\/uploads\/sites\/5\/2024\/09\/202301ujssbcnfhhbhdjh-800x450-nopad.jpg\",\"width\":800,\"height\":450},{\"@type\":\"BreadcrumbList\",\"@id\":\"https:\/\/vosgesinfo.fr\/remiremontinfo\/2023\/01\/saulxures-petition-contre-reouverture-lextension-dune-carriere-col-hayes\/#breadcrumb\",\"itemListElement\":[{\"@type\":\"ListItem\",\"position\":1,\"name\":\"Home\",\"item\":\"https:\/\/vosgesinfo.fr\/remiremontinfo\/\"},{\"@type\":\"ListItem\",\"position\":2,\"name\":\"Saulxures : une p\u00e9tition contre la r\u00e9ouverture et l&rsquo;extension d&rsquo;une carri\u00e8re au col des Hayes\"}]},{\"@type\":\"WebSite\",\"@id\":\"https:\/\/vosgesinfo.fr\/remiremontinfo\/#website\",\"url\":\"https:\/\/vosgesinfo.fr\/remiremontinfo\/\",\"name\":\"Remiremont Info\",\"description\":\"Toute l&#039;actualit\u00e9 de Remiremont\",\"publisher\":{\"@id\":\"https:\/\/vosgesinfo.fr\/remiremontinfo\/#organization\"},\"alternateName\":\"Toute l'actualit\u00e9 de Remiremont\",\"potentialAction\":[{\"@type\":\"SearchAction\",\"target\":{\"@type\":\"EntryPoint\",\"urlTemplate\":\"https:\/\/vosgesinfo.fr\/remiremontinfo\/?s={search_term_string}\"},\"query-input\":\"required name=search_term_string\"}],\"inLanguage\":\"fr-FR\"},{\"@type\":\"Organization\",\"@id\":\"https:\/\/vosgesinfo.fr\/remiremontinfo\/#organization\",\"name\":\"Remiremont Info\",\"url\":\"https:\/\/vosgesinfo.fr\/remiremontinfo\/\",\"logo\":{\"@type\":\"ImageObject\",\"inLanguage\":\"fr-FR\",\"@id\":\"https:\/\/vosgesinfo.fr\/remiremontinfo\/#\/schema\/logo\/image\/\",\"url\":\"https:\/\/vosgesinfo.fr\/app\/uploads\/sites\/5\/2023\/08\/favicon-remiremontinfo.png\",\"contentUrl\":\"https:\/\/vosgesinfo.fr\/app\/uploads\/sites\/5\/2023\/08\/favicon-remiremontinfo.png\",\"width\":512,\"height\":512,\"caption\":\"Remiremont Info\"},\"image\":{\"@id\":\"https:\/\/vosgesinfo.fr\/remiremontinfo\/#\/schema\/logo\/image\/\"},\"sameAs\":[\"https:\/\/www.facebook.com\/remiremontinfo\",\"https:\/\/x.com\/VosgesInfo88\",\"https:\/\/www.youtube.com\/@vosgesinfo\"]},{\"@type\":\"Person\",\"@id\":\"https:\/\/vosgesinfo.fr\/remiremontinfo\/#\/schema\/person\/3bfd164d5218a185b1db68655a265316\",\"name\":\"C D\",\"image\":{\"@type\":\"ImageObject\",\"inLanguage\":\"fr-FR\",\"@id\":\"https:\/\/vosgesinfo.fr\/remiremontinfo\/#\/schema\/person\/image\/\",\"url\":\"https:\/\/secure.gravatar.com\/avatar\/1f9a70007336511a47468b8f1c66f922b8b7cf617b02a31149ada43893a5d48f?s=96&d=mm&r=g\",\"contentUrl\":\"https:\/\/secure.gravatar.com\/avatar\/1f9a70007336511a47468b8f1c66f922b8b7cf617b02a31149ada43893a5d48f?s=96&d=mm&r=g\",\"caption\":\"C D\"},\"url\":\"https:\/\/vosgesinfo.fr\/remiremontinfo\/author\/cedric-drevet\/\"}]}<\/script>\n<!-- \/ Yoast SEO plugin. -->","yoast_head_json":{"title":"Saulxures : une p\u00e9tition contre la r\u00e9ouverture et l'extension d'une carri\u00e8re au col des Hayes - Remiremont Info","robots":{"index":"index","follow":"follow","max-snippet":"max-snippet:-1","max-image-preview":"max-image-preview:large","max-video-preview":"max-video-preview:-1"},"canonical":"https:\/\/vosgesinfo.fr\/remiremontinfo\/2023\/01\/saulxures-petition-contre-reouverture-lextension-dune-carriere-col-hayes\/","twitter_card":"summary_large_image","twitter_title":"Saulxures : une p\u00e9tition contre la r\u00e9ouverture et l'extension d'une carri\u00e8re au col des Hayes - Remiremont Info","twitter_description":"L\u2019association \u00ab\u00a0Pr\u00e9servons l\u2019Environnement du Col des Hayes\u00a0\u00bb a lanc\u00e9 une p\u00e9tition en ligne pour s&rsquo;opposer \u00e0\u00a0la r\u00e9ouverture de la graniterie [&hellip;]","twitter_image":"https:\/\/vosgesinfo.fr\/app\/uploads\/sites\/5\/2024\/09\/202301ujssbcnfhhbhdjh-800x450-nopad.jpg","twitter_creator":"@VosgesInfo88","twitter_site":"@VosgesInfo88","twitter_misc":{"\u00c9crit par":"C D","Dur\u00e9e de lecture estim\u00e9e":"1 minute"},"schema":{"@context":"https:\/\/schema.org","@graph":[{"@type":"Article","@id":"https:\/\/vosgesinfo.fr\/remiremontinfo\/2023\/01\/saulxures-petition-contre-reouverture-lextension-dune-carriere-col-hayes\/#article","isPartOf":{"@id":"https:\/\/vosgesinfo.fr\/remiremontinfo\/2023\/01\/saulxures-petition-contre-reouverture-lextension-dune-carriere-col-hayes\/"},"author":{"name":"C D","@id":"https:\/\/vosgesinfo.fr\/remiremontinfo\/#\/schema\/person\/3bfd164d5218a185b1db68655a265316"},"headline":"Saulxures : une p\u00e9tition contre la r\u00e9ouverture et l&rsquo;extension d&rsquo;une carri\u00e8re au col des Hayes","datePublished":"2023-01-23T10:08:19+00:00","dateModified":"2023-01-23T10:08:19+00:00","mainEntityOfPage":{"@id":"https:\/\/vosgesinfo.fr\/remiremontinfo\/2023\/01\/saulxures-petition-contre-reouverture-lextension-dune-carriere-col-hayes\/"},"wordCount":245,"commentCount":0,"publisher":{"@id":"https:\/\/vosgesinfo.fr\/remiremontinfo\/#organization"},"image":{"@id":"https:\/\/vosgesinfo.fr\/remiremontinfo\/2023\/01\/saulxures-petition-contre-reouverture-lextension-dune-carriere-col-hayes\/#primaryimage"},"thumbnailUrl":"https:\/\/vosgesinfo.fr\/app\/uploads\/sites\/5\/2024\/09\/202301ujssbcnfhhbhdjh-800x450-nopad.jpg","keywords":["graniterie","Saulxures","Vosges"],"articleSection":["A la Une","Environnement","La Bresse &amp; son canton","Saulxures-Sur-Moselotte"],"inLanguage":"fr-FR","potentialAction":[{"@type":"CommentAction","name":"Comment","target":["https:\/\/vosgesinfo.fr\/remiremontinfo\/2023\/01\/saulxures-petition-contre-reouverture-lextension-dune-carriere-col-hayes\/#respond"]}]},{"@type":"WebPage","@id":"https:\/\/vosgesinfo.fr\/remiremontinfo\/2023\/01\/saulxures-petition-contre-reouverture-lextension-dune-carriere-col-hayes\/","url":"https:\/\/vosgesinfo.fr\/remiremontinfo\/2023\/01\/saulxures-petition-contre-reouverture-lextension-dune-carriere-col-hayes\/","name":"Saulxures : une p\u00e9tition contre la r\u00e9ouverture et l'extension d'une carri\u00e8re au col des Hayes - Remiremont Info","isPartOf":{"@id":"https:\/\/vosgesinfo.fr\/remiremontinfo\/#website"},"primaryImageOfPage":{"@id":"https:\/\/vosgesinfo.fr\/remiremontinfo\/2023\/01\/saulxures-petition-contre-reouverture-lextension-dune-carriere-col-hayes\/#primaryimage"},"image":{"@id":"https:\/\/vosgesinfo.fr\/remiremontinfo\/2023\/01\/saulxures-petition-contre-reouverture-lextension-dune-carriere-col-hayes\/#primaryimage"},"thumbnailUrl":"https:\/\/vosgesinfo.fr\/app\/uploads\/sites\/5\/2024\/09\/202301ujssbcnfhhbhdjh-800x450-nopad.jpg","datePublished":"2023-01-23T10:08:19+00:00","dateModified":"2023-01-23T10:08:19+00:00","breadcrumb":{"@id":"https:\/\/vosgesinfo.fr\/remiremontinfo\/2023\/01\/saulxures-petition-contre-reouverture-lextension-dune-carriere-col-hayes\/#breadcrumb"},"inLanguage":"fr-FR","potentialAction":[{"@type":"ReadAction","target":["https:\/\/vosgesinfo.fr\/remiremontinfo\/2023\/01\/saulxures-petition-contre-reouverture-lextension-dune-carriere-col-hayes\/"]}]},{"@type":"ImageObject","inLanguage":"fr-FR","@id":"https:\/\/vosgesinfo.fr\/remiremontinfo\/2023\/01\/saulxures-petition-contre-reouverture-lextension-dune-carriere-col-hayes\/#primaryimage","url":"https:\/\/vosgesinfo.fr\/app\/uploads\/sites\/5\/2024\/09\/202301ujssbcnfhhbhdjh-800x450-nopad.jpg","contentUrl":"https:\/\/vosgesinfo.fr\/app\/uploads\/sites\/5\/2024\/09\/202301ujssbcnfhhbhdjh-800x450-nopad.jpg","width":800,"height":450},{"@type":"BreadcrumbList","@id":"https:\/\/vosgesinfo.fr\/remiremontinfo\/2023\/01\/saulxures-petition-contre-reouverture-lextension-dune-carriere-col-hayes\/#breadcrumb","itemListElement":[{"@type":"ListItem","position":1,"name":"Home","item":"https:\/\/vosgesinfo.fr\/remiremontinfo\/"},{"@type":"ListItem","position":2,"name":"Saulxures : une p\u00e9tition contre la r\u00e9ouverture et l&rsquo;extension d&rsquo;une carri\u00e8re au col des Hayes"}]},{"@type":"WebSite","@id":"https:\/\/vosgesinfo.fr\/remiremontinfo\/#website","url":"https:\/\/vosgesinfo.fr\/remiremontinfo\/","name":"Remiremont Info","description":"Toute l&#039;actualit\u00e9 de Remiremont","publisher":{"@id":"https:\/\/vosgesinfo.fr\/remiremontinfo\/#organization"},"alternateName":"Toute l'actualit\u00e9 de Remiremont","potentialAction":[{"@type":"SearchAction","target":{"@type":"EntryPoint","urlTemplate":"https:\/\/vosgesinfo.fr\/remiremontinfo\/?s={search_term_string}"},"query-input":"required name=search_term_string"}],"inLanguage":"fr-FR"},{"@type":"Organization","@id":"https:\/\/vosgesinfo.fr\/remiremontinfo\/#organization","name":"Remiremont Info","url":"https:\/\/vosgesinfo.fr\/remiremontinfo\/","logo":{"@type":"ImageObject","inLanguage":"fr-FR","@id":"https:\/\/vosgesinfo.fr\/remiremontinfo\/#\/schema\/logo\/image\/","url":"https:\/\/vosgesinfo.fr\/app\/uploads\/sites\/5\/2023\/08\/favicon-remiremontinfo.png","contentUrl":"https:\/\/vosgesinfo.fr\/app\/uploads\/sites\/5\/2023\/08\/favicon-remiremontinfo.png","width":512,"height":512,"caption":"Remiremont Info"},"image":{"@id":"https:\/\/vosgesinfo.fr\/remiremontinfo\/#\/schema\/logo\/image\/"},"sameAs":["https:\/\/www.facebook.com\/remiremontinfo","https:\/\/x.com\/VosgesInfo88","https:\/\/www.youtube.com\/@vosgesinfo"]},{"@type":"Person","@id":"https:\/\/vosgesinfo.fr\/remiremontinfo\/#\/schema\/person\/3bfd164d5218a185b1db68655a265316","name":"C D","image":{"@type":"ImageObject","inLanguage":"fr-FR","@id":"https:\/\/vosgesinfo.fr\/remiremontinfo\/#\/schema\/person\/image\/","url":"https:\/\/secure.gravatar.com\/avatar\/1f9a70007336511a47468b8f1c66f922b8b7cf617b02a31149ada43893a5d48f?s=96&d=mm&r=g","contentUrl":"https:\/\/secure.gravatar.com\/avatar\/1f9a70007336511a47468b8f1c66f922b8b7cf617b02a31149ada43893a5d48f?s=96&d=mm&r=g","caption":"C D"},"url":"https:\/\/vosgesinfo.fr\/remiremontinfo\/author\/cedric-drevet\/"}]}},"_links":{"self":[{"href":"https:\/\/vosgesinfo.fr\/remiremontinfo\/wp-json\/wp\/v2\/posts\/67013","targetHints":{"allow":["GET"]}}],"collection":[{"href":"https:\/\/vosgesinfo.fr\/remiremontinfo\/wp-json\/wp\/v2\/posts"}],"about":[{"href":"https:\/\/vosgesinfo.fr\/remiremontinfo\/wp-json\/wp\/v2\/types\/post"}],"author":[{"embeddable":true,"href":"https:\/\/vosgesinfo.fr\/remiremontinfo\/wp-json\/wp\/v2\/users\/407"}],"replies":[{"embeddable":true,"href":"https:\/\/vosgesinfo.fr\/remiremontinfo\/wp-json\/wp\/v2\/comments?post=67013"}],"version-history":[{"count":0,"href":"https:\/\/vosgesinfo.fr\/remiremontinfo\/wp-json\/wp\/v2\/posts\/67013\/revisions"}],"wp:featuredmedia":[{"embeddable":true,"href":"https:\/\/vosgesinfo.fr\/remiremontinfo\/wp-json\/wp\/v2\/media\/67014"}],"wp:attachment":[{"href":"https:\/\/vosgesinfo.fr\/remiremontinfo\/wp-json\/wp\/v2\/media?parent=67013"}],"wp:term":[{"taxonomy":"category","embeddable":true,"href":"https:\/\/vosgesinfo.fr\/remiremontinfo\/wp-json\/wp\/v2\/categories?post=67013"},{"taxonomy":"post_tag","embeddable":true,"href":"https:\/\/vosgesinfo.fr\/remiremontinfo\/wp-json\/wp\/v2\/tags?post=67013"}],"curies":[{"name":"wp","href":"https:\/\/api.w.org\/{rel}","templated":true}]}}