{"id":67045,"date":"2023-01-24T10:52:18","date_gmt":"2023-01-24T09:52:18","guid":{"rendered":"https:\/\/vosgesinfo.fr\/remiremontinfo\/2023\/01\/lassociation-agreee-de-peche-de-protection-milieu-aquatique-aappma-depinal-a-tenu-assemblee-generale\/"},"modified":"2023-01-24T10:52:18","modified_gmt":"2023-01-24T09:52:18","slug":"lassociation-agreee-de-peche-de-protection-milieu-aquatique-aappma-depinal-a-tenu-assemblee-generale","status":"publish","type":"post","link":"https:\/\/vosgesinfo.fr\/remiremontinfo\/2023\/01\/lassociation-agreee-de-peche-de-protection-milieu-aquatique-aappma-depinal-a-tenu-assemblee-generale\/","title":{"rendered":"L\u2019association Agr\u00e9\u00e9e de P\u00eache et de Protection du Milieu Aquatique (AAPPMA) d\u2019\u00c9pinal a tenu son Assembl\u00e9e g\u00e9n\u00e9rale"},"content":{"rendered":"<p><strong>L\u2019ordre du jour de l\u2019AG \u00e9tait tr\u00e8s dense ce samedi 21 janvier salle Barbelouze \u00e0 Golbey\u00a0: rapport moral du pr\u00e9sident, rapport financier, rapport d\u2019alevinage, retour sur 2022, perspectives 2023, rapport de garderie et questions diverses.<\/strong><\/p>\n<p>Si la p\u00eache est la passion principale de tous les adh\u00e9rents de l\u2019AAPPMA, la pr\u00e9servation du milieu aquatique doit \u00eatre \u00e9galement un d\u00e9nominateur commun. Un comportement exemplaire est indispensable car c\u2019est un constat pessimiste que dresse le Pr\u00e9sident de l\u2019association Jean-Louis Mougin\u00a0: les effets du \u00a0r\u00e9chauffement climatique sont d\u00e9sastreux, \u00a0\u00a0les temp\u00e9ratures anormalement \u00e9lev\u00e9es en 2022 et le d\u00e9ficit en pr\u00e9cipitations entra\u00eenent les cours d\u2019eau vers des niveaux dangereux pour la survie des poissons. Malheureusement, les r\u00e8gles sens\u00e9es prot\u00e9ger la qualit\u00e9 et la quantit\u00e9 de l\u2019eau ne sont pas toujours efficaces et les rivi\u00e8res se meurent dans une indiff\u00e9rence presque totale. De nombreuses actions ont \u00e9t\u00e9 entreprises par l\u2019AAPPMA pour prot\u00e9ger le milieu aquatique et les photographies projet\u00e9s sur \u00e9cran lors de cette s\u00e9ance le rappellent\u00a0: alevinage, p\u00eaches de sauvetage, surveillance, vidange de Bouzey, travaux divers d\u2019entretien\u2026<\/p>\n","protected":false},"excerpt":{"rendered":"<p>L\u2019ordre du jour de l\u2019AG \u00e9tait tr\u00e8s dense ce samedi 21 janvier salle Barbelouze \u00e0 Golbey\u00a0: rapport moral du pr\u00e9sident, [&hellip;]<\/p>\n","protected":false},"author":407,"featured_media":67046,"comment_status":"open","ping_status":"open","sticky":false,"template":"","format":"standard","meta":{"footnotes":""},"categories":[26,17,18],"tags":[3052,2933,32],"class_list":["post-67045","post","type-post","status-publish","format-standard","has-post-thumbnail","hentry","category-a-la-une","category-vie-associative","category-vosges","tag-ag","tag-peche","tag-vosges"],"acf":[],"yoast_head":"<!-- This site is optimized with the Yoast SEO plugin v22.5 - https:\/\/yoast.com\/wordpress\/plugins\/seo\/ -->\n<title>L\u2019association Agr\u00e9\u00e9e de P\u00eache et de Protection du Milieu Aquatique (AAPPMA) d\u2019\u00c9pinal a tenu son Assembl\u00e9e g\u00e9n\u00e9rale - Remiremont Info<\/title>\n<meta name=\"robots\" content=\"index, follow, max-snippet:-1, max-image-preview:large, max-video-preview:-1\" \/>\n<link rel=\"canonical\" href=\"https:\/\/vosgesinfo.fr\/remiremontinfo\/2023\/01\/lassociation-agreee-de-peche-de-protection-milieu-aquatique-aappma-depinal-a-tenu-assemblee-generale\/\" \/>\n<meta name=\"twitter:card\" content=\"summary_large_image\" \/>\n<meta name=\"twitter:title\" content=\"L\u2019association Agr\u00e9\u00e9e de P\u00eache et de Protection du Milieu Aquatique (AAPPMA) d\u2019\u00c9pinal a tenu son Assembl\u00e9e g\u00e9n\u00e9rale - Remiremont Info\" \/>\n<meta name=\"twitter:description\" content=\"L\u2019ordre du jour de l\u2019AG \u00e9tait tr\u00e8s dense ce samedi 21 janvier salle Barbelouze \u00e0 Golbey\u00a0: rapport moral du pr\u00e9sident, [&hellip;]\" \/>\n<meta name=\"twitter:image\" content=\"https:\/\/vosgesinfo.fr\/app\/uploads\/sites\/5\/2024\/09\/202301img-e7557-800x482-1.jpg\" \/>\n<meta name=\"twitter:creator\" content=\"@VosgesInfo88\" \/>\n<meta name=\"twitter:site\" content=\"@VosgesInfo88\" \/>\n<meta name=\"twitter:label1\" content=\"\u00c9crit par\" \/>\n\t<meta name=\"twitter:data1\" content=\"C D\" \/>\n\t<meta name=\"twitter:label2\" content=\"Dur\u00e9e de lecture estim\u00e9e\" \/>\n\t<meta name=\"twitter:data2\" content=\"1 minute\" \/>\n<script type=\"application\/ld+json\" class=\"yoast-schema-graph\">{\"@context\":\"https:\/\/schema.org\",\"@graph\":[{\"@type\":\"Article\",\"@id\":\"https:\/\/vosgesinfo.fr\/remiremontinfo\/2023\/01\/lassociation-agreee-de-peche-de-protection-milieu-aquatique-aappma-depinal-a-tenu-assemblee-generale\/#article\",\"isPartOf\":{\"@id\":\"https:\/\/vosgesinfo.fr\/remiremontinfo\/2023\/01\/lassociation-agreee-de-peche-de-protection-milieu-aquatique-aappma-depinal-a-tenu-assemblee-generale\/\"},\"author\":{\"name\":\"C D\",\"@id\":\"https:\/\/vosgesinfo.fr\/remiremontinfo\/#\/schema\/person\/3bfd164d5218a185b1db68655a265316\"},\"headline\":\"L\u2019association Agr\u00e9\u00e9e de P\u00eache et de Protection du Milieu Aquatique (AAPPMA) d\u2019\u00c9pinal a tenu son Assembl\u00e9e g\u00e9n\u00e9rale\",\"datePublished\":\"2023-01-24T09:52:18+00:00\",\"dateModified\":\"2023-01-24T09:52:18+00:00\",\"mainEntityOfPage\":{\"@id\":\"https:\/\/vosgesinfo.fr\/remiremontinfo\/2023\/01\/lassociation-agreee-de-peche-de-protection-milieu-aquatique-aappma-depinal-a-tenu-assemblee-generale\/\"},\"wordCount\":223,\"commentCount\":0,\"publisher\":{\"@id\":\"https:\/\/vosgesinfo.fr\/remiremontinfo\/#organization\"},\"image\":{\"@id\":\"https:\/\/vosgesinfo.fr\/remiremontinfo\/2023\/01\/lassociation-agreee-de-peche-de-protection-milieu-aquatique-aappma-depinal-a-tenu-assemblee-generale\/#primaryimage\"},\"thumbnailUrl\":\"https:\/\/vosgesinfo.fr\/app\/uploads\/sites\/5\/2024\/09\/202301img-e7557-800x482-1.jpg\",\"keywords\":[\"AG\",\"p\u00eache\",\"Vosges\"],\"articleSection\":[\"A la Une\",\"Vie associative\",\"Vosges\"],\"inLanguage\":\"fr-FR\",\"potentialAction\":[{\"@type\":\"CommentAction\",\"name\":\"Comment\",\"target\":[\"https:\/\/vosgesinfo.fr\/remiremontinfo\/2023\/01\/lassociation-agreee-de-peche-de-protection-milieu-aquatique-aappma-depinal-a-tenu-assemblee-generale\/#respond\"]}]},{\"@type\":\"WebPage\",\"@id\":\"https:\/\/vosgesinfo.fr\/remiremontinfo\/2023\/01\/lassociation-agreee-de-peche-de-protection-milieu-aquatique-aappma-depinal-a-tenu-assemblee-generale\/\",\"url\":\"https:\/\/vosgesinfo.fr\/remiremontinfo\/2023\/01\/lassociation-agreee-de-peche-de-protection-milieu-aquatique-aappma-depinal-a-tenu-assemblee-generale\/\",\"name\":\"L\u2019association Agr\u00e9\u00e9e de P\u00eache et de Protection du Milieu Aquatique (AAPPMA) d\u2019\u00c9pinal a tenu son Assembl\u00e9e g\u00e9n\u00e9rale - Remiremont Info\",\"isPartOf\":{\"@id\":\"https:\/\/vosgesinfo.fr\/remiremontinfo\/#website\"},\"primaryImageOfPage\":{\"@id\":\"https:\/\/vosgesinfo.fr\/remiremontinfo\/2023\/01\/lassociation-agreee-de-peche-de-protection-milieu-aquatique-aappma-depinal-a-tenu-assemblee-generale\/#primaryimage\"},\"image\":{\"@id\":\"https:\/\/vosgesinfo.fr\/remiremontinfo\/2023\/01\/lassociation-agreee-de-peche-de-protection-milieu-aquatique-aappma-depinal-a-tenu-assemblee-generale\/#primaryimage\"},\"thumbnailUrl\":\"https:\/\/vosgesinfo.fr\/app\/uploads\/sites\/5\/2024\/09\/202301img-e7557-800x482-1.jpg\",\"datePublished\":\"2023-01-24T09:52:18+00:00\",\"dateModified\":\"2023-01-24T09:52:18+00:00\",\"breadcrumb\":{\"@id\":\"https:\/\/vosgesinfo.fr\/remiremontinfo\/2023\/01\/lassociation-agreee-de-peche-de-protection-milieu-aquatique-aappma-depinal-a-tenu-assemblee-generale\/#breadcrumb\"},\"inLanguage\":\"fr-FR\",\"potentialAction\":[{\"@type\":\"ReadAction\",\"target\":[\"https:\/\/vosgesinfo.fr\/remiremontinfo\/2023\/01\/lassociation-agreee-de-peche-de-protection-milieu-aquatique-aappma-depinal-a-tenu-assemblee-generale\/\"]}]},{\"@type\":\"ImageObject\",\"inLanguage\":\"fr-FR\",\"@id\":\"https:\/\/vosgesinfo.fr\/remiremontinfo\/2023\/01\/lassociation-agreee-de-peche-de-protection-milieu-aquatique-aappma-depinal-a-tenu-assemblee-generale\/#primaryimage\",\"url\":\"https:\/\/vosgesinfo.fr\/app\/uploads\/sites\/5\/2024\/09\/202301img-e7557-800x482-1.jpg\",\"contentUrl\":\"https:\/\/vosgesinfo.fr\/app\/uploads\/sites\/5\/2024\/09\/202301img-e7557-800x482-1.jpg\",\"width\":800,\"height\":482},{\"@type\":\"BreadcrumbList\",\"@id\":\"https:\/\/vosgesinfo.fr\/remiremontinfo\/2023\/01\/lassociation-agreee-de-peche-de-protection-milieu-aquatique-aappma-depinal-a-tenu-assemblee-generale\/#breadcrumb\",\"itemListElement\":[{\"@type\":\"ListItem\",\"position\":1,\"name\":\"Home\",\"item\":\"https:\/\/vosgesinfo.fr\/remiremontinfo\/\"},{\"@type\":\"ListItem\",\"position\":2,\"name\":\"L\u2019association Agr\u00e9\u00e9e de P\u00eache et de Protection du Milieu Aquatique (AAPPMA) d\u2019\u00c9pinal a tenu son Assembl\u00e9e g\u00e9n\u00e9rale\"}]},{\"@type\":\"WebSite\",\"@id\":\"https:\/\/vosgesinfo.fr\/remiremontinfo\/#website\",\"url\":\"https:\/\/vosgesinfo.fr\/remiremontinfo\/\",\"name\":\"Remiremont Info\",\"description\":\"Toute l&#039;actualit\u00e9 de Remiremont\",\"publisher\":{\"@id\":\"https:\/\/vosgesinfo.fr\/remiremontinfo\/#organization\"},\"alternateName\":\"Toute l'actualit\u00e9 de Remiremont\",\"potentialAction\":[{\"@type\":\"SearchAction\",\"target\":{\"@type\":\"EntryPoint\",\"urlTemplate\":\"https:\/\/vosgesinfo.fr\/remiremontinfo\/?s={search_term_string}\"},\"query-input\":\"required name=search_term_string\"}],\"inLanguage\":\"fr-FR\"},{\"@type\":\"Organization\",\"@id\":\"https:\/\/vosgesinfo.fr\/remiremontinfo\/#organization\",\"name\":\"Remiremont Info\",\"url\":\"https:\/\/vosgesinfo.fr\/remiremontinfo\/\",\"logo\":{\"@type\":\"ImageObject\",\"inLanguage\":\"fr-FR\",\"@id\":\"https:\/\/vosgesinfo.fr\/remiremontinfo\/#\/schema\/logo\/image\/\",\"url\":\"https:\/\/vosgesinfo.fr\/app\/uploads\/sites\/5\/2023\/08\/favicon-remiremontinfo.png\",\"contentUrl\":\"https:\/\/vosgesinfo.fr\/app\/uploads\/sites\/5\/2023\/08\/favicon-remiremontinfo.png\",\"width\":512,\"height\":512,\"caption\":\"Remiremont Info\"},\"image\":{\"@id\":\"https:\/\/vosgesinfo.fr\/remiremontinfo\/#\/schema\/logo\/image\/\"},\"sameAs\":[\"https:\/\/www.facebook.com\/remiremontinfo\",\"https:\/\/x.com\/VosgesInfo88\",\"https:\/\/www.youtube.com\/@vosgesinfo\"]},{\"@type\":\"Person\",\"@id\":\"https:\/\/vosgesinfo.fr\/remiremontinfo\/#\/schema\/person\/3bfd164d5218a185b1db68655a265316\",\"name\":\"C D\",\"image\":{\"@type\":\"ImageObject\",\"inLanguage\":\"fr-FR\",\"@id\":\"https:\/\/vosgesinfo.fr\/remiremontinfo\/#\/schema\/person\/image\/\",\"url\":\"https:\/\/secure.gravatar.com\/avatar\/1f9a70007336511a47468b8f1c66f922b8b7cf617b02a31149ada43893a5d48f?s=96&d=mm&r=g\",\"contentUrl\":\"https:\/\/secure.gravatar.com\/avatar\/1f9a70007336511a47468b8f1c66f922b8b7cf617b02a31149ada43893a5d48f?s=96&d=mm&r=g\",\"caption\":\"C D\"},\"url\":\"https:\/\/vosgesinfo.fr\/remiremontinfo\/author\/cedric-drevet\/\"}]}<\/script>\n<!-- \/ Yoast SEO plugin. -->","yoast_head_json":{"title":"L\u2019association Agr\u00e9\u00e9e de P\u00eache et de Protection du Milieu Aquatique (AAPPMA) d\u2019\u00c9pinal a tenu son Assembl\u00e9e g\u00e9n\u00e9rale - Remiremont Info","robots":{"index":"index","follow":"follow","max-snippet":"max-snippet:-1","max-image-preview":"max-image-preview:large","max-video-preview":"max-video-preview:-1"},"canonical":"https:\/\/vosgesinfo.fr\/remiremontinfo\/2023\/01\/lassociation-agreee-de-peche-de-protection-milieu-aquatique-aappma-depinal-a-tenu-assemblee-generale\/","twitter_card":"summary_large_image","twitter_title":"L\u2019association Agr\u00e9\u00e9e de P\u00eache et de Protection du Milieu Aquatique (AAPPMA) d\u2019\u00c9pinal a tenu son Assembl\u00e9e g\u00e9n\u00e9rale - Remiremont Info","twitter_description":"L\u2019ordre du jour de l\u2019AG \u00e9tait tr\u00e8s dense ce samedi 21 janvier salle Barbelouze \u00e0 Golbey\u00a0: rapport moral du pr\u00e9sident, [&hellip;]","twitter_image":"https:\/\/vosgesinfo.fr\/app\/uploads\/sites\/5\/2024\/09\/202301img-e7557-800x482-1.jpg","twitter_creator":"@VosgesInfo88","twitter_site":"@VosgesInfo88","twitter_misc":{"\u00c9crit par":"C D","Dur\u00e9e de lecture estim\u00e9e":"1 minute"},"schema":{"@context":"https:\/\/schema.org","@graph":[{"@type":"Article","@id":"https:\/\/vosgesinfo.fr\/remiremontinfo\/2023\/01\/lassociation-agreee-de-peche-de-protection-milieu-aquatique-aappma-depinal-a-tenu-assemblee-generale\/#article","isPartOf":{"@id":"https:\/\/vosgesinfo.fr\/remiremontinfo\/2023\/01\/lassociation-agreee-de-peche-de-protection-milieu-aquatique-aappma-depinal-a-tenu-assemblee-generale\/"},"author":{"name":"C D","@id":"https:\/\/vosgesinfo.fr\/remiremontinfo\/#\/schema\/person\/3bfd164d5218a185b1db68655a265316"},"headline":"L\u2019association Agr\u00e9\u00e9e de P\u00eache et de Protection du Milieu Aquatique (AAPPMA) d\u2019\u00c9pinal a tenu son Assembl\u00e9e g\u00e9n\u00e9rale","datePublished":"2023-01-24T09:52:18+00:00","dateModified":"2023-01-24T09:52:18+00:00","mainEntityOfPage":{"@id":"https:\/\/vosgesinfo.fr\/remiremontinfo\/2023\/01\/lassociation-agreee-de-peche-de-protection-milieu-aquatique-aappma-depinal-a-tenu-assemblee-generale\/"},"wordCount":223,"commentCount":0,"publisher":{"@id":"https:\/\/vosgesinfo.fr\/remiremontinfo\/#organization"},"image":{"@id":"https:\/\/vosgesinfo.fr\/remiremontinfo\/2023\/01\/lassociation-agreee-de-peche-de-protection-milieu-aquatique-aappma-depinal-a-tenu-assemblee-generale\/#primaryimage"},"thumbnailUrl":"https:\/\/vosgesinfo.fr\/app\/uploads\/sites\/5\/2024\/09\/202301img-e7557-800x482-1.jpg","keywords":["AG","p\u00eache","Vosges"],"articleSection":["A la Une","Vie associative","Vosges"],"inLanguage":"fr-FR","potentialAction":[{"@type":"CommentAction","name":"Comment","target":["https:\/\/vosgesinfo.fr\/remiremontinfo\/2023\/01\/lassociation-agreee-de-peche-de-protection-milieu-aquatique-aappma-depinal-a-tenu-assemblee-generale\/#respond"]}]},{"@type":"WebPage","@id":"https:\/\/vosgesinfo.fr\/remiremontinfo\/2023\/01\/lassociation-agreee-de-peche-de-protection-milieu-aquatique-aappma-depinal-a-tenu-assemblee-generale\/","url":"https:\/\/vosgesinfo.fr\/remiremontinfo\/2023\/01\/lassociation-agreee-de-peche-de-protection-milieu-aquatique-aappma-depinal-a-tenu-assemblee-generale\/","name":"L\u2019association Agr\u00e9\u00e9e de P\u00eache et de Protection du Milieu Aquatique (AAPPMA) d\u2019\u00c9pinal a tenu son Assembl\u00e9e g\u00e9n\u00e9rale - Remiremont Info","isPartOf":{"@id":"https:\/\/vosgesinfo.fr\/remiremontinfo\/#website"},"primaryImageOfPage":{"@id":"https:\/\/vosgesinfo.fr\/remiremontinfo\/2023\/01\/lassociation-agreee-de-peche-de-protection-milieu-aquatique-aappma-depinal-a-tenu-assemblee-generale\/#primaryimage"},"image":{"@id":"https:\/\/vosgesinfo.fr\/remiremontinfo\/2023\/01\/lassociation-agreee-de-peche-de-protection-milieu-aquatique-aappma-depinal-a-tenu-assemblee-generale\/#primaryimage"},"thumbnailUrl":"https:\/\/vosgesinfo.fr\/app\/uploads\/sites\/5\/2024\/09\/202301img-e7557-800x482-1.jpg","datePublished":"2023-01-24T09:52:18+00:00","dateModified":"2023-01-24T09:52:18+00:00","breadcrumb":{"@id":"https:\/\/vosgesinfo.fr\/remiremontinfo\/2023\/01\/lassociation-agreee-de-peche-de-protection-milieu-aquatique-aappma-depinal-a-tenu-assemblee-generale\/#breadcrumb"},"inLanguage":"fr-FR","potentialAction":[{"@type":"ReadAction","target":["https:\/\/vosgesinfo.fr\/remiremontinfo\/2023\/01\/lassociation-agreee-de-peche-de-protection-milieu-aquatique-aappma-depinal-a-tenu-assemblee-generale\/"]}]},{"@type":"ImageObject","inLanguage":"fr-FR","@id":"https:\/\/vosgesinfo.fr\/remiremontinfo\/2023\/01\/lassociation-agreee-de-peche-de-protection-milieu-aquatique-aappma-depinal-a-tenu-assemblee-generale\/#primaryimage","url":"https:\/\/vosgesinfo.fr\/app\/uploads\/sites\/5\/2024\/09\/202301img-e7557-800x482-1.jpg","contentUrl":"https:\/\/vosgesinfo.fr\/app\/uploads\/sites\/5\/2024\/09\/202301img-e7557-800x482-1.jpg","width":800,"height":482},{"@type":"BreadcrumbList","@id":"https:\/\/vosgesinfo.fr\/remiremontinfo\/2023\/01\/lassociation-agreee-de-peche-de-protection-milieu-aquatique-aappma-depinal-a-tenu-assemblee-generale\/#breadcrumb","itemListElement":[{"@type":"ListItem","position":1,"name":"Home","item":"https:\/\/vosgesinfo.fr\/remiremontinfo\/"},{"@type":"ListItem","position":2,"name":"L\u2019association Agr\u00e9\u00e9e de P\u00eache et de Protection du Milieu Aquatique (AAPPMA) d\u2019\u00c9pinal a tenu son Assembl\u00e9e g\u00e9n\u00e9rale"}]},{"@type":"WebSite","@id":"https:\/\/vosgesinfo.fr\/remiremontinfo\/#website","url":"https:\/\/vosgesinfo.fr\/remiremontinfo\/","name":"Remiremont Info","description":"Toute l&#039;actualit\u00e9 de Remiremont","publisher":{"@id":"https:\/\/vosgesinfo.fr\/remiremontinfo\/#organization"},"alternateName":"Toute l'actualit\u00e9 de Remiremont","potentialAction":[{"@type":"SearchAction","target":{"@type":"EntryPoint","urlTemplate":"https:\/\/vosgesinfo.fr\/remiremontinfo\/?s={search_term_string}"},"query-input":"required name=search_term_string"}],"inLanguage":"fr-FR"},{"@type":"Organization","@id":"https:\/\/vosgesinfo.fr\/remiremontinfo\/#organization","name":"Remiremont Info","url":"https:\/\/vosgesinfo.fr\/remiremontinfo\/","logo":{"@type":"ImageObject","inLanguage":"fr-FR","@id":"https:\/\/vosgesinfo.fr\/remiremontinfo\/#\/schema\/logo\/image\/","url":"https:\/\/vosgesinfo.fr\/app\/uploads\/sites\/5\/2023\/08\/favicon-remiremontinfo.png","contentUrl":"https:\/\/vosgesinfo.fr\/app\/uploads\/sites\/5\/2023\/08\/favicon-remiremontinfo.png","width":512,"height":512,"caption":"Remiremont Info"},"image":{"@id":"https:\/\/vosgesinfo.fr\/remiremontinfo\/#\/schema\/logo\/image\/"},"sameAs":["https:\/\/www.facebook.com\/remiremontinfo","https:\/\/x.com\/VosgesInfo88","https:\/\/www.youtube.com\/@vosgesinfo"]},{"@type":"Person","@id":"https:\/\/vosgesinfo.fr\/remiremontinfo\/#\/schema\/person\/3bfd164d5218a185b1db68655a265316","name":"C D","image":{"@type":"ImageObject","inLanguage":"fr-FR","@id":"https:\/\/vosgesinfo.fr\/remiremontinfo\/#\/schema\/person\/image\/","url":"https:\/\/secure.gravatar.com\/avatar\/1f9a70007336511a47468b8f1c66f922b8b7cf617b02a31149ada43893a5d48f?s=96&d=mm&r=g","contentUrl":"https:\/\/secure.gravatar.com\/avatar\/1f9a70007336511a47468b8f1c66f922b8b7cf617b02a31149ada43893a5d48f?s=96&d=mm&r=g","caption":"C D"},"url":"https:\/\/vosgesinfo.fr\/remiremontinfo\/author\/cedric-drevet\/"}]}},"_links":{"self":[{"href":"https:\/\/vosgesinfo.fr\/remiremontinfo\/wp-json\/wp\/v2\/posts\/67045","targetHints":{"allow":["GET"]}}],"collection":[{"href":"https:\/\/vosgesinfo.fr\/remiremontinfo\/wp-json\/wp\/v2\/posts"}],"about":[{"href":"https:\/\/vosgesinfo.fr\/remiremontinfo\/wp-json\/wp\/v2\/types\/post"}],"author":[{"embeddable":true,"href":"https:\/\/vosgesinfo.fr\/remiremontinfo\/wp-json\/wp\/v2\/users\/407"}],"replies":[{"embeddable":true,"href":"https:\/\/vosgesinfo.fr\/remiremontinfo\/wp-json\/wp\/v2\/comments?post=67045"}],"version-history":[{"count":0,"href":"https:\/\/vosgesinfo.fr\/remiremontinfo\/wp-json\/wp\/v2\/posts\/67045\/revisions"}],"wp:featuredmedia":[{"embeddable":true,"href":"https:\/\/vosgesinfo.fr\/remiremontinfo\/wp-json\/wp\/v2\/media\/67046"}],"wp:attachment":[{"href":"https:\/\/vosgesinfo.fr\/remiremontinfo\/wp-json\/wp\/v2\/media?parent=67045"}],"wp:term":[{"taxonomy":"category","embeddable":true,"href":"https:\/\/vosgesinfo.fr\/remiremontinfo\/wp-json\/wp\/v2\/categories?post=67045"},{"taxonomy":"post_tag","embeddable":true,"href":"https:\/\/vosgesinfo.fr\/remiremontinfo\/wp-json\/wp\/v2\/tags?post=67045"}],"curies":[{"name":"wp","href":"https:\/\/api.w.org\/{rel}","templated":true}]}}