{"id":67049,"date":"2023-01-24T11:07:44","date_gmt":"2023-01-24T10:07:44","guid":{"rendered":"https:\/\/vosgesinfo.fr\/remiremontinfo\/2023\/01\/gare-de-lest-circulation-tgv-ter-entre-lorraine-paris-ne-reprendra-de-journee\/"},"modified":"2023-01-24T11:07:44","modified_gmt":"2023-01-24T10:07:44","slug":"gare-de-lest-circulation-tgv-ter-entre-lorraine-paris-ne-reprendra-de-journee","status":"publish","type":"post","link":"https:\/\/vosgesinfo.fr\/remiremontinfo\/2023\/01\/gare-de-lest-circulation-tgv-ter-entre-lorraine-paris-ne-reprendra-de-journee\/","title":{"rendered":"Gare de l\u2019Est : la circulation des TGV et TER entre la Lorraine et Paris ne reprendra pas de la journ\u00e9e"},"content":{"rendered":"<h2><span style=\"font-size: 12pt;\">La circulation des trains est interrompue entre la Lorraine et Paris ! Ce mardi 24 janvier, aucun train ne circule \u00e0 l\u2019arriv\u00e9e ou au d\u00e9part de la gare de l\u2019Est, \u00e0 Paris.<\/span><\/h2>\n<p>Le trafic est \u00e0 l\u2019arr\u00eat et ne reprendra pas de la journ\u00e9e! Selon la SNCF, les trajets entre la Lorraine et Paris affichent jusqu\u2019\u00e0 trois heures de retard. Les perturbations vont durer toute la journ\u00e9e. Aucun TER Grand Est et aucun TGV Grand Est ne circule.<\/p>\n<p>La SNCF esp\u00e9rait une reprise vers 10 heures du matin, mais elle a annonc\u00e9 que le trafic serait finalement interrompu \u00ab\u00a0toute la journ\u00e9e\u00a0\u00bb.<\/p>\n<p>Selon la SNCF, ces importantes perturbations s\u2019expliquent par un \u00ab\u00a0acte de malveillance\u00a0\u00bb\u00a0commis au poste d\u2019aiguillage de Vaires-sur-Marne dans la nuit de lundi \u00e0 mardi. Un incendie aurait \u00e9t\u00e9 d\u00e9clench\u00e9 dans la nuit et a paralys\u00e9 totalement le trafic.<\/p>\n","protected":false},"excerpt":{"rendered":"<p>La circulation des trains est interrompue entre la Lorraine et Paris ! Ce mardi 24 janvier, aucun train ne circule [&hellip;]<\/p>\n","protected":false},"author":407,"featured_media":67050,"comment_status":"open","ping_status":"open","sticky":false,"template":"","format":"standard","meta":{"footnotes":""},"categories":[26,18],"tags":[5424,634,636],"class_list":["post-67049","post","type-post","status-publish","format-standard","has-post-thumbnail","hentry","category-a-la-une","category-vosges","tag-gare-de-lest","tag-sncf","tag-train"],"acf":[],"yoast_head":"<!-- This site is optimized with the Yoast SEO plugin v22.5 - https:\/\/yoast.com\/wordpress\/plugins\/seo\/ -->\n<title>Gare de l\u2019Est : la circulation des TGV et TER entre la Lorraine et Paris ne reprendra pas de la journ\u00e9e - Remiremont Info<\/title>\n<meta name=\"robots\" content=\"index, follow, max-snippet:-1, max-image-preview:large, max-video-preview:-1\" \/>\n<link rel=\"canonical\" href=\"https:\/\/vosgesinfo.fr\/remiremontinfo\/2023\/01\/gare-de-lest-circulation-tgv-ter-entre-lorraine-paris-ne-reprendra-de-journee\/\" \/>\n<meta name=\"twitter:card\" content=\"summary_large_image\" \/>\n<meta name=\"twitter:title\" content=\"Gare de l\u2019Est : la circulation des TGV et TER entre la Lorraine et Paris ne reprendra pas de la journ\u00e9e - Remiremont Info\" \/>\n<meta name=\"twitter:description\" content=\"La circulation des trains est interrompue entre la Lorraine et Paris ! Ce mardi 24 janvier, aucun train ne circule [&hellip;]\" \/>\n<meta name=\"twitter:image\" content=\"https:\/\/vosgesinfo.fr\/app\/uploads\/sites\/5\/2024\/09\/202301tgv-trains.jpg\" \/>\n<meta name=\"twitter:creator\" content=\"@VosgesInfo88\" \/>\n<meta name=\"twitter:site\" content=\"@VosgesInfo88\" \/>\n<meta name=\"twitter:label1\" content=\"\u00c9crit par\" \/>\n\t<meta name=\"twitter:data1\" content=\"C D\" \/>\n\t<meta name=\"twitter:label2\" content=\"Dur\u00e9e de lecture estim\u00e9e\" \/>\n\t<meta name=\"twitter:data2\" content=\"1 minute\" \/>\n<script type=\"application\/ld+json\" class=\"yoast-schema-graph\">{\"@context\":\"https:\/\/schema.org\",\"@graph\":[{\"@type\":\"Article\",\"@id\":\"https:\/\/vosgesinfo.fr\/remiremontinfo\/2023\/01\/gare-de-lest-circulation-tgv-ter-entre-lorraine-paris-ne-reprendra-de-journee\/#article\",\"isPartOf\":{\"@id\":\"https:\/\/vosgesinfo.fr\/remiremontinfo\/2023\/01\/gare-de-lest-circulation-tgv-ter-entre-lorraine-paris-ne-reprendra-de-journee\/\"},\"author\":{\"name\":\"C D\",\"@id\":\"https:\/\/vosgesinfo.fr\/remiremontinfo\/#\/schema\/person\/3bfd164d5218a185b1db68655a265316\"},\"headline\":\"Gare de l\u2019Est : la circulation des TGV et TER entre la Lorraine et Paris ne reprendra pas de la journ\u00e9e\",\"datePublished\":\"2023-01-24T10:07:44+00:00\",\"dateModified\":\"2023-01-24T10:07:44+00:00\",\"mainEntityOfPage\":{\"@id\":\"https:\/\/vosgesinfo.fr\/remiremontinfo\/2023\/01\/gare-de-lest-circulation-tgv-ter-entre-lorraine-paris-ne-reprendra-de-journee\/\"},\"wordCount\":168,\"commentCount\":0,\"publisher\":{\"@id\":\"https:\/\/vosgesinfo.fr\/remiremontinfo\/#organization\"},\"image\":{\"@id\":\"https:\/\/vosgesinfo.fr\/remiremontinfo\/2023\/01\/gare-de-lest-circulation-tgv-ter-entre-lorraine-paris-ne-reprendra-de-journee\/#primaryimage\"},\"thumbnailUrl\":\"https:\/\/vosgesinfo.fr\/app\/uploads\/sites\/5\/2024\/09\/202301tgv-trains.jpg\",\"keywords\":[\"gare de l'est\",\"SNCF\",\"train\"],\"articleSection\":[\"A la Une\",\"Vosges\"],\"inLanguage\":\"fr-FR\",\"potentialAction\":[{\"@type\":\"CommentAction\",\"name\":\"Comment\",\"target\":[\"https:\/\/vosgesinfo.fr\/remiremontinfo\/2023\/01\/gare-de-lest-circulation-tgv-ter-entre-lorraine-paris-ne-reprendra-de-journee\/#respond\"]}]},{\"@type\":\"WebPage\",\"@id\":\"https:\/\/vosgesinfo.fr\/remiremontinfo\/2023\/01\/gare-de-lest-circulation-tgv-ter-entre-lorraine-paris-ne-reprendra-de-journee\/\",\"url\":\"https:\/\/vosgesinfo.fr\/remiremontinfo\/2023\/01\/gare-de-lest-circulation-tgv-ter-entre-lorraine-paris-ne-reprendra-de-journee\/\",\"name\":\"Gare de l\u2019Est : la circulation des TGV et TER entre la Lorraine et Paris ne reprendra pas de la journ\u00e9e - Remiremont Info\",\"isPartOf\":{\"@id\":\"https:\/\/vosgesinfo.fr\/remiremontinfo\/#website\"},\"primaryImageOfPage\":{\"@id\":\"https:\/\/vosgesinfo.fr\/remiremontinfo\/2023\/01\/gare-de-lest-circulation-tgv-ter-entre-lorraine-paris-ne-reprendra-de-journee\/#primaryimage\"},\"image\":{\"@id\":\"https:\/\/vosgesinfo.fr\/remiremontinfo\/2023\/01\/gare-de-lest-circulation-tgv-ter-entre-lorraine-paris-ne-reprendra-de-journee\/#primaryimage\"},\"thumbnailUrl\":\"https:\/\/vosgesinfo.fr\/app\/uploads\/sites\/5\/2024\/09\/202301tgv-trains.jpg\",\"datePublished\":\"2023-01-24T10:07:44+00:00\",\"dateModified\":\"2023-01-24T10:07:44+00:00\",\"breadcrumb\":{\"@id\":\"https:\/\/vosgesinfo.fr\/remiremontinfo\/2023\/01\/gare-de-lest-circulation-tgv-ter-entre-lorraine-paris-ne-reprendra-de-journee\/#breadcrumb\"},\"inLanguage\":\"fr-FR\",\"potentialAction\":[{\"@type\":\"ReadAction\",\"target\":[\"https:\/\/vosgesinfo.fr\/remiremontinfo\/2023\/01\/gare-de-lest-circulation-tgv-ter-entre-lorraine-paris-ne-reprendra-de-journee\/\"]}]},{\"@type\":\"ImageObject\",\"inLanguage\":\"fr-FR\",\"@id\":\"https:\/\/vosgesinfo.fr\/remiremontinfo\/2023\/01\/gare-de-lest-circulation-tgv-ter-entre-lorraine-paris-ne-reprendra-de-journee\/#primaryimage\",\"url\":\"https:\/\/vosgesinfo.fr\/app\/uploads\/sites\/5\/2024\/09\/202301tgv-trains.jpg\",\"contentUrl\":\"https:\/\/vosgesinfo.fr\/app\/uploads\/sites\/5\/2024\/09\/202301tgv-trains.jpg\",\"width\":960,\"height\":640},{\"@type\":\"BreadcrumbList\",\"@id\":\"https:\/\/vosgesinfo.fr\/remiremontinfo\/2023\/01\/gare-de-lest-circulation-tgv-ter-entre-lorraine-paris-ne-reprendra-de-journee\/#breadcrumb\",\"itemListElement\":[{\"@type\":\"ListItem\",\"position\":1,\"name\":\"Home\",\"item\":\"https:\/\/vosgesinfo.fr\/remiremontinfo\/\"},{\"@type\":\"ListItem\",\"position\":2,\"name\":\"Gare de l\u2019Est : la circulation des TGV et TER entre la Lorraine et Paris ne reprendra pas de la journ\u00e9e\"}]},{\"@type\":\"WebSite\",\"@id\":\"https:\/\/vosgesinfo.fr\/remiremontinfo\/#website\",\"url\":\"https:\/\/vosgesinfo.fr\/remiremontinfo\/\",\"name\":\"Remiremont Info\",\"description\":\"Toute l&#039;actualit\u00e9 de Remiremont\",\"publisher\":{\"@id\":\"https:\/\/vosgesinfo.fr\/remiremontinfo\/#organization\"},\"alternateName\":\"Toute l'actualit\u00e9 de Remiremont\",\"potentialAction\":[{\"@type\":\"SearchAction\",\"target\":{\"@type\":\"EntryPoint\",\"urlTemplate\":\"https:\/\/vosgesinfo.fr\/remiremontinfo\/?s={search_term_string}\"},\"query-input\":\"required name=search_term_string\"}],\"inLanguage\":\"fr-FR\"},{\"@type\":\"Organization\",\"@id\":\"https:\/\/vosgesinfo.fr\/remiremontinfo\/#organization\",\"name\":\"Remiremont Info\",\"url\":\"https:\/\/vosgesinfo.fr\/remiremontinfo\/\",\"logo\":{\"@type\":\"ImageObject\",\"inLanguage\":\"fr-FR\",\"@id\":\"https:\/\/vosgesinfo.fr\/remiremontinfo\/#\/schema\/logo\/image\/\",\"url\":\"https:\/\/vosgesinfo.fr\/app\/uploads\/sites\/5\/2023\/08\/favicon-remiremontinfo.png\",\"contentUrl\":\"https:\/\/vosgesinfo.fr\/app\/uploads\/sites\/5\/2023\/08\/favicon-remiremontinfo.png\",\"width\":512,\"height\":512,\"caption\":\"Remiremont Info\"},\"image\":{\"@id\":\"https:\/\/vosgesinfo.fr\/remiremontinfo\/#\/schema\/logo\/image\/\"},\"sameAs\":[\"https:\/\/www.facebook.com\/remiremontinfo\",\"https:\/\/x.com\/VosgesInfo88\",\"https:\/\/www.youtube.com\/@vosgesinfo\"]},{\"@type\":\"Person\",\"@id\":\"https:\/\/vosgesinfo.fr\/remiremontinfo\/#\/schema\/person\/3bfd164d5218a185b1db68655a265316\",\"name\":\"C D\",\"image\":{\"@type\":\"ImageObject\",\"inLanguage\":\"fr-FR\",\"@id\":\"https:\/\/vosgesinfo.fr\/remiremontinfo\/#\/schema\/person\/image\/\",\"url\":\"https:\/\/secure.gravatar.com\/avatar\/1f9a70007336511a47468b8f1c66f922b8b7cf617b02a31149ada43893a5d48f?s=96&d=mm&r=g\",\"contentUrl\":\"https:\/\/secure.gravatar.com\/avatar\/1f9a70007336511a47468b8f1c66f922b8b7cf617b02a31149ada43893a5d48f?s=96&d=mm&r=g\",\"caption\":\"C D\"},\"url\":\"https:\/\/vosgesinfo.fr\/remiremontinfo\/author\/cedric-drevet\/\"}]}<\/script>\n<!-- \/ Yoast SEO plugin. -->","yoast_head_json":{"title":"Gare de l\u2019Est : la circulation des TGV et TER entre la Lorraine et Paris ne reprendra pas de la journ\u00e9e - Remiremont Info","robots":{"index":"index","follow":"follow","max-snippet":"max-snippet:-1","max-image-preview":"max-image-preview:large","max-video-preview":"max-video-preview:-1"},"canonical":"https:\/\/vosgesinfo.fr\/remiremontinfo\/2023\/01\/gare-de-lest-circulation-tgv-ter-entre-lorraine-paris-ne-reprendra-de-journee\/","twitter_card":"summary_large_image","twitter_title":"Gare de l\u2019Est : la circulation des TGV et TER entre la Lorraine et Paris ne reprendra pas de la journ\u00e9e - Remiremont Info","twitter_description":"La circulation des trains est interrompue entre la Lorraine et Paris ! Ce mardi 24 janvier, aucun train ne circule [&hellip;]","twitter_image":"https:\/\/vosgesinfo.fr\/app\/uploads\/sites\/5\/2024\/09\/202301tgv-trains.jpg","twitter_creator":"@VosgesInfo88","twitter_site":"@VosgesInfo88","twitter_misc":{"\u00c9crit par":"C D","Dur\u00e9e de lecture estim\u00e9e":"1 minute"},"schema":{"@context":"https:\/\/schema.org","@graph":[{"@type":"Article","@id":"https:\/\/vosgesinfo.fr\/remiremontinfo\/2023\/01\/gare-de-lest-circulation-tgv-ter-entre-lorraine-paris-ne-reprendra-de-journee\/#article","isPartOf":{"@id":"https:\/\/vosgesinfo.fr\/remiremontinfo\/2023\/01\/gare-de-lest-circulation-tgv-ter-entre-lorraine-paris-ne-reprendra-de-journee\/"},"author":{"name":"C D","@id":"https:\/\/vosgesinfo.fr\/remiremontinfo\/#\/schema\/person\/3bfd164d5218a185b1db68655a265316"},"headline":"Gare de l\u2019Est : la circulation des TGV et TER entre la Lorraine et Paris ne reprendra pas de la journ\u00e9e","datePublished":"2023-01-24T10:07:44+00:00","dateModified":"2023-01-24T10:07:44+00:00","mainEntityOfPage":{"@id":"https:\/\/vosgesinfo.fr\/remiremontinfo\/2023\/01\/gare-de-lest-circulation-tgv-ter-entre-lorraine-paris-ne-reprendra-de-journee\/"},"wordCount":168,"commentCount":0,"publisher":{"@id":"https:\/\/vosgesinfo.fr\/remiremontinfo\/#organization"},"image":{"@id":"https:\/\/vosgesinfo.fr\/remiremontinfo\/2023\/01\/gare-de-lest-circulation-tgv-ter-entre-lorraine-paris-ne-reprendra-de-journee\/#primaryimage"},"thumbnailUrl":"https:\/\/vosgesinfo.fr\/app\/uploads\/sites\/5\/2024\/09\/202301tgv-trains.jpg","keywords":["gare de l'est","SNCF","train"],"articleSection":["A la Une","Vosges"],"inLanguage":"fr-FR","potentialAction":[{"@type":"CommentAction","name":"Comment","target":["https:\/\/vosgesinfo.fr\/remiremontinfo\/2023\/01\/gare-de-lest-circulation-tgv-ter-entre-lorraine-paris-ne-reprendra-de-journee\/#respond"]}]},{"@type":"WebPage","@id":"https:\/\/vosgesinfo.fr\/remiremontinfo\/2023\/01\/gare-de-lest-circulation-tgv-ter-entre-lorraine-paris-ne-reprendra-de-journee\/","url":"https:\/\/vosgesinfo.fr\/remiremontinfo\/2023\/01\/gare-de-lest-circulation-tgv-ter-entre-lorraine-paris-ne-reprendra-de-journee\/","name":"Gare de l\u2019Est : la circulation des TGV et TER entre la Lorraine et Paris ne reprendra pas de la journ\u00e9e - Remiremont Info","isPartOf":{"@id":"https:\/\/vosgesinfo.fr\/remiremontinfo\/#website"},"primaryImageOfPage":{"@id":"https:\/\/vosgesinfo.fr\/remiremontinfo\/2023\/01\/gare-de-lest-circulation-tgv-ter-entre-lorraine-paris-ne-reprendra-de-journee\/#primaryimage"},"image":{"@id":"https:\/\/vosgesinfo.fr\/remiremontinfo\/2023\/01\/gare-de-lest-circulation-tgv-ter-entre-lorraine-paris-ne-reprendra-de-journee\/#primaryimage"},"thumbnailUrl":"https:\/\/vosgesinfo.fr\/app\/uploads\/sites\/5\/2024\/09\/202301tgv-trains.jpg","datePublished":"2023-01-24T10:07:44+00:00","dateModified":"2023-01-24T10:07:44+00:00","breadcrumb":{"@id":"https:\/\/vosgesinfo.fr\/remiremontinfo\/2023\/01\/gare-de-lest-circulation-tgv-ter-entre-lorraine-paris-ne-reprendra-de-journee\/#breadcrumb"},"inLanguage":"fr-FR","potentialAction":[{"@type":"ReadAction","target":["https:\/\/vosgesinfo.fr\/remiremontinfo\/2023\/01\/gare-de-lest-circulation-tgv-ter-entre-lorraine-paris-ne-reprendra-de-journee\/"]}]},{"@type":"ImageObject","inLanguage":"fr-FR","@id":"https:\/\/vosgesinfo.fr\/remiremontinfo\/2023\/01\/gare-de-lest-circulation-tgv-ter-entre-lorraine-paris-ne-reprendra-de-journee\/#primaryimage","url":"https:\/\/vosgesinfo.fr\/app\/uploads\/sites\/5\/2024\/09\/202301tgv-trains.jpg","contentUrl":"https:\/\/vosgesinfo.fr\/app\/uploads\/sites\/5\/2024\/09\/202301tgv-trains.jpg","width":960,"height":640},{"@type":"BreadcrumbList","@id":"https:\/\/vosgesinfo.fr\/remiremontinfo\/2023\/01\/gare-de-lest-circulation-tgv-ter-entre-lorraine-paris-ne-reprendra-de-journee\/#breadcrumb","itemListElement":[{"@type":"ListItem","position":1,"name":"Home","item":"https:\/\/vosgesinfo.fr\/remiremontinfo\/"},{"@type":"ListItem","position":2,"name":"Gare de l\u2019Est : la circulation des TGV et TER entre la Lorraine et Paris ne reprendra pas de la journ\u00e9e"}]},{"@type":"WebSite","@id":"https:\/\/vosgesinfo.fr\/remiremontinfo\/#website","url":"https:\/\/vosgesinfo.fr\/remiremontinfo\/","name":"Remiremont Info","description":"Toute l&#039;actualit\u00e9 de Remiremont","publisher":{"@id":"https:\/\/vosgesinfo.fr\/remiremontinfo\/#organization"},"alternateName":"Toute l'actualit\u00e9 de Remiremont","potentialAction":[{"@type":"SearchAction","target":{"@type":"EntryPoint","urlTemplate":"https:\/\/vosgesinfo.fr\/remiremontinfo\/?s={search_term_string}"},"query-input":"required name=search_term_string"}],"inLanguage":"fr-FR"},{"@type":"Organization","@id":"https:\/\/vosgesinfo.fr\/remiremontinfo\/#organization","name":"Remiremont Info","url":"https:\/\/vosgesinfo.fr\/remiremontinfo\/","logo":{"@type":"ImageObject","inLanguage":"fr-FR","@id":"https:\/\/vosgesinfo.fr\/remiremontinfo\/#\/schema\/logo\/image\/","url":"https:\/\/vosgesinfo.fr\/app\/uploads\/sites\/5\/2023\/08\/favicon-remiremontinfo.png","contentUrl":"https:\/\/vosgesinfo.fr\/app\/uploads\/sites\/5\/2023\/08\/favicon-remiremontinfo.png","width":512,"height":512,"caption":"Remiremont Info"},"image":{"@id":"https:\/\/vosgesinfo.fr\/remiremontinfo\/#\/schema\/logo\/image\/"},"sameAs":["https:\/\/www.facebook.com\/remiremontinfo","https:\/\/x.com\/VosgesInfo88","https:\/\/www.youtube.com\/@vosgesinfo"]},{"@type":"Person","@id":"https:\/\/vosgesinfo.fr\/remiremontinfo\/#\/schema\/person\/3bfd164d5218a185b1db68655a265316","name":"C D","image":{"@type":"ImageObject","inLanguage":"fr-FR","@id":"https:\/\/vosgesinfo.fr\/remiremontinfo\/#\/schema\/person\/image\/","url":"https:\/\/secure.gravatar.com\/avatar\/1f9a70007336511a47468b8f1c66f922b8b7cf617b02a31149ada43893a5d48f?s=96&d=mm&r=g","contentUrl":"https:\/\/secure.gravatar.com\/avatar\/1f9a70007336511a47468b8f1c66f922b8b7cf617b02a31149ada43893a5d48f?s=96&d=mm&r=g","caption":"C D"},"url":"https:\/\/vosgesinfo.fr\/remiremontinfo\/author\/cedric-drevet\/"}]}},"_links":{"self":[{"href":"https:\/\/vosgesinfo.fr\/remiremontinfo\/wp-json\/wp\/v2\/posts\/67049","targetHints":{"allow":["GET"]}}],"collection":[{"href":"https:\/\/vosgesinfo.fr\/remiremontinfo\/wp-json\/wp\/v2\/posts"}],"about":[{"href":"https:\/\/vosgesinfo.fr\/remiremontinfo\/wp-json\/wp\/v2\/types\/post"}],"author":[{"embeddable":true,"href":"https:\/\/vosgesinfo.fr\/remiremontinfo\/wp-json\/wp\/v2\/users\/407"}],"replies":[{"embeddable":true,"href":"https:\/\/vosgesinfo.fr\/remiremontinfo\/wp-json\/wp\/v2\/comments?post=67049"}],"version-history":[{"count":0,"href":"https:\/\/vosgesinfo.fr\/remiremontinfo\/wp-json\/wp\/v2\/posts\/67049\/revisions"}],"wp:featuredmedia":[{"embeddable":true,"href":"https:\/\/vosgesinfo.fr\/remiremontinfo\/wp-json\/wp\/v2\/media\/67050"}],"wp:attachment":[{"href":"https:\/\/vosgesinfo.fr\/remiremontinfo\/wp-json\/wp\/v2\/media?parent=67049"}],"wp:term":[{"taxonomy":"category","embeddable":true,"href":"https:\/\/vosgesinfo.fr\/remiremontinfo\/wp-json\/wp\/v2\/categories?post=67049"},{"taxonomy":"post_tag","embeddable":true,"href":"https:\/\/vosgesinfo.fr\/remiremontinfo\/wp-json\/wp\/v2\/tags?post=67049"}],"curies":[{"name":"wp","href":"https:\/\/api.w.org\/{rel}","templated":true}]}}