{"id":67061,"date":"2023-01-24T12:00:24","date_gmt":"2023-01-24T11:00:24","guid":{"rendered":"https:\/\/vosgesinfo.fr\/remiremontinfo\/2023\/01\/remiremont-deux-stages-de-danse-se-rechauffer-pendant-vacances-dhiver-2\/"},"modified":"2023-01-24T12:00:24","modified_gmt":"2023-01-24T11:00:24","slug":"remiremont-deux-stages-de-danse-se-rechauffer-pendant-vacances-dhiver-2","status":"publish","type":"post","link":"https:\/\/vosgesinfo.fr\/remiremontinfo\/2023\/01\/remiremont-deux-stages-de-danse-se-rechauffer-pendant-vacances-dhiver-2\/","title":{"rendered":"Remiremont : deux stages de danse \u00ab\u00a0pour se r\u00e9chauffer pendant les vacances d\u2019hiver\u00a0\u00bb"},"content":{"rendered":"\n<p style=\"text-align: center;\"><span style=\"font-size: 10pt;\"><em>Communiqu\u00e9 de la DMA<\/em><\/span><\/p>\n<p>Pour garder la forme pendant vos vacances d\u2019hiver, la Danse Moderne Academy va proposer non pas un, mais deux stages de danse !<\/p>\n<p>Venez retrouver M\u00e9lodie Goll\u00e9, qui a fait partie des danseuses sur la r\u00e9cente tourn\u00e9e de la chanteuse Ang\u00e8le.<\/p>\n<p>La danseuse spinalienne est de retour dans les Vosges, pour un stage de street dance pour tous les \u00e2ges le dimanche 19 f\u00e9vrier de 14H30 \u00e0 16H \u00e0 la salle polyvalente de Remiremont.<\/p>\n<p>Vous n\u2019\u00eates pas disponible le 19 f\u00e9vrier ? Alors venez le 26 f\u00e9vrier pour participer au stage de Heels accessible aux personnes de plus de 18 ans anim\u00e9 par Sanaa Zerrad de 14H \u00e0 16H \u00e0 la salle polyvalente de Remiremont. Vous apprendrez \u00e0 ma\u00eetriser votre corps tout en restant f\u00e9minine. Pour ce workshop, pensez \u00e0 prendre vos talons et des genouill\u00e8res !<\/p>\n<p>Les stages d\u00e9couvertes sont accessibles aux d\u00e9butants comme aux confirm\u00e9s et aucun niveau requis n\u2019est demand\u00e9. Alors n\u2019h\u00e9sitez pas, inscrivez-vous !<\/p>\n<p>Infos et r\u00e9servations :<br \/>\n-19 f\u00e9vrier de 14H30 \u00e0 16H : Stage de street \u00e0 Salle polyvalente de Remiremont<br \/>\n-26 f\u00e9vrier de 14H \u00e0 16H : Stage de Heels \u00e0 la Salle polyvalente de Remiremont (24 rue Paul Doumer)<\/p>\n<p>Tarifs :<br \/>\nAdh\u00e9rents de la DMA : 15\u20ac<br \/>\nNon adh\u00e9rents de la DMA : 20\u20ac<br \/>\nR\u00e9servation sur : dma.assoconnect.com<\/p>\n<p>Pour plus d\u2019informations, suivez-nous sur les r\u00e9seaux sociaux :<br \/>\n\u2013 Facebook : Danse Moderne Academy<br \/>\n\u2013 Instagram : dmaofficiel<\/p>\n<p>&nbsp;<\/p>\n","protected":false},"excerpt":{"rendered":"<p>Communiqu\u00e9 de la DMA Pour garder la forme pendant vos vacances d\u2019hiver, la Danse Moderne Academy va proposer non pas [&hellip;]<\/p>\n","protected":false},"author":407,"featured_media":67062,"comment_status":"open","ping_status":"open","sticky":false,"template":"","format":"standard","meta":{"footnotes":""},"categories":[26,4,1556,35],"tags":[272,1021,44],"class_list":["post-67061","post","type-post","status-publish","format-standard","has-post-thumbnail","hentry","category-a-la-une","category-culture","category-remiremont-remiremont-son-canton-2","category-remiremont-son-canton","tag-danse","tag-dma","tag-remiremont"],"acf":[],"yoast_head":"<!-- This site is optimized with the Yoast SEO plugin v22.5 - https:\/\/yoast.com\/wordpress\/plugins\/seo\/ -->\n<title>Remiremont : deux stages de danse &quot;pour se r\u00e9chauffer pendant les vacances d\u2019hiver&quot; - Remiremont Info<\/title>\n<meta name=\"robots\" content=\"index, follow, max-snippet:-1, max-image-preview:large, max-video-preview:-1\" \/>\n<link rel=\"canonical\" href=\"https:\/\/vosgesinfo.fr\/remiremontinfo\/2023\/01\/remiremont-deux-stages-de-danse-se-rechauffer-pendant-vacances-dhiver-2\/\" \/>\n<meta name=\"twitter:card\" content=\"summary_large_image\" \/>\n<meta name=\"twitter:title\" content=\"Remiremont : deux stages de danse &quot;pour se r\u00e9chauffer pendant les vacances d\u2019hiver&quot; - Remiremont Info\" \/>\n<meta name=\"twitter:description\" content=\"Communiqu\u00e9 de la DMA Pour garder la forme pendant vos vacances d\u2019hiver, la Danse Moderne Academy va proposer non pas [&hellip;]\" \/>\n<meta name=\"twitter:image\" content=\"https:\/\/vosgesinfo.fr\/app\/uploads\/sites\/5\/2024\/09\/20230102-1.png\" \/>\n<meta name=\"twitter:creator\" content=\"@VosgesInfo88\" \/>\n<meta name=\"twitter:site\" content=\"@VosgesInfo88\" \/>\n<meta name=\"twitter:label1\" content=\"\u00c9crit par\" \/>\n\t<meta name=\"twitter:data1\" content=\"C D\" \/>\n\t<meta name=\"twitter:label2\" content=\"Dur\u00e9e de lecture estim\u00e9e\" \/>\n\t<meta name=\"twitter:data2\" content=\"1 minute\" \/>\n<script type=\"application\/ld+json\" class=\"yoast-schema-graph\">{\"@context\":\"https:\/\/schema.org\",\"@graph\":[{\"@type\":\"Article\",\"@id\":\"https:\/\/vosgesinfo.fr\/remiremontinfo\/2023\/01\/remiremont-deux-stages-de-danse-se-rechauffer-pendant-vacances-dhiver-2\/#article\",\"isPartOf\":{\"@id\":\"https:\/\/vosgesinfo.fr\/remiremontinfo\/2023\/01\/remiremont-deux-stages-de-danse-se-rechauffer-pendant-vacances-dhiver-2\/\"},\"author\":{\"name\":\"C D\",\"@id\":\"https:\/\/vosgesinfo.fr\/remiremontinfo\/#\/schema\/person\/3bfd164d5218a185b1db68655a265316\"},\"headline\":\"Remiremont : deux stages de danse \u00ab\u00a0pour se r\u00e9chauffer pendant les vacances d\u2019hiver\u00a0\u00bb\",\"datePublished\":\"2023-01-24T11:00:24+00:00\",\"dateModified\":\"2023-01-24T11:00:24+00:00\",\"mainEntityOfPage\":{\"@id\":\"https:\/\/vosgesinfo.fr\/remiremontinfo\/2023\/01\/remiremont-deux-stages-de-danse-se-rechauffer-pendant-vacances-dhiver-2\/\"},\"wordCount\":257,\"commentCount\":0,\"publisher\":{\"@id\":\"https:\/\/vosgesinfo.fr\/remiremontinfo\/#organization\"},\"image\":{\"@id\":\"https:\/\/vosgesinfo.fr\/remiremontinfo\/2023\/01\/remiremont-deux-stages-de-danse-se-rechauffer-pendant-vacances-dhiver-2\/#primaryimage\"},\"thumbnailUrl\":\"https:\/\/vosgesinfo.fr\/app\/uploads\/sites\/5\/2024\/09\/20230102-1.png\",\"keywords\":[\"danse\",\"DMA\",\"remiremont\"],\"articleSection\":[\"A la Une\",\"Culture\",\"Remiremont\",\"Remiremont &amp; son canton\"],\"inLanguage\":\"fr-FR\",\"potentialAction\":[{\"@type\":\"CommentAction\",\"name\":\"Comment\",\"target\":[\"https:\/\/vosgesinfo.fr\/remiremontinfo\/2023\/01\/remiremont-deux-stages-de-danse-se-rechauffer-pendant-vacances-dhiver-2\/#respond\"]}]},{\"@type\":\"WebPage\",\"@id\":\"https:\/\/vosgesinfo.fr\/remiremontinfo\/2023\/01\/remiremont-deux-stages-de-danse-se-rechauffer-pendant-vacances-dhiver-2\/\",\"url\":\"https:\/\/vosgesinfo.fr\/remiremontinfo\/2023\/01\/remiremont-deux-stages-de-danse-se-rechauffer-pendant-vacances-dhiver-2\/\",\"name\":\"Remiremont : deux stages de danse \\\"pour se r\u00e9chauffer pendant les vacances d\u2019hiver\\\" - Remiremont Info\",\"isPartOf\":{\"@id\":\"https:\/\/vosgesinfo.fr\/remiremontinfo\/#website\"},\"primaryImageOfPage\":{\"@id\":\"https:\/\/vosgesinfo.fr\/remiremontinfo\/2023\/01\/remiremont-deux-stages-de-danse-se-rechauffer-pendant-vacances-dhiver-2\/#primaryimage\"},\"image\":{\"@id\":\"https:\/\/vosgesinfo.fr\/remiremontinfo\/2023\/01\/remiremont-deux-stages-de-danse-se-rechauffer-pendant-vacances-dhiver-2\/#primaryimage\"},\"thumbnailUrl\":\"https:\/\/vosgesinfo.fr\/app\/uploads\/sites\/5\/2024\/09\/20230102-1.png\",\"datePublished\":\"2023-01-24T11:00:24+00:00\",\"dateModified\":\"2023-01-24T11:00:24+00:00\",\"breadcrumb\":{\"@id\":\"https:\/\/vosgesinfo.fr\/remiremontinfo\/2023\/01\/remiremont-deux-stages-de-danse-se-rechauffer-pendant-vacances-dhiver-2\/#breadcrumb\"},\"inLanguage\":\"fr-FR\",\"potentialAction\":[{\"@type\":\"ReadAction\",\"target\":[\"https:\/\/vosgesinfo.fr\/remiremontinfo\/2023\/01\/remiremont-deux-stages-de-danse-se-rechauffer-pendant-vacances-dhiver-2\/\"]}]},{\"@type\":\"ImageObject\",\"inLanguage\":\"fr-FR\",\"@id\":\"https:\/\/vosgesinfo.fr\/remiremontinfo\/2023\/01\/remiremont-deux-stages-de-danse-se-rechauffer-pendant-vacances-dhiver-2\/#primaryimage\",\"url\":\"https:\/\/vosgesinfo.fr\/app\/uploads\/sites\/5\/2024\/09\/20230102-1.png\",\"contentUrl\":\"https:\/\/vosgesinfo.fr\/app\/uploads\/sites\/5\/2024\/09\/20230102-1.png\",\"width\":940,\"height\":788},{\"@type\":\"BreadcrumbList\",\"@id\":\"https:\/\/vosgesinfo.fr\/remiremontinfo\/2023\/01\/remiremont-deux-stages-de-danse-se-rechauffer-pendant-vacances-dhiver-2\/#breadcrumb\",\"itemListElement\":[{\"@type\":\"ListItem\",\"position\":1,\"name\":\"Home\",\"item\":\"https:\/\/vosgesinfo.fr\/remiremontinfo\/\"},{\"@type\":\"ListItem\",\"position\":2,\"name\":\"Remiremont : deux stages de danse \u00ab\u00a0pour se r\u00e9chauffer pendant les vacances d\u2019hiver\u00a0\u00bb\"}]},{\"@type\":\"WebSite\",\"@id\":\"https:\/\/vosgesinfo.fr\/remiremontinfo\/#website\",\"url\":\"https:\/\/vosgesinfo.fr\/remiremontinfo\/\",\"name\":\"Remiremont Info\",\"description\":\"Toute l&#039;actualit\u00e9 de Remiremont\",\"publisher\":{\"@id\":\"https:\/\/vosgesinfo.fr\/remiremontinfo\/#organization\"},\"alternateName\":\"Toute l'actualit\u00e9 de Remiremont\",\"potentialAction\":[{\"@type\":\"SearchAction\",\"target\":{\"@type\":\"EntryPoint\",\"urlTemplate\":\"https:\/\/vosgesinfo.fr\/remiremontinfo\/?s={search_term_string}\"},\"query-input\":\"required name=search_term_string\"}],\"inLanguage\":\"fr-FR\"},{\"@type\":\"Organization\",\"@id\":\"https:\/\/vosgesinfo.fr\/remiremontinfo\/#organization\",\"name\":\"Remiremont Info\",\"url\":\"https:\/\/vosgesinfo.fr\/remiremontinfo\/\",\"logo\":{\"@type\":\"ImageObject\",\"inLanguage\":\"fr-FR\",\"@id\":\"https:\/\/vosgesinfo.fr\/remiremontinfo\/#\/schema\/logo\/image\/\",\"url\":\"https:\/\/vosgesinfo.fr\/app\/uploads\/sites\/5\/2023\/08\/favicon-remiremontinfo.png\",\"contentUrl\":\"https:\/\/vosgesinfo.fr\/app\/uploads\/sites\/5\/2023\/08\/favicon-remiremontinfo.png\",\"width\":512,\"height\":512,\"caption\":\"Remiremont Info\"},\"image\":{\"@id\":\"https:\/\/vosgesinfo.fr\/remiremontinfo\/#\/schema\/logo\/image\/\"},\"sameAs\":[\"https:\/\/www.facebook.com\/remiremontinfo\",\"https:\/\/x.com\/VosgesInfo88\",\"https:\/\/www.youtube.com\/@vosgesinfo\"]},{\"@type\":\"Person\",\"@id\":\"https:\/\/vosgesinfo.fr\/remiremontinfo\/#\/schema\/person\/3bfd164d5218a185b1db68655a265316\",\"name\":\"C D\",\"image\":{\"@type\":\"ImageObject\",\"inLanguage\":\"fr-FR\",\"@id\":\"https:\/\/vosgesinfo.fr\/remiremontinfo\/#\/schema\/person\/image\/\",\"url\":\"https:\/\/secure.gravatar.com\/avatar\/1f9a70007336511a47468b8f1c66f922b8b7cf617b02a31149ada43893a5d48f?s=96&d=mm&r=g\",\"contentUrl\":\"https:\/\/secure.gravatar.com\/avatar\/1f9a70007336511a47468b8f1c66f922b8b7cf617b02a31149ada43893a5d48f?s=96&d=mm&r=g\",\"caption\":\"C D\"},\"url\":\"https:\/\/vosgesinfo.fr\/remiremontinfo\/author\/cedric-drevet\/\"}]}<\/script>\n<!-- \/ Yoast SEO plugin. -->","yoast_head_json":{"title":"Remiremont : deux stages de danse \"pour se r\u00e9chauffer pendant les vacances d\u2019hiver\" - Remiremont Info","robots":{"index":"index","follow":"follow","max-snippet":"max-snippet:-1","max-image-preview":"max-image-preview:large","max-video-preview":"max-video-preview:-1"},"canonical":"https:\/\/vosgesinfo.fr\/remiremontinfo\/2023\/01\/remiremont-deux-stages-de-danse-se-rechauffer-pendant-vacances-dhiver-2\/","twitter_card":"summary_large_image","twitter_title":"Remiremont : deux stages de danse \"pour se r\u00e9chauffer pendant les vacances d\u2019hiver\" - Remiremont Info","twitter_description":"Communiqu\u00e9 de la DMA Pour garder la forme pendant vos vacances d\u2019hiver, la Danse Moderne Academy va proposer non pas [&hellip;]","twitter_image":"https:\/\/vosgesinfo.fr\/app\/uploads\/sites\/5\/2024\/09\/20230102-1.png","twitter_creator":"@VosgesInfo88","twitter_site":"@VosgesInfo88","twitter_misc":{"\u00c9crit par":"C D","Dur\u00e9e de lecture estim\u00e9e":"1 minute"},"schema":{"@context":"https:\/\/schema.org","@graph":[{"@type":"Article","@id":"https:\/\/vosgesinfo.fr\/remiremontinfo\/2023\/01\/remiremont-deux-stages-de-danse-se-rechauffer-pendant-vacances-dhiver-2\/#article","isPartOf":{"@id":"https:\/\/vosgesinfo.fr\/remiremontinfo\/2023\/01\/remiremont-deux-stages-de-danse-se-rechauffer-pendant-vacances-dhiver-2\/"},"author":{"name":"C D","@id":"https:\/\/vosgesinfo.fr\/remiremontinfo\/#\/schema\/person\/3bfd164d5218a185b1db68655a265316"},"headline":"Remiremont : deux stages de danse \u00ab\u00a0pour se r\u00e9chauffer pendant les vacances d\u2019hiver\u00a0\u00bb","datePublished":"2023-01-24T11:00:24+00:00","dateModified":"2023-01-24T11:00:24+00:00","mainEntityOfPage":{"@id":"https:\/\/vosgesinfo.fr\/remiremontinfo\/2023\/01\/remiremont-deux-stages-de-danse-se-rechauffer-pendant-vacances-dhiver-2\/"},"wordCount":257,"commentCount":0,"publisher":{"@id":"https:\/\/vosgesinfo.fr\/remiremontinfo\/#organization"},"image":{"@id":"https:\/\/vosgesinfo.fr\/remiremontinfo\/2023\/01\/remiremont-deux-stages-de-danse-se-rechauffer-pendant-vacances-dhiver-2\/#primaryimage"},"thumbnailUrl":"https:\/\/vosgesinfo.fr\/app\/uploads\/sites\/5\/2024\/09\/20230102-1.png","keywords":["danse","DMA","remiremont"],"articleSection":["A la Une","Culture","Remiremont","Remiremont &amp; son canton"],"inLanguage":"fr-FR","potentialAction":[{"@type":"CommentAction","name":"Comment","target":["https:\/\/vosgesinfo.fr\/remiremontinfo\/2023\/01\/remiremont-deux-stages-de-danse-se-rechauffer-pendant-vacances-dhiver-2\/#respond"]}]},{"@type":"WebPage","@id":"https:\/\/vosgesinfo.fr\/remiremontinfo\/2023\/01\/remiremont-deux-stages-de-danse-se-rechauffer-pendant-vacances-dhiver-2\/","url":"https:\/\/vosgesinfo.fr\/remiremontinfo\/2023\/01\/remiremont-deux-stages-de-danse-se-rechauffer-pendant-vacances-dhiver-2\/","name":"Remiremont : deux stages de danse \"pour se r\u00e9chauffer pendant les vacances d\u2019hiver\" - Remiremont Info","isPartOf":{"@id":"https:\/\/vosgesinfo.fr\/remiremontinfo\/#website"},"primaryImageOfPage":{"@id":"https:\/\/vosgesinfo.fr\/remiremontinfo\/2023\/01\/remiremont-deux-stages-de-danse-se-rechauffer-pendant-vacances-dhiver-2\/#primaryimage"},"image":{"@id":"https:\/\/vosgesinfo.fr\/remiremontinfo\/2023\/01\/remiremont-deux-stages-de-danse-se-rechauffer-pendant-vacances-dhiver-2\/#primaryimage"},"thumbnailUrl":"https:\/\/vosgesinfo.fr\/app\/uploads\/sites\/5\/2024\/09\/20230102-1.png","datePublished":"2023-01-24T11:00:24+00:00","dateModified":"2023-01-24T11:00:24+00:00","breadcrumb":{"@id":"https:\/\/vosgesinfo.fr\/remiremontinfo\/2023\/01\/remiremont-deux-stages-de-danse-se-rechauffer-pendant-vacances-dhiver-2\/#breadcrumb"},"inLanguage":"fr-FR","potentialAction":[{"@type":"ReadAction","target":["https:\/\/vosgesinfo.fr\/remiremontinfo\/2023\/01\/remiremont-deux-stages-de-danse-se-rechauffer-pendant-vacances-dhiver-2\/"]}]},{"@type":"ImageObject","inLanguage":"fr-FR","@id":"https:\/\/vosgesinfo.fr\/remiremontinfo\/2023\/01\/remiremont-deux-stages-de-danse-se-rechauffer-pendant-vacances-dhiver-2\/#primaryimage","url":"https:\/\/vosgesinfo.fr\/app\/uploads\/sites\/5\/2024\/09\/20230102-1.png","contentUrl":"https:\/\/vosgesinfo.fr\/app\/uploads\/sites\/5\/2024\/09\/20230102-1.png","width":940,"height":788},{"@type":"BreadcrumbList","@id":"https:\/\/vosgesinfo.fr\/remiremontinfo\/2023\/01\/remiremont-deux-stages-de-danse-se-rechauffer-pendant-vacances-dhiver-2\/#breadcrumb","itemListElement":[{"@type":"ListItem","position":1,"name":"Home","item":"https:\/\/vosgesinfo.fr\/remiremontinfo\/"},{"@type":"ListItem","position":2,"name":"Remiremont : deux stages de danse \u00ab\u00a0pour se r\u00e9chauffer pendant les vacances d\u2019hiver\u00a0\u00bb"}]},{"@type":"WebSite","@id":"https:\/\/vosgesinfo.fr\/remiremontinfo\/#website","url":"https:\/\/vosgesinfo.fr\/remiremontinfo\/","name":"Remiremont Info","description":"Toute l&#039;actualit\u00e9 de Remiremont","publisher":{"@id":"https:\/\/vosgesinfo.fr\/remiremontinfo\/#organization"},"alternateName":"Toute l'actualit\u00e9 de Remiremont","potentialAction":[{"@type":"SearchAction","target":{"@type":"EntryPoint","urlTemplate":"https:\/\/vosgesinfo.fr\/remiremontinfo\/?s={search_term_string}"},"query-input":"required name=search_term_string"}],"inLanguage":"fr-FR"},{"@type":"Organization","@id":"https:\/\/vosgesinfo.fr\/remiremontinfo\/#organization","name":"Remiremont Info","url":"https:\/\/vosgesinfo.fr\/remiremontinfo\/","logo":{"@type":"ImageObject","inLanguage":"fr-FR","@id":"https:\/\/vosgesinfo.fr\/remiremontinfo\/#\/schema\/logo\/image\/","url":"https:\/\/vosgesinfo.fr\/app\/uploads\/sites\/5\/2023\/08\/favicon-remiremontinfo.png","contentUrl":"https:\/\/vosgesinfo.fr\/app\/uploads\/sites\/5\/2023\/08\/favicon-remiremontinfo.png","width":512,"height":512,"caption":"Remiremont Info"},"image":{"@id":"https:\/\/vosgesinfo.fr\/remiremontinfo\/#\/schema\/logo\/image\/"},"sameAs":["https:\/\/www.facebook.com\/remiremontinfo","https:\/\/x.com\/VosgesInfo88","https:\/\/www.youtube.com\/@vosgesinfo"]},{"@type":"Person","@id":"https:\/\/vosgesinfo.fr\/remiremontinfo\/#\/schema\/person\/3bfd164d5218a185b1db68655a265316","name":"C D","image":{"@type":"ImageObject","inLanguage":"fr-FR","@id":"https:\/\/vosgesinfo.fr\/remiremontinfo\/#\/schema\/person\/image\/","url":"https:\/\/secure.gravatar.com\/avatar\/1f9a70007336511a47468b8f1c66f922b8b7cf617b02a31149ada43893a5d48f?s=96&d=mm&r=g","contentUrl":"https:\/\/secure.gravatar.com\/avatar\/1f9a70007336511a47468b8f1c66f922b8b7cf617b02a31149ada43893a5d48f?s=96&d=mm&r=g","caption":"C D"},"url":"https:\/\/vosgesinfo.fr\/remiremontinfo\/author\/cedric-drevet\/"}]}},"_links":{"self":[{"href":"https:\/\/vosgesinfo.fr\/remiremontinfo\/wp-json\/wp\/v2\/posts\/67061","targetHints":{"allow":["GET"]}}],"collection":[{"href":"https:\/\/vosgesinfo.fr\/remiremontinfo\/wp-json\/wp\/v2\/posts"}],"about":[{"href":"https:\/\/vosgesinfo.fr\/remiremontinfo\/wp-json\/wp\/v2\/types\/post"}],"author":[{"embeddable":true,"href":"https:\/\/vosgesinfo.fr\/remiremontinfo\/wp-json\/wp\/v2\/users\/407"}],"replies":[{"embeddable":true,"href":"https:\/\/vosgesinfo.fr\/remiremontinfo\/wp-json\/wp\/v2\/comments?post=67061"}],"version-history":[{"count":0,"href":"https:\/\/vosgesinfo.fr\/remiremontinfo\/wp-json\/wp\/v2\/posts\/67061\/revisions"}],"wp:featuredmedia":[{"embeddable":true,"href":"https:\/\/vosgesinfo.fr\/remiremontinfo\/wp-json\/wp\/v2\/media\/67062"}],"wp:attachment":[{"href":"https:\/\/vosgesinfo.fr\/remiremontinfo\/wp-json\/wp\/v2\/media?parent=67061"}],"wp:term":[{"taxonomy":"category","embeddable":true,"href":"https:\/\/vosgesinfo.fr\/remiremontinfo\/wp-json\/wp\/v2\/categories?post=67061"},{"taxonomy":"post_tag","embeddable":true,"href":"https:\/\/vosgesinfo.fr\/remiremontinfo\/wp-json\/wp\/v2\/tags?post=67061"}],"curies":[{"name":"wp","href":"https:\/\/api.w.org\/{rel}","templated":true}]}}