{"id":67063,"date":"2023-01-24T17:54:05","date_gmt":"2023-01-24T16:54:05","guid":{"rendered":"https:\/\/vosgesinfo.fr\/remiremontinfo\/2023\/01\/carnaval-venitien-quelque-12-000-e-auraient-disparu-caisses-de-lassociation\/"},"modified":"2023-01-24T17:54:05","modified_gmt":"2023-01-24T16:54:05","slug":"carnaval-venitien-quelque-12-000-e-auraient-disparu-caisses-de-lassociation","status":"publish","type":"post","link":"https:\/\/vosgesinfo.fr\/remiremontinfo\/2023\/01\/carnaval-venitien-quelque-12-000-e-auraient-disparu-caisses-de-lassociation\/","title":{"rendered":"Carnaval v\u00e9nitien\u00a0: quelque 12 000 \u20ac auraient disparu des caisses de l\u2019association"},"content":{"rendered":"<p>&nbsp;<\/p>\n<p>&nbsp;<\/p>\n<p><a href=\"\/2023\/01\/P1060064-e1553446273123.jpg\"><img decoding=\"async\" class=\"alignnone size-full wp-image-362531\" src=\"\/2023\/01\/P1060064-e1553446273123.jpg\" alt=\"P1060064-e1553446273123\" width=\"800\" height=\"612\" \/><\/a><\/p>\n<p><span style=\"font-size: 10pt;\"><em>Photo d&rsquo;archive, illustration\u00a0<\/em><\/span><\/p>\n<h2><span style=\"font-size: 12pt;\"><strong>Quelque 12 000 euros auraient disparu des caisses de l\u2019association organisatrice du Carnaval V\u00e9nitien de Remiremont ces derni\u00e8res ann\u00e9es, d\u2019apr\u00e8s le nouveau bureau. L\u2019ancienne pr\u00e9sidente est accus\u00e9e de d\u00e9tournement. Nous ne connaissons pas exactement la r\u00e9alit\u00e9 des faits qui lui sont reproch\u00e9s, ni les moyens exacts du d\u00e9tournement en question.\u00a0<\/strong><\/span><\/h2>\n<p>Le Carnaval V\u00e9nitien de Remiremont est un \u00e9v\u00e9nement de grande ampleur, qui rassemble chaque ann\u00e9e des centaines de spectateurs et des visiteurs et passionn\u00e9s de nombreux pays. L\u2019\u00e9quipe de l\u2019association est bien naturellement fort affect\u00e9e par la situation. Des suites judiciaires pourraient avoir lieu dans les moyens qui viennent. Pour l\u2019heure, le nouveau bureau, compos\u00e9 de Yves Chr\u00e9tien, actuel pr\u00e9sident de l\u2019association du Carnaval v\u00e9nitien et fondateur de l\u2019\u00e9v\u00e9nement, Isabelle Gury, vice-pr\u00e9sidente, F\u00e9lip\u00e9 Francisco, tr\u00e9sorier et Marie-Fran\u00e7oise Sellier, secr\u00e9taire, et l\u2019ensemble de membres actifs de l\u2019association se tournent vers l\u2019avenir et l\u2019organisation de l\u2019\u00e9dition la prochaine \u00e9dition du Carnaval, la 26\u00e8me, qui doit avoir lieu du 23 au 26 mars prochains.<\/p>\n<p>Il y a plusieurs mois, le maire Jean Beno\u00eet Tisserand avait \u00e9t\u00e9 alert\u00e9s de \u00ab\u00a0trous dans le comptabilit\u00e9\u00a0\u00bb par la nouvelle \u00e9quipe, et de soup\u00e7ons de d\u00e9tournement par l\u2019ancienne pr\u00e9sidente, par ailleurs \u00e9lue municipale. \u00ab Le jour m\u00eame o\u00f9 j\u2019ai \u00e9t\u00e9 mis devant les preuves, je lui ai naturellement demand\u00e9 de quitter ses fonctions au Conseil municipal. Ce qu\u2019elle a accept\u00e9\u00a0\u00bb. La principale int\u00e9ress\u00e9e aurait reconnu elle m\u00eame les faits et se serait engag\u00e9e \u00e0 rembourser les sommes dues. Le maire de Remiremont a fait un signalement \u00e0 la Pr\u00e9fecture. \u00ab\u00a0Je suis vraiment attrist\u00e9\u00a0\u00bb, affirme-t-il. Jean Beno\u00eet Tisserand affirme son amiti\u00e9 et son soutien \u00e0 Yves Chr\u00e9tien et souhaite une belle \u00e9dition du Carnaval dans quelques semaines.<\/p>\n","protected":false},"excerpt":{"rendered":"<p>&nbsp; &nbsp; Photo d&rsquo;archive, illustration\u00a0 Quelque 12 000 euros auraient disparu des caisses de l\u2019association organisatrice du Carnaval V\u00e9nitien de [&hellip;]<\/p>\n","protected":false},"author":407,"featured_media":67064,"comment_status":"open","ping_status":"open","sticky":false,"template":"","format":"standard","meta":{"footnotes":""},"categories":[26,4,1556,35],"tags":[820,41,44,930,32],"class_list":["post-67063","post","type-post","status-publish","format-standard","has-post-thumbnail","hentry","category-a-la-une","category-culture","category-remiremont-remiremont-son-canton-2","category-remiremont-son-canton","tag-carnaval","tag-culture","tag-remiremont","tag-venitien","tag-vosges"],"acf":[],"yoast_head":"<!-- This site is optimized with the Yoast SEO plugin v22.5 - https:\/\/yoast.com\/wordpress\/plugins\/seo\/ -->\n<title>Carnaval v\u00e9nitien\u00a0: quelque 12 000 \u20ac auraient disparu des caisses de l\u2019association - Remiremont Info<\/title>\n<meta name=\"robots\" content=\"index, follow, max-snippet:-1, max-image-preview:large, max-video-preview:-1\" \/>\n<link rel=\"canonical\" href=\"https:\/\/vosgesinfo.fr\/remiremontinfo\/2023\/01\/carnaval-venitien-quelque-12-000-e-auraient-disparu-caisses-de-lassociation\/\" \/>\n<meta name=\"twitter:card\" content=\"summary_large_image\" \/>\n<meta name=\"twitter:title\" content=\"Carnaval v\u00e9nitien\u00a0: quelque 12 000 \u20ac auraient disparu des caisses de l\u2019association - Remiremont Info\" \/>\n<meta name=\"twitter:description\" content=\"&nbsp; &nbsp; Photo d&rsquo;archive, illustration\u00a0 Quelque 12 000 euros auraient disparu des caisses de l\u2019association organisatrice du Carnaval V\u00e9nitien de [&hellip;]\" \/>\n<meta name=\"twitter:image\" content=\"https:\/\/vosgesinfo.fr\/app\/uploads\/sites\/5\/2024\/09\/202301p1060064-e1553446273123.jpg\" \/>\n<meta name=\"twitter:creator\" content=\"@VosgesInfo88\" \/>\n<meta name=\"twitter:site\" content=\"@VosgesInfo88\" \/>\n<meta name=\"twitter:label1\" content=\"\u00c9crit par\" \/>\n\t<meta name=\"twitter:data1\" content=\"C D\" \/>\n\t<meta name=\"twitter:label2\" content=\"Dur\u00e9e de lecture estim\u00e9e\" \/>\n\t<meta name=\"twitter:data2\" content=\"2 minutes\" \/>\n<script type=\"application\/ld+json\" class=\"yoast-schema-graph\">{\"@context\":\"https:\/\/schema.org\",\"@graph\":[{\"@type\":\"Article\",\"@id\":\"https:\/\/vosgesinfo.fr\/remiremontinfo\/2023\/01\/carnaval-venitien-quelque-12-000-e-auraient-disparu-caisses-de-lassociation\/#article\",\"isPartOf\":{\"@id\":\"https:\/\/vosgesinfo.fr\/remiremontinfo\/2023\/01\/carnaval-venitien-quelque-12-000-e-auraient-disparu-caisses-de-lassociation\/\"},\"author\":{\"name\":\"C D\",\"@id\":\"https:\/\/vosgesinfo.fr\/remiremontinfo\/#\/schema\/person\/3bfd164d5218a185b1db68655a265316\"},\"headline\":\"Carnaval v\u00e9nitien\u00a0: quelque 12 000 \u20ac auraient disparu des caisses de l\u2019association\",\"datePublished\":\"2023-01-24T16:54:05+00:00\",\"dateModified\":\"2023-01-24T16:54:05+00:00\",\"mainEntityOfPage\":{\"@id\":\"https:\/\/vosgesinfo.fr\/remiremontinfo\/2023\/01\/carnaval-venitien-quelque-12-000-e-auraient-disparu-caisses-de-lassociation\/\"},\"wordCount\":340,\"commentCount\":0,\"publisher\":{\"@id\":\"https:\/\/vosgesinfo.fr\/remiremontinfo\/#organization\"},\"image\":{\"@id\":\"https:\/\/vosgesinfo.fr\/remiremontinfo\/2023\/01\/carnaval-venitien-quelque-12-000-e-auraient-disparu-caisses-de-lassociation\/#primaryimage\"},\"thumbnailUrl\":\"https:\/\/vosgesinfo.fr\/app\/uploads\/sites\/5\/2024\/09\/202301p1060064-e1553446273123.jpg\",\"keywords\":[\"Carnaval\",\"culture\",\"remiremont\",\"venitien\",\"Vosges\"],\"articleSection\":[\"A la Une\",\"Culture\",\"Remiremont\",\"Remiremont &amp; son canton\"],\"inLanguage\":\"fr-FR\",\"potentialAction\":[{\"@type\":\"CommentAction\",\"name\":\"Comment\",\"target\":[\"https:\/\/vosgesinfo.fr\/remiremontinfo\/2023\/01\/carnaval-venitien-quelque-12-000-e-auraient-disparu-caisses-de-lassociation\/#respond\"]}]},{\"@type\":\"WebPage\",\"@id\":\"https:\/\/vosgesinfo.fr\/remiremontinfo\/2023\/01\/carnaval-venitien-quelque-12-000-e-auraient-disparu-caisses-de-lassociation\/\",\"url\":\"https:\/\/vosgesinfo.fr\/remiremontinfo\/2023\/01\/carnaval-venitien-quelque-12-000-e-auraient-disparu-caisses-de-lassociation\/\",\"name\":\"Carnaval v\u00e9nitien\u00a0: quelque 12 000 \u20ac auraient disparu des caisses de l\u2019association - Remiremont Info\",\"isPartOf\":{\"@id\":\"https:\/\/vosgesinfo.fr\/remiremontinfo\/#website\"},\"primaryImageOfPage\":{\"@id\":\"https:\/\/vosgesinfo.fr\/remiremontinfo\/2023\/01\/carnaval-venitien-quelque-12-000-e-auraient-disparu-caisses-de-lassociation\/#primaryimage\"},\"image\":{\"@id\":\"https:\/\/vosgesinfo.fr\/remiremontinfo\/2023\/01\/carnaval-venitien-quelque-12-000-e-auraient-disparu-caisses-de-lassociation\/#primaryimage\"},\"thumbnailUrl\":\"https:\/\/vosgesinfo.fr\/app\/uploads\/sites\/5\/2024\/09\/202301p1060064-e1553446273123.jpg\",\"datePublished\":\"2023-01-24T16:54:05+00:00\",\"dateModified\":\"2023-01-24T16:54:05+00:00\",\"breadcrumb\":{\"@id\":\"https:\/\/vosgesinfo.fr\/remiremontinfo\/2023\/01\/carnaval-venitien-quelque-12-000-e-auraient-disparu-caisses-de-lassociation\/#breadcrumb\"},\"inLanguage\":\"fr-FR\",\"potentialAction\":[{\"@type\":\"ReadAction\",\"target\":[\"https:\/\/vosgesinfo.fr\/remiremontinfo\/2023\/01\/carnaval-venitien-quelque-12-000-e-auraient-disparu-caisses-de-lassociation\/\"]}]},{\"@type\":\"ImageObject\",\"inLanguage\":\"fr-FR\",\"@id\":\"https:\/\/vosgesinfo.fr\/remiremontinfo\/2023\/01\/carnaval-venitien-quelque-12-000-e-auraient-disparu-caisses-de-lassociation\/#primaryimage\",\"url\":\"https:\/\/vosgesinfo.fr\/app\/uploads\/sites\/5\/2024\/09\/202301p1060064-e1553446273123.jpg\",\"contentUrl\":\"https:\/\/vosgesinfo.fr\/app\/uploads\/sites\/5\/2024\/09\/202301p1060064-e1553446273123.jpg\",\"width\":800,\"height\":612},{\"@type\":\"BreadcrumbList\",\"@id\":\"https:\/\/vosgesinfo.fr\/remiremontinfo\/2023\/01\/carnaval-venitien-quelque-12-000-e-auraient-disparu-caisses-de-lassociation\/#breadcrumb\",\"itemListElement\":[{\"@type\":\"ListItem\",\"position\":1,\"name\":\"Home\",\"item\":\"https:\/\/vosgesinfo.fr\/remiremontinfo\/\"},{\"@type\":\"ListItem\",\"position\":2,\"name\":\"Carnaval v\u00e9nitien\u00a0: quelque 12 000 \u20ac auraient disparu des caisses de l\u2019association\"}]},{\"@type\":\"WebSite\",\"@id\":\"https:\/\/vosgesinfo.fr\/remiremontinfo\/#website\",\"url\":\"https:\/\/vosgesinfo.fr\/remiremontinfo\/\",\"name\":\"Remiremont Info\",\"description\":\"Toute l&#039;actualit\u00e9 de Remiremont\",\"publisher\":{\"@id\":\"https:\/\/vosgesinfo.fr\/remiremontinfo\/#organization\"},\"alternateName\":\"Toute l'actualit\u00e9 de Remiremont\",\"potentialAction\":[{\"@type\":\"SearchAction\",\"target\":{\"@type\":\"EntryPoint\",\"urlTemplate\":\"https:\/\/vosgesinfo.fr\/remiremontinfo\/?s={search_term_string}\"},\"query-input\":\"required name=search_term_string\"}],\"inLanguage\":\"fr-FR\"},{\"@type\":\"Organization\",\"@id\":\"https:\/\/vosgesinfo.fr\/remiremontinfo\/#organization\",\"name\":\"Remiremont Info\",\"url\":\"https:\/\/vosgesinfo.fr\/remiremontinfo\/\",\"logo\":{\"@type\":\"ImageObject\",\"inLanguage\":\"fr-FR\",\"@id\":\"https:\/\/vosgesinfo.fr\/remiremontinfo\/#\/schema\/logo\/image\/\",\"url\":\"https:\/\/vosgesinfo.fr\/app\/uploads\/sites\/5\/2023\/08\/favicon-remiremontinfo.png\",\"contentUrl\":\"https:\/\/vosgesinfo.fr\/app\/uploads\/sites\/5\/2023\/08\/favicon-remiremontinfo.png\",\"width\":512,\"height\":512,\"caption\":\"Remiremont Info\"},\"image\":{\"@id\":\"https:\/\/vosgesinfo.fr\/remiremontinfo\/#\/schema\/logo\/image\/\"},\"sameAs\":[\"https:\/\/www.facebook.com\/remiremontinfo\",\"https:\/\/x.com\/VosgesInfo88\",\"https:\/\/www.youtube.com\/@vosgesinfo\"]},{\"@type\":\"Person\",\"@id\":\"https:\/\/vosgesinfo.fr\/remiremontinfo\/#\/schema\/person\/3bfd164d5218a185b1db68655a265316\",\"name\":\"C D\",\"image\":{\"@type\":\"ImageObject\",\"inLanguage\":\"fr-FR\",\"@id\":\"https:\/\/vosgesinfo.fr\/remiremontinfo\/#\/schema\/person\/image\/\",\"url\":\"https:\/\/secure.gravatar.com\/avatar\/1f9a70007336511a47468b8f1c66f922b8b7cf617b02a31149ada43893a5d48f?s=96&d=mm&r=g\",\"contentUrl\":\"https:\/\/secure.gravatar.com\/avatar\/1f9a70007336511a47468b8f1c66f922b8b7cf617b02a31149ada43893a5d48f?s=96&d=mm&r=g\",\"caption\":\"C D\"},\"url\":\"https:\/\/vosgesinfo.fr\/remiremontinfo\/author\/cedric-drevet\/\"}]}<\/script>\n<!-- \/ Yoast SEO plugin. -->","yoast_head_json":{"title":"Carnaval v\u00e9nitien\u00a0: quelque 12 000 \u20ac auraient disparu des caisses de l\u2019association - Remiremont Info","robots":{"index":"index","follow":"follow","max-snippet":"max-snippet:-1","max-image-preview":"max-image-preview:large","max-video-preview":"max-video-preview:-1"},"canonical":"https:\/\/vosgesinfo.fr\/remiremontinfo\/2023\/01\/carnaval-venitien-quelque-12-000-e-auraient-disparu-caisses-de-lassociation\/","twitter_card":"summary_large_image","twitter_title":"Carnaval v\u00e9nitien\u00a0: quelque 12 000 \u20ac auraient disparu des caisses de l\u2019association - Remiremont Info","twitter_description":"&nbsp; &nbsp; Photo d&rsquo;archive, illustration\u00a0 Quelque 12 000 euros auraient disparu des caisses de l\u2019association organisatrice du Carnaval V\u00e9nitien de [&hellip;]","twitter_image":"https:\/\/vosgesinfo.fr\/app\/uploads\/sites\/5\/2024\/09\/202301p1060064-e1553446273123.jpg","twitter_creator":"@VosgesInfo88","twitter_site":"@VosgesInfo88","twitter_misc":{"\u00c9crit par":"C D","Dur\u00e9e de lecture estim\u00e9e":"2 minutes"},"schema":{"@context":"https:\/\/schema.org","@graph":[{"@type":"Article","@id":"https:\/\/vosgesinfo.fr\/remiremontinfo\/2023\/01\/carnaval-venitien-quelque-12-000-e-auraient-disparu-caisses-de-lassociation\/#article","isPartOf":{"@id":"https:\/\/vosgesinfo.fr\/remiremontinfo\/2023\/01\/carnaval-venitien-quelque-12-000-e-auraient-disparu-caisses-de-lassociation\/"},"author":{"name":"C D","@id":"https:\/\/vosgesinfo.fr\/remiremontinfo\/#\/schema\/person\/3bfd164d5218a185b1db68655a265316"},"headline":"Carnaval v\u00e9nitien\u00a0: quelque 12 000 \u20ac auraient disparu des caisses de l\u2019association","datePublished":"2023-01-24T16:54:05+00:00","dateModified":"2023-01-24T16:54:05+00:00","mainEntityOfPage":{"@id":"https:\/\/vosgesinfo.fr\/remiremontinfo\/2023\/01\/carnaval-venitien-quelque-12-000-e-auraient-disparu-caisses-de-lassociation\/"},"wordCount":340,"commentCount":0,"publisher":{"@id":"https:\/\/vosgesinfo.fr\/remiremontinfo\/#organization"},"image":{"@id":"https:\/\/vosgesinfo.fr\/remiremontinfo\/2023\/01\/carnaval-venitien-quelque-12-000-e-auraient-disparu-caisses-de-lassociation\/#primaryimage"},"thumbnailUrl":"https:\/\/vosgesinfo.fr\/app\/uploads\/sites\/5\/2024\/09\/202301p1060064-e1553446273123.jpg","keywords":["Carnaval","culture","remiremont","venitien","Vosges"],"articleSection":["A la Une","Culture","Remiremont","Remiremont &amp; son canton"],"inLanguage":"fr-FR","potentialAction":[{"@type":"CommentAction","name":"Comment","target":["https:\/\/vosgesinfo.fr\/remiremontinfo\/2023\/01\/carnaval-venitien-quelque-12-000-e-auraient-disparu-caisses-de-lassociation\/#respond"]}]},{"@type":"WebPage","@id":"https:\/\/vosgesinfo.fr\/remiremontinfo\/2023\/01\/carnaval-venitien-quelque-12-000-e-auraient-disparu-caisses-de-lassociation\/","url":"https:\/\/vosgesinfo.fr\/remiremontinfo\/2023\/01\/carnaval-venitien-quelque-12-000-e-auraient-disparu-caisses-de-lassociation\/","name":"Carnaval v\u00e9nitien\u00a0: quelque 12 000 \u20ac auraient disparu des caisses de l\u2019association - Remiremont Info","isPartOf":{"@id":"https:\/\/vosgesinfo.fr\/remiremontinfo\/#website"},"primaryImageOfPage":{"@id":"https:\/\/vosgesinfo.fr\/remiremontinfo\/2023\/01\/carnaval-venitien-quelque-12-000-e-auraient-disparu-caisses-de-lassociation\/#primaryimage"},"image":{"@id":"https:\/\/vosgesinfo.fr\/remiremontinfo\/2023\/01\/carnaval-venitien-quelque-12-000-e-auraient-disparu-caisses-de-lassociation\/#primaryimage"},"thumbnailUrl":"https:\/\/vosgesinfo.fr\/app\/uploads\/sites\/5\/2024\/09\/202301p1060064-e1553446273123.jpg","datePublished":"2023-01-24T16:54:05+00:00","dateModified":"2023-01-24T16:54:05+00:00","breadcrumb":{"@id":"https:\/\/vosgesinfo.fr\/remiremontinfo\/2023\/01\/carnaval-venitien-quelque-12-000-e-auraient-disparu-caisses-de-lassociation\/#breadcrumb"},"inLanguage":"fr-FR","potentialAction":[{"@type":"ReadAction","target":["https:\/\/vosgesinfo.fr\/remiremontinfo\/2023\/01\/carnaval-venitien-quelque-12-000-e-auraient-disparu-caisses-de-lassociation\/"]}]},{"@type":"ImageObject","inLanguage":"fr-FR","@id":"https:\/\/vosgesinfo.fr\/remiremontinfo\/2023\/01\/carnaval-venitien-quelque-12-000-e-auraient-disparu-caisses-de-lassociation\/#primaryimage","url":"https:\/\/vosgesinfo.fr\/app\/uploads\/sites\/5\/2024\/09\/202301p1060064-e1553446273123.jpg","contentUrl":"https:\/\/vosgesinfo.fr\/app\/uploads\/sites\/5\/2024\/09\/202301p1060064-e1553446273123.jpg","width":800,"height":612},{"@type":"BreadcrumbList","@id":"https:\/\/vosgesinfo.fr\/remiremontinfo\/2023\/01\/carnaval-venitien-quelque-12-000-e-auraient-disparu-caisses-de-lassociation\/#breadcrumb","itemListElement":[{"@type":"ListItem","position":1,"name":"Home","item":"https:\/\/vosgesinfo.fr\/remiremontinfo\/"},{"@type":"ListItem","position":2,"name":"Carnaval v\u00e9nitien\u00a0: quelque 12 000 \u20ac auraient disparu des caisses de l\u2019association"}]},{"@type":"WebSite","@id":"https:\/\/vosgesinfo.fr\/remiremontinfo\/#website","url":"https:\/\/vosgesinfo.fr\/remiremontinfo\/","name":"Remiremont Info","description":"Toute l&#039;actualit\u00e9 de Remiremont","publisher":{"@id":"https:\/\/vosgesinfo.fr\/remiremontinfo\/#organization"},"alternateName":"Toute l'actualit\u00e9 de Remiremont","potentialAction":[{"@type":"SearchAction","target":{"@type":"EntryPoint","urlTemplate":"https:\/\/vosgesinfo.fr\/remiremontinfo\/?s={search_term_string}"},"query-input":"required name=search_term_string"}],"inLanguage":"fr-FR"},{"@type":"Organization","@id":"https:\/\/vosgesinfo.fr\/remiremontinfo\/#organization","name":"Remiremont Info","url":"https:\/\/vosgesinfo.fr\/remiremontinfo\/","logo":{"@type":"ImageObject","inLanguage":"fr-FR","@id":"https:\/\/vosgesinfo.fr\/remiremontinfo\/#\/schema\/logo\/image\/","url":"https:\/\/vosgesinfo.fr\/app\/uploads\/sites\/5\/2023\/08\/favicon-remiremontinfo.png","contentUrl":"https:\/\/vosgesinfo.fr\/app\/uploads\/sites\/5\/2023\/08\/favicon-remiremontinfo.png","width":512,"height":512,"caption":"Remiremont Info"},"image":{"@id":"https:\/\/vosgesinfo.fr\/remiremontinfo\/#\/schema\/logo\/image\/"},"sameAs":["https:\/\/www.facebook.com\/remiremontinfo","https:\/\/x.com\/VosgesInfo88","https:\/\/www.youtube.com\/@vosgesinfo"]},{"@type":"Person","@id":"https:\/\/vosgesinfo.fr\/remiremontinfo\/#\/schema\/person\/3bfd164d5218a185b1db68655a265316","name":"C D","image":{"@type":"ImageObject","inLanguage":"fr-FR","@id":"https:\/\/vosgesinfo.fr\/remiremontinfo\/#\/schema\/person\/image\/","url":"https:\/\/secure.gravatar.com\/avatar\/1f9a70007336511a47468b8f1c66f922b8b7cf617b02a31149ada43893a5d48f?s=96&d=mm&r=g","contentUrl":"https:\/\/secure.gravatar.com\/avatar\/1f9a70007336511a47468b8f1c66f922b8b7cf617b02a31149ada43893a5d48f?s=96&d=mm&r=g","caption":"C D"},"url":"https:\/\/vosgesinfo.fr\/remiremontinfo\/author\/cedric-drevet\/"}]}},"_links":{"self":[{"href":"https:\/\/vosgesinfo.fr\/remiremontinfo\/wp-json\/wp\/v2\/posts\/67063","targetHints":{"allow":["GET"]}}],"collection":[{"href":"https:\/\/vosgesinfo.fr\/remiremontinfo\/wp-json\/wp\/v2\/posts"}],"about":[{"href":"https:\/\/vosgesinfo.fr\/remiremontinfo\/wp-json\/wp\/v2\/types\/post"}],"author":[{"embeddable":true,"href":"https:\/\/vosgesinfo.fr\/remiremontinfo\/wp-json\/wp\/v2\/users\/407"}],"replies":[{"embeddable":true,"href":"https:\/\/vosgesinfo.fr\/remiremontinfo\/wp-json\/wp\/v2\/comments?post=67063"}],"version-history":[{"count":0,"href":"https:\/\/vosgesinfo.fr\/remiremontinfo\/wp-json\/wp\/v2\/posts\/67063\/revisions"}],"wp:featuredmedia":[{"embeddable":true,"href":"https:\/\/vosgesinfo.fr\/remiremontinfo\/wp-json\/wp\/v2\/media\/67064"}],"wp:attachment":[{"href":"https:\/\/vosgesinfo.fr\/remiremontinfo\/wp-json\/wp\/v2\/media?parent=67063"}],"wp:term":[{"taxonomy":"category","embeddable":true,"href":"https:\/\/vosgesinfo.fr\/remiremontinfo\/wp-json\/wp\/v2\/categories?post=67063"},{"taxonomy":"post_tag","embeddable":true,"href":"https:\/\/vosgesinfo.fr\/remiremontinfo\/wp-json\/wp\/v2\/tags?post=67063"}],"curies":[{"name":"wp","href":"https:\/\/api.w.org\/{rel}","templated":true}]}}