{"id":67094,"date":"2023-01-25T09:41:30","date_gmt":"2023-01-25T08:41:30","guid":{"rendered":"https:\/\/vosgesinfo.fr\/remiremontinfo\/2023\/01\/ski-club-bressaude-organise-championnats-de-france-u15-saut-special-combine-nordique\/"},"modified":"2023-01-25T09:41:30","modified_gmt":"2023-01-25T08:41:30","slug":"ski-club-bressaude-organise-championnats-de-france-u15-saut-special-combine-nordique","status":"publish","type":"post","link":"https:\/\/vosgesinfo.fr\/remiremontinfo\/2023\/01\/ski-club-bressaude-organise-championnats-de-france-u15-saut-special-combine-nordique\/","title":{"rendered":"Le ski club La Bressaude organise les Championnats de France U15 en saut sp\u00e9cial et combin\u00e9 nordique"},"content":{"rendered":"<p style=\"text-align: left;\"><a href=\"\/2023\/01\/saut-ski.jpg\"><img decoding=\"async\" class=\"alignnone size-full wp-image-362591\" src=\"\/2023\/01\/saut-ski.jpg\" alt=\"saut ski\" width=\"811\" height=\"540\" \/><\/a><\/p>\n<p style=\"text-align: left;\"><span style=\"font-size: 10pt;\"><em>Photo par\u00a0<a href=\"https:\/\/www.facebook.com\/profile.php?id=100057409062666\">Vosges Saut \u00e0 Ski &amp; Combin\u00e9 Nordique<\/a>\u00a0<\/em><\/span><\/p>\n<h2><span style=\"font-size: 12pt;\"><strong>Le Ski club La Bressaude organise ce week-end les Championnats de France U15 en Saut sp\u00e9cial et en Combin\u00e9 nordique, 5 ans apr\u00e8s le doubl\u00e9 de la Combin\u00e9 Ma\u00ebla DIDIER (SC La Bressaude), lors de la 1\u00e8re \u00e9dition de ces Championnats.<\/strong><\/span><\/h2>\n<p>Le tremplin de Lispach, pr\u00e9par\u00e9 par les b\u00e9n\u00e9voles du club et de la Commission Saut, avec le soutien de la\u00a0 Commune et du service des pistes nordiques,\u00a0accueillera les meilleurs jeunes athl\u00e8tes des Comit\u00e9s fran\u00e7ais. Ils seront d\u00e9j\u00e0 \u00e0 l&rsquo;entrainement le vendredi.<\/p>\n<p>Venez d\u00e9couvrir le Saut sp\u00e9cial et le Combin\u00e9 nordique. Vous pourrez d\u00e9guster les cr\u00eapes, les boissons chaudes\u00a0 de nos sp\u00e9cialistes du club!<\/p>\n<p>Nous vous attendons nombreux.<\/p>\n<p><span style=\"font-size: 10pt;\"><em>La Bressaude, ski\u00a0<\/em><\/span><\/p>\n<p><a href=\"\/2023\/01\/PROGRAMME-CHAMPIONNAT-DE-FRANCE-U15-LA-BRESSE-28-29-janvier-2023-page-001.jpg\"><img decoding=\"async\" class=\"alignnone size-large wp-image-362590\" src=\"\/2023\/01\/PROGRAMME-CHAMPIONNAT-DE-FRANCE-U15-LA-BRESSE-28-29-janvier-2023-page-001-724x1024.jpg\" alt=\"PROGRAMME CHAMPIONNAT DE FRANCE U15 LA BRESSE 28 29 janvier 2023-page-001\" width=\"724\" height=\"1024\" \/><\/a><\/p>\n","protected":false},"excerpt":{"rendered":"<p>Photo par\u00a0Vosges Saut \u00e0 Ski &amp; Combin\u00e9 Nordique\u00a0 Le Ski club La Bressaude organise ce week-end les Championnats de France [&hellip;]<\/p>\n","protected":false},"author":407,"featured_media":67095,"comment_status":"open","ping_status":"open","sticky":false,"template":"","format":"standard","meta":{"footnotes":""},"categories":[26,104,25,14],"tags":[105,355,61],"class_list":["post-67094","post","type-post","status-publish","format-standard","has-post-thumbnail","hentry","category-a-la-une","category-la-bresse-la-bresse-son-canton","category-la-bresse-son-canton","category-sport","tag-la-bresse","tag-ski","tag-sport"],"acf":[],"yoast_head":"<!-- This site is optimized with the Yoast SEO plugin v22.5 - https:\/\/yoast.com\/wordpress\/plugins\/seo\/ -->\n<title>Le ski club La Bressaude organise les Championnats de France U15 en saut sp\u00e9cial et combin\u00e9 nordique - Remiremont Info<\/title>\n<meta name=\"robots\" content=\"index, follow, max-snippet:-1, max-image-preview:large, max-video-preview:-1\" \/>\n<link rel=\"canonical\" href=\"https:\/\/vosgesinfo.fr\/remiremontinfo\/2023\/01\/ski-club-bressaude-organise-championnats-de-france-u15-saut-special-combine-nordique\/\" \/>\n<meta name=\"twitter:card\" content=\"summary_large_image\" \/>\n<meta name=\"twitter:title\" content=\"Le ski club La Bressaude organise les Championnats de France U15 en saut sp\u00e9cial et combin\u00e9 nordique - Remiremont Info\" \/>\n<meta name=\"twitter:description\" content=\"Photo par\u00a0Vosges Saut \u00e0 Ski &amp; Combin\u00e9 Nordique\u00a0 Le Ski club La Bressaude organise ce week-end les Championnats de France [&hellip;]\" \/>\n<meta name=\"twitter:image\" content=\"https:\/\/vosgesinfo.fr\/app\/uploads\/sites\/5\/2024\/09\/202301saut-ski.jpg\" \/>\n<meta name=\"twitter:creator\" content=\"@VosgesInfo88\" \/>\n<meta name=\"twitter:site\" content=\"@VosgesInfo88\" \/>\n<meta name=\"twitter:label1\" content=\"\u00c9crit par\" \/>\n\t<meta name=\"twitter:data1\" content=\"C D\" \/>\n\t<meta name=\"twitter:label2\" content=\"Dur\u00e9e de lecture estim\u00e9e\" \/>\n\t<meta name=\"twitter:data2\" content=\"1 minute\" \/>\n<script type=\"application\/ld+json\" class=\"yoast-schema-graph\">{\"@context\":\"https:\/\/schema.org\",\"@graph\":[{\"@type\":\"Article\",\"@id\":\"https:\/\/vosgesinfo.fr\/remiremontinfo\/2023\/01\/ski-club-bressaude-organise-championnats-de-france-u15-saut-special-combine-nordique\/#article\",\"isPartOf\":{\"@id\":\"https:\/\/vosgesinfo.fr\/remiremontinfo\/2023\/01\/ski-club-bressaude-organise-championnats-de-france-u15-saut-special-combine-nordique\/\"},\"author\":{\"name\":\"C D\",\"@id\":\"https:\/\/vosgesinfo.fr\/remiremontinfo\/#\/schema\/person\/3bfd164d5218a185b1db68655a265316\"},\"headline\":\"Le ski club La Bressaude organise les Championnats de France U15 en saut sp\u00e9cial et combin\u00e9 nordique\",\"datePublished\":\"2023-01-25T08:41:30+00:00\",\"dateModified\":\"2023-01-25T08:41:30+00:00\",\"mainEntityOfPage\":{\"@id\":\"https:\/\/vosgesinfo.fr\/remiremontinfo\/2023\/01\/ski-club-bressaude-organise-championnats-de-france-u15-saut-special-combine-nordique\/\"},\"wordCount\":152,\"commentCount\":0,\"publisher\":{\"@id\":\"https:\/\/vosgesinfo.fr\/remiremontinfo\/#organization\"},\"image\":{\"@id\":\"https:\/\/vosgesinfo.fr\/remiremontinfo\/2023\/01\/ski-club-bressaude-organise-championnats-de-france-u15-saut-special-combine-nordique\/#primaryimage\"},\"thumbnailUrl\":\"https:\/\/vosgesinfo.fr\/app\/uploads\/sites\/5\/2024\/09\/202301saut-ski.jpg\",\"keywords\":[\"la bresse\",\"ski\",\"sport\"],\"articleSection\":[\"A la Une\",\"La Bresse\",\"La Bresse &amp; son canton\",\"Sport\"],\"inLanguage\":\"fr-FR\",\"potentialAction\":[{\"@type\":\"CommentAction\",\"name\":\"Comment\",\"target\":[\"https:\/\/vosgesinfo.fr\/remiremontinfo\/2023\/01\/ski-club-bressaude-organise-championnats-de-france-u15-saut-special-combine-nordique\/#respond\"]}]},{\"@type\":\"WebPage\",\"@id\":\"https:\/\/vosgesinfo.fr\/remiremontinfo\/2023\/01\/ski-club-bressaude-organise-championnats-de-france-u15-saut-special-combine-nordique\/\",\"url\":\"https:\/\/vosgesinfo.fr\/remiremontinfo\/2023\/01\/ski-club-bressaude-organise-championnats-de-france-u15-saut-special-combine-nordique\/\",\"name\":\"Le ski club La Bressaude organise les Championnats de France U15 en saut sp\u00e9cial et combin\u00e9 nordique - Remiremont Info\",\"isPartOf\":{\"@id\":\"https:\/\/vosgesinfo.fr\/remiremontinfo\/#website\"},\"primaryImageOfPage\":{\"@id\":\"https:\/\/vosgesinfo.fr\/remiremontinfo\/2023\/01\/ski-club-bressaude-organise-championnats-de-france-u15-saut-special-combine-nordique\/#primaryimage\"},\"image\":{\"@id\":\"https:\/\/vosgesinfo.fr\/remiremontinfo\/2023\/01\/ski-club-bressaude-organise-championnats-de-france-u15-saut-special-combine-nordique\/#primaryimage\"},\"thumbnailUrl\":\"https:\/\/vosgesinfo.fr\/app\/uploads\/sites\/5\/2024\/09\/202301saut-ski.jpg\",\"datePublished\":\"2023-01-25T08:41:30+00:00\",\"dateModified\":\"2023-01-25T08:41:30+00:00\",\"breadcrumb\":{\"@id\":\"https:\/\/vosgesinfo.fr\/remiremontinfo\/2023\/01\/ski-club-bressaude-organise-championnats-de-france-u15-saut-special-combine-nordique\/#breadcrumb\"},\"inLanguage\":\"fr-FR\",\"potentialAction\":[{\"@type\":\"ReadAction\",\"target\":[\"https:\/\/vosgesinfo.fr\/remiremontinfo\/2023\/01\/ski-club-bressaude-organise-championnats-de-france-u15-saut-special-combine-nordique\/\"]}]},{\"@type\":\"ImageObject\",\"inLanguage\":\"fr-FR\",\"@id\":\"https:\/\/vosgesinfo.fr\/remiremontinfo\/2023\/01\/ski-club-bressaude-organise-championnats-de-france-u15-saut-special-combine-nordique\/#primaryimage\",\"url\":\"https:\/\/vosgesinfo.fr\/app\/uploads\/sites\/5\/2024\/09\/202301saut-ski.jpg\",\"contentUrl\":\"https:\/\/vosgesinfo.fr\/app\/uploads\/sites\/5\/2024\/09\/202301saut-ski.jpg\",\"width\":811,\"height\":540},{\"@type\":\"BreadcrumbList\",\"@id\":\"https:\/\/vosgesinfo.fr\/remiremontinfo\/2023\/01\/ski-club-bressaude-organise-championnats-de-france-u15-saut-special-combine-nordique\/#breadcrumb\",\"itemListElement\":[{\"@type\":\"ListItem\",\"position\":1,\"name\":\"Home\",\"item\":\"https:\/\/vosgesinfo.fr\/remiremontinfo\/\"},{\"@type\":\"ListItem\",\"position\":2,\"name\":\"Le ski club La Bressaude organise les Championnats de France U15 en saut sp\u00e9cial et combin\u00e9 nordique\"}]},{\"@type\":\"WebSite\",\"@id\":\"https:\/\/vosgesinfo.fr\/remiremontinfo\/#website\",\"url\":\"https:\/\/vosgesinfo.fr\/remiremontinfo\/\",\"name\":\"Remiremont Info\",\"description\":\"Toute l&#039;actualit\u00e9 de Remiremont\",\"publisher\":{\"@id\":\"https:\/\/vosgesinfo.fr\/remiremontinfo\/#organization\"},\"alternateName\":\"Toute l'actualit\u00e9 de Remiremont\",\"potentialAction\":[{\"@type\":\"SearchAction\",\"target\":{\"@type\":\"EntryPoint\",\"urlTemplate\":\"https:\/\/vosgesinfo.fr\/remiremontinfo\/?s={search_term_string}\"},\"query-input\":\"required name=search_term_string\"}],\"inLanguage\":\"fr-FR\"},{\"@type\":\"Organization\",\"@id\":\"https:\/\/vosgesinfo.fr\/remiremontinfo\/#organization\",\"name\":\"Remiremont Info\",\"url\":\"https:\/\/vosgesinfo.fr\/remiremontinfo\/\",\"logo\":{\"@type\":\"ImageObject\",\"inLanguage\":\"fr-FR\",\"@id\":\"https:\/\/vosgesinfo.fr\/remiremontinfo\/#\/schema\/logo\/image\/\",\"url\":\"https:\/\/vosgesinfo.fr\/app\/uploads\/sites\/5\/2023\/08\/favicon-remiremontinfo.png\",\"contentUrl\":\"https:\/\/vosgesinfo.fr\/app\/uploads\/sites\/5\/2023\/08\/favicon-remiremontinfo.png\",\"width\":512,\"height\":512,\"caption\":\"Remiremont Info\"},\"image\":{\"@id\":\"https:\/\/vosgesinfo.fr\/remiremontinfo\/#\/schema\/logo\/image\/\"},\"sameAs\":[\"https:\/\/www.facebook.com\/remiremontinfo\",\"https:\/\/x.com\/VosgesInfo88\",\"https:\/\/www.youtube.com\/@vosgesinfo\"]},{\"@type\":\"Person\",\"@id\":\"https:\/\/vosgesinfo.fr\/remiremontinfo\/#\/schema\/person\/3bfd164d5218a185b1db68655a265316\",\"name\":\"C D\",\"image\":{\"@type\":\"ImageObject\",\"inLanguage\":\"fr-FR\",\"@id\":\"https:\/\/vosgesinfo.fr\/remiremontinfo\/#\/schema\/person\/image\/\",\"url\":\"https:\/\/secure.gravatar.com\/avatar\/1f9a70007336511a47468b8f1c66f922b8b7cf617b02a31149ada43893a5d48f?s=96&d=mm&r=g\",\"contentUrl\":\"https:\/\/secure.gravatar.com\/avatar\/1f9a70007336511a47468b8f1c66f922b8b7cf617b02a31149ada43893a5d48f?s=96&d=mm&r=g\",\"caption\":\"C D\"},\"url\":\"https:\/\/vosgesinfo.fr\/remiremontinfo\/author\/cedric-drevet\/\"}]}<\/script>\n<!-- \/ Yoast SEO plugin. -->","yoast_head_json":{"title":"Le ski club La Bressaude organise les Championnats de France U15 en saut sp\u00e9cial et combin\u00e9 nordique - Remiremont Info","robots":{"index":"index","follow":"follow","max-snippet":"max-snippet:-1","max-image-preview":"max-image-preview:large","max-video-preview":"max-video-preview:-1"},"canonical":"https:\/\/vosgesinfo.fr\/remiremontinfo\/2023\/01\/ski-club-bressaude-organise-championnats-de-france-u15-saut-special-combine-nordique\/","twitter_card":"summary_large_image","twitter_title":"Le ski club La Bressaude organise les Championnats de France U15 en saut sp\u00e9cial et combin\u00e9 nordique - Remiremont Info","twitter_description":"Photo par\u00a0Vosges Saut \u00e0 Ski &amp; Combin\u00e9 Nordique\u00a0 Le Ski club La Bressaude organise ce week-end les Championnats de France [&hellip;]","twitter_image":"https:\/\/vosgesinfo.fr\/app\/uploads\/sites\/5\/2024\/09\/202301saut-ski.jpg","twitter_creator":"@VosgesInfo88","twitter_site":"@VosgesInfo88","twitter_misc":{"\u00c9crit par":"C D","Dur\u00e9e de lecture estim\u00e9e":"1 minute"},"schema":{"@context":"https:\/\/schema.org","@graph":[{"@type":"Article","@id":"https:\/\/vosgesinfo.fr\/remiremontinfo\/2023\/01\/ski-club-bressaude-organise-championnats-de-france-u15-saut-special-combine-nordique\/#article","isPartOf":{"@id":"https:\/\/vosgesinfo.fr\/remiremontinfo\/2023\/01\/ski-club-bressaude-organise-championnats-de-france-u15-saut-special-combine-nordique\/"},"author":{"name":"C D","@id":"https:\/\/vosgesinfo.fr\/remiremontinfo\/#\/schema\/person\/3bfd164d5218a185b1db68655a265316"},"headline":"Le ski club La Bressaude organise les Championnats de France U15 en saut sp\u00e9cial et combin\u00e9 nordique","datePublished":"2023-01-25T08:41:30+00:00","dateModified":"2023-01-25T08:41:30+00:00","mainEntityOfPage":{"@id":"https:\/\/vosgesinfo.fr\/remiremontinfo\/2023\/01\/ski-club-bressaude-organise-championnats-de-france-u15-saut-special-combine-nordique\/"},"wordCount":152,"commentCount":0,"publisher":{"@id":"https:\/\/vosgesinfo.fr\/remiremontinfo\/#organization"},"image":{"@id":"https:\/\/vosgesinfo.fr\/remiremontinfo\/2023\/01\/ski-club-bressaude-organise-championnats-de-france-u15-saut-special-combine-nordique\/#primaryimage"},"thumbnailUrl":"https:\/\/vosgesinfo.fr\/app\/uploads\/sites\/5\/2024\/09\/202301saut-ski.jpg","keywords":["la bresse","ski","sport"],"articleSection":["A la Une","La Bresse","La Bresse &amp; son canton","Sport"],"inLanguage":"fr-FR","potentialAction":[{"@type":"CommentAction","name":"Comment","target":["https:\/\/vosgesinfo.fr\/remiremontinfo\/2023\/01\/ski-club-bressaude-organise-championnats-de-france-u15-saut-special-combine-nordique\/#respond"]}]},{"@type":"WebPage","@id":"https:\/\/vosgesinfo.fr\/remiremontinfo\/2023\/01\/ski-club-bressaude-organise-championnats-de-france-u15-saut-special-combine-nordique\/","url":"https:\/\/vosgesinfo.fr\/remiremontinfo\/2023\/01\/ski-club-bressaude-organise-championnats-de-france-u15-saut-special-combine-nordique\/","name":"Le ski club La Bressaude organise les Championnats de France U15 en saut sp\u00e9cial et combin\u00e9 nordique - Remiremont Info","isPartOf":{"@id":"https:\/\/vosgesinfo.fr\/remiremontinfo\/#website"},"primaryImageOfPage":{"@id":"https:\/\/vosgesinfo.fr\/remiremontinfo\/2023\/01\/ski-club-bressaude-organise-championnats-de-france-u15-saut-special-combine-nordique\/#primaryimage"},"image":{"@id":"https:\/\/vosgesinfo.fr\/remiremontinfo\/2023\/01\/ski-club-bressaude-organise-championnats-de-france-u15-saut-special-combine-nordique\/#primaryimage"},"thumbnailUrl":"https:\/\/vosgesinfo.fr\/app\/uploads\/sites\/5\/2024\/09\/202301saut-ski.jpg","datePublished":"2023-01-25T08:41:30+00:00","dateModified":"2023-01-25T08:41:30+00:00","breadcrumb":{"@id":"https:\/\/vosgesinfo.fr\/remiremontinfo\/2023\/01\/ski-club-bressaude-organise-championnats-de-france-u15-saut-special-combine-nordique\/#breadcrumb"},"inLanguage":"fr-FR","potentialAction":[{"@type":"ReadAction","target":["https:\/\/vosgesinfo.fr\/remiremontinfo\/2023\/01\/ski-club-bressaude-organise-championnats-de-france-u15-saut-special-combine-nordique\/"]}]},{"@type":"ImageObject","inLanguage":"fr-FR","@id":"https:\/\/vosgesinfo.fr\/remiremontinfo\/2023\/01\/ski-club-bressaude-organise-championnats-de-france-u15-saut-special-combine-nordique\/#primaryimage","url":"https:\/\/vosgesinfo.fr\/app\/uploads\/sites\/5\/2024\/09\/202301saut-ski.jpg","contentUrl":"https:\/\/vosgesinfo.fr\/app\/uploads\/sites\/5\/2024\/09\/202301saut-ski.jpg","width":811,"height":540},{"@type":"BreadcrumbList","@id":"https:\/\/vosgesinfo.fr\/remiremontinfo\/2023\/01\/ski-club-bressaude-organise-championnats-de-france-u15-saut-special-combine-nordique\/#breadcrumb","itemListElement":[{"@type":"ListItem","position":1,"name":"Home","item":"https:\/\/vosgesinfo.fr\/remiremontinfo\/"},{"@type":"ListItem","position":2,"name":"Le ski club La Bressaude organise les Championnats de France U15 en saut sp\u00e9cial et combin\u00e9 nordique"}]},{"@type":"WebSite","@id":"https:\/\/vosgesinfo.fr\/remiremontinfo\/#website","url":"https:\/\/vosgesinfo.fr\/remiremontinfo\/","name":"Remiremont Info","description":"Toute l&#039;actualit\u00e9 de Remiremont","publisher":{"@id":"https:\/\/vosgesinfo.fr\/remiremontinfo\/#organization"},"alternateName":"Toute l'actualit\u00e9 de Remiremont","potentialAction":[{"@type":"SearchAction","target":{"@type":"EntryPoint","urlTemplate":"https:\/\/vosgesinfo.fr\/remiremontinfo\/?s={search_term_string}"},"query-input":"required name=search_term_string"}],"inLanguage":"fr-FR"},{"@type":"Organization","@id":"https:\/\/vosgesinfo.fr\/remiremontinfo\/#organization","name":"Remiremont Info","url":"https:\/\/vosgesinfo.fr\/remiremontinfo\/","logo":{"@type":"ImageObject","inLanguage":"fr-FR","@id":"https:\/\/vosgesinfo.fr\/remiremontinfo\/#\/schema\/logo\/image\/","url":"https:\/\/vosgesinfo.fr\/app\/uploads\/sites\/5\/2023\/08\/favicon-remiremontinfo.png","contentUrl":"https:\/\/vosgesinfo.fr\/app\/uploads\/sites\/5\/2023\/08\/favicon-remiremontinfo.png","width":512,"height":512,"caption":"Remiremont Info"},"image":{"@id":"https:\/\/vosgesinfo.fr\/remiremontinfo\/#\/schema\/logo\/image\/"},"sameAs":["https:\/\/www.facebook.com\/remiremontinfo","https:\/\/x.com\/VosgesInfo88","https:\/\/www.youtube.com\/@vosgesinfo"]},{"@type":"Person","@id":"https:\/\/vosgesinfo.fr\/remiremontinfo\/#\/schema\/person\/3bfd164d5218a185b1db68655a265316","name":"C D","image":{"@type":"ImageObject","inLanguage":"fr-FR","@id":"https:\/\/vosgesinfo.fr\/remiremontinfo\/#\/schema\/person\/image\/","url":"https:\/\/secure.gravatar.com\/avatar\/1f9a70007336511a47468b8f1c66f922b8b7cf617b02a31149ada43893a5d48f?s=96&d=mm&r=g","contentUrl":"https:\/\/secure.gravatar.com\/avatar\/1f9a70007336511a47468b8f1c66f922b8b7cf617b02a31149ada43893a5d48f?s=96&d=mm&r=g","caption":"C D"},"url":"https:\/\/vosgesinfo.fr\/remiremontinfo\/author\/cedric-drevet\/"}]}},"_links":{"self":[{"href":"https:\/\/vosgesinfo.fr\/remiremontinfo\/wp-json\/wp\/v2\/posts\/67094","targetHints":{"allow":["GET"]}}],"collection":[{"href":"https:\/\/vosgesinfo.fr\/remiremontinfo\/wp-json\/wp\/v2\/posts"}],"about":[{"href":"https:\/\/vosgesinfo.fr\/remiremontinfo\/wp-json\/wp\/v2\/types\/post"}],"author":[{"embeddable":true,"href":"https:\/\/vosgesinfo.fr\/remiremontinfo\/wp-json\/wp\/v2\/users\/407"}],"replies":[{"embeddable":true,"href":"https:\/\/vosgesinfo.fr\/remiremontinfo\/wp-json\/wp\/v2\/comments?post=67094"}],"version-history":[{"count":0,"href":"https:\/\/vosgesinfo.fr\/remiremontinfo\/wp-json\/wp\/v2\/posts\/67094\/revisions"}],"wp:featuredmedia":[{"embeddable":true,"href":"https:\/\/vosgesinfo.fr\/remiremontinfo\/wp-json\/wp\/v2\/media\/67095"}],"wp:attachment":[{"href":"https:\/\/vosgesinfo.fr\/remiremontinfo\/wp-json\/wp\/v2\/media?parent=67094"}],"wp:term":[{"taxonomy":"category","embeddable":true,"href":"https:\/\/vosgesinfo.fr\/remiremontinfo\/wp-json\/wp\/v2\/categories?post=67094"},{"taxonomy":"post_tag","embeddable":true,"href":"https:\/\/vosgesinfo.fr\/remiremontinfo\/wp-json\/wp\/v2\/tags?post=67094"}],"curies":[{"name":"wp","href":"https:\/\/api.w.org\/{rel}","templated":true}]}}