{"id":67111,"date":"2023-01-26T09:30:32","date_gmt":"2023-01-26T08:30:32","guid":{"rendered":"https:\/\/vosgesinfo.fr\/remiremontinfo\/2023\/01\/saint-maurice-nouvelle-masseuse-kinesitherapeute-a-maison-de-sante\/"},"modified":"2023-01-26T09:30:32","modified_gmt":"2023-01-26T08:30:32","slug":"saint-maurice-nouvelle-masseuse-kinesitherapeute-a-maison-de-sante","status":"publish","type":"post","link":"https:\/\/vosgesinfo.fr\/remiremontinfo\/2023\/01\/saint-maurice-nouvelle-masseuse-kinesitherapeute-a-maison-de-sante\/","title":{"rendered":"Saint-Maurice : une nouvelle masseuse-kin\u00e9sith\u00e9rapeute \u00e0 la Maison de Sant\u00e9"},"content":{"rendered":"<p><a href=\"\/2023\/01\/327559941_735696518120734_363745187028824601_n.jpg\"><img decoding=\"async\" class=\"alignnone size-large wp-image-362628\" src=\"\/2023\/01\/327559941_735696518120734_363745187028824601_n-1024x768.jpg\" alt=\"327559941_735696518120734_363745187028824601_n\" width=\"960\" height=\"720\" \/><\/a><\/p>\n<h2><span style=\"font-size: 12pt;\"><strong>Une nouvelle professionnelle de sant\u00e9 s&rsquo;installe \u00e0 Saint-Maurice \u00e0 la Maison de Sant\u00e9.\u00a0Marion Dezest est Masseuse-Kin\u00e9sith\u00e9rapeute. Arriv\u00e9e depuis d\u00e9but d\u00e9cembre, Marion est tr\u00e9s heureuse de travailler dans cette structure m\u00e9dicale aux c\u00f4t\u00e9s de ses coll\u00e8gues.\u00a0<\/strong><\/span><\/h2>\n<p>Dipl\u00f4m\u00e9e \u00e0 la Facult\u00e9 de Kin\u00e9 en Espagne, Marion exerce depuis 4 ans. Famille, sens de l&rsquo;aventure, envie de d\u00e9couvrir une nouvelle r\u00e9gion, sont les atouts majeurs qui ont motiv\u00e9 son choix de s&rsquo;installer dans notre village.<\/p>\n<p><span style=\"font-size: 10pt;\"><em>Source : Mairie de Saint-Maurice\u00a0<\/em><\/span><\/p>\n","protected":false},"excerpt":{"rendered":"<p>Une nouvelle professionnelle de sant\u00e9 s&rsquo;installe \u00e0 Saint-Maurice \u00e0 la Maison de Sant\u00e9.\u00a0Marion Dezest est Masseuse-Kin\u00e9sith\u00e9rapeute. Arriv\u00e9e depuis d\u00e9but d\u00e9cembre, [&hellip;]<\/p>\n","protected":false},"author":407,"featured_media":67112,"comment_status":"open","ping_status":"open","sticky":false,"template":"","format":"standard","meta":{"footnotes":""},"categories":[26,37,39,12],"tags":[2357,73,46],"class_list":["post-67111","post","type-post","status-publish","format-standard","has-post-thumbnail","hentry","category-a-la-une","category-le-thillot-son-canton","category-saint-maurice-moselle","category-sante","tag-maison-de-sante","tag-saint-maurice","tag-sante"],"acf":[],"yoast_head":"<!-- This site is optimized with the Yoast SEO plugin v22.5 - https:\/\/yoast.com\/wordpress\/plugins\/seo\/ -->\n<title>Saint-Maurice : une nouvelle masseuse-kin\u00e9sith\u00e9rapeute \u00e0 la Maison de Sant\u00e9 - Remiremont Info<\/title>\n<meta name=\"robots\" content=\"index, follow, max-snippet:-1, max-image-preview:large, max-video-preview:-1\" \/>\n<link rel=\"canonical\" href=\"https:\/\/vosgesinfo.fr\/remiremontinfo\/2023\/01\/saint-maurice-nouvelle-masseuse-kinesitherapeute-a-maison-de-sante\/\" \/>\n<meta name=\"twitter:card\" content=\"summary_large_image\" \/>\n<meta name=\"twitter:title\" content=\"Saint-Maurice : une nouvelle masseuse-kin\u00e9sith\u00e9rapeute \u00e0 la Maison de Sant\u00e9 - Remiremont Info\" \/>\n<meta name=\"twitter:description\" content=\"Une nouvelle professionnelle de sant\u00e9 s&rsquo;installe \u00e0 Saint-Maurice \u00e0 la Maison de Sant\u00e9.\u00a0Marion Dezest est Masseuse-Kin\u00e9sith\u00e9rapeute. Arriv\u00e9e depuis d\u00e9but d\u00e9cembre, [&hellip;]\" \/>\n<meta name=\"twitter:image\" content=\"https:\/\/vosgesinfo.fr\/app\/uploads\/sites\/5\/2024\/09\/202301327559941-735696518120734-363745187028824601-n.jpg\" \/>\n<meta name=\"twitter:creator\" content=\"@VosgesInfo88\" \/>\n<meta name=\"twitter:site\" content=\"@VosgesInfo88\" \/>\n<meta name=\"twitter:label1\" content=\"\u00c9crit par\" \/>\n\t<meta name=\"twitter:data1\" content=\"C D\" \/>\n<script type=\"application\/ld+json\" class=\"yoast-schema-graph\">{\"@context\":\"https:\/\/schema.org\",\"@graph\":[{\"@type\":\"Article\",\"@id\":\"https:\/\/vosgesinfo.fr\/remiremontinfo\/2023\/01\/saint-maurice-nouvelle-masseuse-kinesitherapeute-a-maison-de-sante\/#article\",\"isPartOf\":{\"@id\":\"https:\/\/vosgesinfo.fr\/remiremontinfo\/2023\/01\/saint-maurice-nouvelle-masseuse-kinesitherapeute-a-maison-de-sante\/\"},\"author\":{\"name\":\"C D\",\"@id\":\"https:\/\/vosgesinfo.fr\/remiremontinfo\/#\/schema\/person\/3bfd164d5218a185b1db68655a265316\"},\"headline\":\"Saint-Maurice : une nouvelle masseuse-kin\u00e9sith\u00e9rapeute \u00e0 la Maison de Sant\u00e9\",\"datePublished\":\"2023-01-26T08:30:32+00:00\",\"dateModified\":\"2023-01-26T08:30:32+00:00\",\"mainEntityOfPage\":{\"@id\":\"https:\/\/vosgesinfo.fr\/remiremontinfo\/2023\/01\/saint-maurice-nouvelle-masseuse-kinesitherapeute-a-maison-de-sante\/\"},\"wordCount\":100,\"commentCount\":0,\"publisher\":{\"@id\":\"https:\/\/vosgesinfo.fr\/remiremontinfo\/#organization\"},\"image\":{\"@id\":\"https:\/\/vosgesinfo.fr\/remiremontinfo\/2023\/01\/saint-maurice-nouvelle-masseuse-kinesitherapeute-a-maison-de-sante\/#primaryimage\"},\"thumbnailUrl\":\"https:\/\/vosgesinfo.fr\/app\/uploads\/sites\/5\/2024\/09\/202301327559941-735696518120734-363745187028824601-n.jpg\",\"keywords\":[\"maison de sant\u00e9\",\"Saint-Maurice\",\"sant\u00e9\"],\"articleSection\":[\"A la Une\",\"Le Thillot &amp; son canton\",\"Saint-Maurice\/Moselle\",\"Sant\u00e9\"],\"inLanguage\":\"fr-FR\",\"potentialAction\":[{\"@type\":\"CommentAction\",\"name\":\"Comment\",\"target\":[\"https:\/\/vosgesinfo.fr\/remiremontinfo\/2023\/01\/saint-maurice-nouvelle-masseuse-kinesitherapeute-a-maison-de-sante\/#respond\"]}]},{\"@type\":\"WebPage\",\"@id\":\"https:\/\/vosgesinfo.fr\/remiremontinfo\/2023\/01\/saint-maurice-nouvelle-masseuse-kinesitherapeute-a-maison-de-sante\/\",\"url\":\"https:\/\/vosgesinfo.fr\/remiremontinfo\/2023\/01\/saint-maurice-nouvelle-masseuse-kinesitherapeute-a-maison-de-sante\/\",\"name\":\"Saint-Maurice : une nouvelle masseuse-kin\u00e9sith\u00e9rapeute \u00e0 la Maison de Sant\u00e9 - Remiremont Info\",\"isPartOf\":{\"@id\":\"https:\/\/vosgesinfo.fr\/remiremontinfo\/#website\"},\"primaryImageOfPage\":{\"@id\":\"https:\/\/vosgesinfo.fr\/remiremontinfo\/2023\/01\/saint-maurice-nouvelle-masseuse-kinesitherapeute-a-maison-de-sante\/#primaryimage\"},\"image\":{\"@id\":\"https:\/\/vosgesinfo.fr\/remiremontinfo\/2023\/01\/saint-maurice-nouvelle-masseuse-kinesitherapeute-a-maison-de-sante\/#primaryimage\"},\"thumbnailUrl\":\"https:\/\/vosgesinfo.fr\/app\/uploads\/sites\/5\/2024\/09\/202301327559941-735696518120734-363745187028824601-n.jpg\",\"datePublished\":\"2023-01-26T08:30:32+00:00\",\"dateModified\":\"2023-01-26T08:30:32+00:00\",\"breadcrumb\":{\"@id\":\"https:\/\/vosgesinfo.fr\/remiremontinfo\/2023\/01\/saint-maurice-nouvelle-masseuse-kinesitherapeute-a-maison-de-sante\/#breadcrumb\"},\"inLanguage\":\"fr-FR\",\"potentialAction\":[{\"@type\":\"ReadAction\",\"target\":[\"https:\/\/vosgesinfo.fr\/remiremontinfo\/2023\/01\/saint-maurice-nouvelle-masseuse-kinesitherapeute-a-maison-de-sante\/\"]}]},{\"@type\":\"ImageObject\",\"inLanguage\":\"fr-FR\",\"@id\":\"https:\/\/vosgesinfo.fr\/remiremontinfo\/2023\/01\/saint-maurice-nouvelle-masseuse-kinesitherapeute-a-maison-de-sante\/#primaryimage\",\"url\":\"https:\/\/vosgesinfo.fr\/app\/uploads\/sites\/5\/2024\/09\/202301327559941-735696518120734-363745187028824601-n.jpg\",\"contentUrl\":\"https:\/\/vosgesinfo.fr\/app\/uploads\/sites\/5\/2024\/09\/202301327559941-735696518120734-363745187028824601-n.jpg\",\"width\":2048,\"height\":1536},{\"@type\":\"BreadcrumbList\",\"@id\":\"https:\/\/vosgesinfo.fr\/remiremontinfo\/2023\/01\/saint-maurice-nouvelle-masseuse-kinesitherapeute-a-maison-de-sante\/#breadcrumb\",\"itemListElement\":[{\"@type\":\"ListItem\",\"position\":1,\"name\":\"Home\",\"item\":\"https:\/\/vosgesinfo.fr\/remiremontinfo\/\"},{\"@type\":\"ListItem\",\"position\":2,\"name\":\"Saint-Maurice : une nouvelle masseuse-kin\u00e9sith\u00e9rapeute \u00e0 la Maison de Sant\u00e9\"}]},{\"@type\":\"WebSite\",\"@id\":\"https:\/\/vosgesinfo.fr\/remiremontinfo\/#website\",\"url\":\"https:\/\/vosgesinfo.fr\/remiremontinfo\/\",\"name\":\"Remiremont Info\",\"description\":\"Toute l&#039;actualit\u00e9 de Remiremont\",\"publisher\":{\"@id\":\"https:\/\/vosgesinfo.fr\/remiremontinfo\/#organization\"},\"alternateName\":\"Toute l'actualit\u00e9 de Remiremont\",\"potentialAction\":[{\"@type\":\"SearchAction\",\"target\":{\"@type\":\"EntryPoint\",\"urlTemplate\":\"https:\/\/vosgesinfo.fr\/remiremontinfo\/?s={search_term_string}\"},\"query-input\":\"required name=search_term_string\"}],\"inLanguage\":\"fr-FR\"},{\"@type\":\"Organization\",\"@id\":\"https:\/\/vosgesinfo.fr\/remiremontinfo\/#organization\",\"name\":\"Remiremont Info\",\"url\":\"https:\/\/vosgesinfo.fr\/remiremontinfo\/\",\"logo\":{\"@type\":\"ImageObject\",\"inLanguage\":\"fr-FR\",\"@id\":\"https:\/\/vosgesinfo.fr\/remiremontinfo\/#\/schema\/logo\/image\/\",\"url\":\"https:\/\/vosgesinfo.fr\/app\/uploads\/sites\/5\/2023\/08\/favicon-remiremontinfo.png\",\"contentUrl\":\"https:\/\/vosgesinfo.fr\/app\/uploads\/sites\/5\/2023\/08\/favicon-remiremontinfo.png\",\"width\":512,\"height\":512,\"caption\":\"Remiremont Info\"},\"image\":{\"@id\":\"https:\/\/vosgesinfo.fr\/remiremontinfo\/#\/schema\/logo\/image\/\"},\"sameAs\":[\"https:\/\/www.facebook.com\/remiremontinfo\",\"https:\/\/x.com\/VosgesInfo88\",\"https:\/\/www.youtube.com\/@vosgesinfo\"]},{\"@type\":\"Person\",\"@id\":\"https:\/\/vosgesinfo.fr\/remiremontinfo\/#\/schema\/person\/3bfd164d5218a185b1db68655a265316\",\"name\":\"C D\",\"image\":{\"@type\":\"ImageObject\",\"inLanguage\":\"fr-FR\",\"@id\":\"https:\/\/vosgesinfo.fr\/remiremontinfo\/#\/schema\/person\/image\/\",\"url\":\"https:\/\/secure.gravatar.com\/avatar\/1f9a70007336511a47468b8f1c66f922b8b7cf617b02a31149ada43893a5d48f?s=96&d=mm&r=g\",\"contentUrl\":\"https:\/\/secure.gravatar.com\/avatar\/1f9a70007336511a47468b8f1c66f922b8b7cf617b02a31149ada43893a5d48f?s=96&d=mm&r=g\",\"caption\":\"C D\"},\"url\":\"https:\/\/vosgesinfo.fr\/remiremontinfo\/author\/cedric-drevet\/\"}]}<\/script>\n<!-- \/ Yoast SEO plugin. -->","yoast_head_json":{"title":"Saint-Maurice : une nouvelle masseuse-kin\u00e9sith\u00e9rapeute \u00e0 la Maison de Sant\u00e9 - Remiremont Info","robots":{"index":"index","follow":"follow","max-snippet":"max-snippet:-1","max-image-preview":"max-image-preview:large","max-video-preview":"max-video-preview:-1"},"canonical":"https:\/\/vosgesinfo.fr\/remiremontinfo\/2023\/01\/saint-maurice-nouvelle-masseuse-kinesitherapeute-a-maison-de-sante\/","twitter_card":"summary_large_image","twitter_title":"Saint-Maurice : une nouvelle masseuse-kin\u00e9sith\u00e9rapeute \u00e0 la Maison de Sant\u00e9 - Remiremont Info","twitter_description":"Une nouvelle professionnelle de sant\u00e9 s&rsquo;installe \u00e0 Saint-Maurice \u00e0 la Maison de Sant\u00e9.\u00a0Marion Dezest est Masseuse-Kin\u00e9sith\u00e9rapeute. Arriv\u00e9e depuis d\u00e9but d\u00e9cembre, [&hellip;]","twitter_image":"https:\/\/vosgesinfo.fr\/app\/uploads\/sites\/5\/2024\/09\/202301327559941-735696518120734-363745187028824601-n.jpg","twitter_creator":"@VosgesInfo88","twitter_site":"@VosgesInfo88","twitter_misc":{"\u00c9crit par":"C D"},"schema":{"@context":"https:\/\/schema.org","@graph":[{"@type":"Article","@id":"https:\/\/vosgesinfo.fr\/remiremontinfo\/2023\/01\/saint-maurice-nouvelle-masseuse-kinesitherapeute-a-maison-de-sante\/#article","isPartOf":{"@id":"https:\/\/vosgesinfo.fr\/remiremontinfo\/2023\/01\/saint-maurice-nouvelle-masseuse-kinesitherapeute-a-maison-de-sante\/"},"author":{"name":"C D","@id":"https:\/\/vosgesinfo.fr\/remiremontinfo\/#\/schema\/person\/3bfd164d5218a185b1db68655a265316"},"headline":"Saint-Maurice : une nouvelle masseuse-kin\u00e9sith\u00e9rapeute \u00e0 la Maison de Sant\u00e9","datePublished":"2023-01-26T08:30:32+00:00","dateModified":"2023-01-26T08:30:32+00:00","mainEntityOfPage":{"@id":"https:\/\/vosgesinfo.fr\/remiremontinfo\/2023\/01\/saint-maurice-nouvelle-masseuse-kinesitherapeute-a-maison-de-sante\/"},"wordCount":100,"commentCount":0,"publisher":{"@id":"https:\/\/vosgesinfo.fr\/remiremontinfo\/#organization"},"image":{"@id":"https:\/\/vosgesinfo.fr\/remiremontinfo\/2023\/01\/saint-maurice-nouvelle-masseuse-kinesitherapeute-a-maison-de-sante\/#primaryimage"},"thumbnailUrl":"https:\/\/vosgesinfo.fr\/app\/uploads\/sites\/5\/2024\/09\/202301327559941-735696518120734-363745187028824601-n.jpg","keywords":["maison de sant\u00e9","Saint-Maurice","sant\u00e9"],"articleSection":["A la Une","Le Thillot &amp; son canton","Saint-Maurice\/Moselle","Sant\u00e9"],"inLanguage":"fr-FR","potentialAction":[{"@type":"CommentAction","name":"Comment","target":["https:\/\/vosgesinfo.fr\/remiremontinfo\/2023\/01\/saint-maurice-nouvelle-masseuse-kinesitherapeute-a-maison-de-sante\/#respond"]}]},{"@type":"WebPage","@id":"https:\/\/vosgesinfo.fr\/remiremontinfo\/2023\/01\/saint-maurice-nouvelle-masseuse-kinesitherapeute-a-maison-de-sante\/","url":"https:\/\/vosgesinfo.fr\/remiremontinfo\/2023\/01\/saint-maurice-nouvelle-masseuse-kinesitherapeute-a-maison-de-sante\/","name":"Saint-Maurice : une nouvelle masseuse-kin\u00e9sith\u00e9rapeute \u00e0 la Maison de Sant\u00e9 - Remiremont Info","isPartOf":{"@id":"https:\/\/vosgesinfo.fr\/remiremontinfo\/#website"},"primaryImageOfPage":{"@id":"https:\/\/vosgesinfo.fr\/remiremontinfo\/2023\/01\/saint-maurice-nouvelle-masseuse-kinesitherapeute-a-maison-de-sante\/#primaryimage"},"image":{"@id":"https:\/\/vosgesinfo.fr\/remiremontinfo\/2023\/01\/saint-maurice-nouvelle-masseuse-kinesitherapeute-a-maison-de-sante\/#primaryimage"},"thumbnailUrl":"https:\/\/vosgesinfo.fr\/app\/uploads\/sites\/5\/2024\/09\/202301327559941-735696518120734-363745187028824601-n.jpg","datePublished":"2023-01-26T08:30:32+00:00","dateModified":"2023-01-26T08:30:32+00:00","breadcrumb":{"@id":"https:\/\/vosgesinfo.fr\/remiremontinfo\/2023\/01\/saint-maurice-nouvelle-masseuse-kinesitherapeute-a-maison-de-sante\/#breadcrumb"},"inLanguage":"fr-FR","potentialAction":[{"@type":"ReadAction","target":["https:\/\/vosgesinfo.fr\/remiremontinfo\/2023\/01\/saint-maurice-nouvelle-masseuse-kinesitherapeute-a-maison-de-sante\/"]}]},{"@type":"ImageObject","inLanguage":"fr-FR","@id":"https:\/\/vosgesinfo.fr\/remiremontinfo\/2023\/01\/saint-maurice-nouvelle-masseuse-kinesitherapeute-a-maison-de-sante\/#primaryimage","url":"https:\/\/vosgesinfo.fr\/app\/uploads\/sites\/5\/2024\/09\/202301327559941-735696518120734-363745187028824601-n.jpg","contentUrl":"https:\/\/vosgesinfo.fr\/app\/uploads\/sites\/5\/2024\/09\/202301327559941-735696518120734-363745187028824601-n.jpg","width":2048,"height":1536},{"@type":"BreadcrumbList","@id":"https:\/\/vosgesinfo.fr\/remiremontinfo\/2023\/01\/saint-maurice-nouvelle-masseuse-kinesitherapeute-a-maison-de-sante\/#breadcrumb","itemListElement":[{"@type":"ListItem","position":1,"name":"Home","item":"https:\/\/vosgesinfo.fr\/remiremontinfo\/"},{"@type":"ListItem","position":2,"name":"Saint-Maurice : une nouvelle masseuse-kin\u00e9sith\u00e9rapeute \u00e0 la Maison de Sant\u00e9"}]},{"@type":"WebSite","@id":"https:\/\/vosgesinfo.fr\/remiremontinfo\/#website","url":"https:\/\/vosgesinfo.fr\/remiremontinfo\/","name":"Remiremont Info","description":"Toute l&#039;actualit\u00e9 de Remiremont","publisher":{"@id":"https:\/\/vosgesinfo.fr\/remiremontinfo\/#organization"},"alternateName":"Toute l'actualit\u00e9 de Remiremont","potentialAction":[{"@type":"SearchAction","target":{"@type":"EntryPoint","urlTemplate":"https:\/\/vosgesinfo.fr\/remiremontinfo\/?s={search_term_string}"},"query-input":"required name=search_term_string"}],"inLanguage":"fr-FR"},{"@type":"Organization","@id":"https:\/\/vosgesinfo.fr\/remiremontinfo\/#organization","name":"Remiremont Info","url":"https:\/\/vosgesinfo.fr\/remiremontinfo\/","logo":{"@type":"ImageObject","inLanguage":"fr-FR","@id":"https:\/\/vosgesinfo.fr\/remiremontinfo\/#\/schema\/logo\/image\/","url":"https:\/\/vosgesinfo.fr\/app\/uploads\/sites\/5\/2023\/08\/favicon-remiremontinfo.png","contentUrl":"https:\/\/vosgesinfo.fr\/app\/uploads\/sites\/5\/2023\/08\/favicon-remiremontinfo.png","width":512,"height":512,"caption":"Remiremont Info"},"image":{"@id":"https:\/\/vosgesinfo.fr\/remiremontinfo\/#\/schema\/logo\/image\/"},"sameAs":["https:\/\/www.facebook.com\/remiremontinfo","https:\/\/x.com\/VosgesInfo88","https:\/\/www.youtube.com\/@vosgesinfo"]},{"@type":"Person","@id":"https:\/\/vosgesinfo.fr\/remiremontinfo\/#\/schema\/person\/3bfd164d5218a185b1db68655a265316","name":"C D","image":{"@type":"ImageObject","inLanguage":"fr-FR","@id":"https:\/\/vosgesinfo.fr\/remiremontinfo\/#\/schema\/person\/image\/","url":"https:\/\/secure.gravatar.com\/avatar\/1f9a70007336511a47468b8f1c66f922b8b7cf617b02a31149ada43893a5d48f?s=96&d=mm&r=g","contentUrl":"https:\/\/secure.gravatar.com\/avatar\/1f9a70007336511a47468b8f1c66f922b8b7cf617b02a31149ada43893a5d48f?s=96&d=mm&r=g","caption":"C D"},"url":"https:\/\/vosgesinfo.fr\/remiremontinfo\/author\/cedric-drevet\/"}]}},"_links":{"self":[{"href":"https:\/\/vosgesinfo.fr\/remiremontinfo\/wp-json\/wp\/v2\/posts\/67111","targetHints":{"allow":["GET"]}}],"collection":[{"href":"https:\/\/vosgesinfo.fr\/remiremontinfo\/wp-json\/wp\/v2\/posts"}],"about":[{"href":"https:\/\/vosgesinfo.fr\/remiremontinfo\/wp-json\/wp\/v2\/types\/post"}],"author":[{"embeddable":true,"href":"https:\/\/vosgesinfo.fr\/remiremontinfo\/wp-json\/wp\/v2\/users\/407"}],"replies":[{"embeddable":true,"href":"https:\/\/vosgesinfo.fr\/remiremontinfo\/wp-json\/wp\/v2\/comments?post=67111"}],"version-history":[{"count":0,"href":"https:\/\/vosgesinfo.fr\/remiremontinfo\/wp-json\/wp\/v2\/posts\/67111\/revisions"}],"wp:featuredmedia":[{"embeddable":true,"href":"https:\/\/vosgesinfo.fr\/remiremontinfo\/wp-json\/wp\/v2\/media\/67112"}],"wp:attachment":[{"href":"https:\/\/vosgesinfo.fr\/remiremontinfo\/wp-json\/wp\/v2\/media?parent=67111"}],"wp:term":[{"taxonomy":"category","embeddable":true,"href":"https:\/\/vosgesinfo.fr\/remiremontinfo\/wp-json\/wp\/v2\/categories?post=67111"},{"taxonomy":"post_tag","embeddable":true,"href":"https:\/\/vosgesinfo.fr\/remiremontinfo\/wp-json\/wp\/v2\/tags?post=67111"}],"curies":[{"name":"wp","href":"https:\/\/api.w.org\/{rel}","templated":true}]}}