{"id":67231,"date":"2023-01-30T09:35:00","date_gmt":"2023-01-30T08:35:00","guid":{"rendered":"https:\/\/vosgesinfo.fr\/remiremontinfo\/2023\/01\/rupt-moselle-service-minimum-ecoles-pendant-greve-de-mardi\/"},"modified":"2023-01-30T09:35:00","modified_gmt":"2023-01-30T08:35:00","slug":"rupt-moselle-service-minimum-ecoles-pendant-greve-de-mardi","status":"publish","type":"post","link":"https:\/\/vosgesinfo.fr\/remiremontinfo\/2023\/01\/rupt-moselle-service-minimum-ecoles-pendant-greve-de-mardi\/","title":{"rendered":"Rupt-sur-Moselle : service minimum dans les \u00e9coles pendant la gr\u00e8ve de mardi"},"content":{"rendered":"<h2><span style=\"font-size: 12pt;\"><strong>Dans le cadre du mouvement d\u2019opposition \u00e0 la r\u00e9forme des retraites pr\u00e9vue par le gouvernement, une journ\u00e9e de gr\u00e8ve et de manifestation est pr\u00e9vue ce mardi 31 janvier. Un rassemblement aura notamment lieu \u00e0 Epinal. Les \u00e9coles pourraient notamment \u00eatre impact\u00e9es par cette mobilisation.\u00a0<\/strong><\/span><\/h2>\n<p><span style=\"font-size: 12pt;\">A Rupt-sur-Moselle, voici le programme de service minimum pr\u00e9sent\u00e9 par la Mairie :\u00a0<\/span><\/p>\n<p><a href=\"\/2023\/01\/13.png\"><img decoding=\"async\" class=\"alignnone size-full wp-image-362858\" src=\"\/2023\/01\/13.png\" alt=\"1\" width=\"637\" height=\"902\" \/><\/a><\/p>\n<p>&nbsp;<\/p>\n","protected":false},"excerpt":{"rendered":"<p>Dans le cadre du mouvement d\u2019opposition \u00e0 la r\u00e9forme des retraites pr\u00e9vue par le gouvernement, une journ\u00e9e de gr\u00e8ve et [&hellip;]<\/p>\n","protected":false},"author":407,"featured_media":67232,"comment_status":"open","ping_status":"open","sticky":false,"template":"","format":"standard","meta":{"footnotes":""},"categories":[26,165,37,250],"tags":[415,506,2876],"class_list":["post-67231","post","type-post","status-publish","format-standard","has-post-thumbnail","hentry","category-a-la-une","category-enseignement","category-le-thillot-son-canton","category-rupt-sur-moselle","tag-ecole","tag-greve","tag-rupt"],"acf":[],"yoast_head":"<!-- This site is optimized with the Yoast SEO plugin v22.5 - https:\/\/yoast.com\/wordpress\/plugins\/seo\/ -->\n<title>Rupt-sur-Moselle : service minimum dans les \u00e9coles pendant la gr\u00e8ve de mardi - Remiremont Info<\/title>\n<meta name=\"robots\" content=\"index, follow, max-snippet:-1, max-image-preview:large, max-video-preview:-1\" \/>\n<link rel=\"canonical\" href=\"https:\/\/vosgesinfo.fr\/remiremontinfo\/2023\/01\/rupt-moselle-service-minimum-ecoles-pendant-greve-de-mardi\/\" \/>\n<meta name=\"twitter:card\" content=\"summary_large_image\" \/>\n<meta name=\"twitter:title\" content=\"Rupt-sur-Moselle : service minimum dans les \u00e9coles pendant la gr\u00e8ve de mardi - Remiremont Info\" \/>\n<meta name=\"twitter:description\" content=\"Dans le cadre du mouvement d\u2019opposition \u00e0 la r\u00e9forme des retraites pr\u00e9vue par le gouvernement, une journ\u00e9e de gr\u00e8ve et [&hellip;]\" \/>\n<meta name=\"twitter:image\" content=\"https:\/\/vosgesinfo.fr\/app\/uploads\/sites\/5\/2024\/09\/202301capture-decran-2023-01-17-094526-1.png\" \/>\n<meta name=\"twitter:creator\" content=\"@VosgesInfo88\" \/>\n<meta name=\"twitter:site\" content=\"@VosgesInfo88\" \/>\n<meta name=\"twitter:label1\" content=\"\u00c9crit par\" \/>\n\t<meta name=\"twitter:data1\" content=\"C D\" \/>\n<script type=\"application\/ld+json\" class=\"yoast-schema-graph\">{\"@context\":\"https:\/\/schema.org\",\"@graph\":[{\"@type\":\"Article\",\"@id\":\"https:\/\/vosgesinfo.fr\/remiremontinfo\/2023\/01\/rupt-moselle-service-minimum-ecoles-pendant-greve-de-mardi\/#article\",\"isPartOf\":{\"@id\":\"https:\/\/vosgesinfo.fr\/remiremontinfo\/2023\/01\/rupt-moselle-service-minimum-ecoles-pendant-greve-de-mardi\/\"},\"author\":{\"name\":\"C D\",\"@id\":\"https:\/\/vosgesinfo.fr\/remiremontinfo\/#\/schema\/person\/3bfd164d5218a185b1db68655a265316\"},\"headline\":\"Rupt-sur-Moselle : service minimum dans les \u00e9coles pendant la gr\u00e8ve de mardi\",\"datePublished\":\"2023-01-30T08:35:00+00:00\",\"dateModified\":\"2023-01-30T08:35:00+00:00\",\"mainEntityOfPage\":{\"@id\":\"https:\/\/vosgesinfo.fr\/remiremontinfo\/2023\/01\/rupt-moselle-service-minimum-ecoles-pendant-greve-de-mardi\/\"},\"wordCount\":74,\"commentCount\":0,\"publisher\":{\"@id\":\"https:\/\/vosgesinfo.fr\/remiremontinfo\/#organization\"},\"image\":{\"@id\":\"https:\/\/vosgesinfo.fr\/remiremontinfo\/2023\/01\/rupt-moselle-service-minimum-ecoles-pendant-greve-de-mardi\/#primaryimage\"},\"thumbnailUrl\":\"https:\/\/vosgesinfo.fr\/app\/uploads\/sites\/5\/2024\/09\/202301capture-decran-2023-01-17-094526-1.png\",\"keywords\":[\"ecole\",\"gr\u00eave\",\"rupt\"],\"articleSection\":[\"A la Une\",\"Enseignement\",\"Le Thillot &amp; son canton\",\"Rupt-Sur-Moselle\"],\"inLanguage\":\"fr-FR\",\"potentialAction\":[{\"@type\":\"CommentAction\",\"name\":\"Comment\",\"target\":[\"https:\/\/vosgesinfo.fr\/remiremontinfo\/2023\/01\/rupt-moselle-service-minimum-ecoles-pendant-greve-de-mardi\/#respond\"]}]},{\"@type\":\"WebPage\",\"@id\":\"https:\/\/vosgesinfo.fr\/remiremontinfo\/2023\/01\/rupt-moselle-service-minimum-ecoles-pendant-greve-de-mardi\/\",\"url\":\"https:\/\/vosgesinfo.fr\/remiremontinfo\/2023\/01\/rupt-moselle-service-minimum-ecoles-pendant-greve-de-mardi\/\",\"name\":\"Rupt-sur-Moselle : service minimum dans les \u00e9coles pendant la gr\u00e8ve de mardi - Remiremont Info\",\"isPartOf\":{\"@id\":\"https:\/\/vosgesinfo.fr\/remiremontinfo\/#website\"},\"primaryImageOfPage\":{\"@id\":\"https:\/\/vosgesinfo.fr\/remiremontinfo\/2023\/01\/rupt-moselle-service-minimum-ecoles-pendant-greve-de-mardi\/#primaryimage\"},\"image\":{\"@id\":\"https:\/\/vosgesinfo.fr\/remiremontinfo\/2023\/01\/rupt-moselle-service-minimum-ecoles-pendant-greve-de-mardi\/#primaryimage\"},\"thumbnailUrl\":\"https:\/\/vosgesinfo.fr\/app\/uploads\/sites\/5\/2024\/09\/202301capture-decran-2023-01-17-094526-1.png\",\"datePublished\":\"2023-01-30T08:35:00+00:00\",\"dateModified\":\"2023-01-30T08:35:00+00:00\",\"breadcrumb\":{\"@id\":\"https:\/\/vosgesinfo.fr\/remiremontinfo\/2023\/01\/rupt-moselle-service-minimum-ecoles-pendant-greve-de-mardi\/#breadcrumb\"},\"inLanguage\":\"fr-FR\",\"potentialAction\":[{\"@type\":\"ReadAction\",\"target\":[\"https:\/\/vosgesinfo.fr\/remiremontinfo\/2023\/01\/rupt-moselle-service-minimum-ecoles-pendant-greve-de-mardi\/\"]}]},{\"@type\":\"ImageObject\",\"inLanguage\":\"fr-FR\",\"@id\":\"https:\/\/vosgesinfo.fr\/remiremontinfo\/2023\/01\/rupt-moselle-service-minimum-ecoles-pendant-greve-de-mardi\/#primaryimage\",\"url\":\"https:\/\/vosgesinfo.fr\/app\/uploads\/sites\/5\/2024\/09\/202301capture-decran-2023-01-17-094526-1.png\",\"contentUrl\":\"https:\/\/vosgesinfo.fr\/app\/uploads\/sites\/5\/2024\/09\/202301capture-decran-2023-01-17-094526-1.png\",\"width\":607,\"height\":507},{\"@type\":\"BreadcrumbList\",\"@id\":\"https:\/\/vosgesinfo.fr\/remiremontinfo\/2023\/01\/rupt-moselle-service-minimum-ecoles-pendant-greve-de-mardi\/#breadcrumb\",\"itemListElement\":[{\"@type\":\"ListItem\",\"position\":1,\"name\":\"Home\",\"item\":\"https:\/\/vosgesinfo.fr\/remiremontinfo\/\"},{\"@type\":\"ListItem\",\"position\":2,\"name\":\"Rupt-sur-Moselle : service minimum dans les \u00e9coles pendant la gr\u00e8ve de mardi\"}]},{\"@type\":\"WebSite\",\"@id\":\"https:\/\/vosgesinfo.fr\/remiremontinfo\/#website\",\"url\":\"https:\/\/vosgesinfo.fr\/remiremontinfo\/\",\"name\":\"Remiremont Info\",\"description\":\"Toute l&#039;actualit\u00e9 de Remiremont\",\"publisher\":{\"@id\":\"https:\/\/vosgesinfo.fr\/remiremontinfo\/#organization\"},\"alternateName\":\"Toute l'actualit\u00e9 de Remiremont\",\"potentialAction\":[{\"@type\":\"SearchAction\",\"target\":{\"@type\":\"EntryPoint\",\"urlTemplate\":\"https:\/\/vosgesinfo.fr\/remiremontinfo\/?s={search_term_string}\"},\"query-input\":\"required name=search_term_string\"}],\"inLanguage\":\"fr-FR\"},{\"@type\":\"Organization\",\"@id\":\"https:\/\/vosgesinfo.fr\/remiremontinfo\/#organization\",\"name\":\"Remiremont Info\",\"url\":\"https:\/\/vosgesinfo.fr\/remiremontinfo\/\",\"logo\":{\"@type\":\"ImageObject\",\"inLanguage\":\"fr-FR\",\"@id\":\"https:\/\/vosgesinfo.fr\/remiremontinfo\/#\/schema\/logo\/image\/\",\"url\":\"https:\/\/vosgesinfo.fr\/app\/uploads\/sites\/5\/2023\/08\/favicon-remiremontinfo.png\",\"contentUrl\":\"https:\/\/vosgesinfo.fr\/app\/uploads\/sites\/5\/2023\/08\/favicon-remiremontinfo.png\",\"width\":512,\"height\":512,\"caption\":\"Remiremont Info\"},\"image\":{\"@id\":\"https:\/\/vosgesinfo.fr\/remiremontinfo\/#\/schema\/logo\/image\/\"},\"sameAs\":[\"https:\/\/www.facebook.com\/remiremontinfo\",\"https:\/\/x.com\/VosgesInfo88\",\"https:\/\/www.youtube.com\/@vosgesinfo\"]},{\"@type\":\"Person\",\"@id\":\"https:\/\/vosgesinfo.fr\/remiremontinfo\/#\/schema\/person\/3bfd164d5218a185b1db68655a265316\",\"name\":\"C D\",\"image\":{\"@type\":\"ImageObject\",\"inLanguage\":\"fr-FR\",\"@id\":\"https:\/\/vosgesinfo.fr\/remiremontinfo\/#\/schema\/person\/image\/\",\"url\":\"https:\/\/secure.gravatar.com\/avatar\/1f9a70007336511a47468b8f1c66f922b8b7cf617b02a31149ada43893a5d48f?s=96&d=mm&r=g\",\"contentUrl\":\"https:\/\/secure.gravatar.com\/avatar\/1f9a70007336511a47468b8f1c66f922b8b7cf617b02a31149ada43893a5d48f?s=96&d=mm&r=g\",\"caption\":\"C D\"},\"url\":\"https:\/\/vosgesinfo.fr\/remiremontinfo\/author\/cedric-drevet\/\"}]}<\/script>\n<!-- \/ Yoast SEO plugin. -->","yoast_head_json":{"title":"Rupt-sur-Moselle : service minimum dans les \u00e9coles pendant la gr\u00e8ve de mardi - Remiremont Info","robots":{"index":"index","follow":"follow","max-snippet":"max-snippet:-1","max-image-preview":"max-image-preview:large","max-video-preview":"max-video-preview:-1"},"canonical":"https:\/\/vosgesinfo.fr\/remiremontinfo\/2023\/01\/rupt-moselle-service-minimum-ecoles-pendant-greve-de-mardi\/","twitter_card":"summary_large_image","twitter_title":"Rupt-sur-Moselle : service minimum dans les \u00e9coles pendant la gr\u00e8ve de mardi - Remiremont Info","twitter_description":"Dans le cadre du mouvement d\u2019opposition \u00e0 la r\u00e9forme des retraites pr\u00e9vue par le gouvernement, une journ\u00e9e de gr\u00e8ve et [&hellip;]","twitter_image":"https:\/\/vosgesinfo.fr\/app\/uploads\/sites\/5\/2024\/09\/202301capture-decran-2023-01-17-094526-1.png","twitter_creator":"@VosgesInfo88","twitter_site":"@VosgesInfo88","twitter_misc":{"\u00c9crit par":"C D"},"schema":{"@context":"https:\/\/schema.org","@graph":[{"@type":"Article","@id":"https:\/\/vosgesinfo.fr\/remiremontinfo\/2023\/01\/rupt-moselle-service-minimum-ecoles-pendant-greve-de-mardi\/#article","isPartOf":{"@id":"https:\/\/vosgesinfo.fr\/remiremontinfo\/2023\/01\/rupt-moselle-service-minimum-ecoles-pendant-greve-de-mardi\/"},"author":{"name":"C D","@id":"https:\/\/vosgesinfo.fr\/remiremontinfo\/#\/schema\/person\/3bfd164d5218a185b1db68655a265316"},"headline":"Rupt-sur-Moselle : service minimum dans les \u00e9coles pendant la gr\u00e8ve de mardi","datePublished":"2023-01-30T08:35:00+00:00","dateModified":"2023-01-30T08:35:00+00:00","mainEntityOfPage":{"@id":"https:\/\/vosgesinfo.fr\/remiremontinfo\/2023\/01\/rupt-moselle-service-minimum-ecoles-pendant-greve-de-mardi\/"},"wordCount":74,"commentCount":0,"publisher":{"@id":"https:\/\/vosgesinfo.fr\/remiremontinfo\/#organization"},"image":{"@id":"https:\/\/vosgesinfo.fr\/remiremontinfo\/2023\/01\/rupt-moselle-service-minimum-ecoles-pendant-greve-de-mardi\/#primaryimage"},"thumbnailUrl":"https:\/\/vosgesinfo.fr\/app\/uploads\/sites\/5\/2024\/09\/202301capture-decran-2023-01-17-094526-1.png","keywords":["ecole","gr\u00eave","rupt"],"articleSection":["A la Une","Enseignement","Le Thillot &amp; son canton","Rupt-Sur-Moselle"],"inLanguage":"fr-FR","potentialAction":[{"@type":"CommentAction","name":"Comment","target":["https:\/\/vosgesinfo.fr\/remiremontinfo\/2023\/01\/rupt-moselle-service-minimum-ecoles-pendant-greve-de-mardi\/#respond"]}]},{"@type":"WebPage","@id":"https:\/\/vosgesinfo.fr\/remiremontinfo\/2023\/01\/rupt-moselle-service-minimum-ecoles-pendant-greve-de-mardi\/","url":"https:\/\/vosgesinfo.fr\/remiremontinfo\/2023\/01\/rupt-moselle-service-minimum-ecoles-pendant-greve-de-mardi\/","name":"Rupt-sur-Moselle : service minimum dans les \u00e9coles pendant la gr\u00e8ve de mardi - Remiremont Info","isPartOf":{"@id":"https:\/\/vosgesinfo.fr\/remiremontinfo\/#website"},"primaryImageOfPage":{"@id":"https:\/\/vosgesinfo.fr\/remiremontinfo\/2023\/01\/rupt-moselle-service-minimum-ecoles-pendant-greve-de-mardi\/#primaryimage"},"image":{"@id":"https:\/\/vosgesinfo.fr\/remiremontinfo\/2023\/01\/rupt-moselle-service-minimum-ecoles-pendant-greve-de-mardi\/#primaryimage"},"thumbnailUrl":"https:\/\/vosgesinfo.fr\/app\/uploads\/sites\/5\/2024\/09\/202301capture-decran-2023-01-17-094526-1.png","datePublished":"2023-01-30T08:35:00+00:00","dateModified":"2023-01-30T08:35:00+00:00","breadcrumb":{"@id":"https:\/\/vosgesinfo.fr\/remiremontinfo\/2023\/01\/rupt-moselle-service-minimum-ecoles-pendant-greve-de-mardi\/#breadcrumb"},"inLanguage":"fr-FR","potentialAction":[{"@type":"ReadAction","target":["https:\/\/vosgesinfo.fr\/remiremontinfo\/2023\/01\/rupt-moselle-service-minimum-ecoles-pendant-greve-de-mardi\/"]}]},{"@type":"ImageObject","inLanguage":"fr-FR","@id":"https:\/\/vosgesinfo.fr\/remiremontinfo\/2023\/01\/rupt-moselle-service-minimum-ecoles-pendant-greve-de-mardi\/#primaryimage","url":"https:\/\/vosgesinfo.fr\/app\/uploads\/sites\/5\/2024\/09\/202301capture-decran-2023-01-17-094526-1.png","contentUrl":"https:\/\/vosgesinfo.fr\/app\/uploads\/sites\/5\/2024\/09\/202301capture-decran-2023-01-17-094526-1.png","width":607,"height":507},{"@type":"BreadcrumbList","@id":"https:\/\/vosgesinfo.fr\/remiremontinfo\/2023\/01\/rupt-moselle-service-minimum-ecoles-pendant-greve-de-mardi\/#breadcrumb","itemListElement":[{"@type":"ListItem","position":1,"name":"Home","item":"https:\/\/vosgesinfo.fr\/remiremontinfo\/"},{"@type":"ListItem","position":2,"name":"Rupt-sur-Moselle : service minimum dans les \u00e9coles pendant la gr\u00e8ve de mardi"}]},{"@type":"WebSite","@id":"https:\/\/vosgesinfo.fr\/remiremontinfo\/#website","url":"https:\/\/vosgesinfo.fr\/remiremontinfo\/","name":"Remiremont Info","description":"Toute l&#039;actualit\u00e9 de Remiremont","publisher":{"@id":"https:\/\/vosgesinfo.fr\/remiremontinfo\/#organization"},"alternateName":"Toute l'actualit\u00e9 de Remiremont","potentialAction":[{"@type":"SearchAction","target":{"@type":"EntryPoint","urlTemplate":"https:\/\/vosgesinfo.fr\/remiremontinfo\/?s={search_term_string}"},"query-input":"required name=search_term_string"}],"inLanguage":"fr-FR"},{"@type":"Organization","@id":"https:\/\/vosgesinfo.fr\/remiremontinfo\/#organization","name":"Remiremont Info","url":"https:\/\/vosgesinfo.fr\/remiremontinfo\/","logo":{"@type":"ImageObject","inLanguage":"fr-FR","@id":"https:\/\/vosgesinfo.fr\/remiremontinfo\/#\/schema\/logo\/image\/","url":"https:\/\/vosgesinfo.fr\/app\/uploads\/sites\/5\/2023\/08\/favicon-remiremontinfo.png","contentUrl":"https:\/\/vosgesinfo.fr\/app\/uploads\/sites\/5\/2023\/08\/favicon-remiremontinfo.png","width":512,"height":512,"caption":"Remiremont Info"},"image":{"@id":"https:\/\/vosgesinfo.fr\/remiremontinfo\/#\/schema\/logo\/image\/"},"sameAs":["https:\/\/www.facebook.com\/remiremontinfo","https:\/\/x.com\/VosgesInfo88","https:\/\/www.youtube.com\/@vosgesinfo"]},{"@type":"Person","@id":"https:\/\/vosgesinfo.fr\/remiremontinfo\/#\/schema\/person\/3bfd164d5218a185b1db68655a265316","name":"C D","image":{"@type":"ImageObject","inLanguage":"fr-FR","@id":"https:\/\/vosgesinfo.fr\/remiremontinfo\/#\/schema\/person\/image\/","url":"https:\/\/secure.gravatar.com\/avatar\/1f9a70007336511a47468b8f1c66f922b8b7cf617b02a31149ada43893a5d48f?s=96&d=mm&r=g","contentUrl":"https:\/\/secure.gravatar.com\/avatar\/1f9a70007336511a47468b8f1c66f922b8b7cf617b02a31149ada43893a5d48f?s=96&d=mm&r=g","caption":"C D"},"url":"https:\/\/vosgesinfo.fr\/remiremontinfo\/author\/cedric-drevet\/"}]}},"_links":{"self":[{"href":"https:\/\/vosgesinfo.fr\/remiremontinfo\/wp-json\/wp\/v2\/posts\/67231","targetHints":{"allow":["GET"]}}],"collection":[{"href":"https:\/\/vosgesinfo.fr\/remiremontinfo\/wp-json\/wp\/v2\/posts"}],"about":[{"href":"https:\/\/vosgesinfo.fr\/remiremontinfo\/wp-json\/wp\/v2\/types\/post"}],"author":[{"embeddable":true,"href":"https:\/\/vosgesinfo.fr\/remiremontinfo\/wp-json\/wp\/v2\/users\/407"}],"replies":[{"embeddable":true,"href":"https:\/\/vosgesinfo.fr\/remiremontinfo\/wp-json\/wp\/v2\/comments?post=67231"}],"version-history":[{"count":0,"href":"https:\/\/vosgesinfo.fr\/remiremontinfo\/wp-json\/wp\/v2\/posts\/67231\/revisions"}],"wp:featuredmedia":[{"embeddable":true,"href":"https:\/\/vosgesinfo.fr\/remiremontinfo\/wp-json\/wp\/v2\/media\/67232"}],"wp:attachment":[{"href":"https:\/\/vosgesinfo.fr\/remiremontinfo\/wp-json\/wp\/v2\/media?parent=67231"}],"wp:term":[{"taxonomy":"category","embeddable":true,"href":"https:\/\/vosgesinfo.fr\/remiremontinfo\/wp-json\/wp\/v2\/categories?post=67231"},{"taxonomy":"post_tag","embeddable":true,"href":"https:\/\/vosgesinfo.fr\/remiremontinfo\/wp-json\/wp\/v2\/tags?post=67231"}],"curies":[{"name":"wp","href":"https:\/\/api.w.org\/{rel}","templated":true}]}}