{"id":67244,"date":"2023-01-31T07:11:15","date_gmt":"2023-01-31T06:11:15","guid":{"rendered":"https:\/\/vosgesinfo.fr\/remiremontinfo\/2023\/01\/plombieres-petition-contre-fermeture-dune-classe-a-rentree-2023\/"},"modified":"2023-01-31T07:11:15","modified_gmt":"2023-01-31T06:11:15","slug":"plombieres-petition-contre-fermeture-dune-classe-a-rentree-2023","status":"publish","type":"post","link":"https:\/\/vosgesinfo.fr\/remiremontinfo\/2023\/01\/plombieres-petition-contre-fermeture-dune-classe-a-rentree-2023\/","title":{"rendered":"Plombi\u00e8res : une p\u00e9tition contre la fermeture d&rsquo;une classe \u00e0 la rentr\u00e9e 2023"},"content":{"rendered":"<h2 dir=\"auto\"><a href=\"\/2023\/01\/327727657_1142085629792134_5461606278916549993_n.jpg\"><img decoding=\"async\" class=\"alignnone size-full wp-image-362885\" src=\"\/2023\/01\/327727657_1142085629792134_5461606278916549993_n.jpg\" alt=\"327727657_1142085629792134_5461606278916549993_n\" width=\"705\" height=\"720\" \/><\/a><\/h2>\n<h2 dir=\"auto\"><span style=\"font-size: 12pt;\"><strong>Comme l&rsquo;a annonc\u00e9 la Mairie de Plombi\u00e8res, l\u2019Inspection acad\u00e9mique a annonc\u00e9 la possibilit\u00e9 d\u2019une fermeture de classe \u00e0 la rentr\u00e9e 2023. \u00ab\u00a0Toujours la logique des chiffres\u00a0\u00bb,\u00a0d\u00e9clare la municipalit\u00e9. \u00ab\u00a0Nous avons imm\u00e9diatement r\u00e9agi en mettant en avant l\u2019ensemble des actions du dispositif Petite ville de demain\u00a0\u00bb. Une p\u00e9tition contre cette fermeture de classe a \u00e9t\u00e9 sign\u00e9e par 251 personnes environ \u00e0 l&rsquo;heure actuelle.\u00a0<\/strong><\/span><\/h2>\n<div dir=\"auto\">Selon la mairie de la commune, \u00ab\u00a0Il para\u00eet incoh\u00e9rent de s\u2019engager dans la redynamisation de la commune et de ne pas lui laisser le temps d\u2019en mesurer les effets. La municipalit\u00e9 est donc engag\u00e9e aux c\u00f4t\u00e9s des parents d\u2019\u00e9l\u00e8ves pour faire entendre nos arguments en faveur du maintien de ce poste d\u2019enseignant donc de cette classe\u00a0\u00bb. Une p\u00e9tition en ligne a \u00e9t\u00e9 lanc\u00e9 par l&rsquo;APE Plombi\u00e8res. Voici des extraits du texte : \u00ab\u00a0Nous venons d&rsquo;apprendre que l&rsquo;Ecole Alfred Renauld fait partie des \u00e9coles pressenties pour subir une fermeture de classe d\u00e8s la rentr\u00e9e scolaire de septembre 2023. Nous, parents d\u2019\u00e9l\u00e8ves, et habitants de Plombi\u00e8res et des alentours, nous opposons fermement \u00e0 cette fermeture, qui aura des cons\u00e9quences pour nos enfants (&#8230;) Au del\u00e0 du simple relev\u00e9 comptable, ce sont nos enfants qui sont directement impact\u00e9s, mais n&rsquo;oublions pas les cons\u00e9quences pour notre ville. Notre petit territoire a d\u00e9j\u00e0 tr\u00e8s largement subi avec la fermeture du coll\u00e8ge du site du Val d&rsquo;Ajol. De plus, les arguments expos\u00e9s par la municipalit\u00e9 vont dans le sens contraire \u00e0 cette d\u00e9cision (petite ville de demain, courbe de la natalit\u00e9 en hausse sur ces 2 derni\u00e8res ann\u00e9es,&#8230;) La ruralit\u00e9, d\u00e9j\u00e0 tr\u00e8s peu \u00e9pargn\u00e9e, doit arr\u00eater de subir les cons\u00e9quences de cette politique de chiffre !\u00a0\u00bb. Voici le lien vers la p\u00e9tition :\u00a0<a href=\"https:\/\/www.change.org\/p\/non-%C3%A0-la-fermeture-d-une-classe-%C3%A0-plombi%C3%A8res-les-bains?fbclid=IwAR3rCNqD27QtCX4Ai30_cFZacCKwdbu6inBhGg_A3Ve3RtVZ4T-YffIINEU\">P\u00e9tition \u00b7 non \u00e0 la fermeture d&rsquo;une classe \u00e0 Plombi\u00e8res les Bains \u00b7 Change.org<\/a><\/div>\n","protected":false},"excerpt":{"rendered":"<p>Comme l&rsquo;a annonc\u00e9 la Mairie de Plombi\u00e8res, l\u2019Inspection acad\u00e9mique a annonc\u00e9 la possibilit\u00e9 d\u2019une fermeture de classe \u00e0 la rentr\u00e9e [&hellip;]<\/p>\n","protected":false},"author":407,"featured_media":67245,"comment_status":"open","ping_status":"open","sticky":false,"template":"","format":"standard","meta":{"footnotes":""},"categories":[26,165,82,102],"tags":[415,1648,1637,103,32],"class_list":["post-67244","post","type-post","status-publish","format-standard","has-post-thumbnail","hentry","category-a-la-une","category-enseignement","category-le-val-dajol-son-canton","category-plombieres-les-bains","tag-ecole","tag-fermeture-de-classe","tag-petition","tag-plombieres","tag-vosges"],"acf":[],"yoast_head":"<!-- This site is optimized with the Yoast SEO plugin v22.5 - https:\/\/yoast.com\/wordpress\/plugins\/seo\/ -->\n<title>Plombi\u00e8res : une p\u00e9tition contre la fermeture d&#039;une classe \u00e0 la rentr\u00e9e 2023 - Remiremont Info<\/title>\n<meta name=\"robots\" content=\"index, follow, max-snippet:-1, max-image-preview:large, max-video-preview:-1\" \/>\n<link rel=\"canonical\" href=\"https:\/\/vosgesinfo.fr\/remiremontinfo\/2023\/01\/plombieres-petition-contre-fermeture-dune-classe-a-rentree-2023\/\" \/>\n<meta name=\"twitter:card\" content=\"summary_large_image\" \/>\n<meta name=\"twitter:title\" content=\"Plombi\u00e8res : une p\u00e9tition contre la fermeture d&#039;une classe \u00e0 la rentr\u00e9e 2023 - Remiremont Info\" \/>\n<meta name=\"twitter:description\" content=\"Comme l&rsquo;a annonc\u00e9 la Mairie de Plombi\u00e8res, l\u2019Inspection acad\u00e9mique a annonc\u00e9 la possibilit\u00e9 d\u2019une fermeture de classe \u00e0 la rentr\u00e9e [&hellip;]\" \/>\n<meta name=\"twitter:image\" content=\"https:\/\/vosgesinfo.fr\/app\/uploads\/sites\/5\/2024\/09\/202301capture-decran-2022-12-08-1005391.png\" \/>\n<meta name=\"twitter:creator\" content=\"@VosgesInfo88\" \/>\n<meta name=\"twitter:site\" content=\"@VosgesInfo88\" \/>\n<meta name=\"twitter:label1\" content=\"\u00c9crit par\" \/>\n\t<meta name=\"twitter:data1\" content=\"C D\" \/>\n\t<meta name=\"twitter:label2\" content=\"Dur\u00e9e de lecture estim\u00e9e\" \/>\n\t<meta name=\"twitter:data2\" content=\"2 minutes\" \/>\n<script type=\"application\/ld+json\" class=\"yoast-schema-graph\">{\"@context\":\"https:\/\/schema.org\",\"@graph\":[{\"@type\":\"Article\",\"@id\":\"https:\/\/vosgesinfo.fr\/remiremontinfo\/2023\/01\/plombieres-petition-contre-fermeture-dune-classe-a-rentree-2023\/#article\",\"isPartOf\":{\"@id\":\"https:\/\/vosgesinfo.fr\/remiremontinfo\/2023\/01\/plombieres-petition-contre-fermeture-dune-classe-a-rentree-2023\/\"},\"author\":{\"name\":\"C D\",\"@id\":\"https:\/\/vosgesinfo.fr\/remiremontinfo\/#\/schema\/person\/3bfd164d5218a185b1db68655a265316\"},\"headline\":\"Plombi\u00e8res : une p\u00e9tition contre la fermeture d&rsquo;une classe \u00e0 la rentr\u00e9e 2023\",\"datePublished\":\"2023-01-31T06:11:15+00:00\",\"dateModified\":\"2023-01-31T06:11:15+00:00\",\"mainEntityOfPage\":{\"@id\":\"https:\/\/vosgesinfo.fr\/remiremontinfo\/2023\/01\/plombieres-petition-contre-fermeture-dune-classe-a-rentree-2023\/\"},\"wordCount\":347,\"commentCount\":0,\"publisher\":{\"@id\":\"https:\/\/vosgesinfo.fr\/remiremontinfo\/#organization\"},\"image\":{\"@id\":\"https:\/\/vosgesinfo.fr\/remiremontinfo\/2023\/01\/plombieres-petition-contre-fermeture-dune-classe-a-rentree-2023\/#primaryimage\"},\"thumbnailUrl\":\"https:\/\/vosgesinfo.fr\/app\/uploads\/sites\/5\/2024\/09\/202301capture-decran-2022-12-08-1005391.png\",\"keywords\":[\"ecole\",\"fermeture de classe\",\"p\u00e9tition\",\"plombieres\",\"Vosges\"],\"articleSection\":[\"A la Une\",\"Enseignement\",\"Le Val-d'Ajol &amp; son canton\",\"Plombi\u00e8res-l\u00e8s-Bains\"],\"inLanguage\":\"fr-FR\",\"potentialAction\":[{\"@type\":\"CommentAction\",\"name\":\"Comment\",\"target\":[\"https:\/\/vosgesinfo.fr\/remiremontinfo\/2023\/01\/plombieres-petition-contre-fermeture-dune-classe-a-rentree-2023\/#respond\"]}]},{\"@type\":\"WebPage\",\"@id\":\"https:\/\/vosgesinfo.fr\/remiremontinfo\/2023\/01\/plombieres-petition-contre-fermeture-dune-classe-a-rentree-2023\/\",\"url\":\"https:\/\/vosgesinfo.fr\/remiremontinfo\/2023\/01\/plombieres-petition-contre-fermeture-dune-classe-a-rentree-2023\/\",\"name\":\"Plombi\u00e8res : une p\u00e9tition contre la fermeture d'une classe \u00e0 la rentr\u00e9e 2023 - Remiremont Info\",\"isPartOf\":{\"@id\":\"https:\/\/vosgesinfo.fr\/remiremontinfo\/#website\"},\"primaryImageOfPage\":{\"@id\":\"https:\/\/vosgesinfo.fr\/remiremontinfo\/2023\/01\/plombieres-petition-contre-fermeture-dune-classe-a-rentree-2023\/#primaryimage\"},\"image\":{\"@id\":\"https:\/\/vosgesinfo.fr\/remiremontinfo\/2023\/01\/plombieres-petition-contre-fermeture-dune-classe-a-rentree-2023\/#primaryimage\"},\"thumbnailUrl\":\"https:\/\/vosgesinfo.fr\/app\/uploads\/sites\/5\/2024\/09\/202301capture-decran-2022-12-08-1005391.png\",\"datePublished\":\"2023-01-31T06:11:15+00:00\",\"dateModified\":\"2023-01-31T06:11:15+00:00\",\"breadcrumb\":{\"@id\":\"https:\/\/vosgesinfo.fr\/remiremontinfo\/2023\/01\/plombieres-petition-contre-fermeture-dune-classe-a-rentree-2023\/#breadcrumb\"},\"inLanguage\":\"fr-FR\",\"potentialAction\":[{\"@type\":\"ReadAction\",\"target\":[\"https:\/\/vosgesinfo.fr\/remiremontinfo\/2023\/01\/plombieres-petition-contre-fermeture-dune-classe-a-rentree-2023\/\"]}]},{\"@type\":\"ImageObject\",\"inLanguage\":\"fr-FR\",\"@id\":\"https:\/\/vosgesinfo.fr\/remiremontinfo\/2023\/01\/plombieres-petition-contre-fermeture-dune-classe-a-rentree-2023\/#primaryimage\",\"url\":\"https:\/\/vosgesinfo.fr\/app\/uploads\/sites\/5\/2024\/09\/202301capture-decran-2022-12-08-1005391.png\",\"contentUrl\":\"https:\/\/vosgesinfo.fr\/app\/uploads\/sites\/5\/2024\/09\/202301capture-decran-2022-12-08-1005391.png\",\"width\":935,\"height\":695},{\"@type\":\"BreadcrumbList\",\"@id\":\"https:\/\/vosgesinfo.fr\/remiremontinfo\/2023\/01\/plombieres-petition-contre-fermeture-dune-classe-a-rentree-2023\/#breadcrumb\",\"itemListElement\":[{\"@type\":\"ListItem\",\"position\":1,\"name\":\"Home\",\"item\":\"https:\/\/vosgesinfo.fr\/remiremontinfo\/\"},{\"@type\":\"ListItem\",\"position\":2,\"name\":\"Plombi\u00e8res : une p\u00e9tition contre la fermeture d&rsquo;une classe \u00e0 la rentr\u00e9e 2023\"}]},{\"@type\":\"WebSite\",\"@id\":\"https:\/\/vosgesinfo.fr\/remiremontinfo\/#website\",\"url\":\"https:\/\/vosgesinfo.fr\/remiremontinfo\/\",\"name\":\"Remiremont Info\",\"description\":\"Toute l&#039;actualit\u00e9 de Remiremont\",\"publisher\":{\"@id\":\"https:\/\/vosgesinfo.fr\/remiremontinfo\/#organization\"},\"alternateName\":\"Toute l'actualit\u00e9 de Remiremont\",\"potentialAction\":[{\"@type\":\"SearchAction\",\"target\":{\"@type\":\"EntryPoint\",\"urlTemplate\":\"https:\/\/vosgesinfo.fr\/remiremontinfo\/?s={search_term_string}\"},\"query-input\":\"required name=search_term_string\"}],\"inLanguage\":\"fr-FR\"},{\"@type\":\"Organization\",\"@id\":\"https:\/\/vosgesinfo.fr\/remiremontinfo\/#organization\",\"name\":\"Remiremont Info\",\"url\":\"https:\/\/vosgesinfo.fr\/remiremontinfo\/\",\"logo\":{\"@type\":\"ImageObject\",\"inLanguage\":\"fr-FR\",\"@id\":\"https:\/\/vosgesinfo.fr\/remiremontinfo\/#\/schema\/logo\/image\/\",\"url\":\"https:\/\/vosgesinfo.fr\/app\/uploads\/sites\/5\/2023\/08\/favicon-remiremontinfo.png\",\"contentUrl\":\"https:\/\/vosgesinfo.fr\/app\/uploads\/sites\/5\/2023\/08\/favicon-remiremontinfo.png\",\"width\":512,\"height\":512,\"caption\":\"Remiremont Info\"},\"image\":{\"@id\":\"https:\/\/vosgesinfo.fr\/remiremontinfo\/#\/schema\/logo\/image\/\"},\"sameAs\":[\"https:\/\/www.facebook.com\/remiremontinfo\",\"https:\/\/x.com\/VosgesInfo88\",\"https:\/\/www.youtube.com\/@vosgesinfo\"]},{\"@type\":\"Person\",\"@id\":\"https:\/\/vosgesinfo.fr\/remiremontinfo\/#\/schema\/person\/3bfd164d5218a185b1db68655a265316\",\"name\":\"C D\",\"image\":{\"@type\":\"ImageObject\",\"inLanguage\":\"fr-FR\",\"@id\":\"https:\/\/vosgesinfo.fr\/remiremontinfo\/#\/schema\/person\/image\/\",\"url\":\"https:\/\/secure.gravatar.com\/avatar\/1f9a70007336511a47468b8f1c66f922b8b7cf617b02a31149ada43893a5d48f?s=96&d=mm&r=g\",\"contentUrl\":\"https:\/\/secure.gravatar.com\/avatar\/1f9a70007336511a47468b8f1c66f922b8b7cf617b02a31149ada43893a5d48f?s=96&d=mm&r=g\",\"caption\":\"C D\"},\"url\":\"https:\/\/vosgesinfo.fr\/remiremontinfo\/author\/cedric-drevet\/\"}]}<\/script>\n<!-- \/ Yoast SEO plugin. -->","yoast_head_json":{"title":"Plombi\u00e8res : une p\u00e9tition contre la fermeture d'une classe \u00e0 la rentr\u00e9e 2023 - Remiremont Info","robots":{"index":"index","follow":"follow","max-snippet":"max-snippet:-1","max-image-preview":"max-image-preview:large","max-video-preview":"max-video-preview:-1"},"canonical":"https:\/\/vosgesinfo.fr\/remiremontinfo\/2023\/01\/plombieres-petition-contre-fermeture-dune-classe-a-rentree-2023\/","twitter_card":"summary_large_image","twitter_title":"Plombi\u00e8res : une p\u00e9tition contre la fermeture d'une classe \u00e0 la rentr\u00e9e 2023 - Remiremont Info","twitter_description":"Comme l&rsquo;a annonc\u00e9 la Mairie de Plombi\u00e8res, l\u2019Inspection acad\u00e9mique a annonc\u00e9 la possibilit\u00e9 d\u2019une fermeture de classe \u00e0 la rentr\u00e9e [&hellip;]","twitter_image":"https:\/\/vosgesinfo.fr\/app\/uploads\/sites\/5\/2024\/09\/202301capture-decran-2022-12-08-1005391.png","twitter_creator":"@VosgesInfo88","twitter_site":"@VosgesInfo88","twitter_misc":{"\u00c9crit par":"C D","Dur\u00e9e de lecture estim\u00e9e":"2 minutes"},"schema":{"@context":"https:\/\/schema.org","@graph":[{"@type":"Article","@id":"https:\/\/vosgesinfo.fr\/remiremontinfo\/2023\/01\/plombieres-petition-contre-fermeture-dune-classe-a-rentree-2023\/#article","isPartOf":{"@id":"https:\/\/vosgesinfo.fr\/remiremontinfo\/2023\/01\/plombieres-petition-contre-fermeture-dune-classe-a-rentree-2023\/"},"author":{"name":"C D","@id":"https:\/\/vosgesinfo.fr\/remiremontinfo\/#\/schema\/person\/3bfd164d5218a185b1db68655a265316"},"headline":"Plombi\u00e8res : une p\u00e9tition contre la fermeture d&rsquo;une classe \u00e0 la rentr\u00e9e 2023","datePublished":"2023-01-31T06:11:15+00:00","dateModified":"2023-01-31T06:11:15+00:00","mainEntityOfPage":{"@id":"https:\/\/vosgesinfo.fr\/remiremontinfo\/2023\/01\/plombieres-petition-contre-fermeture-dune-classe-a-rentree-2023\/"},"wordCount":347,"commentCount":0,"publisher":{"@id":"https:\/\/vosgesinfo.fr\/remiremontinfo\/#organization"},"image":{"@id":"https:\/\/vosgesinfo.fr\/remiremontinfo\/2023\/01\/plombieres-petition-contre-fermeture-dune-classe-a-rentree-2023\/#primaryimage"},"thumbnailUrl":"https:\/\/vosgesinfo.fr\/app\/uploads\/sites\/5\/2024\/09\/202301capture-decran-2022-12-08-1005391.png","keywords":["ecole","fermeture de classe","p\u00e9tition","plombieres","Vosges"],"articleSection":["A la Une","Enseignement","Le Val-d'Ajol &amp; son canton","Plombi\u00e8res-l\u00e8s-Bains"],"inLanguage":"fr-FR","potentialAction":[{"@type":"CommentAction","name":"Comment","target":["https:\/\/vosgesinfo.fr\/remiremontinfo\/2023\/01\/plombieres-petition-contre-fermeture-dune-classe-a-rentree-2023\/#respond"]}]},{"@type":"WebPage","@id":"https:\/\/vosgesinfo.fr\/remiremontinfo\/2023\/01\/plombieres-petition-contre-fermeture-dune-classe-a-rentree-2023\/","url":"https:\/\/vosgesinfo.fr\/remiremontinfo\/2023\/01\/plombieres-petition-contre-fermeture-dune-classe-a-rentree-2023\/","name":"Plombi\u00e8res : une p\u00e9tition contre la fermeture d'une classe \u00e0 la rentr\u00e9e 2023 - Remiremont Info","isPartOf":{"@id":"https:\/\/vosgesinfo.fr\/remiremontinfo\/#website"},"primaryImageOfPage":{"@id":"https:\/\/vosgesinfo.fr\/remiremontinfo\/2023\/01\/plombieres-petition-contre-fermeture-dune-classe-a-rentree-2023\/#primaryimage"},"image":{"@id":"https:\/\/vosgesinfo.fr\/remiremontinfo\/2023\/01\/plombieres-petition-contre-fermeture-dune-classe-a-rentree-2023\/#primaryimage"},"thumbnailUrl":"https:\/\/vosgesinfo.fr\/app\/uploads\/sites\/5\/2024\/09\/202301capture-decran-2022-12-08-1005391.png","datePublished":"2023-01-31T06:11:15+00:00","dateModified":"2023-01-31T06:11:15+00:00","breadcrumb":{"@id":"https:\/\/vosgesinfo.fr\/remiremontinfo\/2023\/01\/plombieres-petition-contre-fermeture-dune-classe-a-rentree-2023\/#breadcrumb"},"inLanguage":"fr-FR","potentialAction":[{"@type":"ReadAction","target":["https:\/\/vosgesinfo.fr\/remiremontinfo\/2023\/01\/plombieres-petition-contre-fermeture-dune-classe-a-rentree-2023\/"]}]},{"@type":"ImageObject","inLanguage":"fr-FR","@id":"https:\/\/vosgesinfo.fr\/remiremontinfo\/2023\/01\/plombieres-petition-contre-fermeture-dune-classe-a-rentree-2023\/#primaryimage","url":"https:\/\/vosgesinfo.fr\/app\/uploads\/sites\/5\/2024\/09\/202301capture-decran-2022-12-08-1005391.png","contentUrl":"https:\/\/vosgesinfo.fr\/app\/uploads\/sites\/5\/2024\/09\/202301capture-decran-2022-12-08-1005391.png","width":935,"height":695},{"@type":"BreadcrumbList","@id":"https:\/\/vosgesinfo.fr\/remiremontinfo\/2023\/01\/plombieres-petition-contre-fermeture-dune-classe-a-rentree-2023\/#breadcrumb","itemListElement":[{"@type":"ListItem","position":1,"name":"Home","item":"https:\/\/vosgesinfo.fr\/remiremontinfo\/"},{"@type":"ListItem","position":2,"name":"Plombi\u00e8res : une p\u00e9tition contre la fermeture d&rsquo;une classe \u00e0 la rentr\u00e9e 2023"}]},{"@type":"WebSite","@id":"https:\/\/vosgesinfo.fr\/remiremontinfo\/#website","url":"https:\/\/vosgesinfo.fr\/remiremontinfo\/","name":"Remiremont Info","description":"Toute l&#039;actualit\u00e9 de Remiremont","publisher":{"@id":"https:\/\/vosgesinfo.fr\/remiremontinfo\/#organization"},"alternateName":"Toute l'actualit\u00e9 de Remiremont","potentialAction":[{"@type":"SearchAction","target":{"@type":"EntryPoint","urlTemplate":"https:\/\/vosgesinfo.fr\/remiremontinfo\/?s={search_term_string}"},"query-input":"required name=search_term_string"}],"inLanguage":"fr-FR"},{"@type":"Organization","@id":"https:\/\/vosgesinfo.fr\/remiremontinfo\/#organization","name":"Remiremont Info","url":"https:\/\/vosgesinfo.fr\/remiremontinfo\/","logo":{"@type":"ImageObject","inLanguage":"fr-FR","@id":"https:\/\/vosgesinfo.fr\/remiremontinfo\/#\/schema\/logo\/image\/","url":"https:\/\/vosgesinfo.fr\/app\/uploads\/sites\/5\/2023\/08\/favicon-remiremontinfo.png","contentUrl":"https:\/\/vosgesinfo.fr\/app\/uploads\/sites\/5\/2023\/08\/favicon-remiremontinfo.png","width":512,"height":512,"caption":"Remiremont Info"},"image":{"@id":"https:\/\/vosgesinfo.fr\/remiremontinfo\/#\/schema\/logo\/image\/"},"sameAs":["https:\/\/www.facebook.com\/remiremontinfo","https:\/\/x.com\/VosgesInfo88","https:\/\/www.youtube.com\/@vosgesinfo"]},{"@type":"Person","@id":"https:\/\/vosgesinfo.fr\/remiremontinfo\/#\/schema\/person\/3bfd164d5218a185b1db68655a265316","name":"C D","image":{"@type":"ImageObject","inLanguage":"fr-FR","@id":"https:\/\/vosgesinfo.fr\/remiremontinfo\/#\/schema\/person\/image\/","url":"https:\/\/secure.gravatar.com\/avatar\/1f9a70007336511a47468b8f1c66f922b8b7cf617b02a31149ada43893a5d48f?s=96&d=mm&r=g","contentUrl":"https:\/\/secure.gravatar.com\/avatar\/1f9a70007336511a47468b8f1c66f922b8b7cf617b02a31149ada43893a5d48f?s=96&d=mm&r=g","caption":"C D"},"url":"https:\/\/vosgesinfo.fr\/remiremontinfo\/author\/cedric-drevet\/"}]}},"_links":{"self":[{"href":"https:\/\/vosgesinfo.fr\/remiremontinfo\/wp-json\/wp\/v2\/posts\/67244","targetHints":{"allow":["GET"]}}],"collection":[{"href":"https:\/\/vosgesinfo.fr\/remiremontinfo\/wp-json\/wp\/v2\/posts"}],"about":[{"href":"https:\/\/vosgesinfo.fr\/remiremontinfo\/wp-json\/wp\/v2\/types\/post"}],"author":[{"embeddable":true,"href":"https:\/\/vosgesinfo.fr\/remiremontinfo\/wp-json\/wp\/v2\/users\/407"}],"replies":[{"embeddable":true,"href":"https:\/\/vosgesinfo.fr\/remiremontinfo\/wp-json\/wp\/v2\/comments?post=67244"}],"version-history":[{"count":0,"href":"https:\/\/vosgesinfo.fr\/remiremontinfo\/wp-json\/wp\/v2\/posts\/67244\/revisions"}],"wp:featuredmedia":[{"embeddable":true,"href":"https:\/\/vosgesinfo.fr\/remiremontinfo\/wp-json\/wp\/v2\/media\/67245"}],"wp:attachment":[{"href":"https:\/\/vosgesinfo.fr\/remiremontinfo\/wp-json\/wp\/v2\/media?parent=67244"}],"wp:term":[{"taxonomy":"category","embeddable":true,"href":"https:\/\/vosgesinfo.fr\/remiremontinfo\/wp-json\/wp\/v2\/categories?post=67244"},{"taxonomy":"post_tag","embeddable":true,"href":"https:\/\/vosgesinfo.fr\/remiremontinfo\/wp-json\/wp\/v2\/tags?post=67244"}],"curies":[{"name":"wp","href":"https:\/\/api.w.org\/{rel}","templated":true}]}}