{"id":67301,"date":"2023-02-01T10:31:51","date_gmt":"2023-02-01T09:31:51","guid":{"rendered":"https:\/\/vosgesinfo.fr\/remiremontinfo\/2023\/02\/reservations-petit-theatre-de-vecoux-ouvertes\/"},"modified":"2023-02-01T10:31:51","modified_gmt":"2023-02-01T09:31:51","slug":"reservations-petit-theatre-de-vecoux-ouvertes","status":"publish","type":"post","link":"https:\/\/vosgesinfo.fr\/remiremontinfo\/2023\/02\/reservations-petit-theatre-de-vecoux-ouvertes\/","title":{"rendered":"Les r\u00e9servations pour le Petit th\u00e9\u00e2tre de Vecoux sont encore ouvertes"},"content":{"rendered":"<p><a href=\"\/2023\/02\/1.jpg\"><img decoding=\"async\" class=\"alignnone size-large wp-image-362989\" src=\"\/2023\/02\/1-1024x598.jpg\" alt=\"1\" width=\"960\" height=\"561\" \/><\/a><\/p>\n<p><span style=\"font-size: 10pt;\"><em>La troupe des Z&rsquo;ados en Seine r\u00e9p\u00e9tition pour Cluado 1984<\/em><\/span><\/p>\n<h2><span style=\"font-size: 12pt;\"><strong>Les r\u00e9servations pour le Petit th\u00e9\u00e2tre de Vecoux sont encore ouvertes !Les premi\u00e8res repr\u00e9sentations ce week-end end : Vendredi et samedi \u00e0 20h30 et dimanche \u00e0 15h. Il y aura des repr\u00e9sentations tous les week-end de f\u00e9vrier. Karine se tient \u00e0 votre disposition au 07 83 35 13 01 de 19h \u00e0 20h30.<\/strong><\/span><\/h2>\n<p>Pour un moment de plaisir intense et de rires garantis, venez applaudir ces artistes amateurs les vendredis et samedis soirs ou le dimanche apr\u00e8s-midi !<\/p>\n<p>Prix des places : 8\u20ac (4\u20ac moins de 12 ans)<\/p>\n<p style=\"text-align: center;\"><a href=\"\/2023\/02\/1.png\"><img decoding=\"async\" class=\"alignnone size-full wp-image-362990\" src=\"\/2023\/02\/1.png\" alt=\"1\" width=\"523\" height=\"740\" \/><\/a><\/p>\n","protected":false},"excerpt":{"rendered":"<p>La troupe des Z&rsquo;ados en Seine r\u00e9p\u00e9tition pour Cluado 1984 Les r\u00e9servations pour le Petit th\u00e9\u00e2tre de Vecoux sont encore [&hellip;]<\/p>\n","protected":false},"author":407,"featured_media":2385,"comment_status":"open","ping_status":"open","sticky":false,"template":"","format":"standard","meta":{"footnotes":""},"categories":[26,4,35,223],"tags":[225,56,252],"class_list":["post-67301","post","type-post","status-publish","format-standard","has-post-thumbnail","hentry","category-a-la-une","category-culture","category-remiremont-son-canton","category-saint-ame","tag-saint-ame","tag-theatre","tag-vecoux"],"acf":[],"yoast_head":"<!-- This site is optimized with the Yoast SEO plugin v22.5 - https:\/\/yoast.com\/wordpress\/plugins\/seo\/ -->\n<title>Les r\u00e9servations pour le Petit th\u00e9\u00e2tre de Vecoux sont encore ouvertes - Remiremont Info<\/title>\n<meta name=\"robots\" content=\"index, follow, max-snippet:-1, max-image-preview:large, max-video-preview:-1\" \/>\n<link rel=\"canonical\" href=\"https:\/\/vosgesinfo.fr\/remiremontinfo\/2023\/02\/reservations-petit-theatre-de-vecoux-ouvertes\/\" \/>\n<meta name=\"twitter:card\" content=\"summary_large_image\" \/>\n<meta name=\"twitter:title\" content=\"Les r\u00e9servations pour le Petit th\u00e9\u00e2tre de Vecoux sont encore ouvertes - Remiremont Info\" \/>\n<meta name=\"twitter:description\" content=\"La troupe des Z&rsquo;ados en Seine r\u00e9p\u00e9tition pour Cluado 1984 Les r\u00e9servations pour le Petit th\u00e9\u00e2tre de Vecoux sont encore [&hellip;]\" \/>\n<meta name=\"twitter:image\" content=\"https:\/\/vosgesinfo.fr\/app\/uploads\/sites\/5\/2023\/10\/1.jpg\" \/>\n<meta name=\"twitter:creator\" content=\"@VosgesInfo88\" \/>\n<meta name=\"twitter:site\" content=\"@VosgesInfo88\" \/>\n<meta name=\"twitter:label1\" content=\"\u00c9crit par\" \/>\n\t<meta name=\"twitter:data1\" content=\"C D\" \/>\n<script type=\"application\/ld+json\" class=\"yoast-schema-graph\">{\"@context\":\"https:\/\/schema.org\",\"@graph\":[{\"@type\":\"Article\",\"@id\":\"https:\/\/vosgesinfo.fr\/remiremontinfo\/2023\/02\/reservations-petit-theatre-de-vecoux-ouvertes\/#article\",\"isPartOf\":{\"@id\":\"https:\/\/vosgesinfo.fr\/remiremontinfo\/2023\/02\/reservations-petit-theatre-de-vecoux-ouvertes\/\"},\"author\":{\"name\":\"C D\",\"@id\":\"https:\/\/vosgesinfo.fr\/remiremontinfo\/#\/schema\/person\/3bfd164d5218a185b1db68655a265316\"},\"headline\":\"Les r\u00e9servations pour le Petit th\u00e9\u00e2tre de Vecoux sont encore ouvertes\",\"datePublished\":\"2023-02-01T09:31:51+00:00\",\"dateModified\":\"2023-02-01T09:31:51+00:00\",\"mainEntityOfPage\":{\"@id\":\"https:\/\/vosgesinfo.fr\/remiremontinfo\/2023\/02\/reservations-petit-theatre-de-vecoux-ouvertes\/\"},\"wordCount\":105,\"commentCount\":0,\"publisher\":{\"@id\":\"https:\/\/vosgesinfo.fr\/remiremontinfo\/#organization\"},\"image\":{\"@id\":\"https:\/\/vosgesinfo.fr\/remiremontinfo\/2023\/02\/reservations-petit-theatre-de-vecoux-ouvertes\/#primaryimage\"},\"thumbnailUrl\":\"https:\/\/vosgesinfo.fr\/app\/uploads\/sites\/5\/2023\/10\/1.jpg\",\"keywords\":[\"saint-am\u00e9\",\"th\u00e9\u00e2tre\",\"vecoux\"],\"articleSection\":[\"A la Une\",\"Culture\",\"Remiremont &amp; son canton\",\"Saint-Am\u00e9\"],\"inLanguage\":\"fr-FR\",\"potentialAction\":[{\"@type\":\"CommentAction\",\"name\":\"Comment\",\"target\":[\"https:\/\/vosgesinfo.fr\/remiremontinfo\/2023\/02\/reservations-petit-theatre-de-vecoux-ouvertes\/#respond\"]}]},{\"@type\":\"WebPage\",\"@id\":\"https:\/\/vosgesinfo.fr\/remiremontinfo\/2023\/02\/reservations-petit-theatre-de-vecoux-ouvertes\/\",\"url\":\"https:\/\/vosgesinfo.fr\/remiremontinfo\/2023\/02\/reservations-petit-theatre-de-vecoux-ouvertes\/\",\"name\":\"Les r\u00e9servations pour le Petit th\u00e9\u00e2tre de Vecoux sont encore ouvertes - Remiremont Info\",\"isPartOf\":{\"@id\":\"https:\/\/vosgesinfo.fr\/remiremontinfo\/#website\"},\"primaryImageOfPage\":{\"@id\":\"https:\/\/vosgesinfo.fr\/remiremontinfo\/2023\/02\/reservations-petit-theatre-de-vecoux-ouvertes\/#primaryimage\"},\"image\":{\"@id\":\"https:\/\/vosgesinfo.fr\/remiremontinfo\/2023\/02\/reservations-petit-theatre-de-vecoux-ouvertes\/#primaryimage\"},\"thumbnailUrl\":\"https:\/\/vosgesinfo.fr\/app\/uploads\/sites\/5\/2023\/10\/1.jpg\",\"datePublished\":\"2023-02-01T09:31:51+00:00\",\"dateModified\":\"2023-02-01T09:31:51+00:00\",\"breadcrumb\":{\"@id\":\"https:\/\/vosgesinfo.fr\/remiremontinfo\/2023\/02\/reservations-petit-theatre-de-vecoux-ouvertes\/#breadcrumb\"},\"inLanguage\":\"fr-FR\",\"potentialAction\":[{\"@type\":\"ReadAction\",\"target\":[\"https:\/\/vosgesinfo.fr\/remiremontinfo\/2023\/02\/reservations-petit-theatre-de-vecoux-ouvertes\/\"]}]},{\"@type\":\"ImageObject\",\"inLanguage\":\"fr-FR\",\"@id\":\"https:\/\/vosgesinfo.fr\/remiremontinfo\/2023\/02\/reservations-petit-theatre-de-vecoux-ouvertes\/#primaryimage\",\"url\":\"https:\/\/vosgesinfo.fr\/app\/uploads\/sites\/5\/2023\/10\/1.jpg\",\"contentUrl\":\"https:\/\/vosgesinfo.fr\/app\/uploads\/sites\/5\/2023\/10\/1.jpg\",\"width\":1414,\"height\":2000},{\"@type\":\"BreadcrumbList\",\"@id\":\"https:\/\/vosgesinfo.fr\/remiremontinfo\/2023\/02\/reservations-petit-theatre-de-vecoux-ouvertes\/#breadcrumb\",\"itemListElement\":[{\"@type\":\"ListItem\",\"position\":1,\"name\":\"Home\",\"item\":\"https:\/\/vosgesinfo.fr\/remiremontinfo\/\"},{\"@type\":\"ListItem\",\"position\":2,\"name\":\"Les r\u00e9servations pour le Petit th\u00e9\u00e2tre de Vecoux sont encore ouvertes\"}]},{\"@type\":\"WebSite\",\"@id\":\"https:\/\/vosgesinfo.fr\/remiremontinfo\/#website\",\"url\":\"https:\/\/vosgesinfo.fr\/remiremontinfo\/\",\"name\":\"Remiremont Info\",\"description\":\"Toute l&#039;actualit\u00e9 de Remiremont\",\"publisher\":{\"@id\":\"https:\/\/vosgesinfo.fr\/remiremontinfo\/#organization\"},\"alternateName\":\"Toute l'actualit\u00e9 de Remiremont\",\"potentialAction\":[{\"@type\":\"SearchAction\",\"target\":{\"@type\":\"EntryPoint\",\"urlTemplate\":\"https:\/\/vosgesinfo.fr\/remiremontinfo\/?s={search_term_string}\"},\"query-input\":\"required name=search_term_string\"}],\"inLanguage\":\"fr-FR\"},{\"@type\":\"Organization\",\"@id\":\"https:\/\/vosgesinfo.fr\/remiremontinfo\/#organization\",\"name\":\"Remiremont Info\",\"url\":\"https:\/\/vosgesinfo.fr\/remiremontinfo\/\",\"logo\":{\"@type\":\"ImageObject\",\"inLanguage\":\"fr-FR\",\"@id\":\"https:\/\/vosgesinfo.fr\/remiremontinfo\/#\/schema\/logo\/image\/\",\"url\":\"https:\/\/vosgesinfo.fr\/app\/uploads\/sites\/5\/2023\/08\/favicon-remiremontinfo.png\",\"contentUrl\":\"https:\/\/vosgesinfo.fr\/app\/uploads\/sites\/5\/2023\/08\/favicon-remiremontinfo.png\",\"width\":512,\"height\":512,\"caption\":\"Remiremont Info\"},\"image\":{\"@id\":\"https:\/\/vosgesinfo.fr\/remiremontinfo\/#\/schema\/logo\/image\/\"},\"sameAs\":[\"https:\/\/www.facebook.com\/remiremontinfo\",\"https:\/\/x.com\/VosgesInfo88\",\"https:\/\/www.youtube.com\/@vosgesinfo\"]},{\"@type\":\"Person\",\"@id\":\"https:\/\/vosgesinfo.fr\/remiremontinfo\/#\/schema\/person\/3bfd164d5218a185b1db68655a265316\",\"name\":\"C D\",\"image\":{\"@type\":\"ImageObject\",\"inLanguage\":\"fr-FR\",\"@id\":\"https:\/\/vosgesinfo.fr\/remiremontinfo\/#\/schema\/person\/image\/\",\"url\":\"https:\/\/secure.gravatar.com\/avatar\/1f9a70007336511a47468b8f1c66f922b8b7cf617b02a31149ada43893a5d48f?s=96&d=mm&r=g\",\"contentUrl\":\"https:\/\/secure.gravatar.com\/avatar\/1f9a70007336511a47468b8f1c66f922b8b7cf617b02a31149ada43893a5d48f?s=96&d=mm&r=g\",\"caption\":\"C D\"},\"url\":\"https:\/\/vosgesinfo.fr\/remiremontinfo\/author\/cedric-drevet\/\"}]}<\/script>\n<!-- \/ Yoast SEO plugin. -->","yoast_head_json":{"title":"Les r\u00e9servations pour le Petit th\u00e9\u00e2tre de Vecoux sont encore ouvertes - Remiremont Info","robots":{"index":"index","follow":"follow","max-snippet":"max-snippet:-1","max-image-preview":"max-image-preview:large","max-video-preview":"max-video-preview:-1"},"canonical":"https:\/\/vosgesinfo.fr\/remiremontinfo\/2023\/02\/reservations-petit-theatre-de-vecoux-ouvertes\/","twitter_card":"summary_large_image","twitter_title":"Les r\u00e9servations pour le Petit th\u00e9\u00e2tre de Vecoux sont encore ouvertes - Remiremont Info","twitter_description":"La troupe des Z&rsquo;ados en Seine r\u00e9p\u00e9tition pour Cluado 1984 Les r\u00e9servations pour le Petit th\u00e9\u00e2tre de Vecoux sont encore [&hellip;]","twitter_image":"https:\/\/vosgesinfo.fr\/app\/uploads\/sites\/5\/2023\/10\/1.jpg","twitter_creator":"@VosgesInfo88","twitter_site":"@VosgesInfo88","twitter_misc":{"\u00c9crit par":"C D"},"schema":{"@context":"https:\/\/schema.org","@graph":[{"@type":"Article","@id":"https:\/\/vosgesinfo.fr\/remiremontinfo\/2023\/02\/reservations-petit-theatre-de-vecoux-ouvertes\/#article","isPartOf":{"@id":"https:\/\/vosgesinfo.fr\/remiremontinfo\/2023\/02\/reservations-petit-theatre-de-vecoux-ouvertes\/"},"author":{"name":"C D","@id":"https:\/\/vosgesinfo.fr\/remiremontinfo\/#\/schema\/person\/3bfd164d5218a185b1db68655a265316"},"headline":"Les r\u00e9servations pour le Petit th\u00e9\u00e2tre de Vecoux sont encore ouvertes","datePublished":"2023-02-01T09:31:51+00:00","dateModified":"2023-02-01T09:31:51+00:00","mainEntityOfPage":{"@id":"https:\/\/vosgesinfo.fr\/remiremontinfo\/2023\/02\/reservations-petit-theatre-de-vecoux-ouvertes\/"},"wordCount":105,"commentCount":0,"publisher":{"@id":"https:\/\/vosgesinfo.fr\/remiremontinfo\/#organization"},"image":{"@id":"https:\/\/vosgesinfo.fr\/remiremontinfo\/2023\/02\/reservations-petit-theatre-de-vecoux-ouvertes\/#primaryimage"},"thumbnailUrl":"https:\/\/vosgesinfo.fr\/app\/uploads\/sites\/5\/2023\/10\/1.jpg","keywords":["saint-am\u00e9","th\u00e9\u00e2tre","vecoux"],"articleSection":["A la Une","Culture","Remiremont &amp; son canton","Saint-Am\u00e9"],"inLanguage":"fr-FR","potentialAction":[{"@type":"CommentAction","name":"Comment","target":["https:\/\/vosgesinfo.fr\/remiremontinfo\/2023\/02\/reservations-petit-theatre-de-vecoux-ouvertes\/#respond"]}]},{"@type":"WebPage","@id":"https:\/\/vosgesinfo.fr\/remiremontinfo\/2023\/02\/reservations-petit-theatre-de-vecoux-ouvertes\/","url":"https:\/\/vosgesinfo.fr\/remiremontinfo\/2023\/02\/reservations-petit-theatre-de-vecoux-ouvertes\/","name":"Les r\u00e9servations pour le Petit th\u00e9\u00e2tre de Vecoux sont encore ouvertes - Remiremont Info","isPartOf":{"@id":"https:\/\/vosgesinfo.fr\/remiremontinfo\/#website"},"primaryImageOfPage":{"@id":"https:\/\/vosgesinfo.fr\/remiremontinfo\/2023\/02\/reservations-petit-theatre-de-vecoux-ouvertes\/#primaryimage"},"image":{"@id":"https:\/\/vosgesinfo.fr\/remiremontinfo\/2023\/02\/reservations-petit-theatre-de-vecoux-ouvertes\/#primaryimage"},"thumbnailUrl":"https:\/\/vosgesinfo.fr\/app\/uploads\/sites\/5\/2023\/10\/1.jpg","datePublished":"2023-02-01T09:31:51+00:00","dateModified":"2023-02-01T09:31:51+00:00","breadcrumb":{"@id":"https:\/\/vosgesinfo.fr\/remiremontinfo\/2023\/02\/reservations-petit-theatre-de-vecoux-ouvertes\/#breadcrumb"},"inLanguage":"fr-FR","potentialAction":[{"@type":"ReadAction","target":["https:\/\/vosgesinfo.fr\/remiremontinfo\/2023\/02\/reservations-petit-theatre-de-vecoux-ouvertes\/"]}]},{"@type":"ImageObject","inLanguage":"fr-FR","@id":"https:\/\/vosgesinfo.fr\/remiremontinfo\/2023\/02\/reservations-petit-theatre-de-vecoux-ouvertes\/#primaryimage","url":"https:\/\/vosgesinfo.fr\/app\/uploads\/sites\/5\/2023\/10\/1.jpg","contentUrl":"https:\/\/vosgesinfo.fr\/app\/uploads\/sites\/5\/2023\/10\/1.jpg","width":1414,"height":2000},{"@type":"BreadcrumbList","@id":"https:\/\/vosgesinfo.fr\/remiremontinfo\/2023\/02\/reservations-petit-theatre-de-vecoux-ouvertes\/#breadcrumb","itemListElement":[{"@type":"ListItem","position":1,"name":"Home","item":"https:\/\/vosgesinfo.fr\/remiremontinfo\/"},{"@type":"ListItem","position":2,"name":"Les r\u00e9servations pour le Petit th\u00e9\u00e2tre de Vecoux sont encore ouvertes"}]},{"@type":"WebSite","@id":"https:\/\/vosgesinfo.fr\/remiremontinfo\/#website","url":"https:\/\/vosgesinfo.fr\/remiremontinfo\/","name":"Remiremont Info","description":"Toute l&#039;actualit\u00e9 de Remiremont","publisher":{"@id":"https:\/\/vosgesinfo.fr\/remiremontinfo\/#organization"},"alternateName":"Toute l'actualit\u00e9 de Remiremont","potentialAction":[{"@type":"SearchAction","target":{"@type":"EntryPoint","urlTemplate":"https:\/\/vosgesinfo.fr\/remiremontinfo\/?s={search_term_string}"},"query-input":"required name=search_term_string"}],"inLanguage":"fr-FR"},{"@type":"Organization","@id":"https:\/\/vosgesinfo.fr\/remiremontinfo\/#organization","name":"Remiremont Info","url":"https:\/\/vosgesinfo.fr\/remiremontinfo\/","logo":{"@type":"ImageObject","inLanguage":"fr-FR","@id":"https:\/\/vosgesinfo.fr\/remiremontinfo\/#\/schema\/logo\/image\/","url":"https:\/\/vosgesinfo.fr\/app\/uploads\/sites\/5\/2023\/08\/favicon-remiremontinfo.png","contentUrl":"https:\/\/vosgesinfo.fr\/app\/uploads\/sites\/5\/2023\/08\/favicon-remiremontinfo.png","width":512,"height":512,"caption":"Remiremont Info"},"image":{"@id":"https:\/\/vosgesinfo.fr\/remiremontinfo\/#\/schema\/logo\/image\/"},"sameAs":["https:\/\/www.facebook.com\/remiremontinfo","https:\/\/x.com\/VosgesInfo88","https:\/\/www.youtube.com\/@vosgesinfo"]},{"@type":"Person","@id":"https:\/\/vosgesinfo.fr\/remiremontinfo\/#\/schema\/person\/3bfd164d5218a185b1db68655a265316","name":"C D","image":{"@type":"ImageObject","inLanguage":"fr-FR","@id":"https:\/\/vosgesinfo.fr\/remiremontinfo\/#\/schema\/person\/image\/","url":"https:\/\/secure.gravatar.com\/avatar\/1f9a70007336511a47468b8f1c66f922b8b7cf617b02a31149ada43893a5d48f?s=96&d=mm&r=g","contentUrl":"https:\/\/secure.gravatar.com\/avatar\/1f9a70007336511a47468b8f1c66f922b8b7cf617b02a31149ada43893a5d48f?s=96&d=mm&r=g","caption":"C D"},"url":"https:\/\/vosgesinfo.fr\/remiremontinfo\/author\/cedric-drevet\/"}]}},"_links":{"self":[{"href":"https:\/\/vosgesinfo.fr\/remiremontinfo\/wp-json\/wp\/v2\/posts\/67301","targetHints":{"allow":["GET"]}}],"collection":[{"href":"https:\/\/vosgesinfo.fr\/remiremontinfo\/wp-json\/wp\/v2\/posts"}],"about":[{"href":"https:\/\/vosgesinfo.fr\/remiremontinfo\/wp-json\/wp\/v2\/types\/post"}],"author":[{"embeddable":true,"href":"https:\/\/vosgesinfo.fr\/remiremontinfo\/wp-json\/wp\/v2\/users\/407"}],"replies":[{"embeddable":true,"href":"https:\/\/vosgesinfo.fr\/remiremontinfo\/wp-json\/wp\/v2\/comments?post=67301"}],"version-history":[{"count":0,"href":"https:\/\/vosgesinfo.fr\/remiremontinfo\/wp-json\/wp\/v2\/posts\/67301\/revisions"}],"wp:featuredmedia":[{"embeddable":true,"href":"https:\/\/vosgesinfo.fr\/remiremontinfo\/wp-json\/wp\/v2\/media\/2385"}],"wp:attachment":[{"href":"https:\/\/vosgesinfo.fr\/remiremontinfo\/wp-json\/wp\/v2\/media?parent=67301"}],"wp:term":[{"taxonomy":"category","embeddable":true,"href":"https:\/\/vosgesinfo.fr\/remiremontinfo\/wp-json\/wp\/v2\/categories?post=67301"},{"taxonomy":"post_tag","embeddable":true,"href":"https:\/\/vosgesinfo.fr\/remiremontinfo\/wp-json\/wp\/v2\/tags?post=67301"}],"curies":[{"name":"wp","href":"https:\/\/api.w.org\/{rel}","templated":true}]}}