{"id":67336,"date":"2023-02-01T16:13:36","date_gmt":"2023-02-01T15:13:36","guid":{"rendered":"https:\/\/vosgesinfo.fr\/remiremontinfo\/2023\/02\/bresse-prochaine-reunion-conseil-municipal-6-fevrier\/"},"modified":"2023-02-01T16:13:36","modified_gmt":"2023-02-01T15:13:36","slug":"bresse-prochaine-reunion-conseil-municipal-6-fevrier","status":"publish","type":"post","link":"https:\/\/vosgesinfo.fr\/remiremontinfo\/2023\/02\/bresse-prochaine-reunion-conseil-municipal-6-fevrier\/","title":{"rendered":"La Bresse : prochaine r\u00e9union du Conseil Municipal le 6 f\u00e9vrier"},"content":{"rendered":"<h2><a href=\"\/2021\/11\/Capture-d\u2019\u00e9cran-2021-09-04-093445.png\"><img decoding=\"async\" class=\"alignnone size-full wp-image-331798\" src=\"\/2021\/11\/Capture-d\u2019\u00e9cran-2021-09-04-093445.png\" alt=\"La Bresse\" width=\"800\" height=\"597\" \/><\/a><\/h2>\n<p><span style=\"font-size: 10pt;\"><em>Illustration\u00a0<\/em><\/span><\/p>\n<h2><span style=\"font-size: 12pt;\"><strong>Le prochain Conseil Municipal aura lieu le lundi 6 f\u00e9vrier 2023 \u00e0 20 heures au Salon d&rsquo;honneur de la Mairie de La Bresse.<\/strong><\/span><\/h2>\n<p>Parmi les points \u00e9voqu\u00e9s :<br \/>\n&#8211; D\u00e9bat d&rsquo;orientation budg\u00e9taire 2023.<br \/>\n&#8211; Modification de la composition de la commission voirie, des repr\u00e9sentants au conseil d\u2019administration de la r\u00e9gie municipale d\u2019\u00e9lectricit\u00e9 &#8211; transfert de la d\u00e9l\u00e9gation eau et assainissement.<\/p>\n<p>&#8211; Constitution d&rsquo;une commission \u00ab\u00a0jumelage\u00a0\u00bb.<br \/>\n&#8211; Affectation des biens du budget principal de la ville au domaine du haut des bluches suite \u00e0 la dissolution de l\u2019Office de Tourisme et loisirs et approbation de la balance comptable de transfert.<\/p>\n<p>&#8211; Demande de subvention \u2013 DETR 2023 \u2013 travaux de mise aux normes de s\u00e9curite incendie du domaine du haut des bluches.<br \/>\n&#8211; Demande de subvention \u2013 DETR 2023 \u2013 travaux de r\u00e9novation, agrandissement et mise aux normes accessibilit\u00e9 et s\u00e9curit\u00e9 de l\u2019espace gervais poirot.<\/p>\n<p><span style=\"font-size: 10pt;\"><em>Communiqu\u00e9\u00a0<\/em><\/span><\/p>\n","protected":false},"excerpt":{"rendered":"<p>Illustration\u00a0 Le prochain Conseil Municipal aura lieu le lundi 6 f\u00e9vrier 2023 \u00e0 20 heures au Salon d&rsquo;honneur de la [&hellip;]<\/p>\n","protected":false},"author":407,"featured_media":67337,"comment_status":"open","ping_status":"open","sticky":false,"template":"","format":"standard","meta":{"footnotes":""},"categories":[26,104,25,10],"tags":[3941,105,5456],"class_list":["post-67336","post","type-post","status-publish","format-standard","has-post-thumbnail","hentry","category-a-la-une","category-la-bresse-la-bresse-son-canton","category-la-bresse-son-canton","category-politique","tag-conseil","tag-la-bresse","tag-municipal"],"acf":[],"yoast_head":"<!-- This site is optimized with the Yoast SEO plugin v22.5 - https:\/\/yoast.com\/wordpress\/plugins\/seo\/ -->\n<title>La Bresse : prochaine r\u00e9union du Conseil Municipal le 6 f\u00e9vrier - Remiremont Info<\/title>\n<meta name=\"robots\" content=\"index, follow, max-snippet:-1, max-image-preview:large, max-video-preview:-1\" \/>\n<link rel=\"canonical\" href=\"https:\/\/vosgesinfo.fr\/remiremontinfo\/2023\/02\/bresse-prochaine-reunion-conseil-municipal-6-fevrier\/\" \/>\n<meta name=\"twitter:card\" content=\"summary_large_image\" \/>\n<meta name=\"twitter:title\" content=\"La Bresse : prochaine r\u00e9union du Conseil Municipal le 6 f\u00e9vrier - Remiremont Info\" \/>\n<meta name=\"twitter:description\" content=\"Illustration\u00a0 Le prochain Conseil Municipal aura lieu le lundi 6 f\u00e9vrier 2023 \u00e0 20 heures au Salon d&rsquo;honneur de la [&hellip;]\" \/>\n<meta name=\"twitter:image\" content=\"https:\/\/vosgesinfo.fr\/app\/uploads\/sites\/5\/2024\/09\/202111capture-decran-2021-09-04-093445-4.png\" \/>\n<meta name=\"twitter:creator\" content=\"@VosgesInfo88\" \/>\n<meta name=\"twitter:site\" content=\"@VosgesInfo88\" \/>\n<meta name=\"twitter:label1\" content=\"\u00c9crit par\" \/>\n\t<meta name=\"twitter:data1\" content=\"C D\" \/>\n\t<meta name=\"twitter:label2\" content=\"Dur\u00e9e de lecture estim\u00e9e\" \/>\n\t<meta name=\"twitter:data2\" content=\"1 minute\" \/>\n<script type=\"application\/ld+json\" class=\"yoast-schema-graph\">{\"@context\":\"https:\/\/schema.org\",\"@graph\":[{\"@type\":\"Article\",\"@id\":\"https:\/\/vosgesinfo.fr\/remiremontinfo\/2023\/02\/bresse-prochaine-reunion-conseil-municipal-6-fevrier\/#article\",\"isPartOf\":{\"@id\":\"https:\/\/vosgesinfo.fr\/remiremontinfo\/2023\/02\/bresse-prochaine-reunion-conseil-municipal-6-fevrier\/\"},\"author\":{\"name\":\"C D\",\"@id\":\"https:\/\/vosgesinfo.fr\/remiremontinfo\/#\/schema\/person\/3bfd164d5218a185b1db68655a265316\"},\"headline\":\"La Bresse : prochaine r\u00e9union du Conseil Municipal le 6 f\u00e9vrier\",\"datePublished\":\"2023-02-01T15:13:36+00:00\",\"dateModified\":\"2023-02-01T15:13:36+00:00\",\"mainEntityOfPage\":{\"@id\":\"https:\/\/vosgesinfo.fr\/remiremontinfo\/2023\/02\/bresse-prochaine-reunion-conseil-municipal-6-fevrier\/\"},\"wordCount\":162,\"commentCount\":0,\"publisher\":{\"@id\":\"https:\/\/vosgesinfo.fr\/remiremontinfo\/#organization\"},\"image\":{\"@id\":\"https:\/\/vosgesinfo.fr\/remiremontinfo\/2023\/02\/bresse-prochaine-reunion-conseil-municipal-6-fevrier\/#primaryimage\"},\"thumbnailUrl\":\"https:\/\/vosgesinfo.fr\/app\/uploads\/sites\/5\/2024\/09\/202111capture-decran-2021-09-04-093445-4.png\",\"keywords\":[\"conseil\",\"la bresse\",\"municipal\"],\"articleSection\":[\"A la Une\",\"La Bresse\",\"La Bresse &amp; son canton\",\"Politique\"],\"inLanguage\":\"fr-FR\",\"potentialAction\":[{\"@type\":\"CommentAction\",\"name\":\"Comment\",\"target\":[\"https:\/\/vosgesinfo.fr\/remiremontinfo\/2023\/02\/bresse-prochaine-reunion-conseil-municipal-6-fevrier\/#respond\"]}]},{\"@type\":\"WebPage\",\"@id\":\"https:\/\/vosgesinfo.fr\/remiremontinfo\/2023\/02\/bresse-prochaine-reunion-conseil-municipal-6-fevrier\/\",\"url\":\"https:\/\/vosgesinfo.fr\/remiremontinfo\/2023\/02\/bresse-prochaine-reunion-conseil-municipal-6-fevrier\/\",\"name\":\"La Bresse : prochaine r\u00e9union du Conseil Municipal le 6 f\u00e9vrier - Remiremont Info\",\"isPartOf\":{\"@id\":\"https:\/\/vosgesinfo.fr\/remiremontinfo\/#website\"},\"primaryImageOfPage\":{\"@id\":\"https:\/\/vosgesinfo.fr\/remiremontinfo\/2023\/02\/bresse-prochaine-reunion-conseil-municipal-6-fevrier\/#primaryimage\"},\"image\":{\"@id\":\"https:\/\/vosgesinfo.fr\/remiremontinfo\/2023\/02\/bresse-prochaine-reunion-conseil-municipal-6-fevrier\/#primaryimage\"},\"thumbnailUrl\":\"https:\/\/vosgesinfo.fr\/app\/uploads\/sites\/5\/2024\/09\/202111capture-decran-2021-09-04-093445-4.png\",\"datePublished\":\"2023-02-01T15:13:36+00:00\",\"dateModified\":\"2023-02-01T15:13:36+00:00\",\"breadcrumb\":{\"@id\":\"https:\/\/vosgesinfo.fr\/remiremontinfo\/2023\/02\/bresse-prochaine-reunion-conseil-municipal-6-fevrier\/#breadcrumb\"},\"inLanguage\":\"fr-FR\",\"potentialAction\":[{\"@type\":\"ReadAction\",\"target\":[\"https:\/\/vosgesinfo.fr\/remiremontinfo\/2023\/02\/bresse-prochaine-reunion-conseil-municipal-6-fevrier\/\"]}]},{\"@type\":\"ImageObject\",\"inLanguage\":\"fr-FR\",\"@id\":\"https:\/\/vosgesinfo.fr\/remiremontinfo\/2023\/02\/bresse-prochaine-reunion-conseil-municipal-6-fevrier\/#primaryimage\",\"url\":\"https:\/\/vosgesinfo.fr\/app\/uploads\/sites\/5\/2024\/09\/202111capture-decran-2021-09-04-093445-4.png\",\"contentUrl\":\"https:\/\/vosgesinfo.fr\/app\/uploads\/sites\/5\/2024\/09\/202111capture-decran-2021-09-04-093445-4.png\",\"width\":800,\"height\":597},{\"@type\":\"BreadcrumbList\",\"@id\":\"https:\/\/vosgesinfo.fr\/remiremontinfo\/2023\/02\/bresse-prochaine-reunion-conseil-municipal-6-fevrier\/#breadcrumb\",\"itemListElement\":[{\"@type\":\"ListItem\",\"position\":1,\"name\":\"Home\",\"item\":\"https:\/\/vosgesinfo.fr\/remiremontinfo\/\"},{\"@type\":\"ListItem\",\"position\":2,\"name\":\"La Bresse : prochaine r\u00e9union du Conseil Municipal le 6 f\u00e9vrier\"}]},{\"@type\":\"WebSite\",\"@id\":\"https:\/\/vosgesinfo.fr\/remiremontinfo\/#website\",\"url\":\"https:\/\/vosgesinfo.fr\/remiremontinfo\/\",\"name\":\"Remiremont Info\",\"description\":\"Toute l&#039;actualit\u00e9 de Remiremont\",\"publisher\":{\"@id\":\"https:\/\/vosgesinfo.fr\/remiremontinfo\/#organization\"},\"alternateName\":\"Toute l'actualit\u00e9 de Remiremont\",\"potentialAction\":[{\"@type\":\"SearchAction\",\"target\":{\"@type\":\"EntryPoint\",\"urlTemplate\":\"https:\/\/vosgesinfo.fr\/remiremontinfo\/?s={search_term_string}\"},\"query-input\":\"required name=search_term_string\"}],\"inLanguage\":\"fr-FR\"},{\"@type\":\"Organization\",\"@id\":\"https:\/\/vosgesinfo.fr\/remiremontinfo\/#organization\",\"name\":\"Remiremont Info\",\"url\":\"https:\/\/vosgesinfo.fr\/remiremontinfo\/\",\"logo\":{\"@type\":\"ImageObject\",\"inLanguage\":\"fr-FR\",\"@id\":\"https:\/\/vosgesinfo.fr\/remiremontinfo\/#\/schema\/logo\/image\/\",\"url\":\"https:\/\/vosgesinfo.fr\/app\/uploads\/sites\/5\/2023\/08\/favicon-remiremontinfo.png\",\"contentUrl\":\"https:\/\/vosgesinfo.fr\/app\/uploads\/sites\/5\/2023\/08\/favicon-remiremontinfo.png\",\"width\":512,\"height\":512,\"caption\":\"Remiremont Info\"},\"image\":{\"@id\":\"https:\/\/vosgesinfo.fr\/remiremontinfo\/#\/schema\/logo\/image\/\"},\"sameAs\":[\"https:\/\/www.facebook.com\/remiremontinfo\",\"https:\/\/x.com\/VosgesInfo88\",\"https:\/\/www.youtube.com\/@vosgesinfo\"]},{\"@type\":\"Person\",\"@id\":\"https:\/\/vosgesinfo.fr\/remiremontinfo\/#\/schema\/person\/3bfd164d5218a185b1db68655a265316\",\"name\":\"C D\",\"image\":{\"@type\":\"ImageObject\",\"inLanguage\":\"fr-FR\",\"@id\":\"https:\/\/vosgesinfo.fr\/remiremontinfo\/#\/schema\/person\/image\/\",\"url\":\"https:\/\/secure.gravatar.com\/avatar\/1f9a70007336511a47468b8f1c66f922b8b7cf617b02a31149ada43893a5d48f?s=96&d=mm&r=g\",\"contentUrl\":\"https:\/\/secure.gravatar.com\/avatar\/1f9a70007336511a47468b8f1c66f922b8b7cf617b02a31149ada43893a5d48f?s=96&d=mm&r=g\",\"caption\":\"C D\"},\"url\":\"https:\/\/vosgesinfo.fr\/remiremontinfo\/author\/cedric-drevet\/\"}]}<\/script>\n<!-- \/ Yoast SEO plugin. -->","yoast_head_json":{"title":"La Bresse : prochaine r\u00e9union du Conseil Municipal le 6 f\u00e9vrier - Remiremont Info","robots":{"index":"index","follow":"follow","max-snippet":"max-snippet:-1","max-image-preview":"max-image-preview:large","max-video-preview":"max-video-preview:-1"},"canonical":"https:\/\/vosgesinfo.fr\/remiremontinfo\/2023\/02\/bresse-prochaine-reunion-conseil-municipal-6-fevrier\/","twitter_card":"summary_large_image","twitter_title":"La Bresse : prochaine r\u00e9union du Conseil Municipal le 6 f\u00e9vrier - Remiremont Info","twitter_description":"Illustration\u00a0 Le prochain Conseil Municipal aura lieu le lundi 6 f\u00e9vrier 2023 \u00e0 20 heures au Salon d&rsquo;honneur de la [&hellip;]","twitter_image":"https:\/\/vosgesinfo.fr\/app\/uploads\/sites\/5\/2024\/09\/202111capture-decran-2021-09-04-093445-4.png","twitter_creator":"@VosgesInfo88","twitter_site":"@VosgesInfo88","twitter_misc":{"\u00c9crit par":"C D","Dur\u00e9e de lecture estim\u00e9e":"1 minute"},"schema":{"@context":"https:\/\/schema.org","@graph":[{"@type":"Article","@id":"https:\/\/vosgesinfo.fr\/remiremontinfo\/2023\/02\/bresse-prochaine-reunion-conseil-municipal-6-fevrier\/#article","isPartOf":{"@id":"https:\/\/vosgesinfo.fr\/remiremontinfo\/2023\/02\/bresse-prochaine-reunion-conseil-municipal-6-fevrier\/"},"author":{"name":"C D","@id":"https:\/\/vosgesinfo.fr\/remiremontinfo\/#\/schema\/person\/3bfd164d5218a185b1db68655a265316"},"headline":"La Bresse : prochaine r\u00e9union du Conseil Municipal le 6 f\u00e9vrier","datePublished":"2023-02-01T15:13:36+00:00","dateModified":"2023-02-01T15:13:36+00:00","mainEntityOfPage":{"@id":"https:\/\/vosgesinfo.fr\/remiremontinfo\/2023\/02\/bresse-prochaine-reunion-conseil-municipal-6-fevrier\/"},"wordCount":162,"commentCount":0,"publisher":{"@id":"https:\/\/vosgesinfo.fr\/remiremontinfo\/#organization"},"image":{"@id":"https:\/\/vosgesinfo.fr\/remiremontinfo\/2023\/02\/bresse-prochaine-reunion-conseil-municipal-6-fevrier\/#primaryimage"},"thumbnailUrl":"https:\/\/vosgesinfo.fr\/app\/uploads\/sites\/5\/2024\/09\/202111capture-decran-2021-09-04-093445-4.png","keywords":["conseil","la bresse","municipal"],"articleSection":["A la Une","La Bresse","La Bresse &amp; son canton","Politique"],"inLanguage":"fr-FR","potentialAction":[{"@type":"CommentAction","name":"Comment","target":["https:\/\/vosgesinfo.fr\/remiremontinfo\/2023\/02\/bresse-prochaine-reunion-conseil-municipal-6-fevrier\/#respond"]}]},{"@type":"WebPage","@id":"https:\/\/vosgesinfo.fr\/remiremontinfo\/2023\/02\/bresse-prochaine-reunion-conseil-municipal-6-fevrier\/","url":"https:\/\/vosgesinfo.fr\/remiremontinfo\/2023\/02\/bresse-prochaine-reunion-conseil-municipal-6-fevrier\/","name":"La Bresse : prochaine r\u00e9union du Conseil Municipal le 6 f\u00e9vrier - Remiremont Info","isPartOf":{"@id":"https:\/\/vosgesinfo.fr\/remiremontinfo\/#website"},"primaryImageOfPage":{"@id":"https:\/\/vosgesinfo.fr\/remiremontinfo\/2023\/02\/bresse-prochaine-reunion-conseil-municipal-6-fevrier\/#primaryimage"},"image":{"@id":"https:\/\/vosgesinfo.fr\/remiremontinfo\/2023\/02\/bresse-prochaine-reunion-conseil-municipal-6-fevrier\/#primaryimage"},"thumbnailUrl":"https:\/\/vosgesinfo.fr\/app\/uploads\/sites\/5\/2024\/09\/202111capture-decran-2021-09-04-093445-4.png","datePublished":"2023-02-01T15:13:36+00:00","dateModified":"2023-02-01T15:13:36+00:00","breadcrumb":{"@id":"https:\/\/vosgesinfo.fr\/remiremontinfo\/2023\/02\/bresse-prochaine-reunion-conseil-municipal-6-fevrier\/#breadcrumb"},"inLanguage":"fr-FR","potentialAction":[{"@type":"ReadAction","target":["https:\/\/vosgesinfo.fr\/remiremontinfo\/2023\/02\/bresse-prochaine-reunion-conseil-municipal-6-fevrier\/"]}]},{"@type":"ImageObject","inLanguage":"fr-FR","@id":"https:\/\/vosgesinfo.fr\/remiremontinfo\/2023\/02\/bresse-prochaine-reunion-conseil-municipal-6-fevrier\/#primaryimage","url":"https:\/\/vosgesinfo.fr\/app\/uploads\/sites\/5\/2024\/09\/202111capture-decran-2021-09-04-093445-4.png","contentUrl":"https:\/\/vosgesinfo.fr\/app\/uploads\/sites\/5\/2024\/09\/202111capture-decran-2021-09-04-093445-4.png","width":800,"height":597},{"@type":"BreadcrumbList","@id":"https:\/\/vosgesinfo.fr\/remiremontinfo\/2023\/02\/bresse-prochaine-reunion-conseil-municipal-6-fevrier\/#breadcrumb","itemListElement":[{"@type":"ListItem","position":1,"name":"Home","item":"https:\/\/vosgesinfo.fr\/remiremontinfo\/"},{"@type":"ListItem","position":2,"name":"La Bresse : prochaine r\u00e9union du Conseil Municipal le 6 f\u00e9vrier"}]},{"@type":"WebSite","@id":"https:\/\/vosgesinfo.fr\/remiremontinfo\/#website","url":"https:\/\/vosgesinfo.fr\/remiremontinfo\/","name":"Remiremont Info","description":"Toute l&#039;actualit\u00e9 de Remiremont","publisher":{"@id":"https:\/\/vosgesinfo.fr\/remiremontinfo\/#organization"},"alternateName":"Toute l'actualit\u00e9 de Remiremont","potentialAction":[{"@type":"SearchAction","target":{"@type":"EntryPoint","urlTemplate":"https:\/\/vosgesinfo.fr\/remiremontinfo\/?s={search_term_string}"},"query-input":"required name=search_term_string"}],"inLanguage":"fr-FR"},{"@type":"Organization","@id":"https:\/\/vosgesinfo.fr\/remiremontinfo\/#organization","name":"Remiremont Info","url":"https:\/\/vosgesinfo.fr\/remiremontinfo\/","logo":{"@type":"ImageObject","inLanguage":"fr-FR","@id":"https:\/\/vosgesinfo.fr\/remiremontinfo\/#\/schema\/logo\/image\/","url":"https:\/\/vosgesinfo.fr\/app\/uploads\/sites\/5\/2023\/08\/favicon-remiremontinfo.png","contentUrl":"https:\/\/vosgesinfo.fr\/app\/uploads\/sites\/5\/2023\/08\/favicon-remiremontinfo.png","width":512,"height":512,"caption":"Remiremont Info"},"image":{"@id":"https:\/\/vosgesinfo.fr\/remiremontinfo\/#\/schema\/logo\/image\/"},"sameAs":["https:\/\/www.facebook.com\/remiremontinfo","https:\/\/x.com\/VosgesInfo88","https:\/\/www.youtube.com\/@vosgesinfo"]},{"@type":"Person","@id":"https:\/\/vosgesinfo.fr\/remiremontinfo\/#\/schema\/person\/3bfd164d5218a185b1db68655a265316","name":"C D","image":{"@type":"ImageObject","inLanguage":"fr-FR","@id":"https:\/\/vosgesinfo.fr\/remiremontinfo\/#\/schema\/person\/image\/","url":"https:\/\/secure.gravatar.com\/avatar\/1f9a70007336511a47468b8f1c66f922b8b7cf617b02a31149ada43893a5d48f?s=96&d=mm&r=g","contentUrl":"https:\/\/secure.gravatar.com\/avatar\/1f9a70007336511a47468b8f1c66f922b8b7cf617b02a31149ada43893a5d48f?s=96&d=mm&r=g","caption":"C D"},"url":"https:\/\/vosgesinfo.fr\/remiremontinfo\/author\/cedric-drevet\/"}]}},"_links":{"self":[{"href":"https:\/\/vosgesinfo.fr\/remiremontinfo\/wp-json\/wp\/v2\/posts\/67336","targetHints":{"allow":["GET"]}}],"collection":[{"href":"https:\/\/vosgesinfo.fr\/remiremontinfo\/wp-json\/wp\/v2\/posts"}],"about":[{"href":"https:\/\/vosgesinfo.fr\/remiremontinfo\/wp-json\/wp\/v2\/types\/post"}],"author":[{"embeddable":true,"href":"https:\/\/vosgesinfo.fr\/remiremontinfo\/wp-json\/wp\/v2\/users\/407"}],"replies":[{"embeddable":true,"href":"https:\/\/vosgesinfo.fr\/remiremontinfo\/wp-json\/wp\/v2\/comments?post=67336"}],"version-history":[{"count":0,"href":"https:\/\/vosgesinfo.fr\/remiremontinfo\/wp-json\/wp\/v2\/posts\/67336\/revisions"}],"wp:featuredmedia":[{"embeddable":true,"href":"https:\/\/vosgesinfo.fr\/remiremontinfo\/wp-json\/wp\/v2\/media\/67337"}],"wp:attachment":[{"href":"https:\/\/vosgesinfo.fr\/remiremontinfo\/wp-json\/wp\/v2\/media?parent=67336"}],"wp:term":[{"taxonomy":"category","embeddable":true,"href":"https:\/\/vosgesinfo.fr\/remiremontinfo\/wp-json\/wp\/v2\/categories?post=67336"},{"taxonomy":"post_tag","embeddable":true,"href":"https:\/\/vosgesinfo.fr\/remiremontinfo\/wp-json\/wp\/v2\/tags?post=67336"}],"curies":[{"name":"wp","href":"https:\/\/api.w.org\/{rel}","templated":true}]}}