{"id":67563,"date":"2023-02-10T06:20:53","date_gmt":"2023-02-10T05:20:53","guid":{"rendered":"https:\/\/vosgesinfo.fr\/remiremontinfo\/2023\/02\/seisme-turquie-syrie-solidarite-internationale-touche-beaucoup\/"},"modified":"2023-02-10T06:20:53","modified_gmt":"2023-02-10T05:20:53","slug":"seisme-turquie-syrie-solidarite-internationale-touche-beaucoup","status":"publish","type":"post","link":"https:\/\/vosgesinfo.fr\/remiremontinfo\/2023\/02\/seisme-turquie-syrie-solidarite-internationale-touche-beaucoup\/","title":{"rendered":"S\u00e9isme en Turquie et Syrie : \u00ab La solidarit\u00e9 internationale nous touche beaucoup \u00bb"},"content":{"rendered":"<h2><strong>Ce lundi 6 f\u00e9vrier, la Turquie et la Syrie ont \u00e9t\u00e9 touch\u00e9es par un violent s\u00e9isme de magnitude 7,8. Trois jours apr\u00e8s le tremblement de terre, le dernier bilan des victimes est de plus de 19 000 morts\u2026 et de dizaines de milliers de bless\u00e9s. L\u2019association Franco-Turque de Saint-Di\u00e9-des-Vosges fait face au drame, en se mobilisant d\u00e8s la nouvelle de la catastrophe.<\/strong><\/h2>\n<p>Une vente de g\u00e2teaux a \u00e9t\u00e9 organis\u00e9e mardi apr\u00e8s-midi au local de l\u2019association, situ\u00e9 au 3 avenue de Verdun, du mat\u00e9riel de premi\u00e8re n\u00e9cessit\u00e9 est collect\u00e9 pour remplir des camions, qui passent par diff\u00e9rents points de collecte en France jusqu\u2019\u00e0 leur arriv\u00e9e en Turquie. A ce propos, un camion est d\u00e9j\u00e0 parti hier mercredi et un second partira demain apr\u00e8s-midi. Pour celles et ceux qui veulent venir en aide aux victimes, le plus utile est le don d\u2019argent.<\/p>\n<p>Ce que confirment Reyhan Karagoz et Mehmet Ali Kanber, tous 2 membres de l\u2019association Franco-Turque de Saint-Di\u00e9-des-Vosges. \u00ab\u00a0Les dons sont g\u00e9r\u00e9s par le Consulat Turc de Strasbourg. L\u2019argent r\u00e9colt\u00e9 est directement envoy\u00e9 sur place. Ce qui permet<\/p>\n","protected":false},"excerpt":{"rendered":"<p>Ce lundi 6 f\u00e9vrier, la Turquie et la Syrie ont \u00e9t\u00e9 touch\u00e9es par un violent s\u00e9isme de magnitude 7,8. Trois [&hellip;]<\/p>\n","protected":false},"author":407,"featured_media":67564,"comment_status":"open","ping_status":"open","sticky":false,"template":"","format":"standard","meta":{"footnotes":""},"categories":[26,60,18],"tags":[2636,158,3665,2041,32],"class_list":["post-67563","post","type-post","status-publish","format-standard","has-post-thumbnail","hentry","category-a-la-une","category-solidarite","category-vosges","tag-seisme","tag-solidarite","tag-syrie","tag-turquie","tag-vosges"],"acf":[],"yoast_head":"<!-- This site is optimized with the Yoast SEO plugin v22.5 - https:\/\/yoast.com\/wordpress\/plugins\/seo\/ -->\n<title>S\u00e9isme en Turquie et Syrie : \u00ab La solidarit\u00e9 internationale nous touche beaucoup \u00bb - Remiremont Info<\/title>\n<meta name=\"robots\" content=\"index, follow, max-snippet:-1, max-image-preview:large, max-video-preview:-1\" \/>\n<link rel=\"canonical\" href=\"https:\/\/vosgesinfo.fr\/remiremontinfo\/2023\/02\/seisme-turquie-syrie-solidarite-internationale-touche-beaucoup\/\" \/>\n<meta name=\"twitter:card\" content=\"summary_large_image\" \/>\n<meta name=\"twitter:title\" content=\"S\u00e9isme en Turquie et Syrie : \u00ab La solidarit\u00e9 internationale nous touche beaucoup \u00bb - Remiremont Info\" \/>\n<meta name=\"twitter:description\" content=\"Ce lundi 6 f\u00e9vrier, la Turquie et la Syrie ont \u00e9t\u00e9 touch\u00e9es par un violent s\u00e9isme de magnitude 7,8. Trois [&hellip;]\" \/>\n<meta name=\"twitter:image\" content=\"https:\/\/vosgesinfo.fr\/app\/uploads\/sites\/5\/2024\/09\/202302association-franco-turque-sddv-tremblement-de-terre-1024x771-1.jpg\" \/>\n<meta name=\"twitter:creator\" content=\"@VosgesInfo88\" \/>\n<meta name=\"twitter:site\" content=\"@VosgesInfo88\" \/>\n<meta name=\"twitter:label1\" content=\"\u00c9crit par\" \/>\n\t<meta name=\"twitter:data1\" content=\"C D\" \/>\n\t<meta name=\"twitter:label2\" content=\"Dur\u00e9e de lecture estim\u00e9e\" \/>\n\t<meta name=\"twitter:data2\" content=\"1 minute\" \/>\n<script type=\"application\/ld+json\" class=\"yoast-schema-graph\">{\"@context\":\"https:\/\/schema.org\",\"@graph\":[{\"@type\":\"Article\",\"@id\":\"https:\/\/vosgesinfo.fr\/remiremontinfo\/2023\/02\/seisme-turquie-syrie-solidarite-internationale-touche-beaucoup\/#article\",\"isPartOf\":{\"@id\":\"https:\/\/vosgesinfo.fr\/remiremontinfo\/2023\/02\/seisme-turquie-syrie-solidarite-internationale-touche-beaucoup\/\"},\"author\":{\"name\":\"C D\",\"@id\":\"https:\/\/vosgesinfo.fr\/remiremontinfo\/#\/schema\/person\/3bfd164d5218a185b1db68655a265316\"},\"headline\":\"S\u00e9isme en Turquie et Syrie : \u00ab La solidarit\u00e9 internationale nous touche beaucoup \u00bb\",\"datePublished\":\"2023-02-10T05:20:53+00:00\",\"dateModified\":\"2023-02-10T05:20:53+00:00\",\"mainEntityOfPage\":{\"@id\":\"https:\/\/vosgesinfo.fr\/remiremontinfo\/2023\/02\/seisme-turquie-syrie-solidarite-internationale-touche-beaucoup\/\"},\"wordCount\":209,\"commentCount\":0,\"publisher\":{\"@id\":\"https:\/\/vosgesinfo.fr\/remiremontinfo\/#organization\"},\"image\":{\"@id\":\"https:\/\/vosgesinfo.fr\/remiremontinfo\/2023\/02\/seisme-turquie-syrie-solidarite-internationale-touche-beaucoup\/#primaryimage\"},\"thumbnailUrl\":\"https:\/\/vosgesinfo.fr\/app\/uploads\/sites\/5\/2024\/09\/202302association-franco-turque-sddv-tremblement-de-terre-1024x771-1.jpg\",\"keywords\":[\"seisme\",\"solidarit\u00e9\",\"syrie\",\"Turquie\",\"Vosges\"],\"articleSection\":[\"A la Une\",\"Solidarit\u00e9\",\"Vosges\"],\"inLanguage\":\"fr-FR\",\"potentialAction\":[{\"@type\":\"CommentAction\",\"name\":\"Comment\",\"target\":[\"https:\/\/vosgesinfo.fr\/remiremontinfo\/2023\/02\/seisme-turquie-syrie-solidarite-internationale-touche-beaucoup\/#respond\"]}]},{\"@type\":\"WebPage\",\"@id\":\"https:\/\/vosgesinfo.fr\/remiremontinfo\/2023\/02\/seisme-turquie-syrie-solidarite-internationale-touche-beaucoup\/\",\"url\":\"https:\/\/vosgesinfo.fr\/remiremontinfo\/2023\/02\/seisme-turquie-syrie-solidarite-internationale-touche-beaucoup\/\",\"name\":\"S\u00e9isme en Turquie et Syrie : \u00ab La solidarit\u00e9 internationale nous touche beaucoup \u00bb - Remiremont Info\",\"isPartOf\":{\"@id\":\"https:\/\/vosgesinfo.fr\/remiremontinfo\/#website\"},\"primaryImageOfPage\":{\"@id\":\"https:\/\/vosgesinfo.fr\/remiremontinfo\/2023\/02\/seisme-turquie-syrie-solidarite-internationale-touche-beaucoup\/#primaryimage\"},\"image\":{\"@id\":\"https:\/\/vosgesinfo.fr\/remiremontinfo\/2023\/02\/seisme-turquie-syrie-solidarite-internationale-touche-beaucoup\/#primaryimage\"},\"thumbnailUrl\":\"https:\/\/vosgesinfo.fr\/app\/uploads\/sites\/5\/2024\/09\/202302association-franco-turque-sddv-tremblement-de-terre-1024x771-1.jpg\",\"datePublished\":\"2023-02-10T05:20:53+00:00\",\"dateModified\":\"2023-02-10T05:20:53+00:00\",\"breadcrumb\":{\"@id\":\"https:\/\/vosgesinfo.fr\/remiremontinfo\/2023\/02\/seisme-turquie-syrie-solidarite-internationale-touche-beaucoup\/#breadcrumb\"},\"inLanguage\":\"fr-FR\",\"potentialAction\":[{\"@type\":\"ReadAction\",\"target\":[\"https:\/\/vosgesinfo.fr\/remiremontinfo\/2023\/02\/seisme-turquie-syrie-solidarite-internationale-touche-beaucoup\/\"]}]},{\"@type\":\"ImageObject\",\"inLanguage\":\"fr-FR\",\"@id\":\"https:\/\/vosgesinfo.fr\/remiremontinfo\/2023\/02\/seisme-turquie-syrie-solidarite-internationale-touche-beaucoup\/#primaryimage\",\"url\":\"https:\/\/vosgesinfo.fr\/app\/uploads\/sites\/5\/2024\/09\/202302association-franco-turque-sddv-tremblement-de-terre-1024x771-1.jpg\",\"contentUrl\":\"https:\/\/vosgesinfo.fr\/app\/uploads\/sites\/5\/2024\/09\/202302association-franco-turque-sddv-tremblement-de-terre-1024x771-1.jpg\",\"width\":1024,\"height\":771},{\"@type\":\"BreadcrumbList\",\"@id\":\"https:\/\/vosgesinfo.fr\/remiremontinfo\/2023\/02\/seisme-turquie-syrie-solidarite-internationale-touche-beaucoup\/#breadcrumb\",\"itemListElement\":[{\"@type\":\"ListItem\",\"position\":1,\"name\":\"Home\",\"item\":\"https:\/\/vosgesinfo.fr\/remiremontinfo\/\"},{\"@type\":\"ListItem\",\"position\":2,\"name\":\"S\u00e9isme en Turquie et Syrie : \u00ab La solidarit\u00e9 internationale nous touche beaucoup \u00bb\"}]},{\"@type\":\"WebSite\",\"@id\":\"https:\/\/vosgesinfo.fr\/remiremontinfo\/#website\",\"url\":\"https:\/\/vosgesinfo.fr\/remiremontinfo\/\",\"name\":\"Remiremont Info\",\"description\":\"Toute l&#039;actualit\u00e9 de Remiremont\",\"publisher\":{\"@id\":\"https:\/\/vosgesinfo.fr\/remiremontinfo\/#organization\"},\"alternateName\":\"Toute l'actualit\u00e9 de Remiremont\",\"potentialAction\":[{\"@type\":\"SearchAction\",\"target\":{\"@type\":\"EntryPoint\",\"urlTemplate\":\"https:\/\/vosgesinfo.fr\/remiremontinfo\/?s={search_term_string}\"},\"query-input\":\"required name=search_term_string\"}],\"inLanguage\":\"fr-FR\"},{\"@type\":\"Organization\",\"@id\":\"https:\/\/vosgesinfo.fr\/remiremontinfo\/#organization\",\"name\":\"Remiremont Info\",\"url\":\"https:\/\/vosgesinfo.fr\/remiremontinfo\/\",\"logo\":{\"@type\":\"ImageObject\",\"inLanguage\":\"fr-FR\",\"@id\":\"https:\/\/vosgesinfo.fr\/remiremontinfo\/#\/schema\/logo\/image\/\",\"url\":\"https:\/\/vosgesinfo.fr\/app\/uploads\/sites\/5\/2023\/08\/favicon-remiremontinfo.png\",\"contentUrl\":\"https:\/\/vosgesinfo.fr\/app\/uploads\/sites\/5\/2023\/08\/favicon-remiremontinfo.png\",\"width\":512,\"height\":512,\"caption\":\"Remiremont Info\"},\"image\":{\"@id\":\"https:\/\/vosgesinfo.fr\/remiremontinfo\/#\/schema\/logo\/image\/\"},\"sameAs\":[\"https:\/\/www.facebook.com\/remiremontinfo\",\"https:\/\/x.com\/VosgesInfo88\",\"https:\/\/www.youtube.com\/@vosgesinfo\"]},{\"@type\":\"Person\",\"@id\":\"https:\/\/vosgesinfo.fr\/remiremontinfo\/#\/schema\/person\/3bfd164d5218a185b1db68655a265316\",\"name\":\"C D\",\"image\":{\"@type\":\"ImageObject\",\"inLanguage\":\"fr-FR\",\"@id\":\"https:\/\/vosgesinfo.fr\/remiremontinfo\/#\/schema\/person\/image\/\",\"url\":\"https:\/\/secure.gravatar.com\/avatar\/1f9a70007336511a47468b8f1c66f922b8b7cf617b02a31149ada43893a5d48f?s=96&d=mm&r=g\",\"contentUrl\":\"https:\/\/secure.gravatar.com\/avatar\/1f9a70007336511a47468b8f1c66f922b8b7cf617b02a31149ada43893a5d48f?s=96&d=mm&r=g\",\"caption\":\"C D\"},\"url\":\"https:\/\/vosgesinfo.fr\/remiremontinfo\/author\/cedric-drevet\/\"}]}<\/script>\n<!-- \/ Yoast SEO plugin. -->","yoast_head_json":{"title":"S\u00e9isme en Turquie et Syrie : \u00ab La solidarit\u00e9 internationale nous touche beaucoup \u00bb - Remiremont Info","robots":{"index":"index","follow":"follow","max-snippet":"max-snippet:-1","max-image-preview":"max-image-preview:large","max-video-preview":"max-video-preview:-1"},"canonical":"https:\/\/vosgesinfo.fr\/remiremontinfo\/2023\/02\/seisme-turquie-syrie-solidarite-internationale-touche-beaucoup\/","twitter_card":"summary_large_image","twitter_title":"S\u00e9isme en Turquie et Syrie : \u00ab La solidarit\u00e9 internationale nous touche beaucoup \u00bb - Remiremont Info","twitter_description":"Ce lundi 6 f\u00e9vrier, la Turquie et la Syrie ont \u00e9t\u00e9 touch\u00e9es par un violent s\u00e9isme de magnitude 7,8. Trois [&hellip;]","twitter_image":"https:\/\/vosgesinfo.fr\/app\/uploads\/sites\/5\/2024\/09\/202302association-franco-turque-sddv-tremblement-de-terre-1024x771-1.jpg","twitter_creator":"@VosgesInfo88","twitter_site":"@VosgesInfo88","twitter_misc":{"\u00c9crit par":"C D","Dur\u00e9e de lecture estim\u00e9e":"1 minute"},"schema":{"@context":"https:\/\/schema.org","@graph":[{"@type":"Article","@id":"https:\/\/vosgesinfo.fr\/remiremontinfo\/2023\/02\/seisme-turquie-syrie-solidarite-internationale-touche-beaucoup\/#article","isPartOf":{"@id":"https:\/\/vosgesinfo.fr\/remiremontinfo\/2023\/02\/seisme-turquie-syrie-solidarite-internationale-touche-beaucoup\/"},"author":{"name":"C D","@id":"https:\/\/vosgesinfo.fr\/remiremontinfo\/#\/schema\/person\/3bfd164d5218a185b1db68655a265316"},"headline":"S\u00e9isme en Turquie et Syrie : \u00ab La solidarit\u00e9 internationale nous touche beaucoup \u00bb","datePublished":"2023-02-10T05:20:53+00:00","dateModified":"2023-02-10T05:20:53+00:00","mainEntityOfPage":{"@id":"https:\/\/vosgesinfo.fr\/remiremontinfo\/2023\/02\/seisme-turquie-syrie-solidarite-internationale-touche-beaucoup\/"},"wordCount":209,"commentCount":0,"publisher":{"@id":"https:\/\/vosgesinfo.fr\/remiremontinfo\/#organization"},"image":{"@id":"https:\/\/vosgesinfo.fr\/remiremontinfo\/2023\/02\/seisme-turquie-syrie-solidarite-internationale-touche-beaucoup\/#primaryimage"},"thumbnailUrl":"https:\/\/vosgesinfo.fr\/app\/uploads\/sites\/5\/2024\/09\/202302association-franco-turque-sddv-tremblement-de-terre-1024x771-1.jpg","keywords":["seisme","solidarit\u00e9","syrie","Turquie","Vosges"],"articleSection":["A la Une","Solidarit\u00e9","Vosges"],"inLanguage":"fr-FR","potentialAction":[{"@type":"CommentAction","name":"Comment","target":["https:\/\/vosgesinfo.fr\/remiremontinfo\/2023\/02\/seisme-turquie-syrie-solidarite-internationale-touche-beaucoup\/#respond"]}]},{"@type":"WebPage","@id":"https:\/\/vosgesinfo.fr\/remiremontinfo\/2023\/02\/seisme-turquie-syrie-solidarite-internationale-touche-beaucoup\/","url":"https:\/\/vosgesinfo.fr\/remiremontinfo\/2023\/02\/seisme-turquie-syrie-solidarite-internationale-touche-beaucoup\/","name":"S\u00e9isme en Turquie et Syrie : \u00ab La solidarit\u00e9 internationale nous touche beaucoup \u00bb - Remiremont Info","isPartOf":{"@id":"https:\/\/vosgesinfo.fr\/remiremontinfo\/#website"},"primaryImageOfPage":{"@id":"https:\/\/vosgesinfo.fr\/remiremontinfo\/2023\/02\/seisme-turquie-syrie-solidarite-internationale-touche-beaucoup\/#primaryimage"},"image":{"@id":"https:\/\/vosgesinfo.fr\/remiremontinfo\/2023\/02\/seisme-turquie-syrie-solidarite-internationale-touche-beaucoup\/#primaryimage"},"thumbnailUrl":"https:\/\/vosgesinfo.fr\/app\/uploads\/sites\/5\/2024\/09\/202302association-franco-turque-sddv-tremblement-de-terre-1024x771-1.jpg","datePublished":"2023-02-10T05:20:53+00:00","dateModified":"2023-02-10T05:20:53+00:00","breadcrumb":{"@id":"https:\/\/vosgesinfo.fr\/remiremontinfo\/2023\/02\/seisme-turquie-syrie-solidarite-internationale-touche-beaucoup\/#breadcrumb"},"inLanguage":"fr-FR","potentialAction":[{"@type":"ReadAction","target":["https:\/\/vosgesinfo.fr\/remiremontinfo\/2023\/02\/seisme-turquie-syrie-solidarite-internationale-touche-beaucoup\/"]}]},{"@type":"ImageObject","inLanguage":"fr-FR","@id":"https:\/\/vosgesinfo.fr\/remiremontinfo\/2023\/02\/seisme-turquie-syrie-solidarite-internationale-touche-beaucoup\/#primaryimage","url":"https:\/\/vosgesinfo.fr\/app\/uploads\/sites\/5\/2024\/09\/202302association-franco-turque-sddv-tremblement-de-terre-1024x771-1.jpg","contentUrl":"https:\/\/vosgesinfo.fr\/app\/uploads\/sites\/5\/2024\/09\/202302association-franco-turque-sddv-tremblement-de-terre-1024x771-1.jpg","width":1024,"height":771},{"@type":"BreadcrumbList","@id":"https:\/\/vosgesinfo.fr\/remiremontinfo\/2023\/02\/seisme-turquie-syrie-solidarite-internationale-touche-beaucoup\/#breadcrumb","itemListElement":[{"@type":"ListItem","position":1,"name":"Home","item":"https:\/\/vosgesinfo.fr\/remiremontinfo\/"},{"@type":"ListItem","position":2,"name":"S\u00e9isme en Turquie et Syrie : \u00ab La solidarit\u00e9 internationale nous touche beaucoup \u00bb"}]},{"@type":"WebSite","@id":"https:\/\/vosgesinfo.fr\/remiremontinfo\/#website","url":"https:\/\/vosgesinfo.fr\/remiremontinfo\/","name":"Remiremont Info","description":"Toute l&#039;actualit\u00e9 de Remiremont","publisher":{"@id":"https:\/\/vosgesinfo.fr\/remiremontinfo\/#organization"},"alternateName":"Toute l'actualit\u00e9 de Remiremont","potentialAction":[{"@type":"SearchAction","target":{"@type":"EntryPoint","urlTemplate":"https:\/\/vosgesinfo.fr\/remiremontinfo\/?s={search_term_string}"},"query-input":"required name=search_term_string"}],"inLanguage":"fr-FR"},{"@type":"Organization","@id":"https:\/\/vosgesinfo.fr\/remiremontinfo\/#organization","name":"Remiremont Info","url":"https:\/\/vosgesinfo.fr\/remiremontinfo\/","logo":{"@type":"ImageObject","inLanguage":"fr-FR","@id":"https:\/\/vosgesinfo.fr\/remiremontinfo\/#\/schema\/logo\/image\/","url":"https:\/\/vosgesinfo.fr\/app\/uploads\/sites\/5\/2023\/08\/favicon-remiremontinfo.png","contentUrl":"https:\/\/vosgesinfo.fr\/app\/uploads\/sites\/5\/2023\/08\/favicon-remiremontinfo.png","width":512,"height":512,"caption":"Remiremont Info"},"image":{"@id":"https:\/\/vosgesinfo.fr\/remiremontinfo\/#\/schema\/logo\/image\/"},"sameAs":["https:\/\/www.facebook.com\/remiremontinfo","https:\/\/x.com\/VosgesInfo88","https:\/\/www.youtube.com\/@vosgesinfo"]},{"@type":"Person","@id":"https:\/\/vosgesinfo.fr\/remiremontinfo\/#\/schema\/person\/3bfd164d5218a185b1db68655a265316","name":"C D","image":{"@type":"ImageObject","inLanguage":"fr-FR","@id":"https:\/\/vosgesinfo.fr\/remiremontinfo\/#\/schema\/person\/image\/","url":"https:\/\/secure.gravatar.com\/avatar\/1f9a70007336511a47468b8f1c66f922b8b7cf617b02a31149ada43893a5d48f?s=96&d=mm&r=g","contentUrl":"https:\/\/secure.gravatar.com\/avatar\/1f9a70007336511a47468b8f1c66f922b8b7cf617b02a31149ada43893a5d48f?s=96&d=mm&r=g","caption":"C D"},"url":"https:\/\/vosgesinfo.fr\/remiremontinfo\/author\/cedric-drevet\/"}]}},"_links":{"self":[{"href":"https:\/\/vosgesinfo.fr\/remiremontinfo\/wp-json\/wp\/v2\/posts\/67563","targetHints":{"allow":["GET"]}}],"collection":[{"href":"https:\/\/vosgesinfo.fr\/remiremontinfo\/wp-json\/wp\/v2\/posts"}],"about":[{"href":"https:\/\/vosgesinfo.fr\/remiremontinfo\/wp-json\/wp\/v2\/types\/post"}],"author":[{"embeddable":true,"href":"https:\/\/vosgesinfo.fr\/remiremontinfo\/wp-json\/wp\/v2\/users\/407"}],"replies":[{"embeddable":true,"href":"https:\/\/vosgesinfo.fr\/remiremontinfo\/wp-json\/wp\/v2\/comments?post=67563"}],"version-history":[{"count":0,"href":"https:\/\/vosgesinfo.fr\/remiremontinfo\/wp-json\/wp\/v2\/posts\/67563\/revisions"}],"wp:featuredmedia":[{"embeddable":true,"href":"https:\/\/vosgesinfo.fr\/remiremontinfo\/wp-json\/wp\/v2\/media\/67564"}],"wp:attachment":[{"href":"https:\/\/vosgesinfo.fr\/remiremontinfo\/wp-json\/wp\/v2\/media?parent=67563"}],"wp:term":[{"taxonomy":"category","embeddable":true,"href":"https:\/\/vosgesinfo.fr\/remiremontinfo\/wp-json\/wp\/v2\/categories?post=67563"},{"taxonomy":"post_tag","embeddable":true,"href":"https:\/\/vosgesinfo.fr\/remiremontinfo\/wp-json\/wp\/v2\/tags?post=67563"}],"curies":[{"name":"wp","href":"https:\/\/api.w.org\/{rel}","templated":true}]}}