{"id":68143,"date":"2023-02-27T09:35:24","date_gmt":"2023-02-27T08:35:24","guid":{"rendered":"https:\/\/vosgesinfo.fr\/remiremontinfo\/2023\/02\/principal-syndicat-de-medecins-generalistes-vote-contre-tarif-de-base-de-consultation-a-26e50-voire-30e-conditions\/"},"modified":"2023-02-27T09:35:24","modified_gmt":"2023-02-27T08:35:24","slug":"principal-syndicat-de-medecins-generalistes-vote-contre-tarif-de-base-de-consultation-a-26e50-voire-30e-conditions","status":"publish","type":"post","link":"https:\/\/vosgesinfo.fr\/remiremontinfo\/2023\/02\/principal-syndicat-de-medecins-generalistes-vote-contre-tarif-de-base-de-consultation-a-26e50-voire-30e-conditions\/","title":{"rendered":"Le principal syndicat de m\u00e9decins g\u00e9n\u00e9ralistes vote contre le tarif de base de consultation \u00e0 26\u20ac50, voire 30\u20ac sous conditions"},"content":{"rendered":"<h2>MG France, le principal syndicat des g\u00e9n\u00e9ralistes, a vot\u00e9 contre les nouveaux tarifs des consultations propos\u00e9s par la S\u00e9curit\u00e9 sociale. La S\u00e9curit\u00e9 sociale avait propos\u00e9 aux m\u00e9decins g\u00e9n\u00e9ralistes d\u2019augmenter leur tarif de consultation \u00e0 26,50 euros, voire 30 euros s\u2019ils prennent des \u00ab\u00a0engagements territoriaux\u00a0\u00bb.<\/h2>\n<p>Le principal syndicat des m\u00e9decins g\u00e9n\u00e9ralistes, MG France, a annonc\u00e9 dimanche soir avoir vot\u00e9 \u00e0 l\u2019unanimit\u00e9 contre les nouveaux tarifs des consultations propos\u00e9s par la S\u00e9curit\u00e9 sociale.\u00a0La S\u00e9curit\u00e9 Sociale avait propos\u00e9 aux<\/p>\n","protected":false},"excerpt":{"rendered":"<p>MG France, le principal syndicat des g\u00e9n\u00e9ralistes, a vot\u00e9 contre les nouveaux tarifs des consultations propos\u00e9s par la S\u00e9curit\u00e9 sociale. [&hellip;]<\/p>\n","protected":false},"author":407,"featured_media":1929,"comment_status":"open","ping_status":"open","sticky":false,"template":"","format":"standard","meta":{"footnotes":""},"categories":[26,12,18],"tags":[1498,46,32],"class_list":["post-68143","post","type-post","status-publish","format-standard","has-post-thumbnail","hentry","category-a-la-une","category-sante","category-vosges","tag-medecins","tag-sante","tag-vosges"],"acf":[],"yoast_head":"<!-- This site is optimized with the Yoast SEO plugin v22.5 - https:\/\/yoast.com\/wordpress\/plugins\/seo\/ -->\n<title>Le principal syndicat de m\u00e9decins g\u00e9n\u00e9ralistes vote contre le tarif de base de consultation \u00e0 26\u20ac50, voire 30\u20ac sous conditions - Remiremont Info<\/title>\n<meta name=\"robots\" content=\"index, follow, max-snippet:-1, max-image-preview:large, max-video-preview:-1\" \/>\n<link rel=\"canonical\" href=\"https:\/\/vosgesinfo.fr\/remiremontinfo\/2023\/02\/principal-syndicat-de-medecins-generalistes-vote-contre-tarif-de-base-de-consultation-a-26e50-voire-30e-conditions\/\" \/>\n<meta name=\"twitter:card\" content=\"summary_large_image\" \/>\n<meta name=\"twitter:title\" content=\"Le principal syndicat de m\u00e9decins g\u00e9n\u00e9ralistes vote contre le tarif de base de consultation \u00e0 26\u20ac50, voire 30\u20ac sous conditions - Remiremont Info\" \/>\n<meta name=\"twitter:description\" content=\"MG France, le principal syndicat des g\u00e9n\u00e9ralistes, a vot\u00e9 contre les nouveaux tarifs des consultations propos\u00e9s par la S\u00e9curit\u00e9 sociale. [&hellip;]\" \/>\n<meta name=\"twitter:image\" content=\"https:\/\/vosgesinfo.fr\/app\/uploads\/sites\/5\/2023\/10\/medecins-800x534-1.jpg\" \/>\n<meta name=\"twitter:creator\" content=\"@VosgesInfo88\" \/>\n<meta name=\"twitter:site\" content=\"@VosgesInfo88\" \/>\n<meta name=\"twitter:label1\" content=\"\u00c9crit par\" \/>\n\t<meta name=\"twitter:data1\" content=\"C D\" \/>\n<script type=\"application\/ld+json\" class=\"yoast-schema-graph\">{\"@context\":\"https:\/\/schema.org\",\"@graph\":[{\"@type\":\"Article\",\"@id\":\"https:\/\/vosgesinfo.fr\/remiremontinfo\/2023\/02\/principal-syndicat-de-medecins-generalistes-vote-contre-tarif-de-base-de-consultation-a-26e50-voire-30e-conditions\/#article\",\"isPartOf\":{\"@id\":\"https:\/\/vosgesinfo.fr\/remiremontinfo\/2023\/02\/principal-syndicat-de-medecins-generalistes-vote-contre-tarif-de-base-de-consultation-a-26e50-voire-30e-conditions\/\"},\"author\":{\"name\":\"C D\",\"@id\":\"https:\/\/vosgesinfo.fr\/remiremontinfo\/#\/schema\/person\/3bfd164d5218a185b1db68655a265316\"},\"headline\":\"Le principal syndicat de m\u00e9decins g\u00e9n\u00e9ralistes vote contre le tarif de base de consultation \u00e0 26\u20ac50, voire 30\u20ac sous conditions\",\"datePublished\":\"2023-02-27T08:35:24+00:00\",\"dateModified\":\"2023-02-27T08:35:24+00:00\",\"mainEntityOfPage\":{\"@id\":\"https:\/\/vosgesinfo.fr\/remiremontinfo\/2023\/02\/principal-syndicat-de-medecins-generalistes-vote-contre-tarif-de-base-de-consultation-a-26e50-voire-30e-conditions\/\"},\"wordCount\":110,\"commentCount\":0,\"publisher\":{\"@id\":\"https:\/\/vosgesinfo.fr\/remiremontinfo\/#organization\"},\"image\":{\"@id\":\"https:\/\/vosgesinfo.fr\/remiremontinfo\/2023\/02\/principal-syndicat-de-medecins-generalistes-vote-contre-tarif-de-base-de-consultation-a-26e50-voire-30e-conditions\/#primaryimage\"},\"thumbnailUrl\":\"https:\/\/vosgesinfo.fr\/app\/uploads\/sites\/5\/2023\/10\/medecins-800x534-1.jpg\",\"keywords\":[\"M\u00e9decins\",\"sant\u00e9\",\"Vosges\"],\"articleSection\":[\"A la Une\",\"Sant\u00e9\",\"Vosges\"],\"inLanguage\":\"fr-FR\",\"potentialAction\":[{\"@type\":\"CommentAction\",\"name\":\"Comment\",\"target\":[\"https:\/\/vosgesinfo.fr\/remiremontinfo\/2023\/02\/principal-syndicat-de-medecins-generalistes-vote-contre-tarif-de-base-de-consultation-a-26e50-voire-30e-conditions\/#respond\"]}]},{\"@type\":\"WebPage\",\"@id\":\"https:\/\/vosgesinfo.fr\/remiremontinfo\/2023\/02\/principal-syndicat-de-medecins-generalistes-vote-contre-tarif-de-base-de-consultation-a-26e50-voire-30e-conditions\/\",\"url\":\"https:\/\/vosgesinfo.fr\/remiremontinfo\/2023\/02\/principal-syndicat-de-medecins-generalistes-vote-contre-tarif-de-base-de-consultation-a-26e50-voire-30e-conditions\/\",\"name\":\"Le principal syndicat de m\u00e9decins g\u00e9n\u00e9ralistes vote contre le tarif de base de consultation \u00e0 26\u20ac50, voire 30\u20ac sous conditions - Remiremont Info\",\"isPartOf\":{\"@id\":\"https:\/\/vosgesinfo.fr\/remiremontinfo\/#website\"},\"primaryImageOfPage\":{\"@id\":\"https:\/\/vosgesinfo.fr\/remiremontinfo\/2023\/02\/principal-syndicat-de-medecins-generalistes-vote-contre-tarif-de-base-de-consultation-a-26e50-voire-30e-conditions\/#primaryimage\"},\"image\":{\"@id\":\"https:\/\/vosgesinfo.fr\/remiremontinfo\/2023\/02\/principal-syndicat-de-medecins-generalistes-vote-contre-tarif-de-base-de-consultation-a-26e50-voire-30e-conditions\/#primaryimage\"},\"thumbnailUrl\":\"https:\/\/vosgesinfo.fr\/app\/uploads\/sites\/5\/2023\/10\/medecins-800x534-1.jpg\",\"datePublished\":\"2023-02-27T08:35:24+00:00\",\"dateModified\":\"2023-02-27T08:35:24+00:00\",\"breadcrumb\":{\"@id\":\"https:\/\/vosgesinfo.fr\/remiremontinfo\/2023\/02\/principal-syndicat-de-medecins-generalistes-vote-contre-tarif-de-base-de-consultation-a-26e50-voire-30e-conditions\/#breadcrumb\"},\"inLanguage\":\"fr-FR\",\"potentialAction\":[{\"@type\":\"ReadAction\",\"target\":[\"https:\/\/vosgesinfo.fr\/remiremontinfo\/2023\/02\/principal-syndicat-de-medecins-generalistes-vote-contre-tarif-de-base-de-consultation-a-26e50-voire-30e-conditions\/\"]}]},{\"@type\":\"ImageObject\",\"inLanguage\":\"fr-FR\",\"@id\":\"https:\/\/vosgesinfo.fr\/remiremontinfo\/2023\/02\/principal-syndicat-de-medecins-generalistes-vote-contre-tarif-de-base-de-consultation-a-26e50-voire-30e-conditions\/#primaryimage\",\"url\":\"https:\/\/vosgesinfo.fr\/app\/uploads\/sites\/5\/2023\/10\/medecins-800x534-1.jpg\",\"contentUrl\":\"https:\/\/vosgesinfo.fr\/app\/uploads\/sites\/5\/2023\/10\/medecins-800x534-1.jpg\",\"width\":800,\"height\":534},{\"@type\":\"BreadcrumbList\",\"@id\":\"https:\/\/vosgesinfo.fr\/remiremontinfo\/2023\/02\/principal-syndicat-de-medecins-generalistes-vote-contre-tarif-de-base-de-consultation-a-26e50-voire-30e-conditions\/#breadcrumb\",\"itemListElement\":[{\"@type\":\"ListItem\",\"position\":1,\"name\":\"Home\",\"item\":\"https:\/\/vosgesinfo.fr\/remiremontinfo\/\"},{\"@type\":\"ListItem\",\"position\":2,\"name\":\"Le principal syndicat de m\u00e9decins g\u00e9n\u00e9ralistes vote contre le tarif de base de consultation \u00e0 26\u20ac50, voire 30\u20ac sous conditions\"}]},{\"@type\":\"WebSite\",\"@id\":\"https:\/\/vosgesinfo.fr\/remiremontinfo\/#website\",\"url\":\"https:\/\/vosgesinfo.fr\/remiremontinfo\/\",\"name\":\"Remiremont Info\",\"description\":\"Toute l&#039;actualit\u00e9 de Remiremont\",\"publisher\":{\"@id\":\"https:\/\/vosgesinfo.fr\/remiremontinfo\/#organization\"},\"alternateName\":\"Toute l'actualit\u00e9 de Remiremont\",\"potentialAction\":[{\"@type\":\"SearchAction\",\"target\":{\"@type\":\"EntryPoint\",\"urlTemplate\":\"https:\/\/vosgesinfo.fr\/remiremontinfo\/?s={search_term_string}\"},\"query-input\":\"required name=search_term_string\"}],\"inLanguage\":\"fr-FR\"},{\"@type\":\"Organization\",\"@id\":\"https:\/\/vosgesinfo.fr\/remiremontinfo\/#organization\",\"name\":\"Remiremont Info\",\"url\":\"https:\/\/vosgesinfo.fr\/remiremontinfo\/\",\"logo\":{\"@type\":\"ImageObject\",\"inLanguage\":\"fr-FR\",\"@id\":\"https:\/\/vosgesinfo.fr\/remiremontinfo\/#\/schema\/logo\/image\/\",\"url\":\"https:\/\/vosgesinfo.fr\/app\/uploads\/sites\/5\/2023\/08\/favicon-remiremontinfo.png\",\"contentUrl\":\"https:\/\/vosgesinfo.fr\/app\/uploads\/sites\/5\/2023\/08\/favicon-remiremontinfo.png\",\"width\":512,\"height\":512,\"caption\":\"Remiremont Info\"},\"image\":{\"@id\":\"https:\/\/vosgesinfo.fr\/remiremontinfo\/#\/schema\/logo\/image\/\"},\"sameAs\":[\"https:\/\/www.facebook.com\/remiremontinfo\",\"https:\/\/x.com\/VosgesInfo88\",\"https:\/\/www.youtube.com\/@vosgesinfo\"]},{\"@type\":\"Person\",\"@id\":\"https:\/\/vosgesinfo.fr\/remiremontinfo\/#\/schema\/person\/3bfd164d5218a185b1db68655a265316\",\"name\":\"C D\",\"image\":{\"@type\":\"ImageObject\",\"inLanguage\":\"fr-FR\",\"@id\":\"https:\/\/vosgesinfo.fr\/remiremontinfo\/#\/schema\/person\/image\/\",\"url\":\"https:\/\/secure.gravatar.com\/avatar\/1f9a70007336511a47468b8f1c66f922b8b7cf617b02a31149ada43893a5d48f?s=96&d=mm&r=g\",\"contentUrl\":\"https:\/\/secure.gravatar.com\/avatar\/1f9a70007336511a47468b8f1c66f922b8b7cf617b02a31149ada43893a5d48f?s=96&d=mm&r=g\",\"caption\":\"C D\"},\"url\":\"https:\/\/vosgesinfo.fr\/remiremontinfo\/author\/cedric-drevet\/\"}]}<\/script>\n<!-- \/ Yoast SEO plugin. -->","yoast_head_json":{"title":"Le principal syndicat de m\u00e9decins g\u00e9n\u00e9ralistes vote contre le tarif de base de consultation \u00e0 26\u20ac50, voire 30\u20ac sous conditions - Remiremont Info","robots":{"index":"index","follow":"follow","max-snippet":"max-snippet:-1","max-image-preview":"max-image-preview:large","max-video-preview":"max-video-preview:-1"},"canonical":"https:\/\/vosgesinfo.fr\/remiremontinfo\/2023\/02\/principal-syndicat-de-medecins-generalistes-vote-contre-tarif-de-base-de-consultation-a-26e50-voire-30e-conditions\/","twitter_card":"summary_large_image","twitter_title":"Le principal syndicat de m\u00e9decins g\u00e9n\u00e9ralistes vote contre le tarif de base de consultation \u00e0 26\u20ac50, voire 30\u20ac sous conditions - Remiremont Info","twitter_description":"MG France, le principal syndicat des g\u00e9n\u00e9ralistes, a vot\u00e9 contre les nouveaux tarifs des consultations propos\u00e9s par la S\u00e9curit\u00e9 sociale. [&hellip;]","twitter_image":"https:\/\/vosgesinfo.fr\/app\/uploads\/sites\/5\/2023\/10\/medecins-800x534-1.jpg","twitter_creator":"@VosgesInfo88","twitter_site":"@VosgesInfo88","twitter_misc":{"\u00c9crit par":"C D"},"schema":{"@context":"https:\/\/schema.org","@graph":[{"@type":"Article","@id":"https:\/\/vosgesinfo.fr\/remiremontinfo\/2023\/02\/principal-syndicat-de-medecins-generalistes-vote-contre-tarif-de-base-de-consultation-a-26e50-voire-30e-conditions\/#article","isPartOf":{"@id":"https:\/\/vosgesinfo.fr\/remiremontinfo\/2023\/02\/principal-syndicat-de-medecins-generalistes-vote-contre-tarif-de-base-de-consultation-a-26e50-voire-30e-conditions\/"},"author":{"name":"C D","@id":"https:\/\/vosgesinfo.fr\/remiremontinfo\/#\/schema\/person\/3bfd164d5218a185b1db68655a265316"},"headline":"Le principal syndicat de m\u00e9decins g\u00e9n\u00e9ralistes vote contre le tarif de base de consultation \u00e0 26\u20ac50, voire 30\u20ac sous conditions","datePublished":"2023-02-27T08:35:24+00:00","dateModified":"2023-02-27T08:35:24+00:00","mainEntityOfPage":{"@id":"https:\/\/vosgesinfo.fr\/remiremontinfo\/2023\/02\/principal-syndicat-de-medecins-generalistes-vote-contre-tarif-de-base-de-consultation-a-26e50-voire-30e-conditions\/"},"wordCount":110,"commentCount":0,"publisher":{"@id":"https:\/\/vosgesinfo.fr\/remiremontinfo\/#organization"},"image":{"@id":"https:\/\/vosgesinfo.fr\/remiremontinfo\/2023\/02\/principal-syndicat-de-medecins-generalistes-vote-contre-tarif-de-base-de-consultation-a-26e50-voire-30e-conditions\/#primaryimage"},"thumbnailUrl":"https:\/\/vosgesinfo.fr\/app\/uploads\/sites\/5\/2023\/10\/medecins-800x534-1.jpg","keywords":["M\u00e9decins","sant\u00e9","Vosges"],"articleSection":["A la Une","Sant\u00e9","Vosges"],"inLanguage":"fr-FR","potentialAction":[{"@type":"CommentAction","name":"Comment","target":["https:\/\/vosgesinfo.fr\/remiremontinfo\/2023\/02\/principal-syndicat-de-medecins-generalistes-vote-contre-tarif-de-base-de-consultation-a-26e50-voire-30e-conditions\/#respond"]}]},{"@type":"WebPage","@id":"https:\/\/vosgesinfo.fr\/remiremontinfo\/2023\/02\/principal-syndicat-de-medecins-generalistes-vote-contre-tarif-de-base-de-consultation-a-26e50-voire-30e-conditions\/","url":"https:\/\/vosgesinfo.fr\/remiremontinfo\/2023\/02\/principal-syndicat-de-medecins-generalistes-vote-contre-tarif-de-base-de-consultation-a-26e50-voire-30e-conditions\/","name":"Le principal syndicat de m\u00e9decins g\u00e9n\u00e9ralistes vote contre le tarif de base de consultation \u00e0 26\u20ac50, voire 30\u20ac sous conditions - Remiremont Info","isPartOf":{"@id":"https:\/\/vosgesinfo.fr\/remiremontinfo\/#website"},"primaryImageOfPage":{"@id":"https:\/\/vosgesinfo.fr\/remiremontinfo\/2023\/02\/principal-syndicat-de-medecins-generalistes-vote-contre-tarif-de-base-de-consultation-a-26e50-voire-30e-conditions\/#primaryimage"},"image":{"@id":"https:\/\/vosgesinfo.fr\/remiremontinfo\/2023\/02\/principal-syndicat-de-medecins-generalistes-vote-contre-tarif-de-base-de-consultation-a-26e50-voire-30e-conditions\/#primaryimage"},"thumbnailUrl":"https:\/\/vosgesinfo.fr\/app\/uploads\/sites\/5\/2023\/10\/medecins-800x534-1.jpg","datePublished":"2023-02-27T08:35:24+00:00","dateModified":"2023-02-27T08:35:24+00:00","breadcrumb":{"@id":"https:\/\/vosgesinfo.fr\/remiremontinfo\/2023\/02\/principal-syndicat-de-medecins-generalistes-vote-contre-tarif-de-base-de-consultation-a-26e50-voire-30e-conditions\/#breadcrumb"},"inLanguage":"fr-FR","potentialAction":[{"@type":"ReadAction","target":["https:\/\/vosgesinfo.fr\/remiremontinfo\/2023\/02\/principal-syndicat-de-medecins-generalistes-vote-contre-tarif-de-base-de-consultation-a-26e50-voire-30e-conditions\/"]}]},{"@type":"ImageObject","inLanguage":"fr-FR","@id":"https:\/\/vosgesinfo.fr\/remiremontinfo\/2023\/02\/principal-syndicat-de-medecins-generalistes-vote-contre-tarif-de-base-de-consultation-a-26e50-voire-30e-conditions\/#primaryimage","url":"https:\/\/vosgesinfo.fr\/app\/uploads\/sites\/5\/2023\/10\/medecins-800x534-1.jpg","contentUrl":"https:\/\/vosgesinfo.fr\/app\/uploads\/sites\/5\/2023\/10\/medecins-800x534-1.jpg","width":800,"height":534},{"@type":"BreadcrumbList","@id":"https:\/\/vosgesinfo.fr\/remiremontinfo\/2023\/02\/principal-syndicat-de-medecins-generalistes-vote-contre-tarif-de-base-de-consultation-a-26e50-voire-30e-conditions\/#breadcrumb","itemListElement":[{"@type":"ListItem","position":1,"name":"Home","item":"https:\/\/vosgesinfo.fr\/remiremontinfo\/"},{"@type":"ListItem","position":2,"name":"Le principal syndicat de m\u00e9decins g\u00e9n\u00e9ralistes vote contre le tarif de base de consultation \u00e0 26\u20ac50, voire 30\u20ac sous conditions"}]},{"@type":"WebSite","@id":"https:\/\/vosgesinfo.fr\/remiremontinfo\/#website","url":"https:\/\/vosgesinfo.fr\/remiremontinfo\/","name":"Remiremont Info","description":"Toute l&#039;actualit\u00e9 de Remiremont","publisher":{"@id":"https:\/\/vosgesinfo.fr\/remiremontinfo\/#organization"},"alternateName":"Toute l'actualit\u00e9 de Remiremont","potentialAction":[{"@type":"SearchAction","target":{"@type":"EntryPoint","urlTemplate":"https:\/\/vosgesinfo.fr\/remiremontinfo\/?s={search_term_string}"},"query-input":"required name=search_term_string"}],"inLanguage":"fr-FR"},{"@type":"Organization","@id":"https:\/\/vosgesinfo.fr\/remiremontinfo\/#organization","name":"Remiremont Info","url":"https:\/\/vosgesinfo.fr\/remiremontinfo\/","logo":{"@type":"ImageObject","inLanguage":"fr-FR","@id":"https:\/\/vosgesinfo.fr\/remiremontinfo\/#\/schema\/logo\/image\/","url":"https:\/\/vosgesinfo.fr\/app\/uploads\/sites\/5\/2023\/08\/favicon-remiremontinfo.png","contentUrl":"https:\/\/vosgesinfo.fr\/app\/uploads\/sites\/5\/2023\/08\/favicon-remiremontinfo.png","width":512,"height":512,"caption":"Remiremont Info"},"image":{"@id":"https:\/\/vosgesinfo.fr\/remiremontinfo\/#\/schema\/logo\/image\/"},"sameAs":["https:\/\/www.facebook.com\/remiremontinfo","https:\/\/x.com\/VosgesInfo88","https:\/\/www.youtube.com\/@vosgesinfo"]},{"@type":"Person","@id":"https:\/\/vosgesinfo.fr\/remiremontinfo\/#\/schema\/person\/3bfd164d5218a185b1db68655a265316","name":"C D","image":{"@type":"ImageObject","inLanguage":"fr-FR","@id":"https:\/\/vosgesinfo.fr\/remiremontinfo\/#\/schema\/person\/image\/","url":"https:\/\/secure.gravatar.com\/avatar\/1f9a70007336511a47468b8f1c66f922b8b7cf617b02a31149ada43893a5d48f?s=96&d=mm&r=g","contentUrl":"https:\/\/secure.gravatar.com\/avatar\/1f9a70007336511a47468b8f1c66f922b8b7cf617b02a31149ada43893a5d48f?s=96&d=mm&r=g","caption":"C D"},"url":"https:\/\/vosgesinfo.fr\/remiremontinfo\/author\/cedric-drevet\/"}]}},"_links":{"self":[{"href":"https:\/\/vosgesinfo.fr\/remiremontinfo\/wp-json\/wp\/v2\/posts\/68143","targetHints":{"allow":["GET"]}}],"collection":[{"href":"https:\/\/vosgesinfo.fr\/remiremontinfo\/wp-json\/wp\/v2\/posts"}],"about":[{"href":"https:\/\/vosgesinfo.fr\/remiremontinfo\/wp-json\/wp\/v2\/types\/post"}],"author":[{"embeddable":true,"href":"https:\/\/vosgesinfo.fr\/remiremontinfo\/wp-json\/wp\/v2\/users\/407"}],"replies":[{"embeddable":true,"href":"https:\/\/vosgesinfo.fr\/remiremontinfo\/wp-json\/wp\/v2\/comments?post=68143"}],"version-history":[{"count":0,"href":"https:\/\/vosgesinfo.fr\/remiremontinfo\/wp-json\/wp\/v2\/posts\/68143\/revisions"}],"wp:featuredmedia":[{"embeddable":true,"href":"https:\/\/vosgesinfo.fr\/remiremontinfo\/wp-json\/wp\/v2\/media\/1929"}],"wp:attachment":[{"href":"https:\/\/vosgesinfo.fr\/remiremontinfo\/wp-json\/wp\/v2\/media?parent=68143"}],"wp:term":[{"taxonomy":"category","embeddable":true,"href":"https:\/\/vosgesinfo.fr\/remiremontinfo\/wp-json\/wp\/v2\/categories?post=68143"},{"taxonomy":"post_tag","embeddable":true,"href":"https:\/\/vosgesinfo.fr\/remiremontinfo\/wp-json\/wp\/v2\/tags?post=68143"}],"curies":[{"name":"wp","href":"https:\/\/api.w.org\/{rel}","templated":true}]}}