{"id":68163,"date":"2023-02-27T14:49:12","date_gmt":"2023-02-27T13:49:12","guid":{"rendered":"https:\/\/vosgesinfo.fr\/remiremontinfo\/2023\/02\/reforme-retraites-lintersyndicale-vosgienne-interpelle-depute-christophe-naegelen\/"},"modified":"2023-02-27T14:49:12","modified_gmt":"2023-02-27T13:49:12","slug":"reforme-retraites-lintersyndicale-vosgienne-interpelle-depute-christophe-naegelen","status":"publish","type":"post","link":"https:\/\/vosgesinfo.fr\/remiremontinfo\/2023\/02\/reforme-retraites-lintersyndicale-vosgienne-interpelle-depute-christophe-naegelen\/","title":{"rendered":"R\u00e9forme des retraites : l\u2019intersyndicale vosgienne interpelle le d\u00e9put\u00e9 Christophe Naegelen"},"content":{"rendered":"<h2><a href=\"\/2023\/02\/retraites-intersyndicale-2.jpg\"><img decoding=\"async\" class=\"alignnone size-large wp-image-364534\" src=\"\/2023\/02\/retraites-intersyndicale-2-1024x778.jpg\" alt=\"retraites intersyndicale (2)\" width=\"960\" height=\"729\" \/><\/a><\/h2>\n<h2><span style=\"font-size: 12pt;\"><strong>Quelques dizaines de membres de l\u2019intersyndicale CFDT, CFE-CGC, CFTC, CGT, FO, Solidaires et UNSA se sont rassembl\u00e9s ce lundi en d\u00e9but d\u2019apr\u00e8s-midi devant la permanence du d\u00e9put\u00e9 de la troisi\u00e8me circonscription des Vosges, Christophe Naegelen, \u00e0 Remiremont.<\/strong><\/span><\/h2>\n<p>Le but de ce rassemblement ? Interpeller le d\u00e9put\u00e9\u00a0sur le projet de r\u00e9forme des retraites. Christophe Naegelen \u00e9tait pr\u00e9sent pour les accueillir. Il a \u00e9chang\u00e9 avec certains d\u2019entre eux. D\u2019autres syndiqu\u00e9s semblaient moins ouverts \u00e0 la discussion. D\u2019apr\u00e8s l\u2019un d\u2019entre eux, des consignes auraient \u00e9t\u00e9 donn\u00e9es de ne pas discuter. Simplement afficher des id\u00e9es\u00a0: les syndicalistes ont coll\u00e9 sur la porte de la permanence le courrier que l\u2019intersyndicale a adress\u00e9 au d\u00e9put\u00e9 de la circonscription.<\/p>\n<p>Un courrier dans lequel on peut notamment lire : \u00ab les organisations syndicales souhaitent vous interpeler sur votre r\u00f4le de parlementaire et sur l\u2019impact strat\u00e9gique de votre vote dans le d\u00e9bat de projet de loi de r\u00e9forme des retraites initi\u00e9 par le gouvernement. [\u2026] Avant m\u00eame le d\u00e9but des d\u00e9bats \u00e0 l\u2019assembl\u00e9e nationale, la Premi\u00e8re ministre a indiqu\u00e9 que l\u2019\u00e2ge de d\u00e9part \u00e0 64 ans n\u2019est plus n\u00e9gociable. Ce \u00e0 quoi nous tous avons r\u00e9pond que c\u2019est la revendication du retrait de la r\u00e9forme qui n\u2019est pas n\u00e9gociable ! C\u2019est la raison pour laquelle les organisations syndicales vosgiennes vous appellent \u00e0 vous mobiliser, vous et vos coll\u00e8ges parlementaires, pour faire \u00e9chec \u00e0 cette r\u00e9forme des retraites, injuste et injustifi\u00e9e qui remet en cause nos droits et nos r\u00e9gimes. \u00bb<\/p>\n\n","protected":false},"excerpt":{"rendered":"<p>Quelques dizaines de membres de l\u2019intersyndicale CFDT, CFE-CGC, CFTC, CGT, FO, Solidaires et UNSA se sont rassembl\u00e9s ce lundi en [&hellip;]<\/p>\n","protected":false},"author":407,"featured_media":68164,"comment_status":"open","ping_status":"open","sticky":false,"template":"","format":"standard","meta":{"footnotes":""},"categories":[26,1556,35,13],"tags":[1335,4043,2577,2578,32],"class_list":["post-68163","post","type-post","status-publish","format-standard","has-post-thumbnail","hentry","category-a-la-une","category-remiremont-remiremont-son-canton-2","category-remiremont-son-canton","category-societe","tag-depute","tag-naegelen","tag-retraites","tag-syndicats","tag-vosges"],"acf":[],"yoast_head":"<!-- This site is optimized with the Yoast SEO plugin v22.5 - https:\/\/yoast.com\/wordpress\/plugins\/seo\/ -->\n<title>R\u00e9forme des retraites : l\u2019intersyndicale vosgienne interpelle le d\u00e9put\u00e9 Christophe Naegelen - Remiremont Info<\/title>\n<meta name=\"robots\" content=\"index, follow, max-snippet:-1, max-image-preview:large, max-video-preview:-1\" \/>\n<link rel=\"canonical\" href=\"https:\/\/vosgesinfo.fr\/remiremontinfo\/2023\/02\/reforme-retraites-lintersyndicale-vosgienne-interpelle-depute-christophe-naegelen\/\" \/>\n<meta name=\"twitter:card\" content=\"summary_large_image\" \/>\n<meta name=\"twitter:title\" content=\"R\u00e9forme des retraites : l\u2019intersyndicale vosgienne interpelle le d\u00e9put\u00e9 Christophe Naegelen - Remiremont Info\" \/>\n<meta name=\"twitter:description\" content=\"Quelques dizaines de membres de l\u2019intersyndicale CFDT, CFE-CGC, CFTC, CGT, FO, Solidaires et UNSA se sont rassembl\u00e9s ce lundi en [&hellip;]\" \/>\n<meta name=\"twitter:image\" content=\"https:\/\/vosgesinfo.fr\/app\/uploads\/sites\/5\/2024\/09\/202302retraites-intersyndicale-51.jpg\" \/>\n<meta name=\"twitter:creator\" content=\"@VosgesInfo88\" \/>\n<meta name=\"twitter:site\" content=\"@VosgesInfo88\" \/>\n<meta name=\"twitter:label1\" content=\"\u00c9crit par\" \/>\n\t<meta name=\"twitter:data1\" content=\"C D\" \/>\n\t<meta name=\"twitter:label2\" content=\"Dur\u00e9e de lecture estim\u00e9e\" \/>\n\t<meta name=\"twitter:data2\" content=\"1 minute\" \/>\n<script type=\"application\/ld+json\" class=\"yoast-schema-graph\">{\"@context\":\"https:\/\/schema.org\",\"@graph\":[{\"@type\":\"Article\",\"@id\":\"https:\/\/vosgesinfo.fr\/remiremontinfo\/2023\/02\/reforme-retraites-lintersyndicale-vosgienne-interpelle-depute-christophe-naegelen\/#article\",\"isPartOf\":{\"@id\":\"https:\/\/vosgesinfo.fr\/remiremontinfo\/2023\/02\/reforme-retraites-lintersyndicale-vosgienne-interpelle-depute-christophe-naegelen\/\"},\"author\":{\"name\":\"C D\",\"@id\":\"https:\/\/vosgesinfo.fr\/remiremontinfo\/#\/schema\/person\/3bfd164d5218a185b1db68655a265316\"},\"headline\":\"R\u00e9forme des retraites : l\u2019intersyndicale vosgienne interpelle le d\u00e9put\u00e9 Christophe Naegelen\",\"datePublished\":\"2023-02-27T13:49:12+00:00\",\"dateModified\":\"2023-02-27T13:49:12+00:00\",\"mainEntityOfPage\":{\"@id\":\"https:\/\/vosgesinfo.fr\/remiremontinfo\/2023\/02\/reforme-retraites-lintersyndicale-vosgienne-interpelle-depute-christophe-naegelen\/\"},\"wordCount\":295,\"commentCount\":0,\"publisher\":{\"@id\":\"https:\/\/vosgesinfo.fr\/remiremontinfo\/#organization\"},\"image\":{\"@id\":\"https:\/\/vosgesinfo.fr\/remiremontinfo\/2023\/02\/reforme-retraites-lintersyndicale-vosgienne-interpelle-depute-christophe-naegelen\/#primaryimage\"},\"thumbnailUrl\":\"https:\/\/vosgesinfo.fr\/app\/uploads\/sites\/5\/2024\/09\/202302retraites-intersyndicale-51.jpg\",\"keywords\":[\"d\u00e9put\u00e9\",\"naegelen\",\"retrait\u00e9s\",\"syndicats\",\"Vosges\"],\"articleSection\":[\"A la Une\",\"Remiremont\",\"Remiremont &amp; son canton\",\"Soci\u00e9t\u00e9\"],\"inLanguage\":\"fr-FR\",\"potentialAction\":[{\"@type\":\"CommentAction\",\"name\":\"Comment\",\"target\":[\"https:\/\/vosgesinfo.fr\/remiremontinfo\/2023\/02\/reforme-retraites-lintersyndicale-vosgienne-interpelle-depute-christophe-naegelen\/#respond\"]}]},{\"@type\":\"WebPage\",\"@id\":\"https:\/\/vosgesinfo.fr\/remiremontinfo\/2023\/02\/reforme-retraites-lintersyndicale-vosgienne-interpelle-depute-christophe-naegelen\/\",\"url\":\"https:\/\/vosgesinfo.fr\/remiremontinfo\/2023\/02\/reforme-retraites-lintersyndicale-vosgienne-interpelle-depute-christophe-naegelen\/\",\"name\":\"R\u00e9forme des retraites : l\u2019intersyndicale vosgienne interpelle le d\u00e9put\u00e9 Christophe Naegelen - Remiremont Info\",\"isPartOf\":{\"@id\":\"https:\/\/vosgesinfo.fr\/remiremontinfo\/#website\"},\"primaryImageOfPage\":{\"@id\":\"https:\/\/vosgesinfo.fr\/remiremontinfo\/2023\/02\/reforme-retraites-lintersyndicale-vosgienne-interpelle-depute-christophe-naegelen\/#primaryimage\"},\"image\":{\"@id\":\"https:\/\/vosgesinfo.fr\/remiremontinfo\/2023\/02\/reforme-retraites-lintersyndicale-vosgienne-interpelle-depute-christophe-naegelen\/#primaryimage\"},\"thumbnailUrl\":\"https:\/\/vosgesinfo.fr\/app\/uploads\/sites\/5\/2024\/09\/202302retraites-intersyndicale-51.jpg\",\"datePublished\":\"2023-02-27T13:49:12+00:00\",\"dateModified\":\"2023-02-27T13:49:12+00:00\",\"breadcrumb\":{\"@id\":\"https:\/\/vosgesinfo.fr\/remiremontinfo\/2023\/02\/reforme-retraites-lintersyndicale-vosgienne-interpelle-depute-christophe-naegelen\/#breadcrumb\"},\"inLanguage\":\"fr-FR\",\"potentialAction\":[{\"@type\":\"ReadAction\",\"target\":[\"https:\/\/vosgesinfo.fr\/remiremontinfo\/2023\/02\/reforme-retraites-lintersyndicale-vosgienne-interpelle-depute-christophe-naegelen\/\"]}]},{\"@type\":\"ImageObject\",\"inLanguage\":\"fr-FR\",\"@id\":\"https:\/\/vosgesinfo.fr\/remiremontinfo\/2023\/02\/reforme-retraites-lintersyndicale-vosgienne-interpelle-depute-christophe-naegelen\/#primaryimage\",\"url\":\"https:\/\/vosgesinfo.fr\/app\/uploads\/sites\/5\/2024\/09\/202302retraites-intersyndicale-51.jpg\",\"contentUrl\":\"https:\/\/vosgesinfo.fr\/app\/uploads\/sites\/5\/2024\/09\/202302retraites-intersyndicale-51.jpg\",\"width\":1600,\"height\":1180},{\"@type\":\"BreadcrumbList\",\"@id\":\"https:\/\/vosgesinfo.fr\/remiremontinfo\/2023\/02\/reforme-retraites-lintersyndicale-vosgienne-interpelle-depute-christophe-naegelen\/#breadcrumb\",\"itemListElement\":[{\"@type\":\"ListItem\",\"position\":1,\"name\":\"Home\",\"item\":\"https:\/\/vosgesinfo.fr\/remiremontinfo\/\"},{\"@type\":\"ListItem\",\"position\":2,\"name\":\"R\u00e9forme des retraites : l\u2019intersyndicale vosgienne interpelle le d\u00e9put\u00e9 Christophe Naegelen\"}]},{\"@type\":\"WebSite\",\"@id\":\"https:\/\/vosgesinfo.fr\/remiremontinfo\/#website\",\"url\":\"https:\/\/vosgesinfo.fr\/remiremontinfo\/\",\"name\":\"Remiremont Info\",\"description\":\"Toute l&#039;actualit\u00e9 de Remiremont\",\"publisher\":{\"@id\":\"https:\/\/vosgesinfo.fr\/remiremontinfo\/#organization\"},\"alternateName\":\"Toute l'actualit\u00e9 de Remiremont\",\"potentialAction\":[{\"@type\":\"SearchAction\",\"target\":{\"@type\":\"EntryPoint\",\"urlTemplate\":\"https:\/\/vosgesinfo.fr\/remiremontinfo\/?s={search_term_string}\"},\"query-input\":\"required name=search_term_string\"}],\"inLanguage\":\"fr-FR\"},{\"@type\":\"Organization\",\"@id\":\"https:\/\/vosgesinfo.fr\/remiremontinfo\/#organization\",\"name\":\"Remiremont Info\",\"url\":\"https:\/\/vosgesinfo.fr\/remiremontinfo\/\",\"logo\":{\"@type\":\"ImageObject\",\"inLanguage\":\"fr-FR\",\"@id\":\"https:\/\/vosgesinfo.fr\/remiremontinfo\/#\/schema\/logo\/image\/\",\"url\":\"https:\/\/vosgesinfo.fr\/app\/uploads\/sites\/5\/2023\/08\/favicon-remiremontinfo.png\",\"contentUrl\":\"https:\/\/vosgesinfo.fr\/app\/uploads\/sites\/5\/2023\/08\/favicon-remiremontinfo.png\",\"width\":512,\"height\":512,\"caption\":\"Remiremont Info\"},\"image\":{\"@id\":\"https:\/\/vosgesinfo.fr\/remiremontinfo\/#\/schema\/logo\/image\/\"},\"sameAs\":[\"https:\/\/www.facebook.com\/remiremontinfo\",\"https:\/\/x.com\/VosgesInfo88\",\"https:\/\/www.youtube.com\/@vosgesinfo\"]},{\"@type\":\"Person\",\"@id\":\"https:\/\/vosgesinfo.fr\/remiremontinfo\/#\/schema\/person\/3bfd164d5218a185b1db68655a265316\",\"name\":\"C D\",\"image\":{\"@type\":\"ImageObject\",\"inLanguage\":\"fr-FR\",\"@id\":\"https:\/\/vosgesinfo.fr\/remiremontinfo\/#\/schema\/person\/image\/\",\"url\":\"https:\/\/secure.gravatar.com\/avatar\/1f9a70007336511a47468b8f1c66f922b8b7cf617b02a31149ada43893a5d48f?s=96&d=mm&r=g\",\"contentUrl\":\"https:\/\/secure.gravatar.com\/avatar\/1f9a70007336511a47468b8f1c66f922b8b7cf617b02a31149ada43893a5d48f?s=96&d=mm&r=g\",\"caption\":\"C D\"},\"url\":\"https:\/\/vosgesinfo.fr\/remiremontinfo\/author\/cedric-drevet\/\"}]}<\/script>\n<!-- \/ Yoast SEO plugin. -->","yoast_head_json":{"title":"R\u00e9forme des retraites : l\u2019intersyndicale vosgienne interpelle le d\u00e9put\u00e9 Christophe Naegelen - Remiremont Info","robots":{"index":"index","follow":"follow","max-snippet":"max-snippet:-1","max-image-preview":"max-image-preview:large","max-video-preview":"max-video-preview:-1"},"canonical":"https:\/\/vosgesinfo.fr\/remiremontinfo\/2023\/02\/reforme-retraites-lintersyndicale-vosgienne-interpelle-depute-christophe-naegelen\/","twitter_card":"summary_large_image","twitter_title":"R\u00e9forme des retraites : l\u2019intersyndicale vosgienne interpelle le d\u00e9put\u00e9 Christophe Naegelen - Remiremont Info","twitter_description":"Quelques dizaines de membres de l\u2019intersyndicale CFDT, CFE-CGC, CFTC, CGT, FO, Solidaires et UNSA se sont rassembl\u00e9s ce lundi en [&hellip;]","twitter_image":"https:\/\/vosgesinfo.fr\/app\/uploads\/sites\/5\/2024\/09\/202302retraites-intersyndicale-51.jpg","twitter_creator":"@VosgesInfo88","twitter_site":"@VosgesInfo88","twitter_misc":{"\u00c9crit par":"C D","Dur\u00e9e de lecture estim\u00e9e":"1 minute"},"schema":{"@context":"https:\/\/schema.org","@graph":[{"@type":"Article","@id":"https:\/\/vosgesinfo.fr\/remiremontinfo\/2023\/02\/reforme-retraites-lintersyndicale-vosgienne-interpelle-depute-christophe-naegelen\/#article","isPartOf":{"@id":"https:\/\/vosgesinfo.fr\/remiremontinfo\/2023\/02\/reforme-retraites-lintersyndicale-vosgienne-interpelle-depute-christophe-naegelen\/"},"author":{"name":"C D","@id":"https:\/\/vosgesinfo.fr\/remiremontinfo\/#\/schema\/person\/3bfd164d5218a185b1db68655a265316"},"headline":"R\u00e9forme des retraites : l\u2019intersyndicale vosgienne interpelle le d\u00e9put\u00e9 Christophe Naegelen","datePublished":"2023-02-27T13:49:12+00:00","dateModified":"2023-02-27T13:49:12+00:00","mainEntityOfPage":{"@id":"https:\/\/vosgesinfo.fr\/remiremontinfo\/2023\/02\/reforme-retraites-lintersyndicale-vosgienne-interpelle-depute-christophe-naegelen\/"},"wordCount":295,"commentCount":0,"publisher":{"@id":"https:\/\/vosgesinfo.fr\/remiremontinfo\/#organization"},"image":{"@id":"https:\/\/vosgesinfo.fr\/remiremontinfo\/2023\/02\/reforme-retraites-lintersyndicale-vosgienne-interpelle-depute-christophe-naegelen\/#primaryimage"},"thumbnailUrl":"https:\/\/vosgesinfo.fr\/app\/uploads\/sites\/5\/2024\/09\/202302retraites-intersyndicale-51.jpg","keywords":["d\u00e9put\u00e9","naegelen","retrait\u00e9s","syndicats","Vosges"],"articleSection":["A la Une","Remiremont","Remiremont &amp; son canton","Soci\u00e9t\u00e9"],"inLanguage":"fr-FR","potentialAction":[{"@type":"CommentAction","name":"Comment","target":["https:\/\/vosgesinfo.fr\/remiremontinfo\/2023\/02\/reforme-retraites-lintersyndicale-vosgienne-interpelle-depute-christophe-naegelen\/#respond"]}]},{"@type":"WebPage","@id":"https:\/\/vosgesinfo.fr\/remiremontinfo\/2023\/02\/reforme-retraites-lintersyndicale-vosgienne-interpelle-depute-christophe-naegelen\/","url":"https:\/\/vosgesinfo.fr\/remiremontinfo\/2023\/02\/reforme-retraites-lintersyndicale-vosgienne-interpelle-depute-christophe-naegelen\/","name":"R\u00e9forme des retraites : l\u2019intersyndicale vosgienne interpelle le d\u00e9put\u00e9 Christophe Naegelen - Remiremont Info","isPartOf":{"@id":"https:\/\/vosgesinfo.fr\/remiremontinfo\/#website"},"primaryImageOfPage":{"@id":"https:\/\/vosgesinfo.fr\/remiremontinfo\/2023\/02\/reforme-retraites-lintersyndicale-vosgienne-interpelle-depute-christophe-naegelen\/#primaryimage"},"image":{"@id":"https:\/\/vosgesinfo.fr\/remiremontinfo\/2023\/02\/reforme-retraites-lintersyndicale-vosgienne-interpelle-depute-christophe-naegelen\/#primaryimage"},"thumbnailUrl":"https:\/\/vosgesinfo.fr\/app\/uploads\/sites\/5\/2024\/09\/202302retraites-intersyndicale-51.jpg","datePublished":"2023-02-27T13:49:12+00:00","dateModified":"2023-02-27T13:49:12+00:00","breadcrumb":{"@id":"https:\/\/vosgesinfo.fr\/remiremontinfo\/2023\/02\/reforme-retraites-lintersyndicale-vosgienne-interpelle-depute-christophe-naegelen\/#breadcrumb"},"inLanguage":"fr-FR","potentialAction":[{"@type":"ReadAction","target":["https:\/\/vosgesinfo.fr\/remiremontinfo\/2023\/02\/reforme-retraites-lintersyndicale-vosgienne-interpelle-depute-christophe-naegelen\/"]}]},{"@type":"ImageObject","inLanguage":"fr-FR","@id":"https:\/\/vosgesinfo.fr\/remiremontinfo\/2023\/02\/reforme-retraites-lintersyndicale-vosgienne-interpelle-depute-christophe-naegelen\/#primaryimage","url":"https:\/\/vosgesinfo.fr\/app\/uploads\/sites\/5\/2024\/09\/202302retraites-intersyndicale-51.jpg","contentUrl":"https:\/\/vosgesinfo.fr\/app\/uploads\/sites\/5\/2024\/09\/202302retraites-intersyndicale-51.jpg","width":1600,"height":1180},{"@type":"BreadcrumbList","@id":"https:\/\/vosgesinfo.fr\/remiremontinfo\/2023\/02\/reforme-retraites-lintersyndicale-vosgienne-interpelle-depute-christophe-naegelen\/#breadcrumb","itemListElement":[{"@type":"ListItem","position":1,"name":"Home","item":"https:\/\/vosgesinfo.fr\/remiremontinfo\/"},{"@type":"ListItem","position":2,"name":"R\u00e9forme des retraites : l\u2019intersyndicale vosgienne interpelle le d\u00e9put\u00e9 Christophe Naegelen"}]},{"@type":"WebSite","@id":"https:\/\/vosgesinfo.fr\/remiremontinfo\/#website","url":"https:\/\/vosgesinfo.fr\/remiremontinfo\/","name":"Remiremont Info","description":"Toute l&#039;actualit\u00e9 de Remiremont","publisher":{"@id":"https:\/\/vosgesinfo.fr\/remiremontinfo\/#organization"},"alternateName":"Toute l'actualit\u00e9 de Remiremont","potentialAction":[{"@type":"SearchAction","target":{"@type":"EntryPoint","urlTemplate":"https:\/\/vosgesinfo.fr\/remiremontinfo\/?s={search_term_string}"},"query-input":"required name=search_term_string"}],"inLanguage":"fr-FR"},{"@type":"Organization","@id":"https:\/\/vosgesinfo.fr\/remiremontinfo\/#organization","name":"Remiremont Info","url":"https:\/\/vosgesinfo.fr\/remiremontinfo\/","logo":{"@type":"ImageObject","inLanguage":"fr-FR","@id":"https:\/\/vosgesinfo.fr\/remiremontinfo\/#\/schema\/logo\/image\/","url":"https:\/\/vosgesinfo.fr\/app\/uploads\/sites\/5\/2023\/08\/favicon-remiremontinfo.png","contentUrl":"https:\/\/vosgesinfo.fr\/app\/uploads\/sites\/5\/2023\/08\/favicon-remiremontinfo.png","width":512,"height":512,"caption":"Remiremont Info"},"image":{"@id":"https:\/\/vosgesinfo.fr\/remiremontinfo\/#\/schema\/logo\/image\/"},"sameAs":["https:\/\/www.facebook.com\/remiremontinfo","https:\/\/x.com\/VosgesInfo88","https:\/\/www.youtube.com\/@vosgesinfo"]},{"@type":"Person","@id":"https:\/\/vosgesinfo.fr\/remiremontinfo\/#\/schema\/person\/3bfd164d5218a185b1db68655a265316","name":"C D","image":{"@type":"ImageObject","inLanguage":"fr-FR","@id":"https:\/\/vosgesinfo.fr\/remiremontinfo\/#\/schema\/person\/image\/","url":"https:\/\/secure.gravatar.com\/avatar\/1f9a70007336511a47468b8f1c66f922b8b7cf617b02a31149ada43893a5d48f?s=96&d=mm&r=g","contentUrl":"https:\/\/secure.gravatar.com\/avatar\/1f9a70007336511a47468b8f1c66f922b8b7cf617b02a31149ada43893a5d48f?s=96&d=mm&r=g","caption":"C D"},"url":"https:\/\/vosgesinfo.fr\/remiremontinfo\/author\/cedric-drevet\/"}]}},"_links":{"self":[{"href":"https:\/\/vosgesinfo.fr\/remiremontinfo\/wp-json\/wp\/v2\/posts\/68163","targetHints":{"allow":["GET"]}}],"collection":[{"href":"https:\/\/vosgesinfo.fr\/remiremontinfo\/wp-json\/wp\/v2\/posts"}],"about":[{"href":"https:\/\/vosgesinfo.fr\/remiremontinfo\/wp-json\/wp\/v2\/types\/post"}],"author":[{"embeddable":true,"href":"https:\/\/vosgesinfo.fr\/remiremontinfo\/wp-json\/wp\/v2\/users\/407"}],"replies":[{"embeddable":true,"href":"https:\/\/vosgesinfo.fr\/remiremontinfo\/wp-json\/wp\/v2\/comments?post=68163"}],"version-history":[{"count":0,"href":"https:\/\/vosgesinfo.fr\/remiremontinfo\/wp-json\/wp\/v2\/posts\/68163\/revisions"}],"wp:featuredmedia":[{"embeddable":true,"href":"https:\/\/vosgesinfo.fr\/remiremontinfo\/wp-json\/wp\/v2\/media\/68164"}],"wp:attachment":[{"href":"https:\/\/vosgesinfo.fr\/remiremontinfo\/wp-json\/wp\/v2\/media?parent=68163"}],"wp:term":[{"taxonomy":"category","embeddable":true,"href":"https:\/\/vosgesinfo.fr\/remiremontinfo\/wp-json\/wp\/v2\/categories?post=68163"},{"taxonomy":"post_tag","embeddable":true,"href":"https:\/\/vosgesinfo.fr\/remiremontinfo\/wp-json\/wp\/v2\/tags?post=68163"}],"curies":[{"name":"wp","href":"https:\/\/api.w.org\/{rel}","templated":true}]}}