{"id":68176,"date":"2023-02-27T16:00:05","date_gmt":"2023-02-27T15:00:05","guid":{"rendered":"https:\/\/vosgesinfo.fr\/remiremontinfo\/2023\/02\/cleurie-elus-parents-deleves-sopposent-a-fermeture-dune-classe\/"},"modified":"2023-02-27T16:00:05","modified_gmt":"2023-02-27T15:00:05","slug":"cleurie-elus-parents-deleves-sopposent-a-fermeture-dune-classe","status":"publish","type":"post","link":"https:\/\/vosgesinfo.fr\/remiremontinfo\/2023\/02\/cleurie-elus-parents-deleves-sopposent-a-fermeture-dune-classe\/","title":{"rendered":"Cleurie : \u00e9lus et parents d&rsquo;\u00e9l\u00e8ves s&rsquo;opposent \u00e0 la fermeture d&rsquo;une classe"},"content":{"rendered":"<p><a href=\"\/2023\/02\/fermeture-\u00e9cole-cleurie-10.jpg\"><img decoding=\"async\" class=\"alignnone size-large wp-image-364571\" src=\"\/2023\/02\/fermeture-\u00e9cole-cleurie-10-1024x681.jpg\" alt=\"fermeture \u00e9cole cleurie (10)\" width=\"960\" height=\"638\" \/><\/a><\/p>\n<h2><span style=\"font-size: 12pt;\"><strong>Suite \u00e0 l\u2019annonce d&rsquo;une possible suppression de poste d\u2019enseignant \u00e0 la rentr\u00e9e 2023 \u00e0 l\u2019\u00e9cole La Serpentine de Cleurie, les parents d\u2019\u00e9l\u00e8ves se mobilisent.\u00a0Pour montrer\u00a0leur d\u00e9saccord, un certain nombre d&rsquo;entre eux s&rsquo;est r\u00e9uni dans la cours ce lundi vers l&rsquo;heure de sortie de classe.\u00a0<\/strong><\/span><\/h2>\n<p>Les parents d&rsquo;\u00e9l\u00e8ves ont appris la nouvelle un peu avant les vacances scolaires. \u00ab\u00a0On est un peu pris de court\u00a0\u00bb, affirme une m\u00e8re de famille. Quelque 47 \u00e9l\u00e8ves sont inscrits \u00e0 l&rsquo;\u00e9cole de Cleurie. Il existe jusqu&rsquo;\u00e0 pr\u00e9sent trois classes de diff\u00e9rents niveaux : de la petite \u00e0 la grande section, du CP au CE2 et du CE2 au CM2. Mais il pourrait ne plus en \u00eatre ainsi bient\u00f4t. \u00ab\u00a0Qui dit fermeture dit deux classes au lieu de trois\u00a0\u00bb, affirme une de m\u00e8res pr\u00e9sentes ce lundi apr\u00e8s-midi. \u00ab\u00a0Des classes surcharg\u00e9es \u00e0 quatre niveaux\u00a0\u00bb. Une lettre a \u00e9t\u00e9 envoy\u00e9e \u00e0 la direction de l&rsquo;Acad\u00e9mie Nancy Metz, pour demander dans un premier temps une ann\u00e9e de d\u00e9rogation. Cet apr\u00e8s-midi, \u00e0 la sortie de l&rsquo;\u00e9cole, des parents d&rsquo;\u00e9l\u00e8ves et enfants ont brandi diverses pancartes pour exprimer leur d\u00e9saccord. Des enfants ont tremp\u00e9 leurs mains dans de la peinture pour en marquer l&#8217;empreinte sur une banderole.\u00a0Un exercice auquel ont particip\u00e9 le maire de la commune et le d\u00e9put\u00e9\u00a0venus apporter leur soutien. Plus d&rsquo;informations devraient arriver prochainement concernant la fermeture de cette classe et les autres fermetures pr\u00e9vues dans les Vosges.<\/p>\n\n","protected":false},"excerpt":{"rendered":"<p>Suite \u00e0 l\u2019annonce d&rsquo;une possible suppression de poste d\u2019enseignant \u00e0 la rentr\u00e9e 2023 \u00e0 l\u2019\u00e9cole La Serpentine de Cleurie, les [&hellip;]<\/p>\n","protected":false},"author":407,"featured_media":68177,"comment_status":"open","ping_status":"open","sticky":false,"template":"","format":"standard","meta":{"footnotes":""},"categories":[26,165,35],"tags":[206,1648,32],"class_list":["post-68176","post","type-post","status-publish","format-standard","has-post-thumbnail","hentry","category-a-la-une","category-enseignement","category-remiremont-son-canton","tag-cleurie","tag-fermeture-de-classe","tag-vosges"],"acf":[],"yoast_head":"<!-- This site is optimized with the Yoast SEO plugin v22.5 - https:\/\/yoast.com\/wordpress\/plugins\/seo\/ -->\n<title>Cleurie : \u00e9lus et parents d&#039;\u00e9l\u00e8ves s&#039;opposent \u00e0 la fermeture d&#039;une classe - Remiremont Info<\/title>\n<meta name=\"robots\" content=\"index, follow, max-snippet:-1, max-image-preview:large, max-video-preview:-1\" \/>\n<link rel=\"canonical\" href=\"https:\/\/vosgesinfo.fr\/remiremontinfo\/2023\/02\/cleurie-elus-parents-deleves-sopposent-a-fermeture-dune-classe\/\" \/>\n<meta name=\"twitter:card\" content=\"summary_large_image\" \/>\n<meta name=\"twitter:title\" content=\"Cleurie : \u00e9lus et parents d&#039;\u00e9l\u00e8ves s&#039;opposent \u00e0 la fermeture d&#039;une classe - Remiremont Info\" \/>\n<meta name=\"twitter:description\" content=\"Suite \u00e0 l\u2019annonce d&rsquo;une possible suppression de poste d\u2019enseignant \u00e0 la rentr\u00e9e 2023 \u00e0 l\u2019\u00e9cole La Serpentine de Cleurie, les [&hellip;]\" \/>\n<meta name=\"twitter:image\" content=\"https:\/\/vosgesinfo.fr\/app\/uploads\/sites\/5\/2024\/09\/202302fermeture-ecole-cleurie-3.jpg\" \/>\n<meta name=\"twitter:creator\" content=\"@VosgesInfo88\" \/>\n<meta name=\"twitter:site\" content=\"@VosgesInfo88\" \/>\n<meta name=\"twitter:label1\" content=\"\u00c9crit par\" \/>\n\t<meta name=\"twitter:data1\" content=\"C D\" \/>\n\t<meta name=\"twitter:label2\" content=\"Dur\u00e9e de lecture estim\u00e9e\" \/>\n\t<meta name=\"twitter:data2\" content=\"1 minute\" \/>\n<script type=\"application\/ld+json\" class=\"yoast-schema-graph\">{\"@context\":\"https:\/\/schema.org\",\"@graph\":[{\"@type\":\"Article\",\"@id\":\"https:\/\/vosgesinfo.fr\/remiremontinfo\/2023\/02\/cleurie-elus-parents-deleves-sopposent-a-fermeture-dune-classe\/#article\",\"isPartOf\":{\"@id\":\"https:\/\/vosgesinfo.fr\/remiremontinfo\/2023\/02\/cleurie-elus-parents-deleves-sopposent-a-fermeture-dune-classe\/\"},\"author\":{\"name\":\"C D\",\"@id\":\"https:\/\/vosgesinfo.fr\/remiremontinfo\/#\/schema\/person\/3bfd164d5218a185b1db68655a265316\"},\"headline\":\"Cleurie : \u00e9lus et parents d&rsquo;\u00e9l\u00e8ves s&rsquo;opposent \u00e0 la fermeture d&rsquo;une classe\",\"datePublished\":\"2023-02-27T15:00:05+00:00\",\"dateModified\":\"2023-02-27T15:00:05+00:00\",\"mainEntityOfPage\":{\"@id\":\"https:\/\/vosgesinfo.fr\/remiremontinfo\/2023\/02\/cleurie-elus-parents-deleves-sopposent-a-fermeture-dune-classe\/\"},\"wordCount\":283,\"commentCount\":0,\"publisher\":{\"@id\":\"https:\/\/vosgesinfo.fr\/remiremontinfo\/#organization\"},\"image\":{\"@id\":\"https:\/\/vosgesinfo.fr\/remiremontinfo\/2023\/02\/cleurie-elus-parents-deleves-sopposent-a-fermeture-dune-classe\/#primaryimage\"},\"thumbnailUrl\":\"https:\/\/vosgesinfo.fr\/app\/uploads\/sites\/5\/2024\/09\/202302fermeture-ecole-cleurie-3.jpg\",\"keywords\":[\"cleurie\",\"fermeture de classe\",\"Vosges\"],\"articleSection\":[\"A la Une\",\"Enseignement\",\"Remiremont &amp; son canton\"],\"inLanguage\":\"fr-FR\",\"potentialAction\":[{\"@type\":\"CommentAction\",\"name\":\"Comment\",\"target\":[\"https:\/\/vosgesinfo.fr\/remiremontinfo\/2023\/02\/cleurie-elus-parents-deleves-sopposent-a-fermeture-dune-classe\/#respond\"]}]},{\"@type\":\"WebPage\",\"@id\":\"https:\/\/vosgesinfo.fr\/remiremontinfo\/2023\/02\/cleurie-elus-parents-deleves-sopposent-a-fermeture-dune-classe\/\",\"url\":\"https:\/\/vosgesinfo.fr\/remiremontinfo\/2023\/02\/cleurie-elus-parents-deleves-sopposent-a-fermeture-dune-classe\/\",\"name\":\"Cleurie : \u00e9lus et parents d'\u00e9l\u00e8ves s'opposent \u00e0 la fermeture d'une classe - Remiremont Info\",\"isPartOf\":{\"@id\":\"https:\/\/vosgesinfo.fr\/remiremontinfo\/#website\"},\"primaryImageOfPage\":{\"@id\":\"https:\/\/vosgesinfo.fr\/remiremontinfo\/2023\/02\/cleurie-elus-parents-deleves-sopposent-a-fermeture-dune-classe\/#primaryimage\"},\"image\":{\"@id\":\"https:\/\/vosgesinfo.fr\/remiremontinfo\/2023\/02\/cleurie-elus-parents-deleves-sopposent-a-fermeture-dune-classe\/#primaryimage\"},\"thumbnailUrl\":\"https:\/\/vosgesinfo.fr\/app\/uploads\/sites\/5\/2024\/09\/202302fermeture-ecole-cleurie-3.jpg\",\"datePublished\":\"2023-02-27T15:00:05+00:00\",\"dateModified\":\"2023-02-27T15:00:05+00:00\",\"breadcrumb\":{\"@id\":\"https:\/\/vosgesinfo.fr\/remiremontinfo\/2023\/02\/cleurie-elus-parents-deleves-sopposent-a-fermeture-dune-classe\/#breadcrumb\"},\"inLanguage\":\"fr-FR\",\"potentialAction\":[{\"@type\":\"ReadAction\",\"target\":[\"https:\/\/vosgesinfo.fr\/remiremontinfo\/2023\/02\/cleurie-elus-parents-deleves-sopposent-a-fermeture-dune-classe\/\"]}]},{\"@type\":\"ImageObject\",\"inLanguage\":\"fr-FR\",\"@id\":\"https:\/\/vosgesinfo.fr\/remiremontinfo\/2023\/02\/cleurie-elus-parents-deleves-sopposent-a-fermeture-dune-classe\/#primaryimage\",\"url\":\"https:\/\/vosgesinfo.fr\/app\/uploads\/sites\/5\/2024\/09\/202302fermeture-ecole-cleurie-3.jpg\",\"contentUrl\":\"https:\/\/vosgesinfo.fr\/app\/uploads\/sites\/5\/2024\/09\/202302fermeture-ecole-cleurie-3.jpg\",\"width\":1600,\"height\":1064},{\"@type\":\"BreadcrumbList\",\"@id\":\"https:\/\/vosgesinfo.fr\/remiremontinfo\/2023\/02\/cleurie-elus-parents-deleves-sopposent-a-fermeture-dune-classe\/#breadcrumb\",\"itemListElement\":[{\"@type\":\"ListItem\",\"position\":1,\"name\":\"Home\",\"item\":\"https:\/\/vosgesinfo.fr\/remiremontinfo\/\"},{\"@type\":\"ListItem\",\"position\":2,\"name\":\"Cleurie : \u00e9lus et parents d&rsquo;\u00e9l\u00e8ves s&rsquo;opposent \u00e0 la fermeture d&rsquo;une classe\"}]},{\"@type\":\"WebSite\",\"@id\":\"https:\/\/vosgesinfo.fr\/remiremontinfo\/#website\",\"url\":\"https:\/\/vosgesinfo.fr\/remiremontinfo\/\",\"name\":\"Remiremont Info\",\"description\":\"Toute l&#039;actualit\u00e9 de Remiremont\",\"publisher\":{\"@id\":\"https:\/\/vosgesinfo.fr\/remiremontinfo\/#organization\"},\"alternateName\":\"Toute l'actualit\u00e9 de Remiremont\",\"potentialAction\":[{\"@type\":\"SearchAction\",\"target\":{\"@type\":\"EntryPoint\",\"urlTemplate\":\"https:\/\/vosgesinfo.fr\/remiremontinfo\/?s={search_term_string}\"},\"query-input\":\"required name=search_term_string\"}],\"inLanguage\":\"fr-FR\"},{\"@type\":\"Organization\",\"@id\":\"https:\/\/vosgesinfo.fr\/remiremontinfo\/#organization\",\"name\":\"Remiremont Info\",\"url\":\"https:\/\/vosgesinfo.fr\/remiremontinfo\/\",\"logo\":{\"@type\":\"ImageObject\",\"inLanguage\":\"fr-FR\",\"@id\":\"https:\/\/vosgesinfo.fr\/remiremontinfo\/#\/schema\/logo\/image\/\",\"url\":\"https:\/\/vosgesinfo.fr\/app\/uploads\/sites\/5\/2023\/08\/favicon-remiremontinfo.png\",\"contentUrl\":\"https:\/\/vosgesinfo.fr\/app\/uploads\/sites\/5\/2023\/08\/favicon-remiremontinfo.png\",\"width\":512,\"height\":512,\"caption\":\"Remiremont Info\"},\"image\":{\"@id\":\"https:\/\/vosgesinfo.fr\/remiremontinfo\/#\/schema\/logo\/image\/\"},\"sameAs\":[\"https:\/\/www.facebook.com\/remiremontinfo\",\"https:\/\/x.com\/VosgesInfo88\",\"https:\/\/www.youtube.com\/@vosgesinfo\"]},{\"@type\":\"Person\",\"@id\":\"https:\/\/vosgesinfo.fr\/remiremontinfo\/#\/schema\/person\/3bfd164d5218a185b1db68655a265316\",\"name\":\"C D\",\"image\":{\"@type\":\"ImageObject\",\"inLanguage\":\"fr-FR\",\"@id\":\"https:\/\/vosgesinfo.fr\/remiremontinfo\/#\/schema\/person\/image\/\",\"url\":\"https:\/\/secure.gravatar.com\/avatar\/1f9a70007336511a47468b8f1c66f922b8b7cf617b02a31149ada43893a5d48f?s=96&d=mm&r=g\",\"contentUrl\":\"https:\/\/secure.gravatar.com\/avatar\/1f9a70007336511a47468b8f1c66f922b8b7cf617b02a31149ada43893a5d48f?s=96&d=mm&r=g\",\"caption\":\"C D\"},\"url\":\"https:\/\/vosgesinfo.fr\/remiremontinfo\/author\/cedric-drevet\/\"}]}<\/script>\n<!-- \/ Yoast SEO plugin. -->","yoast_head_json":{"title":"Cleurie : \u00e9lus et parents d'\u00e9l\u00e8ves s'opposent \u00e0 la fermeture d'une classe - Remiremont Info","robots":{"index":"index","follow":"follow","max-snippet":"max-snippet:-1","max-image-preview":"max-image-preview:large","max-video-preview":"max-video-preview:-1"},"canonical":"https:\/\/vosgesinfo.fr\/remiremontinfo\/2023\/02\/cleurie-elus-parents-deleves-sopposent-a-fermeture-dune-classe\/","twitter_card":"summary_large_image","twitter_title":"Cleurie : \u00e9lus et parents d'\u00e9l\u00e8ves s'opposent \u00e0 la fermeture d'une classe - Remiremont Info","twitter_description":"Suite \u00e0 l\u2019annonce d&rsquo;une possible suppression de poste d\u2019enseignant \u00e0 la rentr\u00e9e 2023 \u00e0 l\u2019\u00e9cole La Serpentine de Cleurie, les [&hellip;]","twitter_image":"https:\/\/vosgesinfo.fr\/app\/uploads\/sites\/5\/2024\/09\/202302fermeture-ecole-cleurie-3.jpg","twitter_creator":"@VosgesInfo88","twitter_site":"@VosgesInfo88","twitter_misc":{"\u00c9crit par":"C D","Dur\u00e9e de lecture estim\u00e9e":"1 minute"},"schema":{"@context":"https:\/\/schema.org","@graph":[{"@type":"Article","@id":"https:\/\/vosgesinfo.fr\/remiremontinfo\/2023\/02\/cleurie-elus-parents-deleves-sopposent-a-fermeture-dune-classe\/#article","isPartOf":{"@id":"https:\/\/vosgesinfo.fr\/remiremontinfo\/2023\/02\/cleurie-elus-parents-deleves-sopposent-a-fermeture-dune-classe\/"},"author":{"name":"C D","@id":"https:\/\/vosgesinfo.fr\/remiremontinfo\/#\/schema\/person\/3bfd164d5218a185b1db68655a265316"},"headline":"Cleurie : \u00e9lus et parents d&rsquo;\u00e9l\u00e8ves s&rsquo;opposent \u00e0 la fermeture d&rsquo;une classe","datePublished":"2023-02-27T15:00:05+00:00","dateModified":"2023-02-27T15:00:05+00:00","mainEntityOfPage":{"@id":"https:\/\/vosgesinfo.fr\/remiremontinfo\/2023\/02\/cleurie-elus-parents-deleves-sopposent-a-fermeture-dune-classe\/"},"wordCount":283,"commentCount":0,"publisher":{"@id":"https:\/\/vosgesinfo.fr\/remiremontinfo\/#organization"},"image":{"@id":"https:\/\/vosgesinfo.fr\/remiremontinfo\/2023\/02\/cleurie-elus-parents-deleves-sopposent-a-fermeture-dune-classe\/#primaryimage"},"thumbnailUrl":"https:\/\/vosgesinfo.fr\/app\/uploads\/sites\/5\/2024\/09\/202302fermeture-ecole-cleurie-3.jpg","keywords":["cleurie","fermeture de classe","Vosges"],"articleSection":["A la Une","Enseignement","Remiremont &amp; son canton"],"inLanguage":"fr-FR","potentialAction":[{"@type":"CommentAction","name":"Comment","target":["https:\/\/vosgesinfo.fr\/remiremontinfo\/2023\/02\/cleurie-elus-parents-deleves-sopposent-a-fermeture-dune-classe\/#respond"]}]},{"@type":"WebPage","@id":"https:\/\/vosgesinfo.fr\/remiremontinfo\/2023\/02\/cleurie-elus-parents-deleves-sopposent-a-fermeture-dune-classe\/","url":"https:\/\/vosgesinfo.fr\/remiremontinfo\/2023\/02\/cleurie-elus-parents-deleves-sopposent-a-fermeture-dune-classe\/","name":"Cleurie : \u00e9lus et parents d'\u00e9l\u00e8ves s'opposent \u00e0 la fermeture d'une classe - Remiremont Info","isPartOf":{"@id":"https:\/\/vosgesinfo.fr\/remiremontinfo\/#website"},"primaryImageOfPage":{"@id":"https:\/\/vosgesinfo.fr\/remiremontinfo\/2023\/02\/cleurie-elus-parents-deleves-sopposent-a-fermeture-dune-classe\/#primaryimage"},"image":{"@id":"https:\/\/vosgesinfo.fr\/remiremontinfo\/2023\/02\/cleurie-elus-parents-deleves-sopposent-a-fermeture-dune-classe\/#primaryimage"},"thumbnailUrl":"https:\/\/vosgesinfo.fr\/app\/uploads\/sites\/5\/2024\/09\/202302fermeture-ecole-cleurie-3.jpg","datePublished":"2023-02-27T15:00:05+00:00","dateModified":"2023-02-27T15:00:05+00:00","breadcrumb":{"@id":"https:\/\/vosgesinfo.fr\/remiremontinfo\/2023\/02\/cleurie-elus-parents-deleves-sopposent-a-fermeture-dune-classe\/#breadcrumb"},"inLanguage":"fr-FR","potentialAction":[{"@type":"ReadAction","target":["https:\/\/vosgesinfo.fr\/remiremontinfo\/2023\/02\/cleurie-elus-parents-deleves-sopposent-a-fermeture-dune-classe\/"]}]},{"@type":"ImageObject","inLanguage":"fr-FR","@id":"https:\/\/vosgesinfo.fr\/remiremontinfo\/2023\/02\/cleurie-elus-parents-deleves-sopposent-a-fermeture-dune-classe\/#primaryimage","url":"https:\/\/vosgesinfo.fr\/app\/uploads\/sites\/5\/2024\/09\/202302fermeture-ecole-cleurie-3.jpg","contentUrl":"https:\/\/vosgesinfo.fr\/app\/uploads\/sites\/5\/2024\/09\/202302fermeture-ecole-cleurie-3.jpg","width":1600,"height":1064},{"@type":"BreadcrumbList","@id":"https:\/\/vosgesinfo.fr\/remiremontinfo\/2023\/02\/cleurie-elus-parents-deleves-sopposent-a-fermeture-dune-classe\/#breadcrumb","itemListElement":[{"@type":"ListItem","position":1,"name":"Home","item":"https:\/\/vosgesinfo.fr\/remiremontinfo\/"},{"@type":"ListItem","position":2,"name":"Cleurie : \u00e9lus et parents d&rsquo;\u00e9l\u00e8ves s&rsquo;opposent \u00e0 la fermeture d&rsquo;une classe"}]},{"@type":"WebSite","@id":"https:\/\/vosgesinfo.fr\/remiremontinfo\/#website","url":"https:\/\/vosgesinfo.fr\/remiremontinfo\/","name":"Remiremont Info","description":"Toute l&#039;actualit\u00e9 de Remiremont","publisher":{"@id":"https:\/\/vosgesinfo.fr\/remiremontinfo\/#organization"},"alternateName":"Toute l'actualit\u00e9 de Remiremont","potentialAction":[{"@type":"SearchAction","target":{"@type":"EntryPoint","urlTemplate":"https:\/\/vosgesinfo.fr\/remiremontinfo\/?s={search_term_string}"},"query-input":"required name=search_term_string"}],"inLanguage":"fr-FR"},{"@type":"Organization","@id":"https:\/\/vosgesinfo.fr\/remiremontinfo\/#organization","name":"Remiremont Info","url":"https:\/\/vosgesinfo.fr\/remiremontinfo\/","logo":{"@type":"ImageObject","inLanguage":"fr-FR","@id":"https:\/\/vosgesinfo.fr\/remiremontinfo\/#\/schema\/logo\/image\/","url":"https:\/\/vosgesinfo.fr\/app\/uploads\/sites\/5\/2023\/08\/favicon-remiremontinfo.png","contentUrl":"https:\/\/vosgesinfo.fr\/app\/uploads\/sites\/5\/2023\/08\/favicon-remiremontinfo.png","width":512,"height":512,"caption":"Remiremont Info"},"image":{"@id":"https:\/\/vosgesinfo.fr\/remiremontinfo\/#\/schema\/logo\/image\/"},"sameAs":["https:\/\/www.facebook.com\/remiremontinfo","https:\/\/x.com\/VosgesInfo88","https:\/\/www.youtube.com\/@vosgesinfo"]},{"@type":"Person","@id":"https:\/\/vosgesinfo.fr\/remiremontinfo\/#\/schema\/person\/3bfd164d5218a185b1db68655a265316","name":"C D","image":{"@type":"ImageObject","inLanguage":"fr-FR","@id":"https:\/\/vosgesinfo.fr\/remiremontinfo\/#\/schema\/person\/image\/","url":"https:\/\/secure.gravatar.com\/avatar\/1f9a70007336511a47468b8f1c66f922b8b7cf617b02a31149ada43893a5d48f?s=96&d=mm&r=g","contentUrl":"https:\/\/secure.gravatar.com\/avatar\/1f9a70007336511a47468b8f1c66f922b8b7cf617b02a31149ada43893a5d48f?s=96&d=mm&r=g","caption":"C D"},"url":"https:\/\/vosgesinfo.fr\/remiremontinfo\/author\/cedric-drevet\/"}]}},"_links":{"self":[{"href":"https:\/\/vosgesinfo.fr\/remiremontinfo\/wp-json\/wp\/v2\/posts\/68176","targetHints":{"allow":["GET"]}}],"collection":[{"href":"https:\/\/vosgesinfo.fr\/remiremontinfo\/wp-json\/wp\/v2\/posts"}],"about":[{"href":"https:\/\/vosgesinfo.fr\/remiremontinfo\/wp-json\/wp\/v2\/types\/post"}],"author":[{"embeddable":true,"href":"https:\/\/vosgesinfo.fr\/remiremontinfo\/wp-json\/wp\/v2\/users\/407"}],"replies":[{"embeddable":true,"href":"https:\/\/vosgesinfo.fr\/remiremontinfo\/wp-json\/wp\/v2\/comments?post=68176"}],"version-history":[{"count":0,"href":"https:\/\/vosgesinfo.fr\/remiremontinfo\/wp-json\/wp\/v2\/posts\/68176\/revisions"}],"wp:featuredmedia":[{"embeddable":true,"href":"https:\/\/vosgesinfo.fr\/remiremontinfo\/wp-json\/wp\/v2\/media\/68177"}],"wp:attachment":[{"href":"https:\/\/vosgesinfo.fr\/remiremontinfo\/wp-json\/wp\/v2\/media?parent=68176"}],"wp:term":[{"taxonomy":"category","embeddable":true,"href":"https:\/\/vosgesinfo.fr\/remiremontinfo\/wp-json\/wp\/v2\/categories?post=68176"},{"taxonomy":"post_tag","embeddable":true,"href":"https:\/\/vosgesinfo.fr\/remiremontinfo\/wp-json\/wp\/v2\/tags?post=68176"}],"curies":[{"name":"wp","href":"https:\/\/api.w.org\/{rel}","templated":true}]}}