{"id":68193,"date":"2023-02-27T16:00:45","date_gmt":"2023-02-27T15:00:45","guid":{"rendered":"https:\/\/vosgesinfo.fr\/remiremontinfo\/2023\/02\/salon-de-lagriculture-produits-vosgiens-medailles-concours-general-agricole-2023\/"},"modified":"2023-02-27T16:00:45","modified_gmt":"2023-02-27T15:00:45","slug":"salon-de-lagriculture-produits-vosgiens-medailles-concours-general-agricole-2023","status":"publish","type":"post","link":"https:\/\/vosgesinfo.fr\/remiremontinfo\/2023\/02\/salon-de-lagriculture-produits-vosgiens-medailles-concours-general-agricole-2023\/","title":{"rendered":"Salon de l&rsquo;Agriculture : des produits vosgiens m\u00e9daill\u00e9s au Concours G\u00e9n\u00e9ral Agricole 2023"},"content":{"rendered":"<p><a href=\"\/2023\/02\/331487012_883278349391798_6464284162376008737_n.jpg\"><img decoding=\"async\" class=\"alignnone size-large wp-image-364583\" src=\"\/2023\/02\/331487012_883278349391798_6464284162376008737_n-1024x740.jpg\" alt=\"331487012_883278349391798_6464284162376008737_n\" width=\"960\" height=\"694\" \/><\/a><\/p>\n<p><span style=\"font-size: 10pt;\"><em>Photo\u00a0<a href=\"https:\/\/www.facebook.com\/VosgesTerroir\">Je vois la vie en Vosges Terroir<\/a>\u00a0<\/em><\/span><\/p>\n<h2><span style=\"font-size: 12pt;\"><strong>Dans la cadre du Salon de l&rsquo;Agriculture,\u00a022 entreprises et fermes vosgiennes pr\u00e9sentent 60 produits\u00a0 au Concours G\u00e9n\u00e9ral Agricole. Chaque ann\u00e9e de nouveaux m\u00e9daill\u00e9s hissent haut la qualit\u00e9 de nos produits. Aujourd\u2019hui, les jur\u00e9s ont pu noter les produits de la cat\u00e9gorie \u00ab Bi\u00e8re \u00bb et \u00ab Produits laitiers \u00bb. Les produits vosgiens sont \u00e0 l\u2019honneur au Concours G\u00e9n\u00e9ral Agricole, avec 6 m\u00e9dailles !\u00a0<\/strong><\/span><\/h2>\n<p>Les laur\u00e9ats du jour :<\/p>\n<p>SAS DU PAS DE L\u2019\u00c2NE \u2013 BRASSERIE MARIE-TH\u00c9R\u00c8SE \u2013 Remiremont<br \/>\nBi\u00e8re La Marie-Th\u00e9r\u00e8se New England IPA &#8211; M\u00e9daille de<br \/>\nBronze<\/p>\n<p>GAEC XATIS AMET \u2013 Le Syndicat<br \/>\nCh\u00e8vre frais nature \u2013 M\u00e9daille d\u2019Argent<\/p>\n<p>GAEC DU LEJOL \u2013 Gerbamont<br \/>\nTomme \u00e0 l\u2019ail des ours \u2013 M\u00e9daille d\u2019or<br \/>\nTomme aux fleurs \u2013 M\u00e9daille d\u2019Argent<br \/>\nMunster fermier au Cumin AOP &#8211; M\u00e9daille de Bronze<br \/>\nFromagerie de l\u2019Ermitage \u2013 Bulgn\u00e9ville<\/p>\n<p>Munster au Cumin AOP &#8211; M\u00e9daille d\u2019Argent<\/p>\n<p><span style=\"font-size: 10pt;\"><em>Source : Chambre d&rsquo;Agriculture des Vosges\u00a0<\/em><\/span><\/p>\n","protected":false},"excerpt":{"rendered":"<p>Photo\u00a0Je vois la vie en Vosges Terroir\u00a0 Dans la cadre du Salon de l&rsquo;Agriculture,\u00a022 entreprises et fermes vosgiennes pr\u00e9sentent 60 [&hellip;]<\/p>\n","protected":false},"author":407,"featured_media":68194,"comment_status":"open","ping_status":"open","sticky":false,"template":"","format":"standard","meta":{"footnotes":""},"categories":[26,47,18],"tags":[3488,832,32],"class_list":["post-68193","post","type-post","status-publish","format-standard","has-post-thumbnail","hentry","category-a-la-une","category-agriculture","category-vosges","tag-concours-general-agricole","tag-salon-de-lagriculture","tag-vosges"],"acf":[],"yoast_head":"<!-- This site is optimized with the Yoast SEO plugin v22.5 - https:\/\/yoast.com\/wordpress\/plugins\/seo\/ -->\n<title>Salon de l&#039;Agriculture : des produits vosgiens m\u00e9daill\u00e9s au Concours G\u00e9n\u00e9ral Agricole 2023 - Remiremont Info<\/title>\n<meta name=\"robots\" content=\"index, follow, max-snippet:-1, max-image-preview:large, max-video-preview:-1\" \/>\n<link rel=\"canonical\" href=\"https:\/\/vosgesinfo.fr\/remiremontinfo\/2023\/02\/salon-de-lagriculture-produits-vosgiens-medailles-concours-general-agricole-2023\/\" \/>\n<meta name=\"twitter:card\" content=\"summary_large_image\" \/>\n<meta name=\"twitter:title\" content=\"Salon de l&#039;Agriculture : des produits vosgiens m\u00e9daill\u00e9s au Concours G\u00e9n\u00e9ral Agricole 2023 - Remiremont Info\" \/>\n<meta name=\"twitter:description\" content=\"Photo\u00a0Je vois la vie en Vosges Terroir\u00a0 Dans la cadre du Salon de l&rsquo;Agriculture,\u00a022 entreprises et fermes vosgiennes pr\u00e9sentent 60 [&hellip;]\" \/>\n<meta name=\"twitter:image\" content=\"https:\/\/vosgesinfo.fr\/app\/uploads\/sites\/5\/2024\/09\/202302331487012-883278349391798-6464284162376008737-n.jpg\" \/>\n<meta name=\"twitter:creator\" content=\"@VosgesInfo88\" \/>\n<meta name=\"twitter:site\" content=\"@VosgesInfo88\" \/>\n<meta name=\"twitter:label1\" content=\"\u00c9crit par\" \/>\n\t<meta name=\"twitter:data1\" content=\"C D\" \/>\n\t<meta name=\"twitter:label2\" content=\"Dur\u00e9e de lecture estim\u00e9e\" \/>\n\t<meta name=\"twitter:data2\" content=\"1 minute\" \/>\n<script type=\"application\/ld+json\" class=\"yoast-schema-graph\">{\"@context\":\"https:\/\/schema.org\",\"@graph\":[{\"@type\":\"Article\",\"@id\":\"https:\/\/vosgesinfo.fr\/remiremontinfo\/2023\/02\/salon-de-lagriculture-produits-vosgiens-medailles-concours-general-agricole-2023\/#article\",\"isPartOf\":{\"@id\":\"https:\/\/vosgesinfo.fr\/remiremontinfo\/2023\/02\/salon-de-lagriculture-produits-vosgiens-medailles-concours-general-agricole-2023\/\"},\"author\":{\"name\":\"C D\",\"@id\":\"https:\/\/vosgesinfo.fr\/remiremontinfo\/#\/schema\/person\/3bfd164d5218a185b1db68655a265316\"},\"headline\":\"Salon de l&rsquo;Agriculture : des produits vosgiens m\u00e9daill\u00e9s au Concours G\u00e9n\u00e9ral Agricole 2023\",\"datePublished\":\"2023-02-27T15:00:45+00:00\",\"dateModified\":\"2023-02-27T15:00:45+00:00\",\"mainEntityOfPage\":{\"@id\":\"https:\/\/vosgesinfo.fr\/remiremontinfo\/2023\/02\/salon-de-lagriculture-produits-vosgiens-medailles-concours-general-agricole-2023\/\"},\"wordCount\":188,\"commentCount\":0,\"publisher\":{\"@id\":\"https:\/\/vosgesinfo.fr\/remiremontinfo\/#organization\"},\"image\":{\"@id\":\"https:\/\/vosgesinfo.fr\/remiremontinfo\/2023\/02\/salon-de-lagriculture-produits-vosgiens-medailles-concours-general-agricole-2023\/#primaryimage\"},\"thumbnailUrl\":\"https:\/\/vosgesinfo.fr\/app\/uploads\/sites\/5\/2024\/09\/202302331487012-883278349391798-6464284162376008737-n.jpg\",\"keywords\":[\"concours g\u00e9n\u00e9ral agricole\",\"Salon de l'agriculture\",\"Vosges\"],\"articleSection\":[\"A la Une\",\"Agriculture\",\"Vosges\"],\"inLanguage\":\"fr-FR\",\"potentialAction\":[{\"@type\":\"CommentAction\",\"name\":\"Comment\",\"target\":[\"https:\/\/vosgesinfo.fr\/remiremontinfo\/2023\/02\/salon-de-lagriculture-produits-vosgiens-medailles-concours-general-agricole-2023\/#respond\"]}]},{\"@type\":\"WebPage\",\"@id\":\"https:\/\/vosgesinfo.fr\/remiremontinfo\/2023\/02\/salon-de-lagriculture-produits-vosgiens-medailles-concours-general-agricole-2023\/\",\"url\":\"https:\/\/vosgesinfo.fr\/remiremontinfo\/2023\/02\/salon-de-lagriculture-produits-vosgiens-medailles-concours-general-agricole-2023\/\",\"name\":\"Salon de l'Agriculture : des produits vosgiens m\u00e9daill\u00e9s au Concours G\u00e9n\u00e9ral Agricole 2023 - Remiremont Info\",\"isPartOf\":{\"@id\":\"https:\/\/vosgesinfo.fr\/remiremontinfo\/#website\"},\"primaryImageOfPage\":{\"@id\":\"https:\/\/vosgesinfo.fr\/remiremontinfo\/2023\/02\/salon-de-lagriculture-produits-vosgiens-medailles-concours-general-agricole-2023\/#primaryimage\"},\"image\":{\"@id\":\"https:\/\/vosgesinfo.fr\/remiremontinfo\/2023\/02\/salon-de-lagriculture-produits-vosgiens-medailles-concours-general-agricole-2023\/#primaryimage\"},\"thumbnailUrl\":\"https:\/\/vosgesinfo.fr\/app\/uploads\/sites\/5\/2024\/09\/202302331487012-883278349391798-6464284162376008737-n.jpg\",\"datePublished\":\"2023-02-27T15:00:45+00:00\",\"dateModified\":\"2023-02-27T15:00:45+00:00\",\"breadcrumb\":{\"@id\":\"https:\/\/vosgesinfo.fr\/remiremontinfo\/2023\/02\/salon-de-lagriculture-produits-vosgiens-medailles-concours-general-agricole-2023\/#breadcrumb\"},\"inLanguage\":\"fr-FR\",\"potentialAction\":[{\"@type\":\"ReadAction\",\"target\":[\"https:\/\/vosgesinfo.fr\/remiremontinfo\/2023\/02\/salon-de-lagriculture-produits-vosgiens-medailles-concours-general-agricole-2023\/\"]}]},{\"@type\":\"ImageObject\",\"inLanguage\":\"fr-FR\",\"@id\":\"https:\/\/vosgesinfo.fr\/remiremontinfo\/2023\/02\/salon-de-lagriculture-produits-vosgiens-medailles-concours-general-agricole-2023\/#primaryimage\",\"url\":\"https:\/\/vosgesinfo.fr\/app\/uploads\/sites\/5\/2024\/09\/202302331487012-883278349391798-6464284162376008737-n.jpg\",\"contentUrl\":\"https:\/\/vosgesinfo.fr\/app\/uploads\/sites\/5\/2024\/09\/202302331487012-883278349391798-6464284162376008737-n.jpg\",\"width\":1692,\"height\":1222},{\"@type\":\"BreadcrumbList\",\"@id\":\"https:\/\/vosgesinfo.fr\/remiremontinfo\/2023\/02\/salon-de-lagriculture-produits-vosgiens-medailles-concours-general-agricole-2023\/#breadcrumb\",\"itemListElement\":[{\"@type\":\"ListItem\",\"position\":1,\"name\":\"Home\",\"item\":\"https:\/\/vosgesinfo.fr\/remiremontinfo\/\"},{\"@type\":\"ListItem\",\"position\":2,\"name\":\"Salon de l&rsquo;Agriculture : des produits vosgiens m\u00e9daill\u00e9s au Concours G\u00e9n\u00e9ral Agricole 2023\"}]},{\"@type\":\"WebSite\",\"@id\":\"https:\/\/vosgesinfo.fr\/remiremontinfo\/#website\",\"url\":\"https:\/\/vosgesinfo.fr\/remiremontinfo\/\",\"name\":\"Remiremont Info\",\"description\":\"Toute l&#039;actualit\u00e9 de Remiremont\",\"publisher\":{\"@id\":\"https:\/\/vosgesinfo.fr\/remiremontinfo\/#organization\"},\"alternateName\":\"Toute l'actualit\u00e9 de Remiremont\",\"potentialAction\":[{\"@type\":\"SearchAction\",\"target\":{\"@type\":\"EntryPoint\",\"urlTemplate\":\"https:\/\/vosgesinfo.fr\/remiremontinfo\/?s={search_term_string}\"},\"query-input\":\"required name=search_term_string\"}],\"inLanguage\":\"fr-FR\"},{\"@type\":\"Organization\",\"@id\":\"https:\/\/vosgesinfo.fr\/remiremontinfo\/#organization\",\"name\":\"Remiremont Info\",\"url\":\"https:\/\/vosgesinfo.fr\/remiremontinfo\/\",\"logo\":{\"@type\":\"ImageObject\",\"inLanguage\":\"fr-FR\",\"@id\":\"https:\/\/vosgesinfo.fr\/remiremontinfo\/#\/schema\/logo\/image\/\",\"url\":\"https:\/\/vosgesinfo.fr\/app\/uploads\/sites\/5\/2023\/08\/favicon-remiremontinfo.png\",\"contentUrl\":\"https:\/\/vosgesinfo.fr\/app\/uploads\/sites\/5\/2023\/08\/favicon-remiremontinfo.png\",\"width\":512,\"height\":512,\"caption\":\"Remiremont Info\"},\"image\":{\"@id\":\"https:\/\/vosgesinfo.fr\/remiremontinfo\/#\/schema\/logo\/image\/\"},\"sameAs\":[\"https:\/\/www.facebook.com\/remiremontinfo\",\"https:\/\/x.com\/VosgesInfo88\",\"https:\/\/www.youtube.com\/@vosgesinfo\"]},{\"@type\":\"Person\",\"@id\":\"https:\/\/vosgesinfo.fr\/remiremontinfo\/#\/schema\/person\/3bfd164d5218a185b1db68655a265316\",\"name\":\"C D\",\"image\":{\"@type\":\"ImageObject\",\"inLanguage\":\"fr-FR\",\"@id\":\"https:\/\/vosgesinfo.fr\/remiremontinfo\/#\/schema\/person\/image\/\",\"url\":\"https:\/\/secure.gravatar.com\/avatar\/1f9a70007336511a47468b8f1c66f922b8b7cf617b02a31149ada43893a5d48f?s=96&d=mm&r=g\",\"contentUrl\":\"https:\/\/secure.gravatar.com\/avatar\/1f9a70007336511a47468b8f1c66f922b8b7cf617b02a31149ada43893a5d48f?s=96&d=mm&r=g\",\"caption\":\"C D\"},\"url\":\"https:\/\/vosgesinfo.fr\/remiremontinfo\/author\/cedric-drevet\/\"}]}<\/script>\n<!-- \/ Yoast SEO plugin. -->","yoast_head_json":{"title":"Salon de l'Agriculture : des produits vosgiens m\u00e9daill\u00e9s au Concours G\u00e9n\u00e9ral Agricole 2023 - Remiremont Info","robots":{"index":"index","follow":"follow","max-snippet":"max-snippet:-1","max-image-preview":"max-image-preview:large","max-video-preview":"max-video-preview:-1"},"canonical":"https:\/\/vosgesinfo.fr\/remiremontinfo\/2023\/02\/salon-de-lagriculture-produits-vosgiens-medailles-concours-general-agricole-2023\/","twitter_card":"summary_large_image","twitter_title":"Salon de l'Agriculture : des produits vosgiens m\u00e9daill\u00e9s au Concours G\u00e9n\u00e9ral Agricole 2023 - Remiremont Info","twitter_description":"Photo\u00a0Je vois la vie en Vosges Terroir\u00a0 Dans la cadre du Salon de l&rsquo;Agriculture,\u00a022 entreprises et fermes vosgiennes pr\u00e9sentent 60 [&hellip;]","twitter_image":"https:\/\/vosgesinfo.fr\/app\/uploads\/sites\/5\/2024\/09\/202302331487012-883278349391798-6464284162376008737-n.jpg","twitter_creator":"@VosgesInfo88","twitter_site":"@VosgesInfo88","twitter_misc":{"\u00c9crit par":"C D","Dur\u00e9e de lecture estim\u00e9e":"1 minute"},"schema":{"@context":"https:\/\/schema.org","@graph":[{"@type":"Article","@id":"https:\/\/vosgesinfo.fr\/remiremontinfo\/2023\/02\/salon-de-lagriculture-produits-vosgiens-medailles-concours-general-agricole-2023\/#article","isPartOf":{"@id":"https:\/\/vosgesinfo.fr\/remiremontinfo\/2023\/02\/salon-de-lagriculture-produits-vosgiens-medailles-concours-general-agricole-2023\/"},"author":{"name":"C D","@id":"https:\/\/vosgesinfo.fr\/remiremontinfo\/#\/schema\/person\/3bfd164d5218a185b1db68655a265316"},"headline":"Salon de l&rsquo;Agriculture : des produits vosgiens m\u00e9daill\u00e9s au Concours G\u00e9n\u00e9ral Agricole 2023","datePublished":"2023-02-27T15:00:45+00:00","dateModified":"2023-02-27T15:00:45+00:00","mainEntityOfPage":{"@id":"https:\/\/vosgesinfo.fr\/remiremontinfo\/2023\/02\/salon-de-lagriculture-produits-vosgiens-medailles-concours-general-agricole-2023\/"},"wordCount":188,"commentCount":0,"publisher":{"@id":"https:\/\/vosgesinfo.fr\/remiremontinfo\/#organization"},"image":{"@id":"https:\/\/vosgesinfo.fr\/remiremontinfo\/2023\/02\/salon-de-lagriculture-produits-vosgiens-medailles-concours-general-agricole-2023\/#primaryimage"},"thumbnailUrl":"https:\/\/vosgesinfo.fr\/app\/uploads\/sites\/5\/2024\/09\/202302331487012-883278349391798-6464284162376008737-n.jpg","keywords":["concours g\u00e9n\u00e9ral agricole","Salon de l'agriculture","Vosges"],"articleSection":["A la Une","Agriculture","Vosges"],"inLanguage":"fr-FR","potentialAction":[{"@type":"CommentAction","name":"Comment","target":["https:\/\/vosgesinfo.fr\/remiremontinfo\/2023\/02\/salon-de-lagriculture-produits-vosgiens-medailles-concours-general-agricole-2023\/#respond"]}]},{"@type":"WebPage","@id":"https:\/\/vosgesinfo.fr\/remiremontinfo\/2023\/02\/salon-de-lagriculture-produits-vosgiens-medailles-concours-general-agricole-2023\/","url":"https:\/\/vosgesinfo.fr\/remiremontinfo\/2023\/02\/salon-de-lagriculture-produits-vosgiens-medailles-concours-general-agricole-2023\/","name":"Salon de l'Agriculture : des produits vosgiens m\u00e9daill\u00e9s au Concours G\u00e9n\u00e9ral Agricole 2023 - Remiremont Info","isPartOf":{"@id":"https:\/\/vosgesinfo.fr\/remiremontinfo\/#website"},"primaryImageOfPage":{"@id":"https:\/\/vosgesinfo.fr\/remiremontinfo\/2023\/02\/salon-de-lagriculture-produits-vosgiens-medailles-concours-general-agricole-2023\/#primaryimage"},"image":{"@id":"https:\/\/vosgesinfo.fr\/remiremontinfo\/2023\/02\/salon-de-lagriculture-produits-vosgiens-medailles-concours-general-agricole-2023\/#primaryimage"},"thumbnailUrl":"https:\/\/vosgesinfo.fr\/app\/uploads\/sites\/5\/2024\/09\/202302331487012-883278349391798-6464284162376008737-n.jpg","datePublished":"2023-02-27T15:00:45+00:00","dateModified":"2023-02-27T15:00:45+00:00","breadcrumb":{"@id":"https:\/\/vosgesinfo.fr\/remiremontinfo\/2023\/02\/salon-de-lagriculture-produits-vosgiens-medailles-concours-general-agricole-2023\/#breadcrumb"},"inLanguage":"fr-FR","potentialAction":[{"@type":"ReadAction","target":["https:\/\/vosgesinfo.fr\/remiremontinfo\/2023\/02\/salon-de-lagriculture-produits-vosgiens-medailles-concours-general-agricole-2023\/"]}]},{"@type":"ImageObject","inLanguage":"fr-FR","@id":"https:\/\/vosgesinfo.fr\/remiremontinfo\/2023\/02\/salon-de-lagriculture-produits-vosgiens-medailles-concours-general-agricole-2023\/#primaryimage","url":"https:\/\/vosgesinfo.fr\/app\/uploads\/sites\/5\/2024\/09\/202302331487012-883278349391798-6464284162376008737-n.jpg","contentUrl":"https:\/\/vosgesinfo.fr\/app\/uploads\/sites\/5\/2024\/09\/202302331487012-883278349391798-6464284162376008737-n.jpg","width":1692,"height":1222},{"@type":"BreadcrumbList","@id":"https:\/\/vosgesinfo.fr\/remiremontinfo\/2023\/02\/salon-de-lagriculture-produits-vosgiens-medailles-concours-general-agricole-2023\/#breadcrumb","itemListElement":[{"@type":"ListItem","position":1,"name":"Home","item":"https:\/\/vosgesinfo.fr\/remiremontinfo\/"},{"@type":"ListItem","position":2,"name":"Salon de l&rsquo;Agriculture : des produits vosgiens m\u00e9daill\u00e9s au Concours G\u00e9n\u00e9ral Agricole 2023"}]},{"@type":"WebSite","@id":"https:\/\/vosgesinfo.fr\/remiremontinfo\/#website","url":"https:\/\/vosgesinfo.fr\/remiremontinfo\/","name":"Remiremont Info","description":"Toute l&#039;actualit\u00e9 de Remiremont","publisher":{"@id":"https:\/\/vosgesinfo.fr\/remiremontinfo\/#organization"},"alternateName":"Toute l'actualit\u00e9 de Remiremont","potentialAction":[{"@type":"SearchAction","target":{"@type":"EntryPoint","urlTemplate":"https:\/\/vosgesinfo.fr\/remiremontinfo\/?s={search_term_string}"},"query-input":"required name=search_term_string"}],"inLanguage":"fr-FR"},{"@type":"Organization","@id":"https:\/\/vosgesinfo.fr\/remiremontinfo\/#organization","name":"Remiremont Info","url":"https:\/\/vosgesinfo.fr\/remiremontinfo\/","logo":{"@type":"ImageObject","inLanguage":"fr-FR","@id":"https:\/\/vosgesinfo.fr\/remiremontinfo\/#\/schema\/logo\/image\/","url":"https:\/\/vosgesinfo.fr\/app\/uploads\/sites\/5\/2023\/08\/favicon-remiremontinfo.png","contentUrl":"https:\/\/vosgesinfo.fr\/app\/uploads\/sites\/5\/2023\/08\/favicon-remiremontinfo.png","width":512,"height":512,"caption":"Remiremont Info"},"image":{"@id":"https:\/\/vosgesinfo.fr\/remiremontinfo\/#\/schema\/logo\/image\/"},"sameAs":["https:\/\/www.facebook.com\/remiremontinfo","https:\/\/x.com\/VosgesInfo88","https:\/\/www.youtube.com\/@vosgesinfo"]},{"@type":"Person","@id":"https:\/\/vosgesinfo.fr\/remiremontinfo\/#\/schema\/person\/3bfd164d5218a185b1db68655a265316","name":"C D","image":{"@type":"ImageObject","inLanguage":"fr-FR","@id":"https:\/\/vosgesinfo.fr\/remiremontinfo\/#\/schema\/person\/image\/","url":"https:\/\/secure.gravatar.com\/avatar\/1f9a70007336511a47468b8f1c66f922b8b7cf617b02a31149ada43893a5d48f?s=96&d=mm&r=g","contentUrl":"https:\/\/secure.gravatar.com\/avatar\/1f9a70007336511a47468b8f1c66f922b8b7cf617b02a31149ada43893a5d48f?s=96&d=mm&r=g","caption":"C D"},"url":"https:\/\/vosgesinfo.fr\/remiremontinfo\/author\/cedric-drevet\/"}]}},"_links":{"self":[{"href":"https:\/\/vosgesinfo.fr\/remiremontinfo\/wp-json\/wp\/v2\/posts\/68193","targetHints":{"allow":["GET"]}}],"collection":[{"href":"https:\/\/vosgesinfo.fr\/remiremontinfo\/wp-json\/wp\/v2\/posts"}],"about":[{"href":"https:\/\/vosgesinfo.fr\/remiremontinfo\/wp-json\/wp\/v2\/types\/post"}],"author":[{"embeddable":true,"href":"https:\/\/vosgesinfo.fr\/remiremontinfo\/wp-json\/wp\/v2\/users\/407"}],"replies":[{"embeddable":true,"href":"https:\/\/vosgesinfo.fr\/remiremontinfo\/wp-json\/wp\/v2\/comments?post=68193"}],"version-history":[{"count":0,"href":"https:\/\/vosgesinfo.fr\/remiremontinfo\/wp-json\/wp\/v2\/posts\/68193\/revisions"}],"wp:featuredmedia":[{"embeddable":true,"href":"https:\/\/vosgesinfo.fr\/remiremontinfo\/wp-json\/wp\/v2\/media\/68194"}],"wp:attachment":[{"href":"https:\/\/vosgesinfo.fr\/remiremontinfo\/wp-json\/wp\/v2\/media?parent=68193"}],"wp:term":[{"taxonomy":"category","embeddable":true,"href":"https:\/\/vosgesinfo.fr\/remiremontinfo\/wp-json\/wp\/v2\/categories?post=68193"},{"taxonomy":"post_tag","embeddable":true,"href":"https:\/\/vosgesinfo.fr\/remiremontinfo\/wp-json\/wp\/v2\/tags?post=68193"}],"curies":[{"name":"wp","href":"https:\/\/api.w.org\/{rel}","templated":true}]}}