{"id":68347,"date":"2023-03-03T09:08:04","date_gmt":"2023-03-03T08:08:04","guid":{"rendered":"https:\/\/vosgesinfo.fr\/remiremontinfo\/2023\/03\/remiremont-cantatrice-chauve-theatre-de-miroiterie\/"},"modified":"2023-03-03T09:08:04","modified_gmt":"2023-03-03T08:08:04","slug":"remiremont-cantatrice-chauve-theatre-de-miroiterie","status":"publish","type":"post","link":"https:\/\/vosgesinfo.fr\/remiremontinfo\/2023\/03\/remiremont-cantatrice-chauve-theatre-de-miroiterie\/","title":{"rendered":"Remiremont : \u00ab\u00a0La Cantatrice Chauve\u00a0\u00bb au th\u00e9\u00e2tre de la Miroiterie"},"content":{"rendered":"<h2><a href=\"\/2023\/03\/theatre-de-la-miroiterie.jpg\"><img decoding=\"async\" class=\"alignnone size-large wp-image-364842\" src=\"\/2023\/03\/theatre-de-la-miroiterie-1024x780.jpg\" alt=\"theatre de la miroiterie\" width=\"960\" height=\"731\" \/><\/a><\/h2>\n<p><span style=\"font-size: 10pt;\"><em>Photo d&rsquo;archive\u00a0<\/em><\/span><\/p>\n<h2><span style=\"font-size: 12pt;\"><strong>L&rsquo;\u00e9quipe du Th\u00e9\u00e2tre de la Miroiterie et de l&rsquo;association CTPS vous propose de venir d\u00e9couvrir, un spectacle de la Compagnie \u00ab\u00a0Ne l&rsquo;appelle pas l&rsquo;autre\u00a0\u00bb. La troupe interpr\u00e8tera \u00ab\u00a0La Cantatrice Chauve\u00a0\u00bb le vendredi 10 mars \u00e0 20h30 au Th\u00e9\u00e2tre de La Miroiterie, au 28 rue de la Joncherie \u00e0 Remiremont.\u00a0\u00a0<\/strong><\/span><\/h2>\n<p>Pr\u00e9sentation de la pi\u00e8ce : Anti-pi\u00e8ce, th\u00e9\u00e2tre absurde. \u00c0 Londres, M. et Mme Smith re\u00e7oivent leurs amis, M. et Mme Martin, dans un int\u00e9rieur sobre et d\u00e9suet. On se retrouve, on se raconte des histoires. Une bonne, un pompier et une pendule viennent troubler cette r\u00e9ception. Une mise en sc\u00e8ne crue et d\u00e9capante, un jeu enlev\u00e9 et clownesque. Pour adultes avertis !<\/p>\n<p>Spectacle d\u00e9conseill\u00e9 aux moins de 12 ans.<\/p>\n<p>Tarif Plein : 10 \u20ac<br \/>\nTarif R\u00e9duit : 8 \u20ac<br \/>\nDur\u00e9e : 1h15<\/p>\n<p>Attention ! C&rsquo;est un th\u00e9\u00e2tre de poche, limit\u00e9 \u00e0 50 personnes ! Il est donc vivement conseill\u00e9 de r\u00e9server au 07 49 29 33 37.<\/p>\n<p style=\"text-align: center;\"><a href=\"\/2023\/03\/unnamed.jpg\"><img decoding=\"async\" class=\"alignnone size-full wp-image-364845\" src=\"\/2023\/03\/unnamed.jpg\" alt=\"unnamed\" width=\"452\" height=\"618\" \/><\/a><\/p>\n","protected":false},"excerpt":{"rendered":"<p>Photo d&rsquo;archive\u00a0 L&rsquo;\u00e9quipe du Th\u00e9\u00e2tre de la Miroiterie et de l&rsquo;association CTPS vous propose de venir d\u00e9couvrir, un spectacle de [&hellip;]<\/p>\n","protected":false},"author":407,"featured_media":68348,"comment_status":"open","ping_status":"open","sticky":false,"template":"","format":"standard","meta":{"footnotes":""},"categories":[26,4,1556,35],"tags":[44,279,32],"class_list":["post-68347","post","type-post","status-publish","format-standard","has-post-thumbnail","hentry","category-a-la-une","category-culture","category-remiremont-remiremont-son-canton-2","category-remiremont-son-canton","tag-remiremont","tag-theatre-de-la-miroiterie","tag-vosges"],"acf":[],"yoast_head":"<!-- This site is optimized with the Yoast SEO plugin v22.5 - https:\/\/yoast.com\/wordpress\/plugins\/seo\/ -->\n<title>Remiremont : &quot;La Cantatrice Chauve&quot; au th\u00e9\u00e2tre de la Miroiterie - Remiremont Info<\/title>\n<meta name=\"robots\" content=\"index, follow, max-snippet:-1, max-image-preview:large, max-video-preview:-1\" \/>\n<link rel=\"canonical\" href=\"https:\/\/vosgesinfo.fr\/remiremontinfo\/2023\/03\/remiremont-cantatrice-chauve-theatre-de-miroiterie\/\" \/>\n<meta name=\"twitter:card\" content=\"summary_large_image\" \/>\n<meta name=\"twitter:title\" content=\"Remiremont : &quot;La Cantatrice Chauve&quot; au th\u00e9\u00e2tre de la Miroiterie - Remiremont Info\" \/>\n<meta name=\"twitter:description\" content=\"Photo d&rsquo;archive\u00a0 L&rsquo;\u00e9quipe du Th\u00e9\u00e2tre de la Miroiterie et de l&rsquo;association CTPS vous propose de venir d\u00e9couvrir, un spectacle de [&hellip;]\" \/>\n<meta name=\"twitter:image\" content=\"https:\/\/vosgesinfo.fr\/app\/uploads\/sites\/5\/2024\/09\/202303theatre-de-la-miroiterie-scaled.jpg\" \/>\n<meta name=\"twitter:creator\" content=\"@VosgesInfo88\" \/>\n<meta name=\"twitter:site\" content=\"@VosgesInfo88\" \/>\n<meta name=\"twitter:label1\" content=\"\u00c9crit par\" \/>\n\t<meta name=\"twitter:data1\" content=\"C D\" \/>\n\t<meta name=\"twitter:label2\" content=\"Dur\u00e9e de lecture estim\u00e9e\" \/>\n\t<meta name=\"twitter:data2\" content=\"1 minute\" \/>\n<script type=\"application\/ld+json\" class=\"yoast-schema-graph\">{\"@context\":\"https:\/\/schema.org\",\"@graph\":[{\"@type\":\"Article\",\"@id\":\"https:\/\/vosgesinfo.fr\/remiremontinfo\/2023\/03\/remiremont-cantatrice-chauve-theatre-de-miroiterie\/#article\",\"isPartOf\":{\"@id\":\"https:\/\/vosgesinfo.fr\/remiremontinfo\/2023\/03\/remiremont-cantatrice-chauve-theatre-de-miroiterie\/\"},\"author\":{\"name\":\"C D\",\"@id\":\"https:\/\/vosgesinfo.fr\/remiremontinfo\/#\/schema\/person\/3bfd164d5218a185b1db68655a265316\"},\"headline\":\"Remiremont : \u00ab\u00a0La Cantatrice Chauve\u00a0\u00bb au th\u00e9\u00e2tre de la Miroiterie\",\"datePublished\":\"2023-03-03T08:08:04+00:00\",\"dateModified\":\"2023-03-03T08:08:04+00:00\",\"mainEntityOfPage\":{\"@id\":\"https:\/\/vosgesinfo.fr\/remiremontinfo\/2023\/03\/remiremont-cantatrice-chauve-theatre-de-miroiterie\/\"},\"wordCount\":169,\"commentCount\":0,\"publisher\":{\"@id\":\"https:\/\/vosgesinfo.fr\/remiremontinfo\/#organization\"},\"image\":{\"@id\":\"https:\/\/vosgesinfo.fr\/remiremontinfo\/2023\/03\/remiremont-cantatrice-chauve-theatre-de-miroiterie\/#primaryimage\"},\"thumbnailUrl\":\"https:\/\/vosgesinfo.fr\/app\/uploads\/sites\/5\/2024\/09\/202303theatre-de-la-miroiterie-scaled.jpg\",\"keywords\":[\"remiremont\",\"th\u00e9\u00e2tre de la Miroiterie\",\"Vosges\"],\"articleSection\":[\"A la Une\",\"Culture\",\"Remiremont\",\"Remiremont &amp; son canton\"],\"inLanguage\":\"fr-FR\",\"potentialAction\":[{\"@type\":\"CommentAction\",\"name\":\"Comment\",\"target\":[\"https:\/\/vosgesinfo.fr\/remiremontinfo\/2023\/03\/remiremont-cantatrice-chauve-theatre-de-miroiterie\/#respond\"]}]},{\"@type\":\"WebPage\",\"@id\":\"https:\/\/vosgesinfo.fr\/remiremontinfo\/2023\/03\/remiremont-cantatrice-chauve-theatre-de-miroiterie\/\",\"url\":\"https:\/\/vosgesinfo.fr\/remiremontinfo\/2023\/03\/remiremont-cantatrice-chauve-theatre-de-miroiterie\/\",\"name\":\"Remiremont : \\\"La Cantatrice Chauve\\\" au th\u00e9\u00e2tre de la Miroiterie - Remiremont Info\",\"isPartOf\":{\"@id\":\"https:\/\/vosgesinfo.fr\/remiremontinfo\/#website\"},\"primaryImageOfPage\":{\"@id\":\"https:\/\/vosgesinfo.fr\/remiremontinfo\/2023\/03\/remiremont-cantatrice-chauve-theatre-de-miroiterie\/#primaryimage\"},\"image\":{\"@id\":\"https:\/\/vosgesinfo.fr\/remiremontinfo\/2023\/03\/remiremont-cantatrice-chauve-theatre-de-miroiterie\/#primaryimage\"},\"thumbnailUrl\":\"https:\/\/vosgesinfo.fr\/app\/uploads\/sites\/5\/2024\/09\/202303theatre-de-la-miroiterie-scaled.jpg\",\"datePublished\":\"2023-03-03T08:08:04+00:00\",\"dateModified\":\"2023-03-03T08:08:04+00:00\",\"breadcrumb\":{\"@id\":\"https:\/\/vosgesinfo.fr\/remiremontinfo\/2023\/03\/remiremont-cantatrice-chauve-theatre-de-miroiterie\/#breadcrumb\"},\"inLanguage\":\"fr-FR\",\"potentialAction\":[{\"@type\":\"ReadAction\",\"target\":[\"https:\/\/vosgesinfo.fr\/remiremontinfo\/2023\/03\/remiremont-cantatrice-chauve-theatre-de-miroiterie\/\"]}]},{\"@type\":\"ImageObject\",\"inLanguage\":\"fr-FR\",\"@id\":\"https:\/\/vosgesinfo.fr\/remiremontinfo\/2023\/03\/remiremont-cantatrice-chauve-theatre-de-miroiterie\/#primaryimage\",\"url\":\"https:\/\/vosgesinfo.fr\/app\/uploads\/sites\/5\/2024\/09\/202303theatre-de-la-miroiterie-scaled.jpg\",\"contentUrl\":\"https:\/\/vosgesinfo.fr\/app\/uploads\/sites\/5\/2024\/09\/202303theatre-de-la-miroiterie-scaled.jpg\",\"width\":2560,\"height\":1949},{\"@type\":\"BreadcrumbList\",\"@id\":\"https:\/\/vosgesinfo.fr\/remiremontinfo\/2023\/03\/remiremont-cantatrice-chauve-theatre-de-miroiterie\/#breadcrumb\",\"itemListElement\":[{\"@type\":\"ListItem\",\"position\":1,\"name\":\"Home\",\"item\":\"https:\/\/vosgesinfo.fr\/remiremontinfo\/\"},{\"@type\":\"ListItem\",\"position\":2,\"name\":\"Remiremont : \u00ab\u00a0La Cantatrice Chauve\u00a0\u00bb au th\u00e9\u00e2tre de la Miroiterie\"}]},{\"@type\":\"WebSite\",\"@id\":\"https:\/\/vosgesinfo.fr\/remiremontinfo\/#website\",\"url\":\"https:\/\/vosgesinfo.fr\/remiremontinfo\/\",\"name\":\"Remiremont Info\",\"description\":\"Toute l&#039;actualit\u00e9 de Remiremont\",\"publisher\":{\"@id\":\"https:\/\/vosgesinfo.fr\/remiremontinfo\/#organization\"},\"alternateName\":\"Toute l'actualit\u00e9 de Remiremont\",\"potentialAction\":[{\"@type\":\"SearchAction\",\"target\":{\"@type\":\"EntryPoint\",\"urlTemplate\":\"https:\/\/vosgesinfo.fr\/remiremontinfo\/?s={search_term_string}\"},\"query-input\":\"required name=search_term_string\"}],\"inLanguage\":\"fr-FR\"},{\"@type\":\"Organization\",\"@id\":\"https:\/\/vosgesinfo.fr\/remiremontinfo\/#organization\",\"name\":\"Remiremont Info\",\"url\":\"https:\/\/vosgesinfo.fr\/remiremontinfo\/\",\"logo\":{\"@type\":\"ImageObject\",\"inLanguage\":\"fr-FR\",\"@id\":\"https:\/\/vosgesinfo.fr\/remiremontinfo\/#\/schema\/logo\/image\/\",\"url\":\"https:\/\/vosgesinfo.fr\/app\/uploads\/sites\/5\/2023\/08\/favicon-remiremontinfo.png\",\"contentUrl\":\"https:\/\/vosgesinfo.fr\/app\/uploads\/sites\/5\/2023\/08\/favicon-remiremontinfo.png\",\"width\":512,\"height\":512,\"caption\":\"Remiremont Info\"},\"image\":{\"@id\":\"https:\/\/vosgesinfo.fr\/remiremontinfo\/#\/schema\/logo\/image\/\"},\"sameAs\":[\"https:\/\/www.facebook.com\/remiremontinfo\",\"https:\/\/x.com\/VosgesInfo88\",\"https:\/\/www.youtube.com\/@vosgesinfo\"]},{\"@type\":\"Person\",\"@id\":\"https:\/\/vosgesinfo.fr\/remiremontinfo\/#\/schema\/person\/3bfd164d5218a185b1db68655a265316\",\"name\":\"C D\",\"image\":{\"@type\":\"ImageObject\",\"inLanguage\":\"fr-FR\",\"@id\":\"https:\/\/vosgesinfo.fr\/remiremontinfo\/#\/schema\/person\/image\/\",\"url\":\"https:\/\/secure.gravatar.com\/avatar\/1f9a70007336511a47468b8f1c66f922b8b7cf617b02a31149ada43893a5d48f?s=96&d=mm&r=g\",\"contentUrl\":\"https:\/\/secure.gravatar.com\/avatar\/1f9a70007336511a47468b8f1c66f922b8b7cf617b02a31149ada43893a5d48f?s=96&d=mm&r=g\",\"caption\":\"C D\"},\"url\":\"https:\/\/vosgesinfo.fr\/remiremontinfo\/author\/cedric-drevet\/\"}]}<\/script>\n<!-- \/ Yoast SEO plugin. -->","yoast_head_json":{"title":"Remiremont : \"La Cantatrice Chauve\" au th\u00e9\u00e2tre de la Miroiterie - Remiremont Info","robots":{"index":"index","follow":"follow","max-snippet":"max-snippet:-1","max-image-preview":"max-image-preview:large","max-video-preview":"max-video-preview:-1"},"canonical":"https:\/\/vosgesinfo.fr\/remiremontinfo\/2023\/03\/remiremont-cantatrice-chauve-theatre-de-miroiterie\/","twitter_card":"summary_large_image","twitter_title":"Remiremont : \"La Cantatrice Chauve\" au th\u00e9\u00e2tre de la Miroiterie - Remiremont Info","twitter_description":"Photo d&rsquo;archive\u00a0 L&rsquo;\u00e9quipe du Th\u00e9\u00e2tre de la Miroiterie et de l&rsquo;association CTPS vous propose de venir d\u00e9couvrir, un spectacle de [&hellip;]","twitter_image":"https:\/\/vosgesinfo.fr\/app\/uploads\/sites\/5\/2024\/09\/202303theatre-de-la-miroiterie-scaled.jpg","twitter_creator":"@VosgesInfo88","twitter_site":"@VosgesInfo88","twitter_misc":{"\u00c9crit par":"C D","Dur\u00e9e de lecture estim\u00e9e":"1 minute"},"schema":{"@context":"https:\/\/schema.org","@graph":[{"@type":"Article","@id":"https:\/\/vosgesinfo.fr\/remiremontinfo\/2023\/03\/remiremont-cantatrice-chauve-theatre-de-miroiterie\/#article","isPartOf":{"@id":"https:\/\/vosgesinfo.fr\/remiremontinfo\/2023\/03\/remiremont-cantatrice-chauve-theatre-de-miroiterie\/"},"author":{"name":"C D","@id":"https:\/\/vosgesinfo.fr\/remiremontinfo\/#\/schema\/person\/3bfd164d5218a185b1db68655a265316"},"headline":"Remiremont : \u00ab\u00a0La Cantatrice Chauve\u00a0\u00bb au th\u00e9\u00e2tre de la Miroiterie","datePublished":"2023-03-03T08:08:04+00:00","dateModified":"2023-03-03T08:08:04+00:00","mainEntityOfPage":{"@id":"https:\/\/vosgesinfo.fr\/remiremontinfo\/2023\/03\/remiremont-cantatrice-chauve-theatre-de-miroiterie\/"},"wordCount":169,"commentCount":0,"publisher":{"@id":"https:\/\/vosgesinfo.fr\/remiremontinfo\/#organization"},"image":{"@id":"https:\/\/vosgesinfo.fr\/remiremontinfo\/2023\/03\/remiremont-cantatrice-chauve-theatre-de-miroiterie\/#primaryimage"},"thumbnailUrl":"https:\/\/vosgesinfo.fr\/app\/uploads\/sites\/5\/2024\/09\/202303theatre-de-la-miroiterie-scaled.jpg","keywords":["remiremont","th\u00e9\u00e2tre de la Miroiterie","Vosges"],"articleSection":["A la Une","Culture","Remiremont","Remiremont &amp; son canton"],"inLanguage":"fr-FR","potentialAction":[{"@type":"CommentAction","name":"Comment","target":["https:\/\/vosgesinfo.fr\/remiremontinfo\/2023\/03\/remiremont-cantatrice-chauve-theatre-de-miroiterie\/#respond"]}]},{"@type":"WebPage","@id":"https:\/\/vosgesinfo.fr\/remiremontinfo\/2023\/03\/remiremont-cantatrice-chauve-theatre-de-miroiterie\/","url":"https:\/\/vosgesinfo.fr\/remiremontinfo\/2023\/03\/remiremont-cantatrice-chauve-theatre-de-miroiterie\/","name":"Remiremont : \"La Cantatrice Chauve\" au th\u00e9\u00e2tre de la Miroiterie - Remiremont Info","isPartOf":{"@id":"https:\/\/vosgesinfo.fr\/remiremontinfo\/#website"},"primaryImageOfPage":{"@id":"https:\/\/vosgesinfo.fr\/remiremontinfo\/2023\/03\/remiremont-cantatrice-chauve-theatre-de-miroiterie\/#primaryimage"},"image":{"@id":"https:\/\/vosgesinfo.fr\/remiremontinfo\/2023\/03\/remiremont-cantatrice-chauve-theatre-de-miroiterie\/#primaryimage"},"thumbnailUrl":"https:\/\/vosgesinfo.fr\/app\/uploads\/sites\/5\/2024\/09\/202303theatre-de-la-miroiterie-scaled.jpg","datePublished":"2023-03-03T08:08:04+00:00","dateModified":"2023-03-03T08:08:04+00:00","breadcrumb":{"@id":"https:\/\/vosgesinfo.fr\/remiremontinfo\/2023\/03\/remiremont-cantatrice-chauve-theatre-de-miroiterie\/#breadcrumb"},"inLanguage":"fr-FR","potentialAction":[{"@type":"ReadAction","target":["https:\/\/vosgesinfo.fr\/remiremontinfo\/2023\/03\/remiremont-cantatrice-chauve-theatre-de-miroiterie\/"]}]},{"@type":"ImageObject","inLanguage":"fr-FR","@id":"https:\/\/vosgesinfo.fr\/remiremontinfo\/2023\/03\/remiremont-cantatrice-chauve-theatre-de-miroiterie\/#primaryimage","url":"https:\/\/vosgesinfo.fr\/app\/uploads\/sites\/5\/2024\/09\/202303theatre-de-la-miroiterie-scaled.jpg","contentUrl":"https:\/\/vosgesinfo.fr\/app\/uploads\/sites\/5\/2024\/09\/202303theatre-de-la-miroiterie-scaled.jpg","width":2560,"height":1949},{"@type":"BreadcrumbList","@id":"https:\/\/vosgesinfo.fr\/remiremontinfo\/2023\/03\/remiremont-cantatrice-chauve-theatre-de-miroiterie\/#breadcrumb","itemListElement":[{"@type":"ListItem","position":1,"name":"Home","item":"https:\/\/vosgesinfo.fr\/remiremontinfo\/"},{"@type":"ListItem","position":2,"name":"Remiremont : \u00ab\u00a0La Cantatrice Chauve\u00a0\u00bb au th\u00e9\u00e2tre de la Miroiterie"}]},{"@type":"WebSite","@id":"https:\/\/vosgesinfo.fr\/remiremontinfo\/#website","url":"https:\/\/vosgesinfo.fr\/remiremontinfo\/","name":"Remiremont Info","description":"Toute l&#039;actualit\u00e9 de Remiremont","publisher":{"@id":"https:\/\/vosgesinfo.fr\/remiremontinfo\/#organization"},"alternateName":"Toute l'actualit\u00e9 de Remiremont","potentialAction":[{"@type":"SearchAction","target":{"@type":"EntryPoint","urlTemplate":"https:\/\/vosgesinfo.fr\/remiremontinfo\/?s={search_term_string}"},"query-input":"required name=search_term_string"}],"inLanguage":"fr-FR"},{"@type":"Organization","@id":"https:\/\/vosgesinfo.fr\/remiremontinfo\/#organization","name":"Remiremont Info","url":"https:\/\/vosgesinfo.fr\/remiremontinfo\/","logo":{"@type":"ImageObject","inLanguage":"fr-FR","@id":"https:\/\/vosgesinfo.fr\/remiremontinfo\/#\/schema\/logo\/image\/","url":"https:\/\/vosgesinfo.fr\/app\/uploads\/sites\/5\/2023\/08\/favicon-remiremontinfo.png","contentUrl":"https:\/\/vosgesinfo.fr\/app\/uploads\/sites\/5\/2023\/08\/favicon-remiremontinfo.png","width":512,"height":512,"caption":"Remiremont Info"},"image":{"@id":"https:\/\/vosgesinfo.fr\/remiremontinfo\/#\/schema\/logo\/image\/"},"sameAs":["https:\/\/www.facebook.com\/remiremontinfo","https:\/\/x.com\/VosgesInfo88","https:\/\/www.youtube.com\/@vosgesinfo"]},{"@type":"Person","@id":"https:\/\/vosgesinfo.fr\/remiremontinfo\/#\/schema\/person\/3bfd164d5218a185b1db68655a265316","name":"C D","image":{"@type":"ImageObject","inLanguage":"fr-FR","@id":"https:\/\/vosgesinfo.fr\/remiremontinfo\/#\/schema\/person\/image\/","url":"https:\/\/secure.gravatar.com\/avatar\/1f9a70007336511a47468b8f1c66f922b8b7cf617b02a31149ada43893a5d48f?s=96&d=mm&r=g","contentUrl":"https:\/\/secure.gravatar.com\/avatar\/1f9a70007336511a47468b8f1c66f922b8b7cf617b02a31149ada43893a5d48f?s=96&d=mm&r=g","caption":"C D"},"url":"https:\/\/vosgesinfo.fr\/remiremontinfo\/author\/cedric-drevet\/"}]}},"_links":{"self":[{"href":"https:\/\/vosgesinfo.fr\/remiremontinfo\/wp-json\/wp\/v2\/posts\/68347","targetHints":{"allow":["GET"]}}],"collection":[{"href":"https:\/\/vosgesinfo.fr\/remiremontinfo\/wp-json\/wp\/v2\/posts"}],"about":[{"href":"https:\/\/vosgesinfo.fr\/remiremontinfo\/wp-json\/wp\/v2\/types\/post"}],"author":[{"embeddable":true,"href":"https:\/\/vosgesinfo.fr\/remiremontinfo\/wp-json\/wp\/v2\/users\/407"}],"replies":[{"embeddable":true,"href":"https:\/\/vosgesinfo.fr\/remiremontinfo\/wp-json\/wp\/v2\/comments?post=68347"}],"version-history":[{"count":0,"href":"https:\/\/vosgesinfo.fr\/remiremontinfo\/wp-json\/wp\/v2\/posts\/68347\/revisions"}],"wp:featuredmedia":[{"embeddable":true,"href":"https:\/\/vosgesinfo.fr\/remiremontinfo\/wp-json\/wp\/v2\/media\/68348"}],"wp:attachment":[{"href":"https:\/\/vosgesinfo.fr\/remiremontinfo\/wp-json\/wp\/v2\/media?parent=68347"}],"wp:term":[{"taxonomy":"category","embeddable":true,"href":"https:\/\/vosgesinfo.fr\/remiremontinfo\/wp-json\/wp\/v2\/categories?post=68347"},{"taxonomy":"post_tag","embeddable":true,"href":"https:\/\/vosgesinfo.fr\/remiremontinfo\/wp-json\/wp\/v2\/tags?post=68347"}],"curies":[{"name":"wp","href":"https:\/\/api.w.org\/{rel}","templated":true}]}}