{"id":68388,"date":"2023-03-03T11:05:07","date_gmt":"2023-03-03T10:05:07","guid":{"rendered":"https:\/\/vosgesinfo.fr\/remiremontinfo\/2023\/03\/remiremont-benevoles-restos-coeur-recoltent-denrees-alimentaires-produits-dhygiene\/"},"modified":"2023-03-03T11:05:07","modified_gmt":"2023-03-03T10:05:07","slug":"remiremont-benevoles-restos-coeur-recoltent-denrees-alimentaires-produits-dhygiene","status":"publish","type":"post","link":"https:\/\/vosgesinfo.fr\/remiremontinfo\/2023\/03\/remiremont-benevoles-restos-coeur-recoltent-denrees-alimentaires-produits-dhygiene\/","title":{"rendered":"Remiremont : les b\u00e9n\u00e9voles des Restos du Coeur r\u00e9coltent denr\u00e9es alimentaires et produits d&rsquo;hygi\u00e8ne"},"content":{"rendered":"<h2><a href=\"\/2023\/03\/resto-du-coeur.jpg\"><img decoding=\"async\" class=\"alignnone size-large wp-image-364910\" src=\"\/2023\/03\/resto-du-coeur-1024x767.jpg\" alt=\"resto du coeur\" width=\"960\" height=\"719\" \/><\/a><\/h2>\n<h2><span style=\"font-size: 12pt;\"><strong>Du 3 au 5 mars 2023, les \u00e9quipes b\u00e9n\u00e9voles des Restos du Coeur sont pr\u00e9sentes dans plus de 7000 supermarch\u00e9s dans toute la France pour collecter des denr\u00e9es alimentaires et des produits d\u2019hygi\u00e8ne.\u00a0De nombreux points de collecte sont pr\u00e9vus dans les Vosges, par exemple au magasin Cora de Remiremont, o\u00f9 la collecte ainsi que celle effectu\u00e9e \u00e0 l&rsquo;Intermarch\u00e9 du Thillot,\u00a0concerne le centre de Ramonchamp.\u00a0<\/strong><\/span><\/h2>\n<p>Mais ce n&rsquo;est pas le seul point de collecte. D&rsquo;autres\u00a0sont situ\u00e9s dans\u00a0d&rsquo;autres enseignes de\u00a0supermarch\u00e9s. Comme par exemple au Leclerc \u00e0 Saint-Etienne.<em> \u00ab\u00a0Tous les magasins du secteur sont concern\u00e9s\u00a0\u00bb<\/em>, explique une b\u00e9n\u00e9vole en collecte \u00e0 Remiremont.\u00a0Les b\u00e9n\u00e9voles viennent r\u00e9colter des denr\u00e9es tout au long de la journ\u00e9e, par petites \u00e9quipes.<em> \u00ab\u00a0On fait des relais de trois heures\u00a0\u00bb<\/em>. Les clients sont invit\u00e9s \u00e0 d\u00e9poser dans un caddie des conserves de fruits, de l\u00e9gumes, de p\u00e2tes, de riz, des biscuits, du chocolat, de la confiture. Des conserves de poisson ou de viande sont \u00e9galement esp\u00e9r\u00e9es. Des produits alimentaires non p\u00e9rissables en petit conditionnement. Par ailleurs, on recherche des produits d&rsquo;hygi\u00e8ne pour b\u00e9b\u00e9s, tels que des couches, ainsi que des produits d&rsquo;hygi\u00e8ne pour adultes, tels que du savon, du gel douche, du shampooing, des rasoirs, brosses \u00e0 dent, dentifrice, protections f\u00e9minines.<\/p>\n<p>Chaque ann\u00e9e, la Collecte Nationale des Restos du C\u0153ur permet de compl\u00e9ter les sources d\u2019approvisionnement pour proposer une aide alimentaire de la meilleure qualit\u00e9 possible et la plus diversifi\u00e9e aux personnes accueillies par les Restos. C&rsquo;est aussi un grand moment de solidarit\u00e9 et de convivialit\u00e9. Les dons de denr\u00e9es alimentaires et de produits d\u2019hygi\u00e8ne collect\u00e9s sont distribu\u00e9s aux personnes accueillies dans les centres Restos du d\u00e9partement o\u00f9 ils ont \u00e9t\u00e9 collect\u00e9s. L\u2019objectif affich\u00e9 pour cette Collecte Nationale 2023 est de collecter 9000 tonnes de denr\u00e9es alimentaires et de produits d\u2019hygi\u00e8ne qui couvriront les besoins des lieux d\u2019accueil Restos du C\u0153ur, dans un contexte de crise inflationniste ayant de fortes r\u00e9percussions sur les plus d\u00e9munis et l\u2019approvisionnement des associations de solidarit\u00e9. En 2021-2022, les Restos ont distribu\u00e9 142 millions de repas \u00e0 1,1 million de personnes. Pour en savoir plus : restosducoeur.org<\/p>\n","protected":false},"excerpt":{"rendered":"<p>Du 3 au 5 mars 2023, les \u00e9quipes b\u00e9n\u00e9voles des Restos du Coeur sont pr\u00e9sentes dans plus de 7000 supermarch\u00e9s [&hellip;]<\/p>\n","protected":false},"author":407,"featured_media":68389,"comment_status":"open","ping_status":"open","sticky":false,"template":"","format":"standard","meta":{"footnotes":""},"categories":[26,1556,35,60],"tags":[44,1640,32],"class_list":["post-68388","post","type-post","status-publish","format-standard","has-post-thumbnail","hentry","category-a-la-une","category-remiremont-remiremont-son-canton-2","category-remiremont-son-canton","category-solidarite","tag-remiremont","tag-restos-du-coeur","tag-vosges"],"acf":[],"yoast_head":"<!-- This site is optimized with the Yoast SEO plugin v22.5 - https:\/\/yoast.com\/wordpress\/plugins\/seo\/ -->\n<title>Remiremont : les b\u00e9n\u00e9voles des Restos du Coeur r\u00e9coltent denr\u00e9es alimentaires et produits d&#039;hygi\u00e8ne - Remiremont Info<\/title>\n<meta name=\"robots\" content=\"index, follow, max-snippet:-1, max-image-preview:large, max-video-preview:-1\" \/>\n<link rel=\"canonical\" href=\"https:\/\/vosgesinfo.fr\/remiremontinfo\/2023\/03\/remiremont-benevoles-restos-coeur-recoltent-denrees-alimentaires-produits-dhygiene\/\" \/>\n<meta name=\"twitter:card\" content=\"summary_large_image\" \/>\n<meta name=\"twitter:title\" content=\"Remiremont : les b\u00e9n\u00e9voles des Restos du Coeur r\u00e9coltent denr\u00e9es alimentaires et produits d&#039;hygi\u00e8ne - Remiremont Info\" \/>\n<meta name=\"twitter:description\" content=\"Du 3 au 5 mars 2023, les \u00e9quipes b\u00e9n\u00e9voles des Restos du Coeur sont pr\u00e9sentes dans plus de 7000 supermarch\u00e9s [&hellip;]\" \/>\n<meta name=\"twitter:image\" content=\"https:\/\/vosgesinfo.fr\/app\/uploads\/sites\/5\/2024\/09\/202303resto-du-coeur.jpg\" \/>\n<meta name=\"twitter:creator\" content=\"@VosgesInfo88\" \/>\n<meta name=\"twitter:site\" content=\"@VosgesInfo88\" \/>\n<meta name=\"twitter:label1\" content=\"\u00c9crit par\" \/>\n\t<meta name=\"twitter:data1\" content=\"C D\" \/>\n\t<meta name=\"twitter:label2\" content=\"Dur\u00e9e de lecture estim\u00e9e\" \/>\n\t<meta name=\"twitter:data2\" content=\"2 minutes\" \/>\n<script type=\"application\/ld+json\" class=\"yoast-schema-graph\">{\"@context\":\"https:\/\/schema.org\",\"@graph\":[{\"@type\":\"Article\",\"@id\":\"https:\/\/vosgesinfo.fr\/remiremontinfo\/2023\/03\/remiremont-benevoles-restos-coeur-recoltent-denrees-alimentaires-produits-dhygiene\/#article\",\"isPartOf\":{\"@id\":\"https:\/\/vosgesinfo.fr\/remiremontinfo\/2023\/03\/remiremont-benevoles-restos-coeur-recoltent-denrees-alimentaires-produits-dhygiene\/\"},\"author\":{\"name\":\"C D\",\"@id\":\"https:\/\/vosgesinfo.fr\/remiremontinfo\/#\/schema\/person\/3bfd164d5218a185b1db68655a265316\"},\"headline\":\"Remiremont : les b\u00e9n\u00e9voles des Restos du Coeur r\u00e9coltent denr\u00e9es alimentaires et produits d&rsquo;hygi\u00e8ne\",\"datePublished\":\"2023-03-03T10:05:07+00:00\",\"dateModified\":\"2023-03-03T10:05:07+00:00\",\"mainEntityOfPage\":{\"@id\":\"https:\/\/vosgesinfo.fr\/remiremontinfo\/2023\/03\/remiremont-benevoles-restos-coeur-recoltent-denrees-alimentaires-produits-dhygiene\/\"},\"wordCount\":412,\"commentCount\":0,\"publisher\":{\"@id\":\"https:\/\/vosgesinfo.fr\/remiremontinfo\/#organization\"},\"image\":{\"@id\":\"https:\/\/vosgesinfo.fr\/remiremontinfo\/2023\/03\/remiremont-benevoles-restos-coeur-recoltent-denrees-alimentaires-produits-dhygiene\/#primaryimage\"},\"thumbnailUrl\":\"https:\/\/vosgesinfo.fr\/app\/uploads\/sites\/5\/2024\/09\/202303resto-du-coeur.jpg\",\"keywords\":[\"remiremont\",\"Restos du Coeur\",\"Vosges\"],\"articleSection\":[\"A la Une\",\"Remiremont\",\"Remiremont &amp; son canton\",\"Solidarit\u00e9\"],\"inLanguage\":\"fr-FR\",\"potentialAction\":[{\"@type\":\"CommentAction\",\"name\":\"Comment\",\"target\":[\"https:\/\/vosgesinfo.fr\/remiremontinfo\/2023\/03\/remiremont-benevoles-restos-coeur-recoltent-denrees-alimentaires-produits-dhygiene\/#respond\"]}]},{\"@type\":\"WebPage\",\"@id\":\"https:\/\/vosgesinfo.fr\/remiremontinfo\/2023\/03\/remiremont-benevoles-restos-coeur-recoltent-denrees-alimentaires-produits-dhygiene\/\",\"url\":\"https:\/\/vosgesinfo.fr\/remiremontinfo\/2023\/03\/remiremont-benevoles-restos-coeur-recoltent-denrees-alimentaires-produits-dhygiene\/\",\"name\":\"Remiremont : les b\u00e9n\u00e9voles des Restos du Coeur r\u00e9coltent denr\u00e9es alimentaires et produits d'hygi\u00e8ne - Remiremont Info\",\"isPartOf\":{\"@id\":\"https:\/\/vosgesinfo.fr\/remiremontinfo\/#website\"},\"primaryImageOfPage\":{\"@id\":\"https:\/\/vosgesinfo.fr\/remiremontinfo\/2023\/03\/remiremont-benevoles-restos-coeur-recoltent-denrees-alimentaires-produits-dhygiene\/#primaryimage\"},\"image\":{\"@id\":\"https:\/\/vosgesinfo.fr\/remiremontinfo\/2023\/03\/remiremont-benevoles-restos-coeur-recoltent-denrees-alimentaires-produits-dhygiene\/#primaryimage\"},\"thumbnailUrl\":\"https:\/\/vosgesinfo.fr\/app\/uploads\/sites\/5\/2024\/09\/202303resto-du-coeur.jpg\",\"datePublished\":\"2023-03-03T10:05:07+00:00\",\"dateModified\":\"2023-03-03T10:05:07+00:00\",\"breadcrumb\":{\"@id\":\"https:\/\/vosgesinfo.fr\/remiremontinfo\/2023\/03\/remiremont-benevoles-restos-coeur-recoltent-denrees-alimentaires-produits-dhygiene\/#breadcrumb\"},\"inLanguage\":\"fr-FR\",\"potentialAction\":[{\"@type\":\"ReadAction\",\"target\":[\"https:\/\/vosgesinfo.fr\/remiremontinfo\/2023\/03\/remiremont-benevoles-restos-coeur-recoltent-denrees-alimentaires-produits-dhygiene\/\"]}]},{\"@type\":\"ImageObject\",\"inLanguage\":\"fr-FR\",\"@id\":\"https:\/\/vosgesinfo.fr\/remiremontinfo\/2023\/03\/remiremont-benevoles-restos-coeur-recoltent-denrees-alimentaires-produits-dhygiene\/#primaryimage\",\"url\":\"https:\/\/vosgesinfo.fr\/app\/uploads\/sites\/5\/2024\/09\/202303resto-du-coeur.jpg\",\"contentUrl\":\"https:\/\/vosgesinfo.fr\/app\/uploads\/sites\/5\/2024\/09\/202303resto-du-coeur.jpg\",\"width\":1600,\"height\":1199},{\"@type\":\"BreadcrumbList\",\"@id\":\"https:\/\/vosgesinfo.fr\/remiremontinfo\/2023\/03\/remiremont-benevoles-restos-coeur-recoltent-denrees-alimentaires-produits-dhygiene\/#breadcrumb\",\"itemListElement\":[{\"@type\":\"ListItem\",\"position\":1,\"name\":\"Home\",\"item\":\"https:\/\/vosgesinfo.fr\/remiremontinfo\/\"},{\"@type\":\"ListItem\",\"position\":2,\"name\":\"Remiremont : les b\u00e9n\u00e9voles des Restos du Coeur r\u00e9coltent denr\u00e9es alimentaires et produits d&rsquo;hygi\u00e8ne\"}]},{\"@type\":\"WebSite\",\"@id\":\"https:\/\/vosgesinfo.fr\/remiremontinfo\/#website\",\"url\":\"https:\/\/vosgesinfo.fr\/remiremontinfo\/\",\"name\":\"Remiremont Info\",\"description\":\"Toute l&#039;actualit\u00e9 de Remiremont\",\"publisher\":{\"@id\":\"https:\/\/vosgesinfo.fr\/remiremontinfo\/#organization\"},\"alternateName\":\"Toute l'actualit\u00e9 de Remiremont\",\"potentialAction\":[{\"@type\":\"SearchAction\",\"target\":{\"@type\":\"EntryPoint\",\"urlTemplate\":\"https:\/\/vosgesinfo.fr\/remiremontinfo\/?s={search_term_string}\"},\"query-input\":\"required name=search_term_string\"}],\"inLanguage\":\"fr-FR\"},{\"@type\":\"Organization\",\"@id\":\"https:\/\/vosgesinfo.fr\/remiremontinfo\/#organization\",\"name\":\"Remiremont Info\",\"url\":\"https:\/\/vosgesinfo.fr\/remiremontinfo\/\",\"logo\":{\"@type\":\"ImageObject\",\"inLanguage\":\"fr-FR\",\"@id\":\"https:\/\/vosgesinfo.fr\/remiremontinfo\/#\/schema\/logo\/image\/\",\"url\":\"https:\/\/vosgesinfo.fr\/app\/uploads\/sites\/5\/2023\/08\/favicon-remiremontinfo.png\",\"contentUrl\":\"https:\/\/vosgesinfo.fr\/app\/uploads\/sites\/5\/2023\/08\/favicon-remiremontinfo.png\",\"width\":512,\"height\":512,\"caption\":\"Remiremont Info\"},\"image\":{\"@id\":\"https:\/\/vosgesinfo.fr\/remiremontinfo\/#\/schema\/logo\/image\/\"},\"sameAs\":[\"https:\/\/www.facebook.com\/remiremontinfo\",\"https:\/\/x.com\/VosgesInfo88\",\"https:\/\/www.youtube.com\/@vosgesinfo\"]},{\"@type\":\"Person\",\"@id\":\"https:\/\/vosgesinfo.fr\/remiremontinfo\/#\/schema\/person\/3bfd164d5218a185b1db68655a265316\",\"name\":\"C D\",\"image\":{\"@type\":\"ImageObject\",\"inLanguage\":\"fr-FR\",\"@id\":\"https:\/\/vosgesinfo.fr\/remiremontinfo\/#\/schema\/person\/image\/\",\"url\":\"https:\/\/secure.gravatar.com\/avatar\/1f9a70007336511a47468b8f1c66f922b8b7cf617b02a31149ada43893a5d48f?s=96&d=mm&r=g\",\"contentUrl\":\"https:\/\/secure.gravatar.com\/avatar\/1f9a70007336511a47468b8f1c66f922b8b7cf617b02a31149ada43893a5d48f?s=96&d=mm&r=g\",\"caption\":\"C D\"},\"url\":\"https:\/\/vosgesinfo.fr\/remiremontinfo\/author\/cedric-drevet\/\"}]}<\/script>\n<!-- \/ Yoast SEO plugin. -->","yoast_head_json":{"title":"Remiremont : les b\u00e9n\u00e9voles des Restos du Coeur r\u00e9coltent denr\u00e9es alimentaires et produits d'hygi\u00e8ne - Remiremont Info","robots":{"index":"index","follow":"follow","max-snippet":"max-snippet:-1","max-image-preview":"max-image-preview:large","max-video-preview":"max-video-preview:-1"},"canonical":"https:\/\/vosgesinfo.fr\/remiremontinfo\/2023\/03\/remiremont-benevoles-restos-coeur-recoltent-denrees-alimentaires-produits-dhygiene\/","twitter_card":"summary_large_image","twitter_title":"Remiremont : les b\u00e9n\u00e9voles des Restos du Coeur r\u00e9coltent denr\u00e9es alimentaires et produits d'hygi\u00e8ne - Remiremont Info","twitter_description":"Du 3 au 5 mars 2023, les \u00e9quipes b\u00e9n\u00e9voles des Restos du Coeur sont pr\u00e9sentes dans plus de 7000 supermarch\u00e9s [&hellip;]","twitter_image":"https:\/\/vosgesinfo.fr\/app\/uploads\/sites\/5\/2024\/09\/202303resto-du-coeur.jpg","twitter_creator":"@VosgesInfo88","twitter_site":"@VosgesInfo88","twitter_misc":{"\u00c9crit par":"C D","Dur\u00e9e de lecture estim\u00e9e":"2 minutes"},"schema":{"@context":"https:\/\/schema.org","@graph":[{"@type":"Article","@id":"https:\/\/vosgesinfo.fr\/remiremontinfo\/2023\/03\/remiremont-benevoles-restos-coeur-recoltent-denrees-alimentaires-produits-dhygiene\/#article","isPartOf":{"@id":"https:\/\/vosgesinfo.fr\/remiremontinfo\/2023\/03\/remiremont-benevoles-restos-coeur-recoltent-denrees-alimentaires-produits-dhygiene\/"},"author":{"name":"C D","@id":"https:\/\/vosgesinfo.fr\/remiremontinfo\/#\/schema\/person\/3bfd164d5218a185b1db68655a265316"},"headline":"Remiremont : les b\u00e9n\u00e9voles des Restos du Coeur r\u00e9coltent denr\u00e9es alimentaires et produits d&rsquo;hygi\u00e8ne","datePublished":"2023-03-03T10:05:07+00:00","dateModified":"2023-03-03T10:05:07+00:00","mainEntityOfPage":{"@id":"https:\/\/vosgesinfo.fr\/remiremontinfo\/2023\/03\/remiremont-benevoles-restos-coeur-recoltent-denrees-alimentaires-produits-dhygiene\/"},"wordCount":412,"commentCount":0,"publisher":{"@id":"https:\/\/vosgesinfo.fr\/remiremontinfo\/#organization"},"image":{"@id":"https:\/\/vosgesinfo.fr\/remiremontinfo\/2023\/03\/remiremont-benevoles-restos-coeur-recoltent-denrees-alimentaires-produits-dhygiene\/#primaryimage"},"thumbnailUrl":"https:\/\/vosgesinfo.fr\/app\/uploads\/sites\/5\/2024\/09\/202303resto-du-coeur.jpg","keywords":["remiremont","Restos du Coeur","Vosges"],"articleSection":["A la Une","Remiremont","Remiremont &amp; son canton","Solidarit\u00e9"],"inLanguage":"fr-FR","potentialAction":[{"@type":"CommentAction","name":"Comment","target":["https:\/\/vosgesinfo.fr\/remiremontinfo\/2023\/03\/remiremont-benevoles-restos-coeur-recoltent-denrees-alimentaires-produits-dhygiene\/#respond"]}]},{"@type":"WebPage","@id":"https:\/\/vosgesinfo.fr\/remiremontinfo\/2023\/03\/remiremont-benevoles-restos-coeur-recoltent-denrees-alimentaires-produits-dhygiene\/","url":"https:\/\/vosgesinfo.fr\/remiremontinfo\/2023\/03\/remiremont-benevoles-restos-coeur-recoltent-denrees-alimentaires-produits-dhygiene\/","name":"Remiremont : les b\u00e9n\u00e9voles des Restos du Coeur r\u00e9coltent denr\u00e9es alimentaires et produits d'hygi\u00e8ne - Remiremont Info","isPartOf":{"@id":"https:\/\/vosgesinfo.fr\/remiremontinfo\/#website"},"primaryImageOfPage":{"@id":"https:\/\/vosgesinfo.fr\/remiremontinfo\/2023\/03\/remiremont-benevoles-restos-coeur-recoltent-denrees-alimentaires-produits-dhygiene\/#primaryimage"},"image":{"@id":"https:\/\/vosgesinfo.fr\/remiremontinfo\/2023\/03\/remiremont-benevoles-restos-coeur-recoltent-denrees-alimentaires-produits-dhygiene\/#primaryimage"},"thumbnailUrl":"https:\/\/vosgesinfo.fr\/app\/uploads\/sites\/5\/2024\/09\/202303resto-du-coeur.jpg","datePublished":"2023-03-03T10:05:07+00:00","dateModified":"2023-03-03T10:05:07+00:00","breadcrumb":{"@id":"https:\/\/vosgesinfo.fr\/remiremontinfo\/2023\/03\/remiremont-benevoles-restos-coeur-recoltent-denrees-alimentaires-produits-dhygiene\/#breadcrumb"},"inLanguage":"fr-FR","potentialAction":[{"@type":"ReadAction","target":["https:\/\/vosgesinfo.fr\/remiremontinfo\/2023\/03\/remiremont-benevoles-restos-coeur-recoltent-denrees-alimentaires-produits-dhygiene\/"]}]},{"@type":"ImageObject","inLanguage":"fr-FR","@id":"https:\/\/vosgesinfo.fr\/remiremontinfo\/2023\/03\/remiremont-benevoles-restos-coeur-recoltent-denrees-alimentaires-produits-dhygiene\/#primaryimage","url":"https:\/\/vosgesinfo.fr\/app\/uploads\/sites\/5\/2024\/09\/202303resto-du-coeur.jpg","contentUrl":"https:\/\/vosgesinfo.fr\/app\/uploads\/sites\/5\/2024\/09\/202303resto-du-coeur.jpg","width":1600,"height":1199},{"@type":"BreadcrumbList","@id":"https:\/\/vosgesinfo.fr\/remiremontinfo\/2023\/03\/remiremont-benevoles-restos-coeur-recoltent-denrees-alimentaires-produits-dhygiene\/#breadcrumb","itemListElement":[{"@type":"ListItem","position":1,"name":"Home","item":"https:\/\/vosgesinfo.fr\/remiremontinfo\/"},{"@type":"ListItem","position":2,"name":"Remiremont : les b\u00e9n\u00e9voles des Restos du Coeur r\u00e9coltent denr\u00e9es alimentaires et produits d&rsquo;hygi\u00e8ne"}]},{"@type":"WebSite","@id":"https:\/\/vosgesinfo.fr\/remiremontinfo\/#website","url":"https:\/\/vosgesinfo.fr\/remiremontinfo\/","name":"Remiremont Info","description":"Toute l&#039;actualit\u00e9 de Remiremont","publisher":{"@id":"https:\/\/vosgesinfo.fr\/remiremontinfo\/#organization"},"alternateName":"Toute l'actualit\u00e9 de Remiremont","potentialAction":[{"@type":"SearchAction","target":{"@type":"EntryPoint","urlTemplate":"https:\/\/vosgesinfo.fr\/remiremontinfo\/?s={search_term_string}"},"query-input":"required name=search_term_string"}],"inLanguage":"fr-FR"},{"@type":"Organization","@id":"https:\/\/vosgesinfo.fr\/remiremontinfo\/#organization","name":"Remiremont Info","url":"https:\/\/vosgesinfo.fr\/remiremontinfo\/","logo":{"@type":"ImageObject","inLanguage":"fr-FR","@id":"https:\/\/vosgesinfo.fr\/remiremontinfo\/#\/schema\/logo\/image\/","url":"https:\/\/vosgesinfo.fr\/app\/uploads\/sites\/5\/2023\/08\/favicon-remiremontinfo.png","contentUrl":"https:\/\/vosgesinfo.fr\/app\/uploads\/sites\/5\/2023\/08\/favicon-remiremontinfo.png","width":512,"height":512,"caption":"Remiremont Info"},"image":{"@id":"https:\/\/vosgesinfo.fr\/remiremontinfo\/#\/schema\/logo\/image\/"},"sameAs":["https:\/\/www.facebook.com\/remiremontinfo","https:\/\/x.com\/VosgesInfo88","https:\/\/www.youtube.com\/@vosgesinfo"]},{"@type":"Person","@id":"https:\/\/vosgesinfo.fr\/remiremontinfo\/#\/schema\/person\/3bfd164d5218a185b1db68655a265316","name":"C D","image":{"@type":"ImageObject","inLanguage":"fr-FR","@id":"https:\/\/vosgesinfo.fr\/remiremontinfo\/#\/schema\/person\/image\/","url":"https:\/\/secure.gravatar.com\/avatar\/1f9a70007336511a47468b8f1c66f922b8b7cf617b02a31149ada43893a5d48f?s=96&d=mm&r=g","contentUrl":"https:\/\/secure.gravatar.com\/avatar\/1f9a70007336511a47468b8f1c66f922b8b7cf617b02a31149ada43893a5d48f?s=96&d=mm&r=g","caption":"C D"},"url":"https:\/\/vosgesinfo.fr\/remiremontinfo\/author\/cedric-drevet\/"}]}},"_links":{"self":[{"href":"https:\/\/vosgesinfo.fr\/remiremontinfo\/wp-json\/wp\/v2\/posts\/68388","targetHints":{"allow":["GET"]}}],"collection":[{"href":"https:\/\/vosgesinfo.fr\/remiremontinfo\/wp-json\/wp\/v2\/posts"}],"about":[{"href":"https:\/\/vosgesinfo.fr\/remiremontinfo\/wp-json\/wp\/v2\/types\/post"}],"author":[{"embeddable":true,"href":"https:\/\/vosgesinfo.fr\/remiremontinfo\/wp-json\/wp\/v2\/users\/407"}],"replies":[{"embeddable":true,"href":"https:\/\/vosgesinfo.fr\/remiremontinfo\/wp-json\/wp\/v2\/comments?post=68388"}],"version-history":[{"count":0,"href":"https:\/\/vosgesinfo.fr\/remiremontinfo\/wp-json\/wp\/v2\/posts\/68388\/revisions"}],"wp:featuredmedia":[{"embeddable":true,"href":"https:\/\/vosgesinfo.fr\/remiremontinfo\/wp-json\/wp\/v2\/media\/68389"}],"wp:attachment":[{"href":"https:\/\/vosgesinfo.fr\/remiremontinfo\/wp-json\/wp\/v2\/media?parent=68388"}],"wp:term":[{"taxonomy":"category","embeddable":true,"href":"https:\/\/vosgesinfo.fr\/remiremontinfo\/wp-json\/wp\/v2\/categories?post=68388"},{"taxonomy":"post_tag","embeddable":true,"href":"https:\/\/vosgesinfo.fr\/remiremontinfo\/wp-json\/wp\/v2\/tags?post=68388"}],"curies":[{"name":"wp","href":"https:\/\/api.w.org\/{rel}","templated":true}]}}