{"id":68392,"date":"2023-03-04T09:56:20","date_gmt":"2023-03-04T08:56:20","guid":{"rendered":"https:\/\/vosgesinfo.fr\/remiremontinfo\/2023\/03\/remiremont-lauteure-celeste-torino-sera-a-mediatheque-samedi\/"},"modified":"2023-03-04T09:56:20","modified_gmt":"2023-03-04T08:56:20","slug":"remiremont-lauteure-celeste-torino-sera-a-mediatheque-samedi","status":"publish","type":"post","link":"https:\/\/vosgesinfo.fr\/remiremontinfo\/2023\/03\/remiremont-lauteure-celeste-torino-sera-a-mediatheque-samedi\/","title":{"rendered":"Remiremont : l&rsquo;auteure C\u00e9leste Torino sera \u00e0 la m\u00e9diath\u00e8que ce samedi"},"content":{"rendered":"<div class=\"x11i5rnm xat24cr x1mh8g0r x1vvkbs xdj266r x126k92a\"><\/div>\n<div class=\"x11i5rnm xat24cr x1mh8g0r x1vvkbs xtlvy1s x126k92a\"><\/div>\n<div class=\"x11i5rnm xat24cr x1mh8g0r x1vvkbs xtlvy1s x126k92a\"><a href=\"\/2022\/12\/livre-celeste-torino-4.jpg\"><img decoding=\"async\" class=\"alignnone size-large wp-image-359680\" src=\"\/2022\/12\/livre-celeste-torino-4-1024x762.jpg\" alt=\"livre celeste torino (4)\" width=\"960\" height=\"714\" \/><\/a><\/div>\n<div class=\"x11i5rnm xat24cr x1mh8g0r x1vvkbs xtlvy1s x126k92a\"><\/div>\n<div class=\"x11i5rnm xat24cr x1mh8g0r x1vvkbs xtlvy1s x126k92a\"><span style=\"font-size: 10pt;\"><em>Photo s&rsquo;archive\u00a0<\/em><\/span><\/div>\n<div class=\"x11i5rnm xat24cr x1mh8g0r x1vvkbs xtlvy1s x126k92a\">\n<h2><span style=\"font-size: 12pt;\"><strong>C\u00e9leste Torino sera \u00e0 la m\u00e9diath\u00e8que de Remiremont ce samedi 4 mars \u00e0 partir de 14 heures. L\u2019occasion d\u2019\u00e9changer avec l\u2019auteure et de d\u00e9couvrir ses \u0153uvres. Apr\u00e8s \u00ab Djento Chien Martyr Espagnol \u00bb, C\u00e9leste Torino\u00a0a publi\u00e9 son deuxi\u00e8me livre, sur un sujet tout \u00e0 fait diff\u00e9rent. Dans \u00ab Ehpad Mon Amour #C\u2019Est le Bordel Ici \u00bb, la vosgienne nous emm\u00e8ne cette fois ci dans le monde des Ehpads. Un sujet qui nous concerne tous, d\u2019une mani\u00e8re ou d\u2019une autre.<\/strong><\/span><\/h2>\n<p>Ce nouvel ouvrage, \u00e9cris en six mois, est \u00ab Un cri du c\u0153ur. Un coup de gueule \u00bb, nous expliquait l\u2019auteur il y a quelques mois. \u00ab Je veux casser les clich\u00e9s m\u00e9diatiques \u00bb. Suite \u00e0 une reconversion \u00e0 47 ans, l\u2019auteur du livre travaille, depuis 2018, dans l\u2019Ehpad situ\u00e9 \u00e0 Cornimont. \u00ab J\u2019en ai assez qu\u2019on dise que les Ehpad sont des mouroirs et qu\u2019on est des maltraitants \u00bb. C\u00e9leste Torino ne nie pas la r\u00e9alit\u00e9 de maltraitance qui peut exister dans certains \u00e9tablissements. \u00ab Bien s\u00fbr, \u00e7a existe, mais c\u2019est une minorit\u00e9 \u00bb. Selon elle, \u00ab il est grandement temps de prendre conscience de l\u2019immense t\u00e2che qu\u2019accomplissent les petites mains dans les structures. Saviez-vous que certains r\u00e9sidents arrivent grabataires et en d\u00e9pression chez nous et repartent six mois plus tard chez eux, debout, continents, mordus de la vie ? Imaginez vous que l\u2019on puisse y rire, aimer, vivre une r\u00e9elle complicit\u00e9 avec ses soignants ? Connaissez vous l\u2019ampleur de l\u2019Amour, de l\u2019empathie, de l\u2019\u00e9coute distribu\u00e9es au quotidien par ces m\u00eames personnes ? \u00bb. Dans ce livre, on suit Alix, aide-soignante et ses coll\u00e8gues dans les couloirs de l\u2019\u00e9tablissement et de leur vie. \u00ab C\u2019est documentaire, mais c\u2019est un roman \u00bb. L\u2019ouvrage est en vente en ligne sur les sites habituels ou dans les librairies de la r\u00e9gion.<\/p>\n<p style=\"text-align: center;\"><a href=\"\/2023\/03\/334696436_601376471855948_2474172386437653631_n.jpg\"><img decoding=\"async\" class=\"alignnone size-large wp-image-364922\" src=\"\/2023\/03\/334696436_601376471855948_2474172386437653631_n-724x1024.jpg\" alt=\"334696436_601376471855948_2474172386437653631_n\" width=\"724\" height=\"1024\" \/><\/a><\/p>\n<\/div>\n","protected":false},"excerpt":{"rendered":"<p>Photo s&rsquo;archive\u00a0 C\u00e9leste Torino sera \u00e0 la m\u00e9diath\u00e8que de Remiremont ce samedi 4 mars \u00e0 partir de 14 heures. L\u2019occasion [&hellip;]<\/p>\n","protected":false},"author":407,"featured_media":68393,"comment_status":"open","ping_status":"open","sticky":false,"template":"","format":"standard","meta":{"footnotes":""},"categories":[26,4,1556,35],"tags":[5177,731,32],"class_list":["post-68392","post","type-post","status-publish","format-standard","has-post-thumbnail","hentry","category-a-la-une","category-culture","category-remiremont-remiremont-son-canton-2","category-remiremont-son-canton","tag-celeste-torino","tag-livres","tag-vosges"],"acf":[],"yoast_head":"<!-- This site is optimized with the Yoast SEO plugin v22.5 - https:\/\/yoast.com\/wordpress\/plugins\/seo\/ -->\n<title>Remiremont : l&#039;auteure C\u00e9leste Torino sera \u00e0 la m\u00e9diath\u00e8que ce samedi - Remiremont Info<\/title>\n<meta name=\"robots\" content=\"index, follow, max-snippet:-1, max-image-preview:large, max-video-preview:-1\" \/>\n<link rel=\"canonical\" href=\"https:\/\/vosgesinfo.fr\/remiremontinfo\/2023\/03\/remiremont-lauteure-celeste-torino-sera-a-mediatheque-samedi\/\" \/>\n<meta name=\"twitter:card\" content=\"summary_large_image\" \/>\n<meta name=\"twitter:title\" content=\"Remiremont : l&#039;auteure C\u00e9leste Torino sera \u00e0 la m\u00e9diath\u00e8que ce samedi - Remiremont Info\" \/>\n<meta name=\"twitter:description\" content=\"Photo s&rsquo;archive\u00a0 C\u00e9leste Torino sera \u00e0 la m\u00e9diath\u00e8que de Remiremont ce samedi 4 mars \u00e0 partir de 14 heures. L\u2019occasion [&hellip;]\" \/>\n<meta name=\"twitter:image\" content=\"https:\/\/vosgesinfo.fr\/app\/uploads\/sites\/5\/2024\/09\/202212livre-celeste-torino-4-1.jpg\" \/>\n<meta name=\"twitter:creator\" content=\"@VosgesInfo88\" \/>\n<meta name=\"twitter:site\" content=\"@VosgesInfo88\" \/>\n<meta name=\"twitter:label1\" content=\"\u00c9crit par\" \/>\n\t<meta name=\"twitter:data1\" content=\"C D\" \/>\n\t<meta name=\"twitter:label2\" content=\"Dur\u00e9e de lecture estim\u00e9e\" \/>\n\t<meta name=\"twitter:data2\" content=\"2 minutes\" \/>\n<script type=\"application\/ld+json\" class=\"yoast-schema-graph\">{\"@context\":\"https:\/\/schema.org\",\"@graph\":[{\"@type\":\"Article\",\"@id\":\"https:\/\/vosgesinfo.fr\/remiremontinfo\/2023\/03\/remiremont-lauteure-celeste-torino-sera-a-mediatheque-samedi\/#article\",\"isPartOf\":{\"@id\":\"https:\/\/vosgesinfo.fr\/remiremontinfo\/2023\/03\/remiremont-lauteure-celeste-torino-sera-a-mediatheque-samedi\/\"},\"author\":{\"name\":\"C D\",\"@id\":\"https:\/\/vosgesinfo.fr\/remiremontinfo\/#\/schema\/person\/3bfd164d5218a185b1db68655a265316\"},\"headline\":\"Remiremont : l&rsquo;auteure C\u00e9leste Torino sera \u00e0 la m\u00e9diath\u00e8que ce samedi\",\"datePublished\":\"2023-03-04T08:56:20+00:00\",\"dateModified\":\"2023-03-04T08:56:20+00:00\",\"mainEntityOfPage\":{\"@id\":\"https:\/\/vosgesinfo.fr\/remiremontinfo\/2023\/03\/remiremont-lauteure-celeste-torino-sera-a-mediatheque-samedi\/\"},\"wordCount\":334,\"commentCount\":0,\"publisher\":{\"@id\":\"https:\/\/vosgesinfo.fr\/remiremontinfo\/#organization\"},\"image\":{\"@id\":\"https:\/\/vosgesinfo.fr\/remiremontinfo\/2023\/03\/remiremont-lauteure-celeste-torino-sera-a-mediatheque-samedi\/#primaryimage\"},\"thumbnailUrl\":\"https:\/\/vosgesinfo.fr\/app\/uploads\/sites\/5\/2024\/09\/202212livre-celeste-torino-4-1.jpg\",\"keywords\":[\"celeste torino\",\"livres\",\"Vosges\"],\"articleSection\":[\"A la Une\",\"Culture\",\"Remiremont\",\"Remiremont &amp; son canton\"],\"inLanguage\":\"fr-FR\",\"potentialAction\":[{\"@type\":\"CommentAction\",\"name\":\"Comment\",\"target\":[\"https:\/\/vosgesinfo.fr\/remiremontinfo\/2023\/03\/remiremont-lauteure-celeste-torino-sera-a-mediatheque-samedi\/#respond\"]}]},{\"@type\":\"WebPage\",\"@id\":\"https:\/\/vosgesinfo.fr\/remiremontinfo\/2023\/03\/remiremont-lauteure-celeste-torino-sera-a-mediatheque-samedi\/\",\"url\":\"https:\/\/vosgesinfo.fr\/remiremontinfo\/2023\/03\/remiremont-lauteure-celeste-torino-sera-a-mediatheque-samedi\/\",\"name\":\"Remiremont : l'auteure C\u00e9leste Torino sera \u00e0 la m\u00e9diath\u00e8que ce samedi - Remiremont Info\",\"isPartOf\":{\"@id\":\"https:\/\/vosgesinfo.fr\/remiremontinfo\/#website\"},\"primaryImageOfPage\":{\"@id\":\"https:\/\/vosgesinfo.fr\/remiremontinfo\/2023\/03\/remiremont-lauteure-celeste-torino-sera-a-mediatheque-samedi\/#primaryimage\"},\"image\":{\"@id\":\"https:\/\/vosgesinfo.fr\/remiremontinfo\/2023\/03\/remiremont-lauteure-celeste-torino-sera-a-mediatheque-samedi\/#primaryimage\"},\"thumbnailUrl\":\"https:\/\/vosgesinfo.fr\/app\/uploads\/sites\/5\/2024\/09\/202212livre-celeste-torino-4-1.jpg\",\"datePublished\":\"2023-03-04T08:56:20+00:00\",\"dateModified\":\"2023-03-04T08:56:20+00:00\",\"breadcrumb\":{\"@id\":\"https:\/\/vosgesinfo.fr\/remiremontinfo\/2023\/03\/remiremont-lauteure-celeste-torino-sera-a-mediatheque-samedi\/#breadcrumb\"},\"inLanguage\":\"fr-FR\",\"potentialAction\":[{\"@type\":\"ReadAction\",\"target\":[\"https:\/\/vosgesinfo.fr\/remiremontinfo\/2023\/03\/remiremont-lauteure-celeste-torino-sera-a-mediatheque-samedi\/\"]}]},{\"@type\":\"ImageObject\",\"inLanguage\":\"fr-FR\",\"@id\":\"https:\/\/vosgesinfo.fr\/remiremontinfo\/2023\/03\/remiremont-lauteure-celeste-torino-sera-a-mediatheque-samedi\/#primaryimage\",\"url\":\"https:\/\/vosgesinfo.fr\/app\/uploads\/sites\/5\/2024\/09\/202212livre-celeste-torino-4-1.jpg\",\"contentUrl\":\"https:\/\/vosgesinfo.fr\/app\/uploads\/sites\/5\/2024\/09\/202212livre-celeste-torino-4-1.jpg\",\"width\":1600,\"height\":1191},{\"@type\":\"BreadcrumbList\",\"@id\":\"https:\/\/vosgesinfo.fr\/remiremontinfo\/2023\/03\/remiremont-lauteure-celeste-torino-sera-a-mediatheque-samedi\/#breadcrumb\",\"itemListElement\":[{\"@type\":\"ListItem\",\"position\":1,\"name\":\"Home\",\"item\":\"https:\/\/vosgesinfo.fr\/remiremontinfo\/\"},{\"@type\":\"ListItem\",\"position\":2,\"name\":\"Remiremont : l&rsquo;auteure C\u00e9leste Torino sera \u00e0 la m\u00e9diath\u00e8que ce samedi\"}]},{\"@type\":\"WebSite\",\"@id\":\"https:\/\/vosgesinfo.fr\/remiremontinfo\/#website\",\"url\":\"https:\/\/vosgesinfo.fr\/remiremontinfo\/\",\"name\":\"Remiremont Info\",\"description\":\"Toute l&#039;actualit\u00e9 de Remiremont\",\"publisher\":{\"@id\":\"https:\/\/vosgesinfo.fr\/remiremontinfo\/#organization\"},\"alternateName\":\"Toute l'actualit\u00e9 de Remiremont\",\"potentialAction\":[{\"@type\":\"SearchAction\",\"target\":{\"@type\":\"EntryPoint\",\"urlTemplate\":\"https:\/\/vosgesinfo.fr\/remiremontinfo\/?s={search_term_string}\"},\"query-input\":\"required name=search_term_string\"}],\"inLanguage\":\"fr-FR\"},{\"@type\":\"Organization\",\"@id\":\"https:\/\/vosgesinfo.fr\/remiremontinfo\/#organization\",\"name\":\"Remiremont Info\",\"url\":\"https:\/\/vosgesinfo.fr\/remiremontinfo\/\",\"logo\":{\"@type\":\"ImageObject\",\"inLanguage\":\"fr-FR\",\"@id\":\"https:\/\/vosgesinfo.fr\/remiremontinfo\/#\/schema\/logo\/image\/\",\"url\":\"https:\/\/vosgesinfo.fr\/app\/uploads\/sites\/5\/2023\/08\/favicon-remiremontinfo.png\",\"contentUrl\":\"https:\/\/vosgesinfo.fr\/app\/uploads\/sites\/5\/2023\/08\/favicon-remiremontinfo.png\",\"width\":512,\"height\":512,\"caption\":\"Remiremont Info\"},\"image\":{\"@id\":\"https:\/\/vosgesinfo.fr\/remiremontinfo\/#\/schema\/logo\/image\/\"},\"sameAs\":[\"https:\/\/www.facebook.com\/remiremontinfo\",\"https:\/\/x.com\/VosgesInfo88\",\"https:\/\/www.youtube.com\/@vosgesinfo\"]},{\"@type\":\"Person\",\"@id\":\"https:\/\/vosgesinfo.fr\/remiremontinfo\/#\/schema\/person\/3bfd164d5218a185b1db68655a265316\",\"name\":\"C D\",\"image\":{\"@type\":\"ImageObject\",\"inLanguage\":\"fr-FR\",\"@id\":\"https:\/\/vosgesinfo.fr\/remiremontinfo\/#\/schema\/person\/image\/\",\"url\":\"https:\/\/secure.gravatar.com\/avatar\/1f9a70007336511a47468b8f1c66f922b8b7cf617b02a31149ada43893a5d48f?s=96&d=mm&r=g\",\"contentUrl\":\"https:\/\/secure.gravatar.com\/avatar\/1f9a70007336511a47468b8f1c66f922b8b7cf617b02a31149ada43893a5d48f?s=96&d=mm&r=g\",\"caption\":\"C D\"},\"url\":\"https:\/\/vosgesinfo.fr\/remiremontinfo\/author\/cedric-drevet\/\"}]}<\/script>\n<!-- \/ Yoast SEO plugin. -->","yoast_head_json":{"title":"Remiremont : l'auteure C\u00e9leste Torino sera \u00e0 la m\u00e9diath\u00e8que ce samedi - Remiremont Info","robots":{"index":"index","follow":"follow","max-snippet":"max-snippet:-1","max-image-preview":"max-image-preview:large","max-video-preview":"max-video-preview:-1"},"canonical":"https:\/\/vosgesinfo.fr\/remiremontinfo\/2023\/03\/remiremont-lauteure-celeste-torino-sera-a-mediatheque-samedi\/","twitter_card":"summary_large_image","twitter_title":"Remiremont : l'auteure C\u00e9leste Torino sera \u00e0 la m\u00e9diath\u00e8que ce samedi - Remiremont Info","twitter_description":"Photo s&rsquo;archive\u00a0 C\u00e9leste Torino sera \u00e0 la m\u00e9diath\u00e8que de Remiremont ce samedi 4 mars \u00e0 partir de 14 heures. L\u2019occasion [&hellip;]","twitter_image":"https:\/\/vosgesinfo.fr\/app\/uploads\/sites\/5\/2024\/09\/202212livre-celeste-torino-4-1.jpg","twitter_creator":"@VosgesInfo88","twitter_site":"@VosgesInfo88","twitter_misc":{"\u00c9crit par":"C D","Dur\u00e9e de lecture estim\u00e9e":"2 minutes"},"schema":{"@context":"https:\/\/schema.org","@graph":[{"@type":"Article","@id":"https:\/\/vosgesinfo.fr\/remiremontinfo\/2023\/03\/remiremont-lauteure-celeste-torino-sera-a-mediatheque-samedi\/#article","isPartOf":{"@id":"https:\/\/vosgesinfo.fr\/remiremontinfo\/2023\/03\/remiremont-lauteure-celeste-torino-sera-a-mediatheque-samedi\/"},"author":{"name":"C D","@id":"https:\/\/vosgesinfo.fr\/remiremontinfo\/#\/schema\/person\/3bfd164d5218a185b1db68655a265316"},"headline":"Remiremont : l&rsquo;auteure C\u00e9leste Torino sera \u00e0 la m\u00e9diath\u00e8que ce samedi","datePublished":"2023-03-04T08:56:20+00:00","dateModified":"2023-03-04T08:56:20+00:00","mainEntityOfPage":{"@id":"https:\/\/vosgesinfo.fr\/remiremontinfo\/2023\/03\/remiremont-lauteure-celeste-torino-sera-a-mediatheque-samedi\/"},"wordCount":334,"commentCount":0,"publisher":{"@id":"https:\/\/vosgesinfo.fr\/remiremontinfo\/#organization"},"image":{"@id":"https:\/\/vosgesinfo.fr\/remiremontinfo\/2023\/03\/remiremont-lauteure-celeste-torino-sera-a-mediatheque-samedi\/#primaryimage"},"thumbnailUrl":"https:\/\/vosgesinfo.fr\/app\/uploads\/sites\/5\/2024\/09\/202212livre-celeste-torino-4-1.jpg","keywords":["celeste torino","livres","Vosges"],"articleSection":["A la Une","Culture","Remiremont","Remiremont &amp; son canton"],"inLanguage":"fr-FR","potentialAction":[{"@type":"CommentAction","name":"Comment","target":["https:\/\/vosgesinfo.fr\/remiremontinfo\/2023\/03\/remiremont-lauteure-celeste-torino-sera-a-mediatheque-samedi\/#respond"]}]},{"@type":"WebPage","@id":"https:\/\/vosgesinfo.fr\/remiremontinfo\/2023\/03\/remiremont-lauteure-celeste-torino-sera-a-mediatheque-samedi\/","url":"https:\/\/vosgesinfo.fr\/remiremontinfo\/2023\/03\/remiremont-lauteure-celeste-torino-sera-a-mediatheque-samedi\/","name":"Remiremont : l'auteure C\u00e9leste Torino sera \u00e0 la m\u00e9diath\u00e8que ce samedi - Remiremont Info","isPartOf":{"@id":"https:\/\/vosgesinfo.fr\/remiremontinfo\/#website"},"primaryImageOfPage":{"@id":"https:\/\/vosgesinfo.fr\/remiremontinfo\/2023\/03\/remiremont-lauteure-celeste-torino-sera-a-mediatheque-samedi\/#primaryimage"},"image":{"@id":"https:\/\/vosgesinfo.fr\/remiremontinfo\/2023\/03\/remiremont-lauteure-celeste-torino-sera-a-mediatheque-samedi\/#primaryimage"},"thumbnailUrl":"https:\/\/vosgesinfo.fr\/app\/uploads\/sites\/5\/2024\/09\/202212livre-celeste-torino-4-1.jpg","datePublished":"2023-03-04T08:56:20+00:00","dateModified":"2023-03-04T08:56:20+00:00","breadcrumb":{"@id":"https:\/\/vosgesinfo.fr\/remiremontinfo\/2023\/03\/remiremont-lauteure-celeste-torino-sera-a-mediatheque-samedi\/#breadcrumb"},"inLanguage":"fr-FR","potentialAction":[{"@type":"ReadAction","target":["https:\/\/vosgesinfo.fr\/remiremontinfo\/2023\/03\/remiremont-lauteure-celeste-torino-sera-a-mediatheque-samedi\/"]}]},{"@type":"ImageObject","inLanguage":"fr-FR","@id":"https:\/\/vosgesinfo.fr\/remiremontinfo\/2023\/03\/remiremont-lauteure-celeste-torino-sera-a-mediatheque-samedi\/#primaryimage","url":"https:\/\/vosgesinfo.fr\/app\/uploads\/sites\/5\/2024\/09\/202212livre-celeste-torino-4-1.jpg","contentUrl":"https:\/\/vosgesinfo.fr\/app\/uploads\/sites\/5\/2024\/09\/202212livre-celeste-torino-4-1.jpg","width":1600,"height":1191},{"@type":"BreadcrumbList","@id":"https:\/\/vosgesinfo.fr\/remiremontinfo\/2023\/03\/remiremont-lauteure-celeste-torino-sera-a-mediatheque-samedi\/#breadcrumb","itemListElement":[{"@type":"ListItem","position":1,"name":"Home","item":"https:\/\/vosgesinfo.fr\/remiremontinfo\/"},{"@type":"ListItem","position":2,"name":"Remiremont : l&rsquo;auteure C\u00e9leste Torino sera \u00e0 la m\u00e9diath\u00e8que ce samedi"}]},{"@type":"WebSite","@id":"https:\/\/vosgesinfo.fr\/remiremontinfo\/#website","url":"https:\/\/vosgesinfo.fr\/remiremontinfo\/","name":"Remiremont Info","description":"Toute l&#039;actualit\u00e9 de Remiremont","publisher":{"@id":"https:\/\/vosgesinfo.fr\/remiremontinfo\/#organization"},"alternateName":"Toute l'actualit\u00e9 de Remiremont","potentialAction":[{"@type":"SearchAction","target":{"@type":"EntryPoint","urlTemplate":"https:\/\/vosgesinfo.fr\/remiremontinfo\/?s={search_term_string}"},"query-input":"required name=search_term_string"}],"inLanguage":"fr-FR"},{"@type":"Organization","@id":"https:\/\/vosgesinfo.fr\/remiremontinfo\/#organization","name":"Remiremont Info","url":"https:\/\/vosgesinfo.fr\/remiremontinfo\/","logo":{"@type":"ImageObject","inLanguage":"fr-FR","@id":"https:\/\/vosgesinfo.fr\/remiremontinfo\/#\/schema\/logo\/image\/","url":"https:\/\/vosgesinfo.fr\/app\/uploads\/sites\/5\/2023\/08\/favicon-remiremontinfo.png","contentUrl":"https:\/\/vosgesinfo.fr\/app\/uploads\/sites\/5\/2023\/08\/favicon-remiremontinfo.png","width":512,"height":512,"caption":"Remiremont Info"},"image":{"@id":"https:\/\/vosgesinfo.fr\/remiremontinfo\/#\/schema\/logo\/image\/"},"sameAs":["https:\/\/www.facebook.com\/remiremontinfo","https:\/\/x.com\/VosgesInfo88","https:\/\/www.youtube.com\/@vosgesinfo"]},{"@type":"Person","@id":"https:\/\/vosgesinfo.fr\/remiremontinfo\/#\/schema\/person\/3bfd164d5218a185b1db68655a265316","name":"C D","image":{"@type":"ImageObject","inLanguage":"fr-FR","@id":"https:\/\/vosgesinfo.fr\/remiremontinfo\/#\/schema\/person\/image\/","url":"https:\/\/secure.gravatar.com\/avatar\/1f9a70007336511a47468b8f1c66f922b8b7cf617b02a31149ada43893a5d48f?s=96&d=mm&r=g","contentUrl":"https:\/\/secure.gravatar.com\/avatar\/1f9a70007336511a47468b8f1c66f922b8b7cf617b02a31149ada43893a5d48f?s=96&d=mm&r=g","caption":"C D"},"url":"https:\/\/vosgesinfo.fr\/remiremontinfo\/author\/cedric-drevet\/"}]}},"_links":{"self":[{"href":"https:\/\/vosgesinfo.fr\/remiremontinfo\/wp-json\/wp\/v2\/posts\/68392","targetHints":{"allow":["GET"]}}],"collection":[{"href":"https:\/\/vosgesinfo.fr\/remiremontinfo\/wp-json\/wp\/v2\/posts"}],"about":[{"href":"https:\/\/vosgesinfo.fr\/remiremontinfo\/wp-json\/wp\/v2\/types\/post"}],"author":[{"embeddable":true,"href":"https:\/\/vosgesinfo.fr\/remiremontinfo\/wp-json\/wp\/v2\/users\/407"}],"replies":[{"embeddable":true,"href":"https:\/\/vosgesinfo.fr\/remiremontinfo\/wp-json\/wp\/v2\/comments?post=68392"}],"version-history":[{"count":0,"href":"https:\/\/vosgesinfo.fr\/remiremontinfo\/wp-json\/wp\/v2\/posts\/68392\/revisions"}],"wp:featuredmedia":[{"embeddable":true,"href":"https:\/\/vosgesinfo.fr\/remiremontinfo\/wp-json\/wp\/v2\/media\/68393"}],"wp:attachment":[{"href":"https:\/\/vosgesinfo.fr\/remiremontinfo\/wp-json\/wp\/v2\/media?parent=68392"}],"wp:term":[{"taxonomy":"category","embeddable":true,"href":"https:\/\/vosgesinfo.fr\/remiremontinfo\/wp-json\/wp\/v2\/categories?post=68392"},{"taxonomy":"post_tag","embeddable":true,"href":"https:\/\/vosgesinfo.fr\/remiremontinfo\/wp-json\/wp\/v2\/tags?post=68392"}],"curies":[{"name":"wp","href":"https:\/\/api.w.org\/{rel}","templated":true}]}}