{"id":68422,"date":"2023-03-06T08:06:42","date_gmt":"2023-03-06T07:06:42","guid":{"rendered":"https:\/\/vosgesinfo.fr\/remiremontinfo\/2023\/03\/biathlon-fabien-claude-a-remporte-relais-mixte-dimanche\/"},"modified":"2023-03-06T08:06:42","modified_gmt":"2023-03-06T07:06:42","slug":"biathlon-fabien-claude-a-remporte-relais-mixte-dimanche","status":"publish","type":"post","link":"https:\/\/vosgesinfo.fr\/remiremontinfo\/2023\/03\/biathlon-fabien-claude-a-remporte-relais-mixte-dimanche\/","title":{"rendered":"Biathlon : Fabien Claude a remport\u00e9 le relais mixte ce dimanche"},"content":{"rendered":"<p><a href=\"\/2023\/02\/fabien-claude1.png\"><img decoding=\"async\" class=\"alignnone size-large wp-image-364013\" src=\"\/2023\/02\/fabien-claude1-1024x726.png\" alt=\"fabien claude\" width=\"960\" height=\"681\" \/><\/a><\/p>\n<p><span style=\"font-size: 10pt;\"><em>Photo d&rsquo;archive\u00a0<\/em><\/span><\/p>\n<h2><span style=\"font-size: 12pt;\"><strong>Une nouvelle victoire pour Fabien Claude. Ce dimanche en R\u00e9publique Tch\u00e8que, le biathl\u00e8te a\u00a0remport\u00e9 son deuxi\u00e8me relais\u00a0de la saison en Coupe du Monde. Avec Lou Jeanmonnot, Caroline Colombo et Eric Perrot. \u00ab\u00a0C&rsquo;est\u00a0m\u00eame le troisi\u00e8me\u00a0lorsque l&rsquo;on prend en compte\u00a0sa m\u00e9daille d&rsquo;or\u00a0sur les Mondiaux d&rsquo;Oberhof il y a deux semaines\u00a0\u00bb, pr\u00e9cise <a href=\"https:\/\/www.francebleu.fr\/sports\/hiver-ski-biathlon\/le-vosgien-fabien-claude-a-encore-faim-apres-sa-victoire-sur-le-relais-mixte-en-coupe-du-monde-de-biathlon-2738599\">francebleu.fr<\/a>.\u00a0<\/strong><\/span><\/h2>\n<p><em>\u00ab\u00a0C&rsquo;est quand m\u00eame une tr\u00e8s belle saison\u00a0\u00bb<\/em>,\u00a0a confi\u00e9 le biathl\u00e8te \u00e0 <a href=\"https:\/\/www.francebleu.fr\/sports\/hiver-ski-biathlon\/le-vosgien-fabien-claude-a-encore-faim-apres-sa-victoire-sur-le-relais-mixte-en-coupe-du-monde-de-biathlon-2738599\">France Bleu Lorraine<\/a> \u00e0 l&rsquo;issue de la course.\u00a0Et Fabien Claude ne compte pas en rester l\u00e0. Il\u00a0souhaite aussi obtenir de bons\u00a0 r\u00e9sultats en individuel. <em>\u00ab\u00a0Je n&rsquo;ai toujours pas de podium cette saison, et je suis 10\u00e8me au classement g\u00e9n\u00e9ral de la Coupe du Monde, tout proche du 6\u00e8me, donc si \u00e7a se passe bien, je peux remonter. Et pourquoi pas m\u00eame revenir sur le Top 5, ce serait une belle r\u00e9compense.\u00a0\u00bb<\/em><\/p>\n","protected":false},"excerpt":{"rendered":"<p>Photo d&rsquo;archive\u00a0 Une nouvelle victoire pour Fabien Claude. Ce dimanche en R\u00e9publique Tch\u00e8que, le biathl\u00e8te a\u00a0remport\u00e9 son deuxi\u00e8me relais\u00a0de la [&hellip;]<\/p>\n","protected":false},"author":407,"featured_media":68423,"comment_status":"open","ping_status":"open","sticky":false,"template":"","format":"standard","meta":{"footnotes":""},"categories":[26,25,14],"tags":[2156,3138,32],"class_list":["post-68422","post","type-post","status-publish","format-standard","has-post-thumbnail","hentry","category-a-la-une","category-la-bresse-son-canton","category-sport","tag-biathlon","tag-fabien-claude","tag-vosges"],"acf":[],"yoast_head":"<!-- This site is optimized with the Yoast SEO plugin v22.5 - https:\/\/yoast.com\/wordpress\/plugins\/seo\/ -->\n<title>Biathlon : Fabien Claude a remport\u00e9 le relais mixte ce dimanche - Remiremont Info<\/title>\n<meta name=\"robots\" content=\"index, follow, max-snippet:-1, max-image-preview:large, max-video-preview:-1\" \/>\n<link rel=\"canonical\" href=\"https:\/\/vosgesinfo.fr\/remiremontinfo\/2023\/03\/biathlon-fabien-claude-a-remporte-relais-mixte-dimanche\/\" \/>\n<meta name=\"twitter:card\" content=\"summary_large_image\" \/>\n<meta name=\"twitter:title\" content=\"Biathlon : Fabien Claude a remport\u00e9 le relais mixte ce dimanche - Remiremont Info\" \/>\n<meta name=\"twitter:description\" content=\"Photo d&rsquo;archive\u00a0 Une nouvelle victoire pour Fabien Claude. Ce dimanche en R\u00e9publique Tch\u00e8que, le biathl\u00e8te a\u00a0remport\u00e9 son deuxi\u00e8me relais\u00a0de la [&hellip;]\" \/>\n<meta name=\"twitter:image\" content=\"https:\/\/vosgesinfo.fr\/app\/uploads\/sites\/5\/2024\/09\/202302fabien-claude1-1.png\" \/>\n<meta name=\"twitter:creator\" content=\"@VosgesInfo88\" \/>\n<meta name=\"twitter:site\" content=\"@VosgesInfo88\" \/>\n<meta name=\"twitter:label1\" content=\"\u00c9crit par\" \/>\n\t<meta name=\"twitter:data1\" content=\"C D\" \/>\n\t<meta name=\"twitter:label2\" content=\"Dur\u00e9e de lecture estim\u00e9e\" \/>\n\t<meta name=\"twitter:data2\" content=\"1 minute\" \/>\n<script type=\"application\/ld+json\" class=\"yoast-schema-graph\">{\"@context\":\"https:\/\/schema.org\",\"@graph\":[{\"@type\":\"Article\",\"@id\":\"https:\/\/vosgesinfo.fr\/remiremontinfo\/2023\/03\/biathlon-fabien-claude-a-remporte-relais-mixte-dimanche\/#article\",\"isPartOf\":{\"@id\":\"https:\/\/vosgesinfo.fr\/remiremontinfo\/2023\/03\/biathlon-fabien-claude-a-remporte-relais-mixte-dimanche\/\"},\"author\":{\"name\":\"C D\",\"@id\":\"https:\/\/vosgesinfo.fr\/remiremontinfo\/#\/schema\/person\/3bfd164d5218a185b1db68655a265316\"},\"headline\":\"Biathlon : Fabien Claude a remport\u00e9 le relais mixte ce dimanche\",\"datePublished\":\"2023-03-06T07:06:42+00:00\",\"dateModified\":\"2023-03-06T07:06:42+00:00\",\"mainEntityOfPage\":{\"@id\":\"https:\/\/vosgesinfo.fr\/remiremontinfo\/2023\/03\/biathlon-fabien-claude-a-remporte-relais-mixte-dimanche\/\"},\"wordCount\":175,\"commentCount\":0,\"publisher\":{\"@id\":\"https:\/\/vosgesinfo.fr\/remiremontinfo\/#organization\"},\"image\":{\"@id\":\"https:\/\/vosgesinfo.fr\/remiremontinfo\/2023\/03\/biathlon-fabien-claude-a-remporte-relais-mixte-dimanche\/#primaryimage\"},\"thumbnailUrl\":\"https:\/\/vosgesinfo.fr\/app\/uploads\/sites\/5\/2024\/09\/202302fabien-claude1-1.png\",\"keywords\":[\"biathlon\",\"Fabien Claude\",\"Vosges\"],\"articleSection\":[\"A la Une\",\"La Bresse &amp; son canton\",\"Sport\"],\"inLanguage\":\"fr-FR\",\"potentialAction\":[{\"@type\":\"CommentAction\",\"name\":\"Comment\",\"target\":[\"https:\/\/vosgesinfo.fr\/remiremontinfo\/2023\/03\/biathlon-fabien-claude-a-remporte-relais-mixte-dimanche\/#respond\"]}]},{\"@type\":\"WebPage\",\"@id\":\"https:\/\/vosgesinfo.fr\/remiremontinfo\/2023\/03\/biathlon-fabien-claude-a-remporte-relais-mixte-dimanche\/\",\"url\":\"https:\/\/vosgesinfo.fr\/remiremontinfo\/2023\/03\/biathlon-fabien-claude-a-remporte-relais-mixte-dimanche\/\",\"name\":\"Biathlon : Fabien Claude a remport\u00e9 le relais mixte ce dimanche - Remiremont Info\",\"isPartOf\":{\"@id\":\"https:\/\/vosgesinfo.fr\/remiremontinfo\/#website\"},\"primaryImageOfPage\":{\"@id\":\"https:\/\/vosgesinfo.fr\/remiremontinfo\/2023\/03\/biathlon-fabien-claude-a-remporte-relais-mixte-dimanche\/#primaryimage\"},\"image\":{\"@id\":\"https:\/\/vosgesinfo.fr\/remiremontinfo\/2023\/03\/biathlon-fabien-claude-a-remporte-relais-mixte-dimanche\/#primaryimage\"},\"thumbnailUrl\":\"https:\/\/vosgesinfo.fr\/app\/uploads\/sites\/5\/2024\/09\/202302fabien-claude1-1.png\",\"datePublished\":\"2023-03-06T07:06:42+00:00\",\"dateModified\":\"2023-03-06T07:06:42+00:00\",\"breadcrumb\":{\"@id\":\"https:\/\/vosgesinfo.fr\/remiremontinfo\/2023\/03\/biathlon-fabien-claude-a-remporte-relais-mixte-dimanche\/#breadcrumb\"},\"inLanguage\":\"fr-FR\",\"potentialAction\":[{\"@type\":\"ReadAction\",\"target\":[\"https:\/\/vosgesinfo.fr\/remiremontinfo\/2023\/03\/biathlon-fabien-claude-a-remporte-relais-mixte-dimanche\/\"]}]},{\"@type\":\"ImageObject\",\"inLanguage\":\"fr-FR\",\"@id\":\"https:\/\/vosgesinfo.fr\/remiremontinfo\/2023\/03\/biathlon-fabien-claude-a-remporte-relais-mixte-dimanche\/#primaryimage\",\"url\":\"https:\/\/vosgesinfo.fr\/app\/uploads\/sites\/5\/2024\/09\/202302fabien-claude1-1.png\",\"contentUrl\":\"https:\/\/vosgesinfo.fr\/app\/uploads\/sites\/5\/2024\/09\/202302fabien-claude1-1.png\",\"width\":1047,\"height\":742},{\"@type\":\"BreadcrumbList\",\"@id\":\"https:\/\/vosgesinfo.fr\/remiremontinfo\/2023\/03\/biathlon-fabien-claude-a-remporte-relais-mixte-dimanche\/#breadcrumb\",\"itemListElement\":[{\"@type\":\"ListItem\",\"position\":1,\"name\":\"Home\",\"item\":\"https:\/\/vosgesinfo.fr\/remiremontinfo\/\"},{\"@type\":\"ListItem\",\"position\":2,\"name\":\"Biathlon : Fabien Claude a remport\u00e9 le relais mixte ce dimanche\"}]},{\"@type\":\"WebSite\",\"@id\":\"https:\/\/vosgesinfo.fr\/remiremontinfo\/#website\",\"url\":\"https:\/\/vosgesinfo.fr\/remiremontinfo\/\",\"name\":\"Remiremont Info\",\"description\":\"Toute l&#039;actualit\u00e9 de Remiremont\",\"publisher\":{\"@id\":\"https:\/\/vosgesinfo.fr\/remiremontinfo\/#organization\"},\"alternateName\":\"Toute l'actualit\u00e9 de Remiremont\",\"potentialAction\":[{\"@type\":\"SearchAction\",\"target\":{\"@type\":\"EntryPoint\",\"urlTemplate\":\"https:\/\/vosgesinfo.fr\/remiremontinfo\/?s={search_term_string}\"},\"query-input\":\"required name=search_term_string\"}],\"inLanguage\":\"fr-FR\"},{\"@type\":\"Organization\",\"@id\":\"https:\/\/vosgesinfo.fr\/remiremontinfo\/#organization\",\"name\":\"Remiremont Info\",\"url\":\"https:\/\/vosgesinfo.fr\/remiremontinfo\/\",\"logo\":{\"@type\":\"ImageObject\",\"inLanguage\":\"fr-FR\",\"@id\":\"https:\/\/vosgesinfo.fr\/remiremontinfo\/#\/schema\/logo\/image\/\",\"url\":\"https:\/\/vosgesinfo.fr\/app\/uploads\/sites\/5\/2023\/08\/favicon-remiremontinfo.png\",\"contentUrl\":\"https:\/\/vosgesinfo.fr\/app\/uploads\/sites\/5\/2023\/08\/favicon-remiremontinfo.png\",\"width\":512,\"height\":512,\"caption\":\"Remiremont Info\"},\"image\":{\"@id\":\"https:\/\/vosgesinfo.fr\/remiremontinfo\/#\/schema\/logo\/image\/\"},\"sameAs\":[\"https:\/\/www.facebook.com\/remiremontinfo\",\"https:\/\/x.com\/VosgesInfo88\",\"https:\/\/www.youtube.com\/@vosgesinfo\"]},{\"@type\":\"Person\",\"@id\":\"https:\/\/vosgesinfo.fr\/remiremontinfo\/#\/schema\/person\/3bfd164d5218a185b1db68655a265316\",\"name\":\"C D\",\"image\":{\"@type\":\"ImageObject\",\"inLanguage\":\"fr-FR\",\"@id\":\"https:\/\/vosgesinfo.fr\/remiremontinfo\/#\/schema\/person\/image\/\",\"url\":\"https:\/\/secure.gravatar.com\/avatar\/1f9a70007336511a47468b8f1c66f922b8b7cf617b02a31149ada43893a5d48f?s=96&d=mm&r=g\",\"contentUrl\":\"https:\/\/secure.gravatar.com\/avatar\/1f9a70007336511a47468b8f1c66f922b8b7cf617b02a31149ada43893a5d48f?s=96&d=mm&r=g\",\"caption\":\"C D\"},\"url\":\"https:\/\/vosgesinfo.fr\/remiremontinfo\/author\/cedric-drevet\/\"}]}<\/script>\n<!-- \/ Yoast SEO plugin. -->","yoast_head_json":{"title":"Biathlon : Fabien Claude a remport\u00e9 le relais mixte ce dimanche - Remiremont Info","robots":{"index":"index","follow":"follow","max-snippet":"max-snippet:-1","max-image-preview":"max-image-preview:large","max-video-preview":"max-video-preview:-1"},"canonical":"https:\/\/vosgesinfo.fr\/remiremontinfo\/2023\/03\/biathlon-fabien-claude-a-remporte-relais-mixte-dimanche\/","twitter_card":"summary_large_image","twitter_title":"Biathlon : Fabien Claude a remport\u00e9 le relais mixte ce dimanche - Remiremont Info","twitter_description":"Photo d&rsquo;archive\u00a0 Une nouvelle victoire pour Fabien Claude. Ce dimanche en R\u00e9publique Tch\u00e8que, le biathl\u00e8te a\u00a0remport\u00e9 son deuxi\u00e8me relais\u00a0de la [&hellip;]","twitter_image":"https:\/\/vosgesinfo.fr\/app\/uploads\/sites\/5\/2024\/09\/202302fabien-claude1-1.png","twitter_creator":"@VosgesInfo88","twitter_site":"@VosgesInfo88","twitter_misc":{"\u00c9crit par":"C D","Dur\u00e9e de lecture estim\u00e9e":"1 minute"},"schema":{"@context":"https:\/\/schema.org","@graph":[{"@type":"Article","@id":"https:\/\/vosgesinfo.fr\/remiremontinfo\/2023\/03\/biathlon-fabien-claude-a-remporte-relais-mixte-dimanche\/#article","isPartOf":{"@id":"https:\/\/vosgesinfo.fr\/remiremontinfo\/2023\/03\/biathlon-fabien-claude-a-remporte-relais-mixte-dimanche\/"},"author":{"name":"C D","@id":"https:\/\/vosgesinfo.fr\/remiremontinfo\/#\/schema\/person\/3bfd164d5218a185b1db68655a265316"},"headline":"Biathlon : Fabien Claude a remport\u00e9 le relais mixte ce dimanche","datePublished":"2023-03-06T07:06:42+00:00","dateModified":"2023-03-06T07:06:42+00:00","mainEntityOfPage":{"@id":"https:\/\/vosgesinfo.fr\/remiremontinfo\/2023\/03\/biathlon-fabien-claude-a-remporte-relais-mixte-dimanche\/"},"wordCount":175,"commentCount":0,"publisher":{"@id":"https:\/\/vosgesinfo.fr\/remiremontinfo\/#organization"},"image":{"@id":"https:\/\/vosgesinfo.fr\/remiremontinfo\/2023\/03\/biathlon-fabien-claude-a-remporte-relais-mixte-dimanche\/#primaryimage"},"thumbnailUrl":"https:\/\/vosgesinfo.fr\/app\/uploads\/sites\/5\/2024\/09\/202302fabien-claude1-1.png","keywords":["biathlon","Fabien Claude","Vosges"],"articleSection":["A la Une","La Bresse &amp; son canton","Sport"],"inLanguage":"fr-FR","potentialAction":[{"@type":"CommentAction","name":"Comment","target":["https:\/\/vosgesinfo.fr\/remiremontinfo\/2023\/03\/biathlon-fabien-claude-a-remporte-relais-mixte-dimanche\/#respond"]}]},{"@type":"WebPage","@id":"https:\/\/vosgesinfo.fr\/remiremontinfo\/2023\/03\/biathlon-fabien-claude-a-remporte-relais-mixte-dimanche\/","url":"https:\/\/vosgesinfo.fr\/remiremontinfo\/2023\/03\/biathlon-fabien-claude-a-remporte-relais-mixte-dimanche\/","name":"Biathlon : Fabien Claude a remport\u00e9 le relais mixte ce dimanche - Remiremont Info","isPartOf":{"@id":"https:\/\/vosgesinfo.fr\/remiremontinfo\/#website"},"primaryImageOfPage":{"@id":"https:\/\/vosgesinfo.fr\/remiremontinfo\/2023\/03\/biathlon-fabien-claude-a-remporte-relais-mixte-dimanche\/#primaryimage"},"image":{"@id":"https:\/\/vosgesinfo.fr\/remiremontinfo\/2023\/03\/biathlon-fabien-claude-a-remporte-relais-mixte-dimanche\/#primaryimage"},"thumbnailUrl":"https:\/\/vosgesinfo.fr\/app\/uploads\/sites\/5\/2024\/09\/202302fabien-claude1-1.png","datePublished":"2023-03-06T07:06:42+00:00","dateModified":"2023-03-06T07:06:42+00:00","breadcrumb":{"@id":"https:\/\/vosgesinfo.fr\/remiremontinfo\/2023\/03\/biathlon-fabien-claude-a-remporte-relais-mixte-dimanche\/#breadcrumb"},"inLanguage":"fr-FR","potentialAction":[{"@type":"ReadAction","target":["https:\/\/vosgesinfo.fr\/remiremontinfo\/2023\/03\/biathlon-fabien-claude-a-remporte-relais-mixte-dimanche\/"]}]},{"@type":"ImageObject","inLanguage":"fr-FR","@id":"https:\/\/vosgesinfo.fr\/remiremontinfo\/2023\/03\/biathlon-fabien-claude-a-remporte-relais-mixte-dimanche\/#primaryimage","url":"https:\/\/vosgesinfo.fr\/app\/uploads\/sites\/5\/2024\/09\/202302fabien-claude1-1.png","contentUrl":"https:\/\/vosgesinfo.fr\/app\/uploads\/sites\/5\/2024\/09\/202302fabien-claude1-1.png","width":1047,"height":742},{"@type":"BreadcrumbList","@id":"https:\/\/vosgesinfo.fr\/remiremontinfo\/2023\/03\/biathlon-fabien-claude-a-remporte-relais-mixte-dimanche\/#breadcrumb","itemListElement":[{"@type":"ListItem","position":1,"name":"Home","item":"https:\/\/vosgesinfo.fr\/remiremontinfo\/"},{"@type":"ListItem","position":2,"name":"Biathlon : Fabien Claude a remport\u00e9 le relais mixte ce dimanche"}]},{"@type":"WebSite","@id":"https:\/\/vosgesinfo.fr\/remiremontinfo\/#website","url":"https:\/\/vosgesinfo.fr\/remiremontinfo\/","name":"Remiremont Info","description":"Toute l&#039;actualit\u00e9 de Remiremont","publisher":{"@id":"https:\/\/vosgesinfo.fr\/remiremontinfo\/#organization"},"alternateName":"Toute l'actualit\u00e9 de Remiremont","potentialAction":[{"@type":"SearchAction","target":{"@type":"EntryPoint","urlTemplate":"https:\/\/vosgesinfo.fr\/remiremontinfo\/?s={search_term_string}"},"query-input":"required name=search_term_string"}],"inLanguage":"fr-FR"},{"@type":"Organization","@id":"https:\/\/vosgesinfo.fr\/remiremontinfo\/#organization","name":"Remiremont Info","url":"https:\/\/vosgesinfo.fr\/remiremontinfo\/","logo":{"@type":"ImageObject","inLanguage":"fr-FR","@id":"https:\/\/vosgesinfo.fr\/remiremontinfo\/#\/schema\/logo\/image\/","url":"https:\/\/vosgesinfo.fr\/app\/uploads\/sites\/5\/2023\/08\/favicon-remiremontinfo.png","contentUrl":"https:\/\/vosgesinfo.fr\/app\/uploads\/sites\/5\/2023\/08\/favicon-remiremontinfo.png","width":512,"height":512,"caption":"Remiremont Info"},"image":{"@id":"https:\/\/vosgesinfo.fr\/remiremontinfo\/#\/schema\/logo\/image\/"},"sameAs":["https:\/\/www.facebook.com\/remiremontinfo","https:\/\/x.com\/VosgesInfo88","https:\/\/www.youtube.com\/@vosgesinfo"]},{"@type":"Person","@id":"https:\/\/vosgesinfo.fr\/remiremontinfo\/#\/schema\/person\/3bfd164d5218a185b1db68655a265316","name":"C D","image":{"@type":"ImageObject","inLanguage":"fr-FR","@id":"https:\/\/vosgesinfo.fr\/remiremontinfo\/#\/schema\/person\/image\/","url":"https:\/\/secure.gravatar.com\/avatar\/1f9a70007336511a47468b8f1c66f922b8b7cf617b02a31149ada43893a5d48f?s=96&d=mm&r=g","contentUrl":"https:\/\/secure.gravatar.com\/avatar\/1f9a70007336511a47468b8f1c66f922b8b7cf617b02a31149ada43893a5d48f?s=96&d=mm&r=g","caption":"C D"},"url":"https:\/\/vosgesinfo.fr\/remiremontinfo\/author\/cedric-drevet\/"}]}},"_links":{"self":[{"href":"https:\/\/vosgesinfo.fr\/remiremontinfo\/wp-json\/wp\/v2\/posts\/68422","targetHints":{"allow":["GET"]}}],"collection":[{"href":"https:\/\/vosgesinfo.fr\/remiremontinfo\/wp-json\/wp\/v2\/posts"}],"about":[{"href":"https:\/\/vosgesinfo.fr\/remiremontinfo\/wp-json\/wp\/v2\/types\/post"}],"author":[{"embeddable":true,"href":"https:\/\/vosgesinfo.fr\/remiremontinfo\/wp-json\/wp\/v2\/users\/407"}],"replies":[{"embeddable":true,"href":"https:\/\/vosgesinfo.fr\/remiremontinfo\/wp-json\/wp\/v2\/comments?post=68422"}],"version-history":[{"count":0,"href":"https:\/\/vosgesinfo.fr\/remiremontinfo\/wp-json\/wp\/v2\/posts\/68422\/revisions"}],"wp:featuredmedia":[{"embeddable":true,"href":"https:\/\/vosgesinfo.fr\/remiremontinfo\/wp-json\/wp\/v2\/media\/68423"}],"wp:attachment":[{"href":"https:\/\/vosgesinfo.fr\/remiremontinfo\/wp-json\/wp\/v2\/media?parent=68422"}],"wp:term":[{"taxonomy":"category","embeddable":true,"href":"https:\/\/vosgesinfo.fr\/remiremontinfo\/wp-json\/wp\/v2\/categories?post=68422"},{"taxonomy":"post_tag","embeddable":true,"href":"https:\/\/vosgesinfo.fr\/remiremontinfo\/wp-json\/wp\/v2\/tags?post=68422"}],"curies":[{"name":"wp","href":"https:\/\/api.w.org\/{rel}","templated":true}]}}