{"id":68426,"date":"2023-03-06T09:16:15","date_gmt":"2023-03-06T08:16:15","guid":{"rendered":"https:\/\/vosgesinfo.fr\/remiremontinfo\/2023\/03\/saint-ame-greve-ecoles-perturbations-a-prevoir\/"},"modified":"2023-03-06T09:16:15","modified_gmt":"2023-03-06T08:16:15","slug":"saint-ame-greve-ecoles-perturbations-a-prevoir","status":"publish","type":"post","link":"https:\/\/vosgesinfo.fr\/remiremontinfo\/2023\/03\/saint-ame-greve-ecoles-perturbations-a-prevoir\/","title":{"rendered":"Saint-Am\u00e9 : gr\u00e8ve dans les \u00e9coles, des perturbations \u00e0 pr\u00e9voir"},"content":{"rendered":"<p><a href=\"\/2023\/03\/ecole-saint-am\u00e9.png\"><img decoding=\"async\" class=\"alignnone size-full wp-image-364981\" src=\"\/2023\/03\/ecole-saint-am\u00e9.png\" alt=\"ecole saint am\u00e9\" width=\"925\" height=\"652\" \/><\/a><\/p>\n<p><span style=\"font-size: 10pt;\"><em>Photo Google Maps\u00a0<\/em><\/span><\/p>\n<h2><span style=\"font-size: 12pt;\"><strong>En raison de la journe\u0301e nationale d\u2019appel a\u0300 la gre\u0300ve le mardi 7 mars 2023, un certain nombre de perturbations sont a\u0300 pre\u0301voir au niveau du service scolaire et pe\u0301riscolaire compte tenu de la gre\u0300ve d\u2019une partie du personnel enseignant et du personnel pe\u0301riscolaire.\u00a0<\/strong><\/span><\/h2>\n<p><em>Au niveau des e\u0301coles :<\/em><\/p>\n<p>Un service minimum d\u2019accueil sera assure\u0301 ce jour-la\u0300 par la commune en maternelle (e\u0301le\u0300ves de la classe PS\/MS) : de 8h40 a\u0300 11h50 et de 13h30 a\u0300 16h20. L\u2019accueil se fera directement a\u0300 l\u2019e\u0301cole maternelle. L\u2019autre classe (MS\/GS) fonctionnera normalement.<\/p>\n<p>En revanche, compte tenu du personnel communal disponible, il ne sera pas possible d\u2019assurer le service minimum d\u2019accueil pour les classes de CE1 et de CM1 dont l\u2019enseignant est de\u0301clare\u0301 gre\u0301viste.<\/p>\n<p>Pour les autres classes (CP, CE2 et CM2), le fonctionnement sera celui d\u2019un jour normal d\u2019e\u0301cole avec leur enseignant.<\/p>\n<p><em>Autres services :<\/em><\/p>\n<p>Le service pe\u0301riscolaire (accueil du matin et accueil du soir) ainsi que le service de restauration ne pourront pas e\u0302tre assure\u0301s exceptionnellement ce jour-la\u0300. Par conse\u0301quent, les parents sont appele\u0301s a\u0300 prendre leurs dispositions.<\/p>\n<p>Le service de transport scolaire fonctionnera normalement.<\/p>\n<p>Nous vous remercions pour votre compre\u0301hension.<\/p>\n<p><span style=\"font-size: 10pt;\"><em>Source\u00a0: Mairie de Saint-Am\u00e9<\/em><\/span><\/p>\n","protected":false},"excerpt":{"rendered":"<p>Photo Google Maps\u00a0 En raison de la journe\u0301e nationale d\u2019appel a\u0300 la gre\u0300ve le mardi 7 mars 2023, un certain [&hellip;]<\/p>\n","protected":false},"author":407,"featured_media":68427,"comment_status":"open","ping_status":"open","sticky":false,"template":"","format":"standard","meta":{"footnotes":""},"categories":[26,35,223,13],"tags":[2265,415,506,225,32],"class_list":["post-68426","post","type-post","status-publish","format-standard","has-post-thumbnail","hentry","category-a-la-une","category-remiremont-son-canton","category-saint-ame","category-societe","tag-accueil","tag-ecole","tag-greve","tag-saint-ame","tag-vosges"],"acf":[],"yoast_head":"<!-- This site is optimized with the Yoast SEO plugin v22.5 - https:\/\/yoast.com\/wordpress\/plugins\/seo\/ -->\n<title>Saint-Am\u00e9 : gr\u00e8ve dans les \u00e9coles, des perturbations \u00e0 pr\u00e9voir - Remiremont Info<\/title>\n<meta name=\"robots\" content=\"index, follow, max-snippet:-1, max-image-preview:large, max-video-preview:-1\" \/>\n<link rel=\"canonical\" href=\"https:\/\/vosgesinfo.fr\/remiremontinfo\/2023\/03\/saint-ame-greve-ecoles-perturbations-a-prevoir\/\" \/>\n<meta name=\"twitter:card\" content=\"summary_large_image\" \/>\n<meta name=\"twitter:title\" content=\"Saint-Am\u00e9 : gr\u00e8ve dans les \u00e9coles, des perturbations \u00e0 pr\u00e9voir - Remiremont Info\" \/>\n<meta name=\"twitter:description\" content=\"Photo Google Maps\u00a0 En raison de la journe\u0301e nationale d\u2019appel a\u0300 la gre\u0300ve le mardi 7 mars 2023, un certain [&hellip;]\" \/>\n<meta name=\"twitter:image\" content=\"https:\/\/vosgesinfo.fr\/app\/uploads\/sites\/5\/2024\/09\/202303ecole-saint-ame.png\" \/>\n<meta name=\"twitter:creator\" content=\"@VosgesInfo88\" \/>\n<meta name=\"twitter:site\" content=\"@VosgesInfo88\" \/>\n<meta name=\"twitter:label1\" content=\"\u00c9crit par\" \/>\n\t<meta name=\"twitter:data1\" content=\"C D\" \/>\n\t<meta name=\"twitter:label2\" content=\"Dur\u00e9e de lecture estim\u00e9e\" \/>\n\t<meta name=\"twitter:data2\" content=\"1 minute\" \/>\n<script type=\"application\/ld+json\" class=\"yoast-schema-graph\">{\"@context\":\"https:\/\/schema.org\",\"@graph\":[{\"@type\":\"Article\",\"@id\":\"https:\/\/vosgesinfo.fr\/remiremontinfo\/2023\/03\/saint-ame-greve-ecoles-perturbations-a-prevoir\/#article\",\"isPartOf\":{\"@id\":\"https:\/\/vosgesinfo.fr\/remiremontinfo\/2023\/03\/saint-ame-greve-ecoles-perturbations-a-prevoir\/\"},\"author\":{\"name\":\"C D\",\"@id\":\"https:\/\/vosgesinfo.fr\/remiremontinfo\/#\/schema\/person\/3bfd164d5218a185b1db68655a265316\"},\"headline\":\"Saint-Am\u00e9 : gr\u00e8ve dans les \u00e9coles, des perturbations \u00e0 pr\u00e9voir\",\"datePublished\":\"2023-03-06T08:16:15+00:00\",\"dateModified\":\"2023-03-06T08:16:15+00:00\",\"mainEntityOfPage\":{\"@id\":\"https:\/\/vosgesinfo.fr\/remiremontinfo\/2023\/03\/saint-ame-greve-ecoles-perturbations-a-prevoir\/\"},\"wordCount\":233,\"commentCount\":0,\"publisher\":{\"@id\":\"https:\/\/vosgesinfo.fr\/remiremontinfo\/#organization\"},\"image\":{\"@id\":\"https:\/\/vosgesinfo.fr\/remiremontinfo\/2023\/03\/saint-ame-greve-ecoles-perturbations-a-prevoir\/#primaryimage\"},\"thumbnailUrl\":\"https:\/\/vosgesinfo.fr\/app\/uploads\/sites\/5\/2024\/09\/202303ecole-saint-ame.png\",\"keywords\":[\"accueil\",\"ecole\",\"gr\u00eave\",\"saint-am\u00e9\",\"Vosges\"],\"articleSection\":[\"A la Une\",\"Remiremont &amp; son canton\",\"Saint-Am\u00e9\",\"Soci\u00e9t\u00e9\"],\"inLanguage\":\"fr-FR\",\"potentialAction\":[{\"@type\":\"CommentAction\",\"name\":\"Comment\",\"target\":[\"https:\/\/vosgesinfo.fr\/remiremontinfo\/2023\/03\/saint-ame-greve-ecoles-perturbations-a-prevoir\/#respond\"]}]},{\"@type\":\"WebPage\",\"@id\":\"https:\/\/vosgesinfo.fr\/remiremontinfo\/2023\/03\/saint-ame-greve-ecoles-perturbations-a-prevoir\/\",\"url\":\"https:\/\/vosgesinfo.fr\/remiremontinfo\/2023\/03\/saint-ame-greve-ecoles-perturbations-a-prevoir\/\",\"name\":\"Saint-Am\u00e9 : gr\u00e8ve dans les \u00e9coles, des perturbations \u00e0 pr\u00e9voir - Remiremont Info\",\"isPartOf\":{\"@id\":\"https:\/\/vosgesinfo.fr\/remiremontinfo\/#website\"},\"primaryImageOfPage\":{\"@id\":\"https:\/\/vosgesinfo.fr\/remiremontinfo\/2023\/03\/saint-ame-greve-ecoles-perturbations-a-prevoir\/#primaryimage\"},\"image\":{\"@id\":\"https:\/\/vosgesinfo.fr\/remiremontinfo\/2023\/03\/saint-ame-greve-ecoles-perturbations-a-prevoir\/#primaryimage\"},\"thumbnailUrl\":\"https:\/\/vosgesinfo.fr\/app\/uploads\/sites\/5\/2024\/09\/202303ecole-saint-ame.png\",\"datePublished\":\"2023-03-06T08:16:15+00:00\",\"dateModified\":\"2023-03-06T08:16:15+00:00\",\"breadcrumb\":{\"@id\":\"https:\/\/vosgesinfo.fr\/remiremontinfo\/2023\/03\/saint-ame-greve-ecoles-perturbations-a-prevoir\/#breadcrumb\"},\"inLanguage\":\"fr-FR\",\"potentialAction\":[{\"@type\":\"ReadAction\",\"target\":[\"https:\/\/vosgesinfo.fr\/remiremontinfo\/2023\/03\/saint-ame-greve-ecoles-perturbations-a-prevoir\/\"]}]},{\"@type\":\"ImageObject\",\"inLanguage\":\"fr-FR\",\"@id\":\"https:\/\/vosgesinfo.fr\/remiremontinfo\/2023\/03\/saint-ame-greve-ecoles-perturbations-a-prevoir\/#primaryimage\",\"url\":\"https:\/\/vosgesinfo.fr\/app\/uploads\/sites\/5\/2024\/09\/202303ecole-saint-ame.png\",\"contentUrl\":\"https:\/\/vosgesinfo.fr\/app\/uploads\/sites\/5\/2024\/09\/202303ecole-saint-ame.png\",\"width\":925,\"height\":652},{\"@type\":\"BreadcrumbList\",\"@id\":\"https:\/\/vosgesinfo.fr\/remiremontinfo\/2023\/03\/saint-ame-greve-ecoles-perturbations-a-prevoir\/#breadcrumb\",\"itemListElement\":[{\"@type\":\"ListItem\",\"position\":1,\"name\":\"Home\",\"item\":\"https:\/\/vosgesinfo.fr\/remiremontinfo\/\"},{\"@type\":\"ListItem\",\"position\":2,\"name\":\"Saint-Am\u00e9 : gr\u00e8ve dans les \u00e9coles, des perturbations \u00e0 pr\u00e9voir\"}]},{\"@type\":\"WebSite\",\"@id\":\"https:\/\/vosgesinfo.fr\/remiremontinfo\/#website\",\"url\":\"https:\/\/vosgesinfo.fr\/remiremontinfo\/\",\"name\":\"Remiremont Info\",\"description\":\"Toute l&#039;actualit\u00e9 de Remiremont\",\"publisher\":{\"@id\":\"https:\/\/vosgesinfo.fr\/remiremontinfo\/#organization\"},\"alternateName\":\"Toute l'actualit\u00e9 de Remiremont\",\"potentialAction\":[{\"@type\":\"SearchAction\",\"target\":{\"@type\":\"EntryPoint\",\"urlTemplate\":\"https:\/\/vosgesinfo.fr\/remiremontinfo\/?s={search_term_string}\"},\"query-input\":\"required name=search_term_string\"}],\"inLanguage\":\"fr-FR\"},{\"@type\":\"Organization\",\"@id\":\"https:\/\/vosgesinfo.fr\/remiremontinfo\/#organization\",\"name\":\"Remiremont Info\",\"url\":\"https:\/\/vosgesinfo.fr\/remiremontinfo\/\",\"logo\":{\"@type\":\"ImageObject\",\"inLanguage\":\"fr-FR\",\"@id\":\"https:\/\/vosgesinfo.fr\/remiremontinfo\/#\/schema\/logo\/image\/\",\"url\":\"https:\/\/vosgesinfo.fr\/app\/uploads\/sites\/5\/2023\/08\/favicon-remiremontinfo.png\",\"contentUrl\":\"https:\/\/vosgesinfo.fr\/app\/uploads\/sites\/5\/2023\/08\/favicon-remiremontinfo.png\",\"width\":512,\"height\":512,\"caption\":\"Remiremont Info\"},\"image\":{\"@id\":\"https:\/\/vosgesinfo.fr\/remiremontinfo\/#\/schema\/logo\/image\/\"},\"sameAs\":[\"https:\/\/www.facebook.com\/remiremontinfo\",\"https:\/\/x.com\/VosgesInfo88\",\"https:\/\/www.youtube.com\/@vosgesinfo\"]},{\"@type\":\"Person\",\"@id\":\"https:\/\/vosgesinfo.fr\/remiremontinfo\/#\/schema\/person\/3bfd164d5218a185b1db68655a265316\",\"name\":\"C D\",\"image\":{\"@type\":\"ImageObject\",\"inLanguage\":\"fr-FR\",\"@id\":\"https:\/\/vosgesinfo.fr\/remiremontinfo\/#\/schema\/person\/image\/\",\"url\":\"https:\/\/secure.gravatar.com\/avatar\/1f9a70007336511a47468b8f1c66f922b8b7cf617b02a31149ada43893a5d48f?s=96&d=mm&r=g\",\"contentUrl\":\"https:\/\/secure.gravatar.com\/avatar\/1f9a70007336511a47468b8f1c66f922b8b7cf617b02a31149ada43893a5d48f?s=96&d=mm&r=g\",\"caption\":\"C D\"},\"url\":\"https:\/\/vosgesinfo.fr\/remiremontinfo\/author\/cedric-drevet\/\"}]}<\/script>\n<!-- \/ Yoast SEO plugin. -->","yoast_head_json":{"title":"Saint-Am\u00e9 : gr\u00e8ve dans les \u00e9coles, des perturbations \u00e0 pr\u00e9voir - Remiremont Info","robots":{"index":"index","follow":"follow","max-snippet":"max-snippet:-1","max-image-preview":"max-image-preview:large","max-video-preview":"max-video-preview:-1"},"canonical":"https:\/\/vosgesinfo.fr\/remiremontinfo\/2023\/03\/saint-ame-greve-ecoles-perturbations-a-prevoir\/","twitter_card":"summary_large_image","twitter_title":"Saint-Am\u00e9 : gr\u00e8ve dans les \u00e9coles, des perturbations \u00e0 pr\u00e9voir - Remiremont Info","twitter_description":"Photo Google Maps\u00a0 En raison de la journe\u0301e nationale d\u2019appel a\u0300 la gre\u0300ve le mardi 7 mars 2023, un certain [&hellip;]","twitter_image":"https:\/\/vosgesinfo.fr\/app\/uploads\/sites\/5\/2024\/09\/202303ecole-saint-ame.png","twitter_creator":"@VosgesInfo88","twitter_site":"@VosgesInfo88","twitter_misc":{"\u00c9crit par":"C D","Dur\u00e9e de lecture estim\u00e9e":"1 minute"},"schema":{"@context":"https:\/\/schema.org","@graph":[{"@type":"Article","@id":"https:\/\/vosgesinfo.fr\/remiremontinfo\/2023\/03\/saint-ame-greve-ecoles-perturbations-a-prevoir\/#article","isPartOf":{"@id":"https:\/\/vosgesinfo.fr\/remiremontinfo\/2023\/03\/saint-ame-greve-ecoles-perturbations-a-prevoir\/"},"author":{"name":"C D","@id":"https:\/\/vosgesinfo.fr\/remiremontinfo\/#\/schema\/person\/3bfd164d5218a185b1db68655a265316"},"headline":"Saint-Am\u00e9 : gr\u00e8ve dans les \u00e9coles, des perturbations \u00e0 pr\u00e9voir","datePublished":"2023-03-06T08:16:15+00:00","dateModified":"2023-03-06T08:16:15+00:00","mainEntityOfPage":{"@id":"https:\/\/vosgesinfo.fr\/remiremontinfo\/2023\/03\/saint-ame-greve-ecoles-perturbations-a-prevoir\/"},"wordCount":233,"commentCount":0,"publisher":{"@id":"https:\/\/vosgesinfo.fr\/remiremontinfo\/#organization"},"image":{"@id":"https:\/\/vosgesinfo.fr\/remiremontinfo\/2023\/03\/saint-ame-greve-ecoles-perturbations-a-prevoir\/#primaryimage"},"thumbnailUrl":"https:\/\/vosgesinfo.fr\/app\/uploads\/sites\/5\/2024\/09\/202303ecole-saint-ame.png","keywords":["accueil","ecole","gr\u00eave","saint-am\u00e9","Vosges"],"articleSection":["A la Une","Remiremont &amp; son canton","Saint-Am\u00e9","Soci\u00e9t\u00e9"],"inLanguage":"fr-FR","potentialAction":[{"@type":"CommentAction","name":"Comment","target":["https:\/\/vosgesinfo.fr\/remiremontinfo\/2023\/03\/saint-ame-greve-ecoles-perturbations-a-prevoir\/#respond"]}]},{"@type":"WebPage","@id":"https:\/\/vosgesinfo.fr\/remiremontinfo\/2023\/03\/saint-ame-greve-ecoles-perturbations-a-prevoir\/","url":"https:\/\/vosgesinfo.fr\/remiremontinfo\/2023\/03\/saint-ame-greve-ecoles-perturbations-a-prevoir\/","name":"Saint-Am\u00e9 : gr\u00e8ve dans les \u00e9coles, des perturbations \u00e0 pr\u00e9voir - Remiremont Info","isPartOf":{"@id":"https:\/\/vosgesinfo.fr\/remiremontinfo\/#website"},"primaryImageOfPage":{"@id":"https:\/\/vosgesinfo.fr\/remiremontinfo\/2023\/03\/saint-ame-greve-ecoles-perturbations-a-prevoir\/#primaryimage"},"image":{"@id":"https:\/\/vosgesinfo.fr\/remiremontinfo\/2023\/03\/saint-ame-greve-ecoles-perturbations-a-prevoir\/#primaryimage"},"thumbnailUrl":"https:\/\/vosgesinfo.fr\/app\/uploads\/sites\/5\/2024\/09\/202303ecole-saint-ame.png","datePublished":"2023-03-06T08:16:15+00:00","dateModified":"2023-03-06T08:16:15+00:00","breadcrumb":{"@id":"https:\/\/vosgesinfo.fr\/remiremontinfo\/2023\/03\/saint-ame-greve-ecoles-perturbations-a-prevoir\/#breadcrumb"},"inLanguage":"fr-FR","potentialAction":[{"@type":"ReadAction","target":["https:\/\/vosgesinfo.fr\/remiremontinfo\/2023\/03\/saint-ame-greve-ecoles-perturbations-a-prevoir\/"]}]},{"@type":"ImageObject","inLanguage":"fr-FR","@id":"https:\/\/vosgesinfo.fr\/remiremontinfo\/2023\/03\/saint-ame-greve-ecoles-perturbations-a-prevoir\/#primaryimage","url":"https:\/\/vosgesinfo.fr\/app\/uploads\/sites\/5\/2024\/09\/202303ecole-saint-ame.png","contentUrl":"https:\/\/vosgesinfo.fr\/app\/uploads\/sites\/5\/2024\/09\/202303ecole-saint-ame.png","width":925,"height":652},{"@type":"BreadcrumbList","@id":"https:\/\/vosgesinfo.fr\/remiremontinfo\/2023\/03\/saint-ame-greve-ecoles-perturbations-a-prevoir\/#breadcrumb","itemListElement":[{"@type":"ListItem","position":1,"name":"Home","item":"https:\/\/vosgesinfo.fr\/remiremontinfo\/"},{"@type":"ListItem","position":2,"name":"Saint-Am\u00e9 : gr\u00e8ve dans les \u00e9coles, des perturbations \u00e0 pr\u00e9voir"}]},{"@type":"WebSite","@id":"https:\/\/vosgesinfo.fr\/remiremontinfo\/#website","url":"https:\/\/vosgesinfo.fr\/remiremontinfo\/","name":"Remiremont Info","description":"Toute l&#039;actualit\u00e9 de Remiremont","publisher":{"@id":"https:\/\/vosgesinfo.fr\/remiremontinfo\/#organization"},"alternateName":"Toute l'actualit\u00e9 de Remiremont","potentialAction":[{"@type":"SearchAction","target":{"@type":"EntryPoint","urlTemplate":"https:\/\/vosgesinfo.fr\/remiremontinfo\/?s={search_term_string}"},"query-input":"required name=search_term_string"}],"inLanguage":"fr-FR"},{"@type":"Organization","@id":"https:\/\/vosgesinfo.fr\/remiremontinfo\/#organization","name":"Remiremont Info","url":"https:\/\/vosgesinfo.fr\/remiremontinfo\/","logo":{"@type":"ImageObject","inLanguage":"fr-FR","@id":"https:\/\/vosgesinfo.fr\/remiremontinfo\/#\/schema\/logo\/image\/","url":"https:\/\/vosgesinfo.fr\/app\/uploads\/sites\/5\/2023\/08\/favicon-remiremontinfo.png","contentUrl":"https:\/\/vosgesinfo.fr\/app\/uploads\/sites\/5\/2023\/08\/favicon-remiremontinfo.png","width":512,"height":512,"caption":"Remiremont Info"},"image":{"@id":"https:\/\/vosgesinfo.fr\/remiremontinfo\/#\/schema\/logo\/image\/"},"sameAs":["https:\/\/www.facebook.com\/remiremontinfo","https:\/\/x.com\/VosgesInfo88","https:\/\/www.youtube.com\/@vosgesinfo"]},{"@type":"Person","@id":"https:\/\/vosgesinfo.fr\/remiremontinfo\/#\/schema\/person\/3bfd164d5218a185b1db68655a265316","name":"C D","image":{"@type":"ImageObject","inLanguage":"fr-FR","@id":"https:\/\/vosgesinfo.fr\/remiremontinfo\/#\/schema\/person\/image\/","url":"https:\/\/secure.gravatar.com\/avatar\/1f9a70007336511a47468b8f1c66f922b8b7cf617b02a31149ada43893a5d48f?s=96&d=mm&r=g","contentUrl":"https:\/\/secure.gravatar.com\/avatar\/1f9a70007336511a47468b8f1c66f922b8b7cf617b02a31149ada43893a5d48f?s=96&d=mm&r=g","caption":"C D"},"url":"https:\/\/vosgesinfo.fr\/remiremontinfo\/author\/cedric-drevet\/"}]}},"_links":{"self":[{"href":"https:\/\/vosgesinfo.fr\/remiremontinfo\/wp-json\/wp\/v2\/posts\/68426","targetHints":{"allow":["GET"]}}],"collection":[{"href":"https:\/\/vosgesinfo.fr\/remiremontinfo\/wp-json\/wp\/v2\/posts"}],"about":[{"href":"https:\/\/vosgesinfo.fr\/remiremontinfo\/wp-json\/wp\/v2\/types\/post"}],"author":[{"embeddable":true,"href":"https:\/\/vosgesinfo.fr\/remiremontinfo\/wp-json\/wp\/v2\/users\/407"}],"replies":[{"embeddable":true,"href":"https:\/\/vosgesinfo.fr\/remiremontinfo\/wp-json\/wp\/v2\/comments?post=68426"}],"version-history":[{"count":0,"href":"https:\/\/vosgesinfo.fr\/remiremontinfo\/wp-json\/wp\/v2\/posts\/68426\/revisions"}],"wp:featuredmedia":[{"embeddable":true,"href":"https:\/\/vosgesinfo.fr\/remiremontinfo\/wp-json\/wp\/v2\/media\/68427"}],"wp:attachment":[{"href":"https:\/\/vosgesinfo.fr\/remiremontinfo\/wp-json\/wp\/v2\/media?parent=68426"}],"wp:term":[{"taxonomy":"category","embeddable":true,"href":"https:\/\/vosgesinfo.fr\/remiremontinfo\/wp-json\/wp\/v2\/categories?post=68426"},{"taxonomy":"post_tag","embeddable":true,"href":"https:\/\/vosgesinfo.fr\/remiremontinfo\/wp-json\/wp\/v2\/tags?post=68426"}],"curies":[{"name":"wp","href":"https:\/\/api.w.org\/{rel}","templated":true}]}}