{"id":68447,"date":"2023-03-06T08:34:52","date_gmt":"2023-03-06T07:34:52","guid":{"rendered":"https:\/\/vosgesinfo.fr\/remiremontinfo\/2023\/03\/apres-treve-hivernale-lassociation-randonett-reprend-service\/"},"modified":"2023-03-06T08:34:52","modified_gmt":"2023-03-06T07:34:52","slug":"apres-treve-hivernale-lassociation-randonett-reprend-service","status":"publish","type":"post","link":"https:\/\/vosgesinfo.fr\/remiremontinfo\/2023\/03\/apres-treve-hivernale-lassociation-randonett-reprend-service\/","title":{"rendered":"Apr\u00e8s la tr\u00eave hivernale, l\u2019association Rando&rsquo;nett reprend du service"},"content":{"rendered":"<p><a href=\"\/2023\/03\/rando-nett.jpg\"><img decoding=\"async\" class=\"alignnone size-full wp-image-365011\" src=\"\/2023\/03\/rando-nett.jpg\" alt=\"rando nett\" width=\"806\" height=\"608\" \/><\/a><\/p>\n<p><span style=\"font-size: 10pt;\"><em>Photo de\u00a0<a href=\"https:\/\/www.facebook.com\/events\/160053713168211\/?ref=newsfeed\">Nettoyage de printemps Le syndicat<\/a><\/em><\/span><\/p>\n<h2><span style=\"font-size: 12pt;\"><strong>Apr\u00e8s la tr\u00eave hivernale, les b\u00e9n\u00e9voles de l\u2019association Rando&rsquo;nett vont reprendre du service pour cette saison 2023. Des nettoyages sont d\u00e9j\u00e0 programm\u00e9s. Et ce n\u2019est pas tout\u00a0: des randonn\u00e9es seront organis\u00e9es cette ann\u00e9e dans le massif.<\/strong><\/span><\/h2>\n<p>La commune de Rupt sur Moselle et le CMJ invitent les volontaires \u00e0 leurs nettoyage de printemps, qui aura lieu le samedi 25 mars prochain. Rendez vous est donn\u00e9 \u00e0 9h devant la mairie pour la distribution du mat\u00e9riels et des instructions. Les participants seront ensuite libre de nettoyer les rues de la ville. Retour au lieu du d\u00e9part pour 11h30 pour un bilan de la collecte du jour. Le samedi 1<sup>er<\/sup> avril, c\u2019est sur le territoire de la commune du Syndicat qu\u2019aura lieu un nettoyage. Rendez vous un peu avant 9h devant la mairie pour les instructions et la distribution du mat\u00e9riel. Retour pour 11h30 pour un bilan de la matin\u00e9e de nettoyage.<\/p>\n<p>L\u2019association est sp\u00e9cialis\u00e9e dans l\u2019organisation d\u2019op\u00e9rations de ramassage de d\u00e9chets, afin de permettre la pr\u00e9servation d\u2019un environnement et d\u2019espaces propres. Depuis sa cr\u00e9ation, plusieurs tonnes ont \u00e9t\u00e9 retir\u00e9es des espaces urbains, naturels, des abords des routes. Et ce n\u2019est pas fini. \u00ab\u00a0Beaucoup de beaux projets et de partenariats pour cette ann\u00e9e mais \u00e9galement une envie de retour aux sources\u00a0\u00bb, affirme Yoann Crouvezier, pr\u00e9sident de l&rsquo;association. \u00ab\u00a0En effet, \u00e0 la base, Rando&rsquo;nett c&rsquo;\u00e9tait du ramassage de d\u00e9chets dans la nature mais avant tout c&rsquo;\u00e9tait de la randonn\u00e9e, de la d\u00e9couverte du territoire Vosgiens et nous avons un peu perdu ce cot\u00e9 ludique; remplac\u00e9 par de gros nettoyages Cette ann\u00e9e nous allons corriger le tir en proposant une randonn\u00e9e par mois sur notre beau massif\u00a0\u00bb.<\/p>\n","protected":false},"excerpt":{"rendered":"<p>Photo de\u00a0Nettoyage de printemps Le syndicat Apr\u00e8s la tr\u00eave hivernale, les b\u00e9n\u00e9voles de l\u2019association Rando&rsquo;nett vont reprendre du service pour [&hellip;]<\/p>\n","protected":false},"author":407,"featured_media":68448,"comment_status":"open","ping_status":"open","sticky":false,"template":"","format":"standard","meta":{"footnotes":""},"categories":[26,17,18],"tags":[94,3314,32],"class_list":["post-68447","post","type-post","status-publish","format-standard","has-post-thumbnail","hentry","category-a-la-une","category-vie-associative","category-vosges","tag-environnement","tag-rando-nett","tag-vosges"],"acf":[],"yoast_head":"<!-- This site is optimized with the Yoast SEO plugin v22.5 - https:\/\/yoast.com\/wordpress\/plugins\/seo\/ -->\n<title>Apr\u00e8s la tr\u00eave hivernale, l\u2019association Rando&#039;nett reprend du service - Remiremont Info<\/title>\n<meta name=\"robots\" content=\"index, follow, max-snippet:-1, max-image-preview:large, max-video-preview:-1\" \/>\n<link rel=\"canonical\" href=\"https:\/\/vosgesinfo.fr\/remiremontinfo\/2023\/03\/apres-treve-hivernale-lassociation-randonett-reprend-service\/\" \/>\n<meta name=\"twitter:card\" content=\"summary_large_image\" \/>\n<meta name=\"twitter:title\" content=\"Apr\u00e8s la tr\u00eave hivernale, l\u2019association Rando&#039;nett reprend du service - Remiremont Info\" \/>\n<meta name=\"twitter:description\" content=\"Photo de\u00a0Nettoyage de printemps Le syndicat Apr\u00e8s la tr\u00eave hivernale, les b\u00e9n\u00e9voles de l\u2019association Rando&rsquo;nett vont reprendre du service pour [&hellip;]\" \/>\n<meta name=\"twitter:image\" content=\"https:\/\/vosgesinfo.fr\/app\/uploads\/sites\/5\/2024\/09\/202303rando-nett.jpg\" \/>\n<meta name=\"twitter:creator\" content=\"@VosgesInfo88\" \/>\n<meta name=\"twitter:site\" content=\"@VosgesInfo88\" \/>\n<meta name=\"twitter:label1\" content=\"\u00c9crit par\" \/>\n\t<meta name=\"twitter:data1\" content=\"C D\" \/>\n\t<meta name=\"twitter:label2\" content=\"Dur\u00e9e de lecture estim\u00e9e\" \/>\n\t<meta name=\"twitter:data2\" content=\"2 minutes\" \/>\n<script type=\"application\/ld+json\" class=\"yoast-schema-graph\">{\"@context\":\"https:\/\/schema.org\",\"@graph\":[{\"@type\":\"Article\",\"@id\":\"https:\/\/vosgesinfo.fr\/remiremontinfo\/2023\/03\/apres-treve-hivernale-lassociation-randonett-reprend-service\/#article\",\"isPartOf\":{\"@id\":\"https:\/\/vosgesinfo.fr\/remiremontinfo\/2023\/03\/apres-treve-hivernale-lassociation-randonett-reprend-service\/\"},\"author\":{\"name\":\"C D\",\"@id\":\"https:\/\/vosgesinfo.fr\/remiremontinfo\/#\/schema\/person\/3bfd164d5218a185b1db68655a265316\"},\"headline\":\"Apr\u00e8s la tr\u00eave hivernale, l\u2019association Rando&rsquo;nett reprend du service\",\"datePublished\":\"2023-03-06T07:34:52+00:00\",\"dateModified\":\"2023-03-06T07:34:52+00:00\",\"mainEntityOfPage\":{\"@id\":\"https:\/\/vosgesinfo.fr\/remiremontinfo\/2023\/03\/apres-treve-hivernale-lassociation-randonett-reprend-service\/\"},\"wordCount\":330,\"commentCount\":0,\"publisher\":{\"@id\":\"https:\/\/vosgesinfo.fr\/remiremontinfo\/#organization\"},\"image\":{\"@id\":\"https:\/\/vosgesinfo.fr\/remiremontinfo\/2023\/03\/apres-treve-hivernale-lassociation-randonett-reprend-service\/#primaryimage\"},\"thumbnailUrl\":\"https:\/\/vosgesinfo.fr\/app\/uploads\/sites\/5\/2024\/09\/202303rando-nett.jpg\",\"keywords\":[\"environnement\",\"rando nett\",\"Vosges\"],\"articleSection\":[\"A la Une\",\"Vie associative\",\"Vosges\"],\"inLanguage\":\"fr-FR\",\"potentialAction\":[{\"@type\":\"CommentAction\",\"name\":\"Comment\",\"target\":[\"https:\/\/vosgesinfo.fr\/remiremontinfo\/2023\/03\/apres-treve-hivernale-lassociation-randonett-reprend-service\/#respond\"]}]},{\"@type\":\"WebPage\",\"@id\":\"https:\/\/vosgesinfo.fr\/remiremontinfo\/2023\/03\/apres-treve-hivernale-lassociation-randonett-reprend-service\/\",\"url\":\"https:\/\/vosgesinfo.fr\/remiremontinfo\/2023\/03\/apres-treve-hivernale-lassociation-randonett-reprend-service\/\",\"name\":\"Apr\u00e8s la tr\u00eave hivernale, l\u2019association Rando'nett reprend du service - Remiremont Info\",\"isPartOf\":{\"@id\":\"https:\/\/vosgesinfo.fr\/remiremontinfo\/#website\"},\"primaryImageOfPage\":{\"@id\":\"https:\/\/vosgesinfo.fr\/remiremontinfo\/2023\/03\/apres-treve-hivernale-lassociation-randonett-reprend-service\/#primaryimage\"},\"image\":{\"@id\":\"https:\/\/vosgesinfo.fr\/remiremontinfo\/2023\/03\/apres-treve-hivernale-lassociation-randonett-reprend-service\/#primaryimage\"},\"thumbnailUrl\":\"https:\/\/vosgesinfo.fr\/app\/uploads\/sites\/5\/2024\/09\/202303rando-nett.jpg\",\"datePublished\":\"2023-03-06T07:34:52+00:00\",\"dateModified\":\"2023-03-06T07:34:52+00:00\",\"breadcrumb\":{\"@id\":\"https:\/\/vosgesinfo.fr\/remiremontinfo\/2023\/03\/apres-treve-hivernale-lassociation-randonett-reprend-service\/#breadcrumb\"},\"inLanguage\":\"fr-FR\",\"potentialAction\":[{\"@type\":\"ReadAction\",\"target\":[\"https:\/\/vosgesinfo.fr\/remiremontinfo\/2023\/03\/apres-treve-hivernale-lassociation-randonett-reprend-service\/\"]}]},{\"@type\":\"ImageObject\",\"inLanguage\":\"fr-FR\",\"@id\":\"https:\/\/vosgesinfo.fr\/remiremontinfo\/2023\/03\/apres-treve-hivernale-lassociation-randonett-reprend-service\/#primaryimage\",\"url\":\"https:\/\/vosgesinfo.fr\/app\/uploads\/sites\/5\/2024\/09\/202303rando-nett.jpg\",\"contentUrl\":\"https:\/\/vosgesinfo.fr\/app\/uploads\/sites\/5\/2024\/09\/202303rando-nett.jpg\",\"width\":806,\"height\":608},{\"@type\":\"BreadcrumbList\",\"@id\":\"https:\/\/vosgesinfo.fr\/remiremontinfo\/2023\/03\/apres-treve-hivernale-lassociation-randonett-reprend-service\/#breadcrumb\",\"itemListElement\":[{\"@type\":\"ListItem\",\"position\":1,\"name\":\"Home\",\"item\":\"https:\/\/vosgesinfo.fr\/remiremontinfo\/\"},{\"@type\":\"ListItem\",\"position\":2,\"name\":\"Apr\u00e8s la tr\u00eave hivernale, l\u2019association Rando&rsquo;nett reprend du service\"}]},{\"@type\":\"WebSite\",\"@id\":\"https:\/\/vosgesinfo.fr\/remiremontinfo\/#website\",\"url\":\"https:\/\/vosgesinfo.fr\/remiremontinfo\/\",\"name\":\"Remiremont Info\",\"description\":\"Toute l&#039;actualit\u00e9 de Remiremont\",\"publisher\":{\"@id\":\"https:\/\/vosgesinfo.fr\/remiremontinfo\/#organization\"},\"alternateName\":\"Toute l'actualit\u00e9 de Remiremont\",\"potentialAction\":[{\"@type\":\"SearchAction\",\"target\":{\"@type\":\"EntryPoint\",\"urlTemplate\":\"https:\/\/vosgesinfo.fr\/remiremontinfo\/?s={search_term_string}\"},\"query-input\":\"required name=search_term_string\"}],\"inLanguage\":\"fr-FR\"},{\"@type\":\"Organization\",\"@id\":\"https:\/\/vosgesinfo.fr\/remiremontinfo\/#organization\",\"name\":\"Remiremont Info\",\"url\":\"https:\/\/vosgesinfo.fr\/remiremontinfo\/\",\"logo\":{\"@type\":\"ImageObject\",\"inLanguage\":\"fr-FR\",\"@id\":\"https:\/\/vosgesinfo.fr\/remiremontinfo\/#\/schema\/logo\/image\/\",\"url\":\"https:\/\/vosgesinfo.fr\/app\/uploads\/sites\/5\/2023\/08\/favicon-remiremontinfo.png\",\"contentUrl\":\"https:\/\/vosgesinfo.fr\/app\/uploads\/sites\/5\/2023\/08\/favicon-remiremontinfo.png\",\"width\":512,\"height\":512,\"caption\":\"Remiremont Info\"},\"image\":{\"@id\":\"https:\/\/vosgesinfo.fr\/remiremontinfo\/#\/schema\/logo\/image\/\"},\"sameAs\":[\"https:\/\/www.facebook.com\/remiremontinfo\",\"https:\/\/x.com\/VosgesInfo88\",\"https:\/\/www.youtube.com\/@vosgesinfo\"]},{\"@type\":\"Person\",\"@id\":\"https:\/\/vosgesinfo.fr\/remiremontinfo\/#\/schema\/person\/3bfd164d5218a185b1db68655a265316\",\"name\":\"C D\",\"image\":{\"@type\":\"ImageObject\",\"inLanguage\":\"fr-FR\",\"@id\":\"https:\/\/vosgesinfo.fr\/remiremontinfo\/#\/schema\/person\/image\/\",\"url\":\"https:\/\/secure.gravatar.com\/avatar\/1f9a70007336511a47468b8f1c66f922b8b7cf617b02a31149ada43893a5d48f?s=96&d=mm&r=g\",\"contentUrl\":\"https:\/\/secure.gravatar.com\/avatar\/1f9a70007336511a47468b8f1c66f922b8b7cf617b02a31149ada43893a5d48f?s=96&d=mm&r=g\",\"caption\":\"C D\"},\"url\":\"https:\/\/vosgesinfo.fr\/remiremontinfo\/author\/cedric-drevet\/\"}]}<\/script>\n<!-- \/ Yoast SEO plugin. -->","yoast_head_json":{"title":"Apr\u00e8s la tr\u00eave hivernale, l\u2019association Rando'nett reprend du service - Remiremont Info","robots":{"index":"index","follow":"follow","max-snippet":"max-snippet:-1","max-image-preview":"max-image-preview:large","max-video-preview":"max-video-preview:-1"},"canonical":"https:\/\/vosgesinfo.fr\/remiremontinfo\/2023\/03\/apres-treve-hivernale-lassociation-randonett-reprend-service\/","twitter_card":"summary_large_image","twitter_title":"Apr\u00e8s la tr\u00eave hivernale, l\u2019association Rando'nett reprend du service - Remiremont Info","twitter_description":"Photo de\u00a0Nettoyage de printemps Le syndicat Apr\u00e8s la tr\u00eave hivernale, les b\u00e9n\u00e9voles de l\u2019association Rando&rsquo;nett vont reprendre du service pour [&hellip;]","twitter_image":"https:\/\/vosgesinfo.fr\/app\/uploads\/sites\/5\/2024\/09\/202303rando-nett.jpg","twitter_creator":"@VosgesInfo88","twitter_site":"@VosgesInfo88","twitter_misc":{"\u00c9crit par":"C D","Dur\u00e9e de lecture estim\u00e9e":"2 minutes"},"schema":{"@context":"https:\/\/schema.org","@graph":[{"@type":"Article","@id":"https:\/\/vosgesinfo.fr\/remiremontinfo\/2023\/03\/apres-treve-hivernale-lassociation-randonett-reprend-service\/#article","isPartOf":{"@id":"https:\/\/vosgesinfo.fr\/remiremontinfo\/2023\/03\/apres-treve-hivernale-lassociation-randonett-reprend-service\/"},"author":{"name":"C D","@id":"https:\/\/vosgesinfo.fr\/remiremontinfo\/#\/schema\/person\/3bfd164d5218a185b1db68655a265316"},"headline":"Apr\u00e8s la tr\u00eave hivernale, l\u2019association Rando&rsquo;nett reprend du service","datePublished":"2023-03-06T07:34:52+00:00","dateModified":"2023-03-06T07:34:52+00:00","mainEntityOfPage":{"@id":"https:\/\/vosgesinfo.fr\/remiremontinfo\/2023\/03\/apres-treve-hivernale-lassociation-randonett-reprend-service\/"},"wordCount":330,"commentCount":0,"publisher":{"@id":"https:\/\/vosgesinfo.fr\/remiremontinfo\/#organization"},"image":{"@id":"https:\/\/vosgesinfo.fr\/remiremontinfo\/2023\/03\/apres-treve-hivernale-lassociation-randonett-reprend-service\/#primaryimage"},"thumbnailUrl":"https:\/\/vosgesinfo.fr\/app\/uploads\/sites\/5\/2024\/09\/202303rando-nett.jpg","keywords":["environnement","rando nett","Vosges"],"articleSection":["A la Une","Vie associative","Vosges"],"inLanguage":"fr-FR","potentialAction":[{"@type":"CommentAction","name":"Comment","target":["https:\/\/vosgesinfo.fr\/remiremontinfo\/2023\/03\/apres-treve-hivernale-lassociation-randonett-reprend-service\/#respond"]}]},{"@type":"WebPage","@id":"https:\/\/vosgesinfo.fr\/remiremontinfo\/2023\/03\/apres-treve-hivernale-lassociation-randonett-reprend-service\/","url":"https:\/\/vosgesinfo.fr\/remiremontinfo\/2023\/03\/apres-treve-hivernale-lassociation-randonett-reprend-service\/","name":"Apr\u00e8s la tr\u00eave hivernale, l\u2019association Rando'nett reprend du service - Remiremont Info","isPartOf":{"@id":"https:\/\/vosgesinfo.fr\/remiremontinfo\/#website"},"primaryImageOfPage":{"@id":"https:\/\/vosgesinfo.fr\/remiremontinfo\/2023\/03\/apres-treve-hivernale-lassociation-randonett-reprend-service\/#primaryimage"},"image":{"@id":"https:\/\/vosgesinfo.fr\/remiremontinfo\/2023\/03\/apres-treve-hivernale-lassociation-randonett-reprend-service\/#primaryimage"},"thumbnailUrl":"https:\/\/vosgesinfo.fr\/app\/uploads\/sites\/5\/2024\/09\/202303rando-nett.jpg","datePublished":"2023-03-06T07:34:52+00:00","dateModified":"2023-03-06T07:34:52+00:00","breadcrumb":{"@id":"https:\/\/vosgesinfo.fr\/remiremontinfo\/2023\/03\/apres-treve-hivernale-lassociation-randonett-reprend-service\/#breadcrumb"},"inLanguage":"fr-FR","potentialAction":[{"@type":"ReadAction","target":["https:\/\/vosgesinfo.fr\/remiremontinfo\/2023\/03\/apres-treve-hivernale-lassociation-randonett-reprend-service\/"]}]},{"@type":"ImageObject","inLanguage":"fr-FR","@id":"https:\/\/vosgesinfo.fr\/remiremontinfo\/2023\/03\/apres-treve-hivernale-lassociation-randonett-reprend-service\/#primaryimage","url":"https:\/\/vosgesinfo.fr\/app\/uploads\/sites\/5\/2024\/09\/202303rando-nett.jpg","contentUrl":"https:\/\/vosgesinfo.fr\/app\/uploads\/sites\/5\/2024\/09\/202303rando-nett.jpg","width":806,"height":608},{"@type":"BreadcrumbList","@id":"https:\/\/vosgesinfo.fr\/remiremontinfo\/2023\/03\/apres-treve-hivernale-lassociation-randonett-reprend-service\/#breadcrumb","itemListElement":[{"@type":"ListItem","position":1,"name":"Home","item":"https:\/\/vosgesinfo.fr\/remiremontinfo\/"},{"@type":"ListItem","position":2,"name":"Apr\u00e8s la tr\u00eave hivernale, l\u2019association Rando&rsquo;nett reprend du service"}]},{"@type":"WebSite","@id":"https:\/\/vosgesinfo.fr\/remiremontinfo\/#website","url":"https:\/\/vosgesinfo.fr\/remiremontinfo\/","name":"Remiremont Info","description":"Toute l&#039;actualit\u00e9 de Remiremont","publisher":{"@id":"https:\/\/vosgesinfo.fr\/remiremontinfo\/#organization"},"alternateName":"Toute l'actualit\u00e9 de Remiremont","potentialAction":[{"@type":"SearchAction","target":{"@type":"EntryPoint","urlTemplate":"https:\/\/vosgesinfo.fr\/remiremontinfo\/?s={search_term_string}"},"query-input":"required name=search_term_string"}],"inLanguage":"fr-FR"},{"@type":"Organization","@id":"https:\/\/vosgesinfo.fr\/remiremontinfo\/#organization","name":"Remiremont Info","url":"https:\/\/vosgesinfo.fr\/remiremontinfo\/","logo":{"@type":"ImageObject","inLanguage":"fr-FR","@id":"https:\/\/vosgesinfo.fr\/remiremontinfo\/#\/schema\/logo\/image\/","url":"https:\/\/vosgesinfo.fr\/app\/uploads\/sites\/5\/2023\/08\/favicon-remiremontinfo.png","contentUrl":"https:\/\/vosgesinfo.fr\/app\/uploads\/sites\/5\/2023\/08\/favicon-remiremontinfo.png","width":512,"height":512,"caption":"Remiremont Info"},"image":{"@id":"https:\/\/vosgesinfo.fr\/remiremontinfo\/#\/schema\/logo\/image\/"},"sameAs":["https:\/\/www.facebook.com\/remiremontinfo","https:\/\/x.com\/VosgesInfo88","https:\/\/www.youtube.com\/@vosgesinfo"]},{"@type":"Person","@id":"https:\/\/vosgesinfo.fr\/remiremontinfo\/#\/schema\/person\/3bfd164d5218a185b1db68655a265316","name":"C D","image":{"@type":"ImageObject","inLanguage":"fr-FR","@id":"https:\/\/vosgesinfo.fr\/remiremontinfo\/#\/schema\/person\/image\/","url":"https:\/\/secure.gravatar.com\/avatar\/1f9a70007336511a47468b8f1c66f922b8b7cf617b02a31149ada43893a5d48f?s=96&d=mm&r=g","contentUrl":"https:\/\/secure.gravatar.com\/avatar\/1f9a70007336511a47468b8f1c66f922b8b7cf617b02a31149ada43893a5d48f?s=96&d=mm&r=g","caption":"C D"},"url":"https:\/\/vosgesinfo.fr\/remiremontinfo\/author\/cedric-drevet\/"}]}},"_links":{"self":[{"href":"https:\/\/vosgesinfo.fr\/remiremontinfo\/wp-json\/wp\/v2\/posts\/68447","targetHints":{"allow":["GET"]}}],"collection":[{"href":"https:\/\/vosgesinfo.fr\/remiremontinfo\/wp-json\/wp\/v2\/posts"}],"about":[{"href":"https:\/\/vosgesinfo.fr\/remiremontinfo\/wp-json\/wp\/v2\/types\/post"}],"author":[{"embeddable":true,"href":"https:\/\/vosgesinfo.fr\/remiremontinfo\/wp-json\/wp\/v2\/users\/407"}],"replies":[{"embeddable":true,"href":"https:\/\/vosgesinfo.fr\/remiremontinfo\/wp-json\/wp\/v2\/comments?post=68447"}],"version-history":[{"count":0,"href":"https:\/\/vosgesinfo.fr\/remiremontinfo\/wp-json\/wp\/v2\/posts\/68447\/revisions"}],"wp:featuredmedia":[{"embeddable":true,"href":"https:\/\/vosgesinfo.fr\/remiremontinfo\/wp-json\/wp\/v2\/media\/68448"}],"wp:attachment":[{"href":"https:\/\/vosgesinfo.fr\/remiremontinfo\/wp-json\/wp\/v2\/media?parent=68447"}],"wp:term":[{"taxonomy":"category","embeddable":true,"href":"https:\/\/vosgesinfo.fr\/remiremontinfo\/wp-json\/wp\/v2\/categories?post=68447"},{"taxonomy":"post_tag","embeddable":true,"href":"https:\/\/vosgesinfo.fr\/remiremontinfo\/wp-json\/wp\/v2\/tags?post=68447"}],"curies":[{"name":"wp","href":"https:\/\/api.w.org\/{rel}","templated":true}]}}