{"id":68453,"date":"2023-03-06T09:00:07","date_gmt":"2023-03-06T08:00:07","guid":{"rendered":"https:\/\/vosgesinfo.fr\/remiremontinfo\/2023\/03\/vosges-communaute-israelite-celebre-pourim-carnaval-juif\/"},"modified":"2023-03-06T09:00:07","modified_gmt":"2023-03-06T08:00:07","slug":"vosges-communaute-israelite-celebre-pourim-carnaval-juif","status":"publish","type":"post","link":"https:\/\/vosgesinfo.fr\/remiremontinfo\/2023\/03\/vosges-communaute-israelite-celebre-pourim-carnaval-juif\/","title":{"rendered":"Vosges\u00a0: la communaut\u00e9 isra\u00e9lite c\u00e9l\u00e8bre Pourim, le \u00ab\u00a0carnaval juif\u00a0\u00bb"},"content":{"rendered":"<p><a href=\"\/2023\/03\/pourim.png\"><img decoding=\"async\" class=\"alignnone size-full wp-image-365024\" src=\"\/2023\/03\/pourim.png\" alt=\"pourim\" width=\"770\" height=\"578\" \/><\/a><\/p>\n<p><span style=\"font-size: 10pt;\"><em>Emplacement de l&rsquo;ancienne synagogue de Remiremont. Photo de la Meguila d&rsquo;Esther par le Berend Lehmann Museum f\u00fcr j\u00fcdische Geschichte und KulturSammlung,\u00a0<a href=\"https:\/\/creativecommons.org\/licenses\/by-sa\/4.0\/\">CC BY-SA 4.0<\/a><\/em><\/span><\/p>\n<h2><span style=\"font-size: 12pt;\"><strong>Cette semaine, des juifs du monde entier vont c\u00e9l\u00e9brer la f\u00eate de Pourim. Une tradition qui peut int\u00e9resser les romarimontains \u00e0 plus d\u2019un titre. Tout d\u2019abord, car une importante communaut\u00e9 juive a autrefois v\u00e9cu \u00e0 Remiremont. <a href=\"https:\/\/remiremontinfo.fr\/2022\/06\/remiremont-beau-succes-louverture-de-lexpo-communaute-juive\/\">Une exposition lui a \u00e9t\u00e9 consacr\u00e9e il y a quelques mois aux Archives municipales.<\/a> Ensuite, car un pays fond\u00e9 sur le christianisme, la Nouvelle Alliance, ne peut pas ignorer totalement ce qui concerne les pratiques de ses habitants qui se rattachent encore \u00e0 l\u2019Ancienne.\u00a0<\/strong><\/span><\/h2>\n<p><em>\u00ab\u00a0Les f\u00eates juives comm\u00e9morent toujours l\u2019histoire biblique des juifs\u00a0\u00bb<\/em>, explique Martine Sib\u00e9oni, pr\u00e9sidente de la communaut\u00e9 juive de Remiremont et d\u2019Epinal et psychoth\u00e9rapeute \u00e0 la retraite. <em>\u00ab\u00a0C\u2019est la force du juda\u00efsme, de faire que de g\u00e9n\u00e9ration en g\u00e9n\u00e9ration, on n\u2019oublie pas\u00a0\u00bb.<\/em> C\u2019est une longue cha\u00eene de transmission, \u00e0 travers les si\u00e8cles. Les enfants juifs apprennent ces histoires d\u00e8s le plus jeune \u00e2ge.<em> \u00ab\u00a0C\u2019est quelque chose qui est ancr\u00e9 en nous depuis la toute petite enfance (&#8230;) C\u2019est une force\u00a0\u00bb<\/em>. Pourim est une f\u00eate d\u2019institution rabbinique, qui se base sur l\u2019histoire racont\u00e9e dans la meguilah d\u2019Esther\u00a0:<\/p>\n<div id=\"attachment_365027\" style=\"width: 227px\" class=\"wp-caption alignleft\"><a href=\"\/2023\/03\/Rembrandt_-_Haman_Begging_the_Mercy_of_Esther.jpg\"><img decoding=\"async\" aria-describedby=\"caption-attachment-365027\" class=\"wp-image-365027\" src=\"\/2023\/03\/Rembrandt_-_Haman_Begging_the_Mercy_of_Esther.jpg\" alt=\"Rembrandt_-_Haman_Begging_the_Mercy_of_Esther\" width=\"217\" height=\"276\" \/><\/a><p id=\"caption-attachment-365027\" class=\"wp-caption-text\"><span style=\"font-size: 10pt;\"><em>Haman implorant le pardon d&rsquo;Esther, Rembrand, 1635<\/em><\/span><\/p><\/div>\n<p><em>\u00ab\u00a0Une jeune juive, Esther, introduite pour sa beaut\u00e9 dans le harem royal, gagne la faveur du roi, qui la fait reine\u00a0<\/em>\u00bb, explique le Chanoine Emile Osty, traducteur de la Bible, dans sa pr\u00e9sentation du Livre d\u2019Esther. <em>\u00ab\u00a0Sur le conseil de son vieil oncle et p\u00e8re nourricier Mardoch\u00e9e, elle intervient aupr\u00e8s du roi pour sauver ses compatriotes menac\u00e9s d\u2019extermination par le grand vizir Aman. Celui-ci est pendu et Mardoch\u00e9e le remplace \u00e0 la t\u00eate de l\u2019\u00c9tat. Apr\u00e8s une nouvelle intervention de la reine, les Juifs du royaume d\u2019Assur\u00e9us font de leurs ennemis \u2018un massacre, un an\u00e9antissement\u2019. Pour comm\u00e9morer ces journ\u00e9es, Mardoch\u00e9e institue la f\u00eate des Pourim\u00a0\u00bb.<\/em><\/p>\n<p>Des si\u00e8cles plus tard, quel sens peut avoir pour la communaut\u00e9 juive l\u2019histoire d\u2019Esther\u00a0? <em>\u00ab\u00a0Elle a sauv\u00e9 le peuple juif\u00a0\u00bb<\/em>, explique Martine Sib\u00e9oni, qui \u00e9voque les nombreuses occurrences historiques d\u2019une pers\u00e9cution des isra\u00e9lites. <em>\u00ab\u00a0Le bouc \u00e9missaire, c\u2019est nous\u00a0\u00bb<\/em>. La pr\u00e9sidente de la communaut\u00e9 juive de Remiremont et d\u2019Epinal cite notamment la Shoah, et la r\u00e9alit\u00e9 toujours actuelle de l\u2019antis\u00e9mitisme. <em>\u00ab\u00a0Quand on est juif, on doit se battre (\u2026) Il faut \u00e9lever nos enfants en leur faisant comprendre qu\u2019\u00eatre juif, c\u2019est pas facile\u00a0\u00bb<\/em>, affirme-t-elle. <em>\u00ab\u00a0L\u2019Histoire nous donne un petit clin d\u2019oeil pour l\u2019actuel\u00a0\u00bb.<\/em><\/p>\n<div id=\"attachment_365025\" style=\"width: 228px\" class=\"wp-caption alignright\"><a href=\"\/2023\/03\/Purim_revellers_in_costume.jpg\"><img decoding=\"async\" aria-describedby=\"caption-attachment-365025\" class=\"wp-image-365025\" src=\"\/2023\/03\/Purim_revellers_in_costume.jpg\" alt=\"Purim_revellers_in_costume\" width=\"218\" height=\"282\" \/><\/a><p id=\"caption-attachment-365025\" class=\"wp-caption-text\"><span style=\"font-size: 10pt;\"><em>C<\/em><em>ostumes de Pourim, Heusden (Pays-Bas), 1657 <\/em><\/span><\/p><\/div>\n<p>Pourim est une f\u00eate qui se d\u00e9roule sur deux jours. <em>\u00ab\u00a0Il y a un je\u00fbne qui est fait, sur 24 heures\u00a0\u00bb<\/em>, explique Martine Sib\u00e9oni. <em>\u00ab\u00a0Ca se conclut par une f\u00eate, avec des g\u00e2teaux, de la joie, de la douceur et de l\u2019espoir\u00a0\u00bb<\/em>, affirme-t-elle. <em>\u00ab\u00a0Ca se fait dans toutes les synagogues de France, dans toutes les communaut\u00e9s\u00a0\u00bb.<\/em> Du fait de sa date et de certaines de ses manifestations, Pourim est parfois consid\u00e9r\u00e9 comme un \u00ab\u00a0carnaval juif\u00a0\u00bb. \u00c9voquant les possibles origines babyloniennes de Pourim, le chanoine Osty d\u00e9crit l\u2019ambiance de la f\u00eate\u00a0: <em>\u00ab\u00a0Cette f\u00eate avait le caract\u00e8re des festivit\u00e9s printani\u00e8res\u00a0: atmosph\u00e8re de joie, festins, beuveries jusqu\u2019au point de ne pouvoir distinguer entre \u2018Maudit soit Aman\u2019 et \u2018B\u00e9ni soit Mardoch\u00e9e\u2019, v\u00e9ritable carnaval d\u2019o\u00f9 n\u2019\u00e9taient pas exclues les pratiques licencieuses (les hommes se d\u00e9guisaient en femmes et vive versa)\u00a0\u00bb.<\/em><\/p>\n<p>Le livre d\u2019Esther, s\u2019il n\u2019est pas vraiment l\u2019un des plus connus des saintes \u00e9critures, a tout de m\u00eame suscit\u00e9 la r\u00e9alisation de quelques notables \u0153uvres d\u2019art. Si le Nouveau Testament ne s\u2019y r\u00e9f\u00e8re pas directement, une discr\u00e8te allusion y est faite dans l\u2019\u00c9vangile selon Saint Marc (6,23). La c\u00e9l\u00e9bration de Pourim par les isra\u00e9lites vosgiens \u00e0 cette p\u00e9riode de l\u2019ann\u00e9e marqu\u00e9e pour d\u2019autres habitants du D\u00e9partement par le Car\u00eame, peut \u00eatre l\u2019occasion d&rsquo;une d\u00e9couverte et d&rsquo;une interrogation sur\u00a0ce que doivent \u00e0 certaines de leurs racines juives les traditions et les r\u00e9cits d\u2019une Alliance d\u00e9sormais ouverte sur l\u2019universel\u00a0: <em>\u00ab\u00a0Il n&rsquo;y a plus ni Juif ni Grec (&#8230;) car tous vous \u00eates un en J\u00e9sus-Christ\u00a0\u00bb<\/em>, comme l\u2019a \u00e9crit Saint Paul aux Galates.<\/p>\n<p>&nbsp;<\/p>\n","protected":false},"excerpt":{"rendered":"<p>Emplacement de l&rsquo;ancienne synagogue de Remiremont. Photo de la Meguila d&rsquo;Esther par le Berend Lehmann Museum f\u00fcr j\u00fcdische Geschichte und [&hellip;]<\/p>\n","protected":false},"author":407,"featured_media":68454,"comment_status":"open","ping_status":"open","sticky":false,"template":"","format":"standard","meta":{"footnotes":""},"categories":[26,163,18],"tags":[820,125,3975,5570,87,44,32],"class_list":["post-68453","post","type-post","status-publish","format-standard","has-post-thumbnail","hentry","category-a-la-une","category-religion","category-vosges","tag-carnaval","tag-fete","tag-judaisme","tag-pourim","tag-religion","tag-remiremont","tag-vosges"],"acf":[],"yoast_head":"<!-- This site is optimized with the Yoast SEO plugin v22.5 - https:\/\/yoast.com\/wordpress\/plugins\/seo\/ -->\n<title>Vosges\u00a0: la communaut\u00e9 isra\u00e9lite c\u00e9l\u00e8bre Pourim, le \u00ab\u00a0carnaval juif\u00a0\u00bb - Remiremont Info<\/title>\n<meta name=\"robots\" content=\"index, follow, max-snippet:-1, max-image-preview:large, max-video-preview:-1\" \/>\n<link rel=\"canonical\" href=\"https:\/\/vosgesinfo.fr\/remiremontinfo\/2023\/03\/vosges-communaute-israelite-celebre-pourim-carnaval-juif\/\" \/>\n<meta name=\"twitter:card\" content=\"summary_large_image\" \/>\n<meta name=\"twitter:title\" content=\"Vosges\u00a0: la communaut\u00e9 isra\u00e9lite c\u00e9l\u00e8bre Pourim, le \u00ab\u00a0carnaval juif\u00a0\u00bb - Remiremont Info\" \/>\n<meta name=\"twitter:description\" content=\"Emplacement de l&rsquo;ancienne synagogue de Remiremont. Photo de la Meguila d&rsquo;Esther par le Berend Lehmann Museum f\u00fcr j\u00fcdische Geschichte und [&hellip;]\" \/>\n<meta name=\"twitter:image\" content=\"https:\/\/vosgesinfo.fr\/app\/uploads\/sites\/5\/2024\/09\/202303pourim.png\" \/>\n<meta name=\"twitter:creator\" content=\"@VosgesInfo88\" \/>\n<meta name=\"twitter:site\" content=\"@VosgesInfo88\" \/>\n<meta name=\"twitter:label1\" content=\"\u00c9crit par\" \/>\n\t<meta name=\"twitter:data1\" content=\"C D\" \/>\n\t<meta name=\"twitter:label2\" content=\"Dur\u00e9e de lecture estim\u00e9e\" \/>\n\t<meta name=\"twitter:data2\" content=\"4 minutes\" \/>\n<script type=\"application\/ld+json\" class=\"yoast-schema-graph\">{\"@context\":\"https:\/\/schema.org\",\"@graph\":[{\"@type\":\"Article\",\"@id\":\"https:\/\/vosgesinfo.fr\/remiremontinfo\/2023\/03\/vosges-communaute-israelite-celebre-pourim-carnaval-juif\/#article\",\"isPartOf\":{\"@id\":\"https:\/\/vosgesinfo.fr\/remiremontinfo\/2023\/03\/vosges-communaute-israelite-celebre-pourim-carnaval-juif\/\"},\"author\":{\"name\":\"C D\",\"@id\":\"https:\/\/vosgesinfo.fr\/remiremontinfo\/#\/schema\/person\/3bfd164d5218a185b1db68655a265316\"},\"headline\":\"Vosges\u00a0: la communaut\u00e9 isra\u00e9lite c\u00e9l\u00e8bre Pourim, le \u00ab\u00a0carnaval juif\u00a0\u00bb\",\"datePublished\":\"2023-03-06T08:00:07+00:00\",\"dateModified\":\"2023-03-06T08:00:07+00:00\",\"mainEntityOfPage\":{\"@id\":\"https:\/\/vosgesinfo.fr\/remiremontinfo\/2023\/03\/vosges-communaute-israelite-celebre-pourim-carnaval-juif\/\"},\"wordCount\":809,\"commentCount\":0,\"publisher\":{\"@id\":\"https:\/\/vosgesinfo.fr\/remiremontinfo\/#organization\"},\"image\":{\"@id\":\"https:\/\/vosgesinfo.fr\/remiremontinfo\/2023\/03\/vosges-communaute-israelite-celebre-pourim-carnaval-juif\/#primaryimage\"},\"thumbnailUrl\":\"https:\/\/vosgesinfo.fr\/app\/uploads\/sites\/5\/2024\/09\/202303pourim.png\",\"keywords\":[\"Carnaval\",\"f\u00eate\",\"judaisme\",\"pourim\",\"Religion\",\"remiremont\",\"Vosges\"],\"articleSection\":[\"A la Une\",\"Religion\",\"Vosges\"],\"inLanguage\":\"fr-FR\",\"potentialAction\":[{\"@type\":\"CommentAction\",\"name\":\"Comment\",\"target\":[\"https:\/\/vosgesinfo.fr\/remiremontinfo\/2023\/03\/vosges-communaute-israelite-celebre-pourim-carnaval-juif\/#respond\"]}]},{\"@type\":\"WebPage\",\"@id\":\"https:\/\/vosgesinfo.fr\/remiremontinfo\/2023\/03\/vosges-communaute-israelite-celebre-pourim-carnaval-juif\/\",\"url\":\"https:\/\/vosgesinfo.fr\/remiremontinfo\/2023\/03\/vosges-communaute-israelite-celebre-pourim-carnaval-juif\/\",\"name\":\"Vosges\u00a0: la communaut\u00e9 isra\u00e9lite c\u00e9l\u00e8bre Pourim, le \u00ab\u00a0carnaval juif\u00a0\u00bb - Remiremont Info\",\"isPartOf\":{\"@id\":\"https:\/\/vosgesinfo.fr\/remiremontinfo\/#website\"},\"primaryImageOfPage\":{\"@id\":\"https:\/\/vosgesinfo.fr\/remiremontinfo\/2023\/03\/vosges-communaute-israelite-celebre-pourim-carnaval-juif\/#primaryimage\"},\"image\":{\"@id\":\"https:\/\/vosgesinfo.fr\/remiremontinfo\/2023\/03\/vosges-communaute-israelite-celebre-pourim-carnaval-juif\/#primaryimage\"},\"thumbnailUrl\":\"https:\/\/vosgesinfo.fr\/app\/uploads\/sites\/5\/2024\/09\/202303pourim.png\",\"datePublished\":\"2023-03-06T08:00:07+00:00\",\"dateModified\":\"2023-03-06T08:00:07+00:00\",\"breadcrumb\":{\"@id\":\"https:\/\/vosgesinfo.fr\/remiremontinfo\/2023\/03\/vosges-communaute-israelite-celebre-pourim-carnaval-juif\/#breadcrumb\"},\"inLanguage\":\"fr-FR\",\"potentialAction\":[{\"@type\":\"ReadAction\",\"target\":[\"https:\/\/vosgesinfo.fr\/remiremontinfo\/2023\/03\/vosges-communaute-israelite-celebre-pourim-carnaval-juif\/\"]}]},{\"@type\":\"ImageObject\",\"inLanguage\":\"fr-FR\",\"@id\":\"https:\/\/vosgesinfo.fr\/remiremontinfo\/2023\/03\/vosges-communaute-israelite-celebre-pourim-carnaval-juif\/#primaryimage\",\"url\":\"https:\/\/vosgesinfo.fr\/app\/uploads\/sites\/5\/2024\/09\/202303pourim.png\",\"contentUrl\":\"https:\/\/vosgesinfo.fr\/app\/uploads\/sites\/5\/2024\/09\/202303pourim.png\",\"width\":770,\"height\":578},{\"@type\":\"BreadcrumbList\",\"@id\":\"https:\/\/vosgesinfo.fr\/remiremontinfo\/2023\/03\/vosges-communaute-israelite-celebre-pourim-carnaval-juif\/#breadcrumb\",\"itemListElement\":[{\"@type\":\"ListItem\",\"position\":1,\"name\":\"Home\",\"item\":\"https:\/\/vosgesinfo.fr\/remiremontinfo\/\"},{\"@type\":\"ListItem\",\"position\":2,\"name\":\"Vosges\u00a0: la communaut\u00e9 isra\u00e9lite c\u00e9l\u00e8bre Pourim, le \u00ab\u00a0carnaval juif\u00a0\u00bb\"}]},{\"@type\":\"WebSite\",\"@id\":\"https:\/\/vosgesinfo.fr\/remiremontinfo\/#website\",\"url\":\"https:\/\/vosgesinfo.fr\/remiremontinfo\/\",\"name\":\"Remiremont Info\",\"description\":\"Toute l&#039;actualit\u00e9 de Remiremont\",\"publisher\":{\"@id\":\"https:\/\/vosgesinfo.fr\/remiremontinfo\/#organization\"},\"alternateName\":\"Toute l'actualit\u00e9 de Remiremont\",\"potentialAction\":[{\"@type\":\"SearchAction\",\"target\":{\"@type\":\"EntryPoint\",\"urlTemplate\":\"https:\/\/vosgesinfo.fr\/remiremontinfo\/?s={search_term_string}\"},\"query-input\":\"required name=search_term_string\"}],\"inLanguage\":\"fr-FR\"},{\"@type\":\"Organization\",\"@id\":\"https:\/\/vosgesinfo.fr\/remiremontinfo\/#organization\",\"name\":\"Remiremont Info\",\"url\":\"https:\/\/vosgesinfo.fr\/remiremontinfo\/\",\"logo\":{\"@type\":\"ImageObject\",\"inLanguage\":\"fr-FR\",\"@id\":\"https:\/\/vosgesinfo.fr\/remiremontinfo\/#\/schema\/logo\/image\/\",\"url\":\"https:\/\/vosgesinfo.fr\/app\/uploads\/sites\/5\/2023\/08\/favicon-remiremontinfo.png\",\"contentUrl\":\"https:\/\/vosgesinfo.fr\/app\/uploads\/sites\/5\/2023\/08\/favicon-remiremontinfo.png\",\"width\":512,\"height\":512,\"caption\":\"Remiremont Info\"},\"image\":{\"@id\":\"https:\/\/vosgesinfo.fr\/remiremontinfo\/#\/schema\/logo\/image\/\"},\"sameAs\":[\"https:\/\/www.facebook.com\/remiremontinfo\",\"https:\/\/x.com\/VosgesInfo88\",\"https:\/\/www.youtube.com\/@vosgesinfo\"]},{\"@type\":\"Person\",\"@id\":\"https:\/\/vosgesinfo.fr\/remiremontinfo\/#\/schema\/person\/3bfd164d5218a185b1db68655a265316\",\"name\":\"C D\",\"image\":{\"@type\":\"ImageObject\",\"inLanguage\":\"fr-FR\",\"@id\":\"https:\/\/vosgesinfo.fr\/remiremontinfo\/#\/schema\/person\/image\/\",\"url\":\"https:\/\/secure.gravatar.com\/avatar\/1f9a70007336511a47468b8f1c66f922b8b7cf617b02a31149ada43893a5d48f?s=96&d=mm&r=g\",\"contentUrl\":\"https:\/\/secure.gravatar.com\/avatar\/1f9a70007336511a47468b8f1c66f922b8b7cf617b02a31149ada43893a5d48f?s=96&d=mm&r=g\",\"caption\":\"C D\"},\"url\":\"https:\/\/vosgesinfo.fr\/remiremontinfo\/author\/cedric-drevet\/\"}]}<\/script>\n<!-- \/ Yoast SEO plugin. -->","yoast_head_json":{"title":"Vosges\u00a0: la communaut\u00e9 isra\u00e9lite c\u00e9l\u00e8bre Pourim, le \u00ab\u00a0carnaval juif\u00a0\u00bb - Remiremont Info","robots":{"index":"index","follow":"follow","max-snippet":"max-snippet:-1","max-image-preview":"max-image-preview:large","max-video-preview":"max-video-preview:-1"},"canonical":"https:\/\/vosgesinfo.fr\/remiremontinfo\/2023\/03\/vosges-communaute-israelite-celebre-pourim-carnaval-juif\/","twitter_card":"summary_large_image","twitter_title":"Vosges\u00a0: la communaut\u00e9 isra\u00e9lite c\u00e9l\u00e8bre Pourim, le \u00ab\u00a0carnaval juif\u00a0\u00bb - Remiremont Info","twitter_description":"Emplacement de l&rsquo;ancienne synagogue de Remiremont. Photo de la Meguila d&rsquo;Esther par le Berend Lehmann Museum f\u00fcr j\u00fcdische Geschichte und [&hellip;]","twitter_image":"https:\/\/vosgesinfo.fr\/app\/uploads\/sites\/5\/2024\/09\/202303pourim.png","twitter_creator":"@VosgesInfo88","twitter_site":"@VosgesInfo88","twitter_misc":{"\u00c9crit par":"C D","Dur\u00e9e de lecture estim\u00e9e":"4 minutes"},"schema":{"@context":"https:\/\/schema.org","@graph":[{"@type":"Article","@id":"https:\/\/vosgesinfo.fr\/remiremontinfo\/2023\/03\/vosges-communaute-israelite-celebre-pourim-carnaval-juif\/#article","isPartOf":{"@id":"https:\/\/vosgesinfo.fr\/remiremontinfo\/2023\/03\/vosges-communaute-israelite-celebre-pourim-carnaval-juif\/"},"author":{"name":"C D","@id":"https:\/\/vosgesinfo.fr\/remiremontinfo\/#\/schema\/person\/3bfd164d5218a185b1db68655a265316"},"headline":"Vosges\u00a0: la communaut\u00e9 isra\u00e9lite c\u00e9l\u00e8bre Pourim, le \u00ab\u00a0carnaval juif\u00a0\u00bb","datePublished":"2023-03-06T08:00:07+00:00","dateModified":"2023-03-06T08:00:07+00:00","mainEntityOfPage":{"@id":"https:\/\/vosgesinfo.fr\/remiremontinfo\/2023\/03\/vosges-communaute-israelite-celebre-pourim-carnaval-juif\/"},"wordCount":809,"commentCount":0,"publisher":{"@id":"https:\/\/vosgesinfo.fr\/remiremontinfo\/#organization"},"image":{"@id":"https:\/\/vosgesinfo.fr\/remiremontinfo\/2023\/03\/vosges-communaute-israelite-celebre-pourim-carnaval-juif\/#primaryimage"},"thumbnailUrl":"https:\/\/vosgesinfo.fr\/app\/uploads\/sites\/5\/2024\/09\/202303pourim.png","keywords":["Carnaval","f\u00eate","judaisme","pourim","Religion","remiremont","Vosges"],"articleSection":["A la Une","Religion","Vosges"],"inLanguage":"fr-FR","potentialAction":[{"@type":"CommentAction","name":"Comment","target":["https:\/\/vosgesinfo.fr\/remiremontinfo\/2023\/03\/vosges-communaute-israelite-celebre-pourim-carnaval-juif\/#respond"]}]},{"@type":"WebPage","@id":"https:\/\/vosgesinfo.fr\/remiremontinfo\/2023\/03\/vosges-communaute-israelite-celebre-pourim-carnaval-juif\/","url":"https:\/\/vosgesinfo.fr\/remiremontinfo\/2023\/03\/vosges-communaute-israelite-celebre-pourim-carnaval-juif\/","name":"Vosges\u00a0: la communaut\u00e9 isra\u00e9lite c\u00e9l\u00e8bre Pourim, le \u00ab\u00a0carnaval juif\u00a0\u00bb - Remiremont Info","isPartOf":{"@id":"https:\/\/vosgesinfo.fr\/remiremontinfo\/#website"},"primaryImageOfPage":{"@id":"https:\/\/vosgesinfo.fr\/remiremontinfo\/2023\/03\/vosges-communaute-israelite-celebre-pourim-carnaval-juif\/#primaryimage"},"image":{"@id":"https:\/\/vosgesinfo.fr\/remiremontinfo\/2023\/03\/vosges-communaute-israelite-celebre-pourim-carnaval-juif\/#primaryimage"},"thumbnailUrl":"https:\/\/vosgesinfo.fr\/app\/uploads\/sites\/5\/2024\/09\/202303pourim.png","datePublished":"2023-03-06T08:00:07+00:00","dateModified":"2023-03-06T08:00:07+00:00","breadcrumb":{"@id":"https:\/\/vosgesinfo.fr\/remiremontinfo\/2023\/03\/vosges-communaute-israelite-celebre-pourim-carnaval-juif\/#breadcrumb"},"inLanguage":"fr-FR","potentialAction":[{"@type":"ReadAction","target":["https:\/\/vosgesinfo.fr\/remiremontinfo\/2023\/03\/vosges-communaute-israelite-celebre-pourim-carnaval-juif\/"]}]},{"@type":"ImageObject","inLanguage":"fr-FR","@id":"https:\/\/vosgesinfo.fr\/remiremontinfo\/2023\/03\/vosges-communaute-israelite-celebre-pourim-carnaval-juif\/#primaryimage","url":"https:\/\/vosgesinfo.fr\/app\/uploads\/sites\/5\/2024\/09\/202303pourim.png","contentUrl":"https:\/\/vosgesinfo.fr\/app\/uploads\/sites\/5\/2024\/09\/202303pourim.png","width":770,"height":578},{"@type":"BreadcrumbList","@id":"https:\/\/vosgesinfo.fr\/remiremontinfo\/2023\/03\/vosges-communaute-israelite-celebre-pourim-carnaval-juif\/#breadcrumb","itemListElement":[{"@type":"ListItem","position":1,"name":"Home","item":"https:\/\/vosgesinfo.fr\/remiremontinfo\/"},{"@type":"ListItem","position":2,"name":"Vosges\u00a0: la communaut\u00e9 isra\u00e9lite c\u00e9l\u00e8bre Pourim, le \u00ab\u00a0carnaval juif\u00a0\u00bb"}]},{"@type":"WebSite","@id":"https:\/\/vosgesinfo.fr\/remiremontinfo\/#website","url":"https:\/\/vosgesinfo.fr\/remiremontinfo\/","name":"Remiremont Info","description":"Toute l&#039;actualit\u00e9 de Remiremont","publisher":{"@id":"https:\/\/vosgesinfo.fr\/remiremontinfo\/#organization"},"alternateName":"Toute l'actualit\u00e9 de Remiremont","potentialAction":[{"@type":"SearchAction","target":{"@type":"EntryPoint","urlTemplate":"https:\/\/vosgesinfo.fr\/remiremontinfo\/?s={search_term_string}"},"query-input":"required name=search_term_string"}],"inLanguage":"fr-FR"},{"@type":"Organization","@id":"https:\/\/vosgesinfo.fr\/remiremontinfo\/#organization","name":"Remiremont Info","url":"https:\/\/vosgesinfo.fr\/remiremontinfo\/","logo":{"@type":"ImageObject","inLanguage":"fr-FR","@id":"https:\/\/vosgesinfo.fr\/remiremontinfo\/#\/schema\/logo\/image\/","url":"https:\/\/vosgesinfo.fr\/app\/uploads\/sites\/5\/2023\/08\/favicon-remiremontinfo.png","contentUrl":"https:\/\/vosgesinfo.fr\/app\/uploads\/sites\/5\/2023\/08\/favicon-remiremontinfo.png","width":512,"height":512,"caption":"Remiremont Info"},"image":{"@id":"https:\/\/vosgesinfo.fr\/remiremontinfo\/#\/schema\/logo\/image\/"},"sameAs":["https:\/\/www.facebook.com\/remiremontinfo","https:\/\/x.com\/VosgesInfo88","https:\/\/www.youtube.com\/@vosgesinfo"]},{"@type":"Person","@id":"https:\/\/vosgesinfo.fr\/remiremontinfo\/#\/schema\/person\/3bfd164d5218a185b1db68655a265316","name":"C D","image":{"@type":"ImageObject","inLanguage":"fr-FR","@id":"https:\/\/vosgesinfo.fr\/remiremontinfo\/#\/schema\/person\/image\/","url":"https:\/\/secure.gravatar.com\/avatar\/1f9a70007336511a47468b8f1c66f922b8b7cf617b02a31149ada43893a5d48f?s=96&d=mm&r=g","contentUrl":"https:\/\/secure.gravatar.com\/avatar\/1f9a70007336511a47468b8f1c66f922b8b7cf617b02a31149ada43893a5d48f?s=96&d=mm&r=g","caption":"C D"},"url":"https:\/\/vosgesinfo.fr\/remiremontinfo\/author\/cedric-drevet\/"}]}},"_links":{"self":[{"href":"https:\/\/vosgesinfo.fr\/remiremontinfo\/wp-json\/wp\/v2\/posts\/68453","targetHints":{"allow":["GET"]}}],"collection":[{"href":"https:\/\/vosgesinfo.fr\/remiremontinfo\/wp-json\/wp\/v2\/posts"}],"about":[{"href":"https:\/\/vosgesinfo.fr\/remiremontinfo\/wp-json\/wp\/v2\/types\/post"}],"author":[{"embeddable":true,"href":"https:\/\/vosgesinfo.fr\/remiremontinfo\/wp-json\/wp\/v2\/users\/407"}],"replies":[{"embeddable":true,"href":"https:\/\/vosgesinfo.fr\/remiremontinfo\/wp-json\/wp\/v2\/comments?post=68453"}],"version-history":[{"count":0,"href":"https:\/\/vosgesinfo.fr\/remiremontinfo\/wp-json\/wp\/v2\/posts\/68453\/revisions"}],"wp:featuredmedia":[{"embeddable":true,"href":"https:\/\/vosgesinfo.fr\/remiremontinfo\/wp-json\/wp\/v2\/media\/68454"}],"wp:attachment":[{"href":"https:\/\/vosgesinfo.fr\/remiremontinfo\/wp-json\/wp\/v2\/media?parent=68453"}],"wp:term":[{"taxonomy":"category","embeddable":true,"href":"https:\/\/vosgesinfo.fr\/remiremontinfo\/wp-json\/wp\/v2\/categories?post=68453"},{"taxonomy":"post_tag","embeddable":true,"href":"https:\/\/vosgesinfo.fr\/remiremontinfo\/wp-json\/wp\/v2\/tags?post=68453"}],"curies":[{"name":"wp","href":"https:\/\/api.w.org\/{rel}","templated":true}]}}