{"id":68540,"date":"2023-03-09T07:47:46","date_gmt":"2023-03-09T06:47:46","guid":{"rendered":"https:\/\/vosgesinfo.fr\/remiremontinfo\/2023\/03\/saint-nabord-ecoliers-travaillent-a-creation-dun-spectacle-musical\/"},"modified":"2023-03-09T07:47:46","modified_gmt":"2023-03-09T06:47:46","slug":"saint-nabord-ecoliers-travaillent-a-creation-dun-spectacle-musical","status":"publish","type":"post","link":"https:\/\/vosgesinfo.fr\/remiremontinfo\/2023\/03\/saint-nabord-ecoliers-travaillent-a-creation-dun-spectacle-musical\/","title":{"rendered":"Saint-Nabord\u00a0: des \u00e9coliers travaillent \u00e0 la cr\u00e9ation d\u2019un spectacle musical"},"content":{"rendered":"<p align=\"left\"><a href=\"\/2023\/03\/musique-ecole-saint-nabord.jpg\"><img decoding=\"async\" class=\"alignnone size-large wp-image-365187\" src=\"\/2023\/03\/musique-ecole-saint-nabord-1024x768.jpg\" alt=\"musique ecole saint nabord\" width=\"960\" height=\"720\" \/><\/a><\/p>\n<h2 align=\"left\"><span style=\"font-size: 12pt;\"><strong>Les classes de CE2, CM1 et CM2 de l\u2019\u00e9cole des Breuchottes, \u00e0 Saint-Nabord, travaillent durant plusieurs semaines \u00e0 la cr\u00e9ation d\u2019un spectacle musical interactif avec l\u2019artiste Bouclette. Lors d\u2019un pr\u00e9c\u00e9dent atelier, les \u00e9coliers commenc\u00e9 \u00e0 inventer une histoire, puis compos\u00e9 une chanson accompagn\u00e9s \u00e0 la guitare par Bouclette et leur instituteur, Monsieur Laurent.<\/strong><\/span><\/h2>\n<p align=\"left\">Cette semaine, ils ont d\u00e9couvert le son de diff\u00e9rents instruments en tapotant sur les touches d\u2019un synth\u00e9tiseur. Ils ont ainsi chacun \u00e0 leur tour choisi le son d\u2019un instrument et compos\u00e9 un court morceau sur le synth\u00e9tiseur, enregistr\u00e9 sur ordinateur. Gauthier \u00e0 la technique, Sa\u00efd, Youssouf, \u00c9lina, Clo\u00e9, au clavier, les diff\u00e9rents sons ont ensuite \u00e9t\u00e9 superpos\u00e9s via un logiciel de musique formant une composition des plus originales. Le spectacle va peu \u00e0 peu prendre forme, au fil des s\u00e9ances, nourri de l\u2019imaginaire foisonnant de nos \u00e9coliers et de leur exp\u00e9rience dans l\u2019univers musical de l\u2019artiste Bouclette.<\/p>\n<p align=\"left\"><span style=\"font-size: 10pt;\"><em>Source\u00a0: Mairie de Saint-Nabord<\/em><\/span><\/p>\n","protected":false},"excerpt":{"rendered":"<p>Les classes de CE2, CM1 et CM2 de l\u2019\u00e9cole des Breuchottes, \u00e0 Saint-Nabord, travaillent durant plusieurs semaines \u00e0 la cr\u00e9ation [&hellip;]<\/p>\n","protected":false},"author":407,"featured_media":68541,"comment_status":"open","ping_status":"open","sticky":false,"template":"","format":"standard","meta":{"footnotes":""},"categories":[26,165,35,100],"tags":[415,117,42],"class_list":["post-68540","post","type-post","status-publish","format-standard","has-post-thumbnail","hentry","category-a-la-une","category-enseignement","category-remiremont-son-canton","category-saint-nabord","tag-ecole","tag-musique","tag-saint-nabord"],"acf":[],"yoast_head":"<!-- This site is optimized with the Yoast SEO plugin v22.5 - https:\/\/yoast.com\/wordpress\/plugins\/seo\/ -->\n<title>Saint-Nabord\u00a0: des \u00e9coliers travaillent \u00e0 la cr\u00e9ation d\u2019un spectacle musical - Remiremont Info<\/title>\n<meta name=\"robots\" content=\"index, follow, max-snippet:-1, max-image-preview:large, max-video-preview:-1\" \/>\n<link rel=\"canonical\" href=\"https:\/\/vosgesinfo.fr\/remiremontinfo\/2023\/03\/saint-nabord-ecoliers-travaillent-a-creation-dun-spectacle-musical\/\" \/>\n<meta name=\"twitter:card\" content=\"summary_large_image\" \/>\n<meta name=\"twitter:title\" content=\"Saint-Nabord\u00a0: des \u00e9coliers travaillent \u00e0 la cr\u00e9ation d\u2019un spectacle musical - Remiremont Info\" \/>\n<meta name=\"twitter:description\" content=\"Les classes de CE2, CM1 et CM2 de l\u2019\u00e9cole des Breuchottes, \u00e0 Saint-Nabord, travaillent durant plusieurs semaines \u00e0 la cr\u00e9ation [&hellip;]\" \/>\n<meta name=\"twitter:image\" content=\"https:\/\/vosgesinfo.fr\/app\/uploads\/sites\/5\/2024\/09\/202303musique-ecole-saint-nabord.jpg\" \/>\n<meta name=\"twitter:creator\" content=\"@VosgesInfo88\" \/>\n<meta name=\"twitter:site\" content=\"@VosgesInfo88\" \/>\n<meta name=\"twitter:label1\" content=\"\u00c9crit par\" \/>\n\t<meta name=\"twitter:data1\" content=\"C D\" \/>\n\t<meta name=\"twitter:label2\" content=\"Dur\u00e9e de lecture estim\u00e9e\" \/>\n\t<meta name=\"twitter:data2\" content=\"1 minute\" \/>\n<script type=\"application\/ld+json\" class=\"yoast-schema-graph\">{\"@context\":\"https:\/\/schema.org\",\"@graph\":[{\"@type\":\"Article\",\"@id\":\"https:\/\/vosgesinfo.fr\/remiremontinfo\/2023\/03\/saint-nabord-ecoliers-travaillent-a-creation-dun-spectacle-musical\/#article\",\"isPartOf\":{\"@id\":\"https:\/\/vosgesinfo.fr\/remiremontinfo\/2023\/03\/saint-nabord-ecoliers-travaillent-a-creation-dun-spectacle-musical\/\"},\"author\":{\"name\":\"C D\",\"@id\":\"https:\/\/vosgesinfo.fr\/remiremontinfo\/#\/schema\/person\/3bfd164d5218a185b1db68655a265316\"},\"headline\":\"Saint-Nabord\u00a0: des \u00e9coliers travaillent \u00e0 la cr\u00e9ation d\u2019un spectacle musical\",\"datePublished\":\"2023-03-09T06:47:46+00:00\",\"dateModified\":\"2023-03-09T06:47:46+00:00\",\"mainEntityOfPage\":{\"@id\":\"https:\/\/vosgesinfo.fr\/remiremontinfo\/2023\/03\/saint-nabord-ecoliers-travaillent-a-creation-dun-spectacle-musical\/\"},\"wordCount\":180,\"commentCount\":0,\"publisher\":{\"@id\":\"https:\/\/vosgesinfo.fr\/remiremontinfo\/#organization\"},\"image\":{\"@id\":\"https:\/\/vosgesinfo.fr\/remiremontinfo\/2023\/03\/saint-nabord-ecoliers-travaillent-a-creation-dun-spectacle-musical\/#primaryimage\"},\"thumbnailUrl\":\"https:\/\/vosgesinfo.fr\/app\/uploads\/sites\/5\/2024\/09\/202303musique-ecole-saint-nabord.jpg\",\"keywords\":[\"ecole\",\"musique\",\"saint-nabord\"],\"articleSection\":[\"A la Une\",\"Enseignement\",\"Remiremont &amp; son canton\",\"Saint-Nabord\"],\"inLanguage\":\"fr-FR\",\"potentialAction\":[{\"@type\":\"CommentAction\",\"name\":\"Comment\",\"target\":[\"https:\/\/vosgesinfo.fr\/remiremontinfo\/2023\/03\/saint-nabord-ecoliers-travaillent-a-creation-dun-spectacle-musical\/#respond\"]}]},{\"@type\":\"WebPage\",\"@id\":\"https:\/\/vosgesinfo.fr\/remiremontinfo\/2023\/03\/saint-nabord-ecoliers-travaillent-a-creation-dun-spectacle-musical\/\",\"url\":\"https:\/\/vosgesinfo.fr\/remiremontinfo\/2023\/03\/saint-nabord-ecoliers-travaillent-a-creation-dun-spectacle-musical\/\",\"name\":\"Saint-Nabord\u00a0: des \u00e9coliers travaillent \u00e0 la cr\u00e9ation d\u2019un spectacle musical - Remiremont Info\",\"isPartOf\":{\"@id\":\"https:\/\/vosgesinfo.fr\/remiremontinfo\/#website\"},\"primaryImageOfPage\":{\"@id\":\"https:\/\/vosgesinfo.fr\/remiremontinfo\/2023\/03\/saint-nabord-ecoliers-travaillent-a-creation-dun-spectacle-musical\/#primaryimage\"},\"image\":{\"@id\":\"https:\/\/vosgesinfo.fr\/remiremontinfo\/2023\/03\/saint-nabord-ecoliers-travaillent-a-creation-dun-spectacle-musical\/#primaryimage\"},\"thumbnailUrl\":\"https:\/\/vosgesinfo.fr\/app\/uploads\/sites\/5\/2024\/09\/202303musique-ecole-saint-nabord.jpg\",\"datePublished\":\"2023-03-09T06:47:46+00:00\",\"dateModified\":\"2023-03-09T06:47:46+00:00\",\"breadcrumb\":{\"@id\":\"https:\/\/vosgesinfo.fr\/remiremontinfo\/2023\/03\/saint-nabord-ecoliers-travaillent-a-creation-dun-spectacle-musical\/#breadcrumb\"},\"inLanguage\":\"fr-FR\",\"potentialAction\":[{\"@type\":\"ReadAction\",\"target\":[\"https:\/\/vosgesinfo.fr\/remiremontinfo\/2023\/03\/saint-nabord-ecoliers-travaillent-a-creation-dun-spectacle-musical\/\"]}]},{\"@type\":\"ImageObject\",\"inLanguage\":\"fr-FR\",\"@id\":\"https:\/\/vosgesinfo.fr\/remiremontinfo\/2023\/03\/saint-nabord-ecoliers-travaillent-a-creation-dun-spectacle-musical\/#primaryimage\",\"url\":\"https:\/\/vosgesinfo.fr\/app\/uploads\/sites\/5\/2024\/09\/202303musique-ecole-saint-nabord.jpg\",\"contentUrl\":\"https:\/\/vosgesinfo.fr\/app\/uploads\/sites\/5\/2024\/09\/202303musique-ecole-saint-nabord.jpg\",\"width\":2048,\"height\":1536},{\"@type\":\"BreadcrumbList\",\"@id\":\"https:\/\/vosgesinfo.fr\/remiremontinfo\/2023\/03\/saint-nabord-ecoliers-travaillent-a-creation-dun-spectacle-musical\/#breadcrumb\",\"itemListElement\":[{\"@type\":\"ListItem\",\"position\":1,\"name\":\"Home\",\"item\":\"https:\/\/vosgesinfo.fr\/remiremontinfo\/\"},{\"@type\":\"ListItem\",\"position\":2,\"name\":\"Saint-Nabord\u00a0: des \u00e9coliers travaillent \u00e0 la cr\u00e9ation d\u2019un spectacle musical\"}]},{\"@type\":\"WebSite\",\"@id\":\"https:\/\/vosgesinfo.fr\/remiremontinfo\/#website\",\"url\":\"https:\/\/vosgesinfo.fr\/remiremontinfo\/\",\"name\":\"Remiremont Info\",\"description\":\"Toute l&#039;actualit\u00e9 de Remiremont\",\"publisher\":{\"@id\":\"https:\/\/vosgesinfo.fr\/remiremontinfo\/#organization\"},\"alternateName\":\"Toute l'actualit\u00e9 de Remiremont\",\"potentialAction\":[{\"@type\":\"SearchAction\",\"target\":{\"@type\":\"EntryPoint\",\"urlTemplate\":\"https:\/\/vosgesinfo.fr\/remiremontinfo\/?s={search_term_string}\"},\"query-input\":\"required name=search_term_string\"}],\"inLanguage\":\"fr-FR\"},{\"@type\":\"Organization\",\"@id\":\"https:\/\/vosgesinfo.fr\/remiremontinfo\/#organization\",\"name\":\"Remiremont Info\",\"url\":\"https:\/\/vosgesinfo.fr\/remiremontinfo\/\",\"logo\":{\"@type\":\"ImageObject\",\"inLanguage\":\"fr-FR\",\"@id\":\"https:\/\/vosgesinfo.fr\/remiremontinfo\/#\/schema\/logo\/image\/\",\"url\":\"https:\/\/vosgesinfo.fr\/app\/uploads\/sites\/5\/2023\/08\/favicon-remiremontinfo.png\",\"contentUrl\":\"https:\/\/vosgesinfo.fr\/app\/uploads\/sites\/5\/2023\/08\/favicon-remiremontinfo.png\",\"width\":512,\"height\":512,\"caption\":\"Remiremont Info\"},\"image\":{\"@id\":\"https:\/\/vosgesinfo.fr\/remiremontinfo\/#\/schema\/logo\/image\/\"},\"sameAs\":[\"https:\/\/www.facebook.com\/remiremontinfo\",\"https:\/\/x.com\/VosgesInfo88\",\"https:\/\/www.youtube.com\/@vosgesinfo\"]},{\"@type\":\"Person\",\"@id\":\"https:\/\/vosgesinfo.fr\/remiremontinfo\/#\/schema\/person\/3bfd164d5218a185b1db68655a265316\",\"name\":\"C D\",\"image\":{\"@type\":\"ImageObject\",\"inLanguage\":\"fr-FR\",\"@id\":\"https:\/\/vosgesinfo.fr\/remiremontinfo\/#\/schema\/person\/image\/\",\"url\":\"https:\/\/secure.gravatar.com\/avatar\/1f9a70007336511a47468b8f1c66f922b8b7cf617b02a31149ada43893a5d48f?s=96&d=mm&r=g\",\"contentUrl\":\"https:\/\/secure.gravatar.com\/avatar\/1f9a70007336511a47468b8f1c66f922b8b7cf617b02a31149ada43893a5d48f?s=96&d=mm&r=g\",\"caption\":\"C D\"},\"url\":\"https:\/\/vosgesinfo.fr\/remiremontinfo\/author\/cedric-drevet\/\"}]}<\/script>\n<!-- \/ Yoast SEO plugin. -->","yoast_head_json":{"title":"Saint-Nabord\u00a0: des \u00e9coliers travaillent \u00e0 la cr\u00e9ation d\u2019un spectacle musical - Remiremont Info","robots":{"index":"index","follow":"follow","max-snippet":"max-snippet:-1","max-image-preview":"max-image-preview:large","max-video-preview":"max-video-preview:-1"},"canonical":"https:\/\/vosgesinfo.fr\/remiremontinfo\/2023\/03\/saint-nabord-ecoliers-travaillent-a-creation-dun-spectacle-musical\/","twitter_card":"summary_large_image","twitter_title":"Saint-Nabord\u00a0: des \u00e9coliers travaillent \u00e0 la cr\u00e9ation d\u2019un spectacle musical - Remiremont Info","twitter_description":"Les classes de CE2, CM1 et CM2 de l\u2019\u00e9cole des Breuchottes, \u00e0 Saint-Nabord, travaillent durant plusieurs semaines \u00e0 la cr\u00e9ation [&hellip;]","twitter_image":"https:\/\/vosgesinfo.fr\/app\/uploads\/sites\/5\/2024\/09\/202303musique-ecole-saint-nabord.jpg","twitter_creator":"@VosgesInfo88","twitter_site":"@VosgesInfo88","twitter_misc":{"\u00c9crit par":"C D","Dur\u00e9e de lecture estim\u00e9e":"1 minute"},"schema":{"@context":"https:\/\/schema.org","@graph":[{"@type":"Article","@id":"https:\/\/vosgesinfo.fr\/remiremontinfo\/2023\/03\/saint-nabord-ecoliers-travaillent-a-creation-dun-spectacle-musical\/#article","isPartOf":{"@id":"https:\/\/vosgesinfo.fr\/remiremontinfo\/2023\/03\/saint-nabord-ecoliers-travaillent-a-creation-dun-spectacle-musical\/"},"author":{"name":"C D","@id":"https:\/\/vosgesinfo.fr\/remiremontinfo\/#\/schema\/person\/3bfd164d5218a185b1db68655a265316"},"headline":"Saint-Nabord\u00a0: des \u00e9coliers travaillent \u00e0 la cr\u00e9ation d\u2019un spectacle musical","datePublished":"2023-03-09T06:47:46+00:00","dateModified":"2023-03-09T06:47:46+00:00","mainEntityOfPage":{"@id":"https:\/\/vosgesinfo.fr\/remiremontinfo\/2023\/03\/saint-nabord-ecoliers-travaillent-a-creation-dun-spectacle-musical\/"},"wordCount":180,"commentCount":0,"publisher":{"@id":"https:\/\/vosgesinfo.fr\/remiremontinfo\/#organization"},"image":{"@id":"https:\/\/vosgesinfo.fr\/remiremontinfo\/2023\/03\/saint-nabord-ecoliers-travaillent-a-creation-dun-spectacle-musical\/#primaryimage"},"thumbnailUrl":"https:\/\/vosgesinfo.fr\/app\/uploads\/sites\/5\/2024\/09\/202303musique-ecole-saint-nabord.jpg","keywords":["ecole","musique","saint-nabord"],"articleSection":["A la Une","Enseignement","Remiremont &amp; son canton","Saint-Nabord"],"inLanguage":"fr-FR","potentialAction":[{"@type":"CommentAction","name":"Comment","target":["https:\/\/vosgesinfo.fr\/remiremontinfo\/2023\/03\/saint-nabord-ecoliers-travaillent-a-creation-dun-spectacle-musical\/#respond"]}]},{"@type":"WebPage","@id":"https:\/\/vosgesinfo.fr\/remiremontinfo\/2023\/03\/saint-nabord-ecoliers-travaillent-a-creation-dun-spectacle-musical\/","url":"https:\/\/vosgesinfo.fr\/remiremontinfo\/2023\/03\/saint-nabord-ecoliers-travaillent-a-creation-dun-spectacle-musical\/","name":"Saint-Nabord\u00a0: des \u00e9coliers travaillent \u00e0 la cr\u00e9ation d\u2019un spectacle musical - Remiremont Info","isPartOf":{"@id":"https:\/\/vosgesinfo.fr\/remiremontinfo\/#website"},"primaryImageOfPage":{"@id":"https:\/\/vosgesinfo.fr\/remiremontinfo\/2023\/03\/saint-nabord-ecoliers-travaillent-a-creation-dun-spectacle-musical\/#primaryimage"},"image":{"@id":"https:\/\/vosgesinfo.fr\/remiremontinfo\/2023\/03\/saint-nabord-ecoliers-travaillent-a-creation-dun-spectacle-musical\/#primaryimage"},"thumbnailUrl":"https:\/\/vosgesinfo.fr\/app\/uploads\/sites\/5\/2024\/09\/202303musique-ecole-saint-nabord.jpg","datePublished":"2023-03-09T06:47:46+00:00","dateModified":"2023-03-09T06:47:46+00:00","breadcrumb":{"@id":"https:\/\/vosgesinfo.fr\/remiremontinfo\/2023\/03\/saint-nabord-ecoliers-travaillent-a-creation-dun-spectacle-musical\/#breadcrumb"},"inLanguage":"fr-FR","potentialAction":[{"@type":"ReadAction","target":["https:\/\/vosgesinfo.fr\/remiremontinfo\/2023\/03\/saint-nabord-ecoliers-travaillent-a-creation-dun-spectacle-musical\/"]}]},{"@type":"ImageObject","inLanguage":"fr-FR","@id":"https:\/\/vosgesinfo.fr\/remiremontinfo\/2023\/03\/saint-nabord-ecoliers-travaillent-a-creation-dun-spectacle-musical\/#primaryimage","url":"https:\/\/vosgesinfo.fr\/app\/uploads\/sites\/5\/2024\/09\/202303musique-ecole-saint-nabord.jpg","contentUrl":"https:\/\/vosgesinfo.fr\/app\/uploads\/sites\/5\/2024\/09\/202303musique-ecole-saint-nabord.jpg","width":2048,"height":1536},{"@type":"BreadcrumbList","@id":"https:\/\/vosgesinfo.fr\/remiremontinfo\/2023\/03\/saint-nabord-ecoliers-travaillent-a-creation-dun-spectacle-musical\/#breadcrumb","itemListElement":[{"@type":"ListItem","position":1,"name":"Home","item":"https:\/\/vosgesinfo.fr\/remiremontinfo\/"},{"@type":"ListItem","position":2,"name":"Saint-Nabord\u00a0: des \u00e9coliers travaillent \u00e0 la cr\u00e9ation d\u2019un spectacle musical"}]},{"@type":"WebSite","@id":"https:\/\/vosgesinfo.fr\/remiremontinfo\/#website","url":"https:\/\/vosgesinfo.fr\/remiremontinfo\/","name":"Remiremont Info","description":"Toute l&#039;actualit\u00e9 de Remiremont","publisher":{"@id":"https:\/\/vosgesinfo.fr\/remiremontinfo\/#organization"},"alternateName":"Toute l'actualit\u00e9 de Remiremont","potentialAction":[{"@type":"SearchAction","target":{"@type":"EntryPoint","urlTemplate":"https:\/\/vosgesinfo.fr\/remiremontinfo\/?s={search_term_string}"},"query-input":"required name=search_term_string"}],"inLanguage":"fr-FR"},{"@type":"Organization","@id":"https:\/\/vosgesinfo.fr\/remiremontinfo\/#organization","name":"Remiremont Info","url":"https:\/\/vosgesinfo.fr\/remiremontinfo\/","logo":{"@type":"ImageObject","inLanguage":"fr-FR","@id":"https:\/\/vosgesinfo.fr\/remiremontinfo\/#\/schema\/logo\/image\/","url":"https:\/\/vosgesinfo.fr\/app\/uploads\/sites\/5\/2023\/08\/favicon-remiremontinfo.png","contentUrl":"https:\/\/vosgesinfo.fr\/app\/uploads\/sites\/5\/2023\/08\/favicon-remiremontinfo.png","width":512,"height":512,"caption":"Remiremont Info"},"image":{"@id":"https:\/\/vosgesinfo.fr\/remiremontinfo\/#\/schema\/logo\/image\/"},"sameAs":["https:\/\/www.facebook.com\/remiremontinfo","https:\/\/x.com\/VosgesInfo88","https:\/\/www.youtube.com\/@vosgesinfo"]},{"@type":"Person","@id":"https:\/\/vosgesinfo.fr\/remiremontinfo\/#\/schema\/person\/3bfd164d5218a185b1db68655a265316","name":"C D","image":{"@type":"ImageObject","inLanguage":"fr-FR","@id":"https:\/\/vosgesinfo.fr\/remiremontinfo\/#\/schema\/person\/image\/","url":"https:\/\/secure.gravatar.com\/avatar\/1f9a70007336511a47468b8f1c66f922b8b7cf617b02a31149ada43893a5d48f?s=96&d=mm&r=g","contentUrl":"https:\/\/secure.gravatar.com\/avatar\/1f9a70007336511a47468b8f1c66f922b8b7cf617b02a31149ada43893a5d48f?s=96&d=mm&r=g","caption":"C D"},"url":"https:\/\/vosgesinfo.fr\/remiremontinfo\/author\/cedric-drevet\/"}]}},"_links":{"self":[{"href":"https:\/\/vosgesinfo.fr\/remiremontinfo\/wp-json\/wp\/v2\/posts\/68540","targetHints":{"allow":["GET"]}}],"collection":[{"href":"https:\/\/vosgesinfo.fr\/remiremontinfo\/wp-json\/wp\/v2\/posts"}],"about":[{"href":"https:\/\/vosgesinfo.fr\/remiremontinfo\/wp-json\/wp\/v2\/types\/post"}],"author":[{"embeddable":true,"href":"https:\/\/vosgesinfo.fr\/remiremontinfo\/wp-json\/wp\/v2\/users\/407"}],"replies":[{"embeddable":true,"href":"https:\/\/vosgesinfo.fr\/remiremontinfo\/wp-json\/wp\/v2\/comments?post=68540"}],"version-history":[{"count":0,"href":"https:\/\/vosgesinfo.fr\/remiremontinfo\/wp-json\/wp\/v2\/posts\/68540\/revisions"}],"wp:featuredmedia":[{"embeddable":true,"href":"https:\/\/vosgesinfo.fr\/remiremontinfo\/wp-json\/wp\/v2\/media\/68541"}],"wp:attachment":[{"href":"https:\/\/vosgesinfo.fr\/remiremontinfo\/wp-json\/wp\/v2\/media?parent=68540"}],"wp:term":[{"taxonomy":"category","embeddable":true,"href":"https:\/\/vosgesinfo.fr\/remiremontinfo\/wp-json\/wp\/v2\/categories?post=68540"},{"taxonomy":"post_tag","embeddable":true,"href":"https:\/\/vosgesinfo.fr\/remiremontinfo\/wp-json\/wp\/v2\/tags?post=68540"}],"curies":[{"name":"wp","href":"https:\/\/api.w.org\/{rel}","templated":true}]}}