{"id":68557,"date":"2023-03-09T07:11:52","date_gmt":"2023-03-09T06:11:52","guid":{"rendered":"https:\/\/vosgesinfo.fr\/remiremontinfo\/2023\/03\/val-dajol-wampas-de-retour-chez-narcisse-22-juillet\/"},"modified":"2023-03-09T07:11:52","modified_gmt":"2023-03-09T06:11:52","slug":"val-dajol-wampas-de-retour-chez-narcisse-22-juillet","status":"publish","type":"post","link":"https:\/\/vosgesinfo.fr\/remiremontinfo\/2023\/03\/val-dajol-wampas-de-retour-chez-narcisse-22-juillet\/","title":{"rendered":"Le Val d&rsquo;Ajol : les Wampas de retour Chez Narcisse le 22 juillet"},"content":{"rendered":"<h2 class=\"x11i5rnm xat24cr x1mh8g0r x1vvkbs xdj266r\"><a href=\"\/2023\/03\/334759719_1194542811179307_4036277042810251811_n.jpg\"><img decoding=\"async\" class=\"alignnone size-large wp-image-365211\" src=\"\/2023\/03\/334759719_1194542811179307_4036277042810251811_n-1024x1024.jpg\" alt=\"334759719_1194542811179307_4036277042810251811_n\" width=\"960\" height=\"960\" \/><\/a><\/h2>\n<h2 class=\"x11i5rnm xat24cr x1mh8g0r x1vvkbs xdj266r\"><span style=\"font-size: 12pt;\"><strong>Les Wampas seront de retour Chez Narcisse dans le cadre du festival Le Pied Orange, \u00e9dition 2023. Le m\u00eame jour que : BCUC, Roland Cristal, Grayssoker, LGMX, Kapout, Dirty work of soul brothers, Funky Jazz Gang.\u00a0Billetterie :\u00a0<a class=\"x1i10hfl xjbqb8w x6umtig x1b1mbwd xaqea5y xav7gou x9f619 x1ypdohk xt0psk2 xe8uvvx xdj266r x11i5rnm xat24cr x1mh8g0r xexx8yu x4uap5 x18d9i69 xkhd6sd x16tdsg8 x1hl2dhg xggy1nq x1a2a7pz xt0b8zv x1fey0fg\" tabindex=\"0\" href=\"http:\/\/www.piedorange.fr\/?fbclid=IwAR3rmYpMOWSYAQqP7QmwmtjE3p9IfPJggfcJThcDUy3SHIqL-E2L-oIqias\" target=\"_blank\" rel=\"nofollow noopener\">www.piedorange.fr<\/a>. Plus d&rsquo;infos ici :\u00a0<a href=\"https:\/\/www.facebook.com\/events\/1173849319997857\/?ref=newsfeed\">LES WAMPAS @Chez Narcisse \/\/ Festival Le Pied Orange 2023<\/a>.\u00a0<\/strong><\/span><\/h2>\n<p>Les Wampas sont un groupe de rock alternatif et punk rock fran\u00e7ais, originaire de la r\u00e9gion parisienne, form\u00e9 en 1983. D&rsquo;apr\u00e8s Wikip\u00e9dia,\u00a0Les Wampas sont surtout connus pour les textes faussement juv\u00e9niles de Didier Wampas, qu&rsquo;il chante d&rsquo;une voix parfois \u00e0 la limite de la justesse. Longtemps m\u00e9connus du grand public et ignor\u00e9s des m\u00e9dias de masse, les Wampas ont vu leur notori\u00e9t\u00e9 s&rsquo;accro\u00eetre en 2003 apr\u00e8s leur signature avec une filiale d&rsquo;Universal. Le single\u00a0<i>Manu Chao<\/i>\u00a0est alors diffus\u00e9 sur les radios musicales nationales comme\u00a0Europe 2\u00a0et\u00a0NRJ, et Didier Wampas multiplie ses interventions \u00e0 la t\u00e9l\u00e9 et \u00e0 la radio. Le groupe est nomm\u00e9, lors des\u00a0Victoires de la musique 2004, dans la cat\u00e9gorie \u00ab\u00a0Groupe\/Artiste r\u00e9v\u00e9lation sc\u00e8ne de l&rsquo;ann\u00e9e\u00a0\u00bb.<\/p>\n<p>La 4\u00e8me \u00e9dition du Festival le Pied Orange aura lieu les 21, 22 et 23 juillet au Val d\u2019Ajol.\u00a0Voici le programme :<\/p>\n<p><a href=\"\/2023\/03\/330296496_1879170535778473_3870240335653965148_n.jpg\"><img decoding=\"async\" class=\"alignnone size-large wp-image-365210\" src=\"\/2023\/03\/330296496_1879170535778473_3870240335653965148_n-1024x1024.jpg\" alt=\"330296496_1879170535778473_3870240335653965148_n\" width=\"960\" height=\"960\" \/><\/a><\/p>\n<p><span style=\"font-size: 10pt;\"><em><a href=\"https:\/\/piedorange.fr\/?fbclid=IwAR2ALXP--Qg54B19ZT_SOun-aQLXhIswKYDuu9esS5RGvfRnPiJtZuVo2YI\">Pied Orange Festival 2023<\/a><\/em><\/span><\/p>\n<p>&nbsp;<\/p>\n","protected":false},"excerpt":{"rendered":"<p>Les Wampas seront de retour Chez Narcisse dans le cadre du festival Le Pied Orange, \u00e9dition 2023. Le m\u00eame jour [&hellip;]<\/p>\n","protected":false},"author":407,"featured_media":68558,"comment_status":"open","ping_status":"open","sticky":false,"template":"","format":"standard","meta":{"footnotes":""},"categories":[26,4,121,82],"tags":[117,123,32],"class_list":["post-68557","post","type-post","status-publish","format-standard","has-post-thumbnail","hentry","category-a-la-une","category-culture","category-le-val-dajol-le-val-dajol-son-canton","category-le-val-dajol-son-canton","tag-musique","tag-val-dajol","tag-vosges"],"acf":[],"yoast_head":"<!-- This site is optimized with the Yoast SEO plugin v22.5 - https:\/\/yoast.com\/wordpress\/plugins\/seo\/ -->\n<title>Le Val d&#039;Ajol : les Wampas de retour Chez Narcisse le 22 juillet - Remiremont Info<\/title>\n<meta name=\"robots\" content=\"index, follow, max-snippet:-1, max-image-preview:large, max-video-preview:-1\" \/>\n<link rel=\"canonical\" href=\"https:\/\/vosgesinfo.fr\/remiremontinfo\/2023\/03\/val-dajol-wampas-de-retour-chez-narcisse-22-juillet\/\" \/>\n<meta name=\"twitter:card\" content=\"summary_large_image\" \/>\n<meta name=\"twitter:title\" content=\"Le Val d&#039;Ajol : les Wampas de retour Chez Narcisse le 22 juillet - Remiremont Info\" \/>\n<meta name=\"twitter:description\" content=\"Les Wampas seront de retour Chez Narcisse dans le cadre du festival Le Pied Orange, \u00e9dition 2023. Le m\u00eame jour [&hellip;]\" \/>\n<meta name=\"twitter:image\" content=\"https:\/\/vosgesinfo.fr\/app\/uploads\/sites\/5\/2024\/09\/202303wampas.jpg\" \/>\n<meta name=\"twitter:creator\" content=\"@VosgesInfo88\" \/>\n<meta name=\"twitter:site\" content=\"@VosgesInfo88\" \/>\n<meta name=\"twitter:label1\" content=\"\u00c9crit par\" \/>\n\t<meta name=\"twitter:data1\" content=\"C D\" \/>\n\t<meta name=\"twitter:label2\" content=\"Dur\u00e9e de lecture estim\u00e9e\" \/>\n\t<meta name=\"twitter:data2\" content=\"1 minute\" \/>\n<script type=\"application\/ld+json\" class=\"yoast-schema-graph\">{\"@context\":\"https:\/\/schema.org\",\"@graph\":[{\"@type\":\"Article\",\"@id\":\"https:\/\/vosgesinfo.fr\/remiremontinfo\/2023\/03\/val-dajol-wampas-de-retour-chez-narcisse-22-juillet\/#article\",\"isPartOf\":{\"@id\":\"https:\/\/vosgesinfo.fr\/remiremontinfo\/2023\/03\/val-dajol-wampas-de-retour-chez-narcisse-22-juillet\/\"},\"author\":{\"name\":\"C D\",\"@id\":\"https:\/\/vosgesinfo.fr\/remiremontinfo\/#\/schema\/person\/3bfd164d5218a185b1db68655a265316\"},\"headline\":\"Le Val d&rsquo;Ajol : les Wampas de retour Chez Narcisse le 22 juillet\",\"datePublished\":\"2023-03-09T06:11:52+00:00\",\"dateModified\":\"2023-03-09T06:11:52+00:00\",\"mainEntityOfPage\":{\"@id\":\"https:\/\/vosgesinfo.fr\/remiremontinfo\/2023\/03\/val-dajol-wampas-de-retour-chez-narcisse-22-juillet\/\"},\"wordCount\":226,\"commentCount\":0,\"publisher\":{\"@id\":\"https:\/\/vosgesinfo.fr\/remiremontinfo\/#organization\"},\"image\":{\"@id\":\"https:\/\/vosgesinfo.fr\/remiremontinfo\/2023\/03\/val-dajol-wampas-de-retour-chez-narcisse-22-juillet\/#primaryimage\"},\"thumbnailUrl\":\"https:\/\/vosgesinfo.fr\/app\/uploads\/sites\/5\/2024\/09\/202303wampas.jpg\",\"keywords\":[\"musique\",\"val d'ajol\",\"Vosges\"],\"articleSection\":[\"A la Une\",\"Culture\",\"Le Val d'Ajol\",\"Le Val-d'Ajol &amp; son canton\"],\"inLanguage\":\"fr-FR\",\"potentialAction\":[{\"@type\":\"CommentAction\",\"name\":\"Comment\",\"target\":[\"https:\/\/vosgesinfo.fr\/remiremontinfo\/2023\/03\/val-dajol-wampas-de-retour-chez-narcisse-22-juillet\/#respond\"]}]},{\"@type\":\"WebPage\",\"@id\":\"https:\/\/vosgesinfo.fr\/remiremontinfo\/2023\/03\/val-dajol-wampas-de-retour-chez-narcisse-22-juillet\/\",\"url\":\"https:\/\/vosgesinfo.fr\/remiremontinfo\/2023\/03\/val-dajol-wampas-de-retour-chez-narcisse-22-juillet\/\",\"name\":\"Le Val d'Ajol : les Wampas de retour Chez Narcisse le 22 juillet - Remiremont Info\",\"isPartOf\":{\"@id\":\"https:\/\/vosgesinfo.fr\/remiremontinfo\/#website\"},\"primaryImageOfPage\":{\"@id\":\"https:\/\/vosgesinfo.fr\/remiremontinfo\/2023\/03\/val-dajol-wampas-de-retour-chez-narcisse-22-juillet\/#primaryimage\"},\"image\":{\"@id\":\"https:\/\/vosgesinfo.fr\/remiremontinfo\/2023\/03\/val-dajol-wampas-de-retour-chez-narcisse-22-juillet\/#primaryimage\"},\"thumbnailUrl\":\"https:\/\/vosgesinfo.fr\/app\/uploads\/sites\/5\/2024\/09\/202303wampas.jpg\",\"datePublished\":\"2023-03-09T06:11:52+00:00\",\"dateModified\":\"2023-03-09T06:11:52+00:00\",\"breadcrumb\":{\"@id\":\"https:\/\/vosgesinfo.fr\/remiremontinfo\/2023\/03\/val-dajol-wampas-de-retour-chez-narcisse-22-juillet\/#breadcrumb\"},\"inLanguage\":\"fr-FR\",\"potentialAction\":[{\"@type\":\"ReadAction\",\"target\":[\"https:\/\/vosgesinfo.fr\/remiremontinfo\/2023\/03\/val-dajol-wampas-de-retour-chez-narcisse-22-juillet\/\"]}]},{\"@type\":\"ImageObject\",\"inLanguage\":\"fr-FR\",\"@id\":\"https:\/\/vosgesinfo.fr\/remiremontinfo\/2023\/03\/val-dajol-wampas-de-retour-chez-narcisse-22-juillet\/#primaryimage\",\"url\":\"https:\/\/vosgesinfo.fr\/app\/uploads\/sites\/5\/2024\/09\/202303wampas.jpg\",\"contentUrl\":\"https:\/\/vosgesinfo.fr\/app\/uploads\/sites\/5\/2024\/09\/202303wampas.jpg\",\"width\":1080,\"height\":567},{\"@type\":\"BreadcrumbList\",\"@id\":\"https:\/\/vosgesinfo.fr\/remiremontinfo\/2023\/03\/val-dajol-wampas-de-retour-chez-narcisse-22-juillet\/#breadcrumb\",\"itemListElement\":[{\"@type\":\"ListItem\",\"position\":1,\"name\":\"Home\",\"item\":\"https:\/\/vosgesinfo.fr\/remiremontinfo\/\"},{\"@type\":\"ListItem\",\"position\":2,\"name\":\"Le Val d&rsquo;Ajol : les Wampas de retour Chez Narcisse le 22 juillet\"}]},{\"@type\":\"WebSite\",\"@id\":\"https:\/\/vosgesinfo.fr\/remiremontinfo\/#website\",\"url\":\"https:\/\/vosgesinfo.fr\/remiremontinfo\/\",\"name\":\"Remiremont Info\",\"description\":\"Toute l&#039;actualit\u00e9 de Remiremont\",\"publisher\":{\"@id\":\"https:\/\/vosgesinfo.fr\/remiremontinfo\/#organization\"},\"alternateName\":\"Toute l'actualit\u00e9 de Remiremont\",\"potentialAction\":[{\"@type\":\"SearchAction\",\"target\":{\"@type\":\"EntryPoint\",\"urlTemplate\":\"https:\/\/vosgesinfo.fr\/remiremontinfo\/?s={search_term_string}\"},\"query-input\":\"required name=search_term_string\"}],\"inLanguage\":\"fr-FR\"},{\"@type\":\"Organization\",\"@id\":\"https:\/\/vosgesinfo.fr\/remiremontinfo\/#organization\",\"name\":\"Remiremont Info\",\"url\":\"https:\/\/vosgesinfo.fr\/remiremontinfo\/\",\"logo\":{\"@type\":\"ImageObject\",\"inLanguage\":\"fr-FR\",\"@id\":\"https:\/\/vosgesinfo.fr\/remiremontinfo\/#\/schema\/logo\/image\/\",\"url\":\"https:\/\/vosgesinfo.fr\/app\/uploads\/sites\/5\/2023\/08\/favicon-remiremontinfo.png\",\"contentUrl\":\"https:\/\/vosgesinfo.fr\/app\/uploads\/sites\/5\/2023\/08\/favicon-remiremontinfo.png\",\"width\":512,\"height\":512,\"caption\":\"Remiremont Info\"},\"image\":{\"@id\":\"https:\/\/vosgesinfo.fr\/remiremontinfo\/#\/schema\/logo\/image\/\"},\"sameAs\":[\"https:\/\/www.facebook.com\/remiremontinfo\",\"https:\/\/x.com\/VosgesInfo88\",\"https:\/\/www.youtube.com\/@vosgesinfo\"]},{\"@type\":\"Person\",\"@id\":\"https:\/\/vosgesinfo.fr\/remiremontinfo\/#\/schema\/person\/3bfd164d5218a185b1db68655a265316\",\"name\":\"C D\",\"image\":{\"@type\":\"ImageObject\",\"inLanguage\":\"fr-FR\",\"@id\":\"https:\/\/vosgesinfo.fr\/remiremontinfo\/#\/schema\/person\/image\/\",\"url\":\"https:\/\/secure.gravatar.com\/avatar\/1f9a70007336511a47468b8f1c66f922b8b7cf617b02a31149ada43893a5d48f?s=96&d=mm&r=g\",\"contentUrl\":\"https:\/\/secure.gravatar.com\/avatar\/1f9a70007336511a47468b8f1c66f922b8b7cf617b02a31149ada43893a5d48f?s=96&d=mm&r=g\",\"caption\":\"C D\"},\"url\":\"https:\/\/vosgesinfo.fr\/remiremontinfo\/author\/cedric-drevet\/\"}]}<\/script>\n<!-- \/ Yoast SEO plugin. -->","yoast_head_json":{"title":"Le Val d'Ajol : les Wampas de retour Chez Narcisse le 22 juillet - Remiremont Info","robots":{"index":"index","follow":"follow","max-snippet":"max-snippet:-1","max-image-preview":"max-image-preview:large","max-video-preview":"max-video-preview:-1"},"canonical":"https:\/\/vosgesinfo.fr\/remiremontinfo\/2023\/03\/val-dajol-wampas-de-retour-chez-narcisse-22-juillet\/","twitter_card":"summary_large_image","twitter_title":"Le Val d'Ajol : les Wampas de retour Chez Narcisse le 22 juillet - Remiremont Info","twitter_description":"Les Wampas seront de retour Chez Narcisse dans le cadre du festival Le Pied Orange, \u00e9dition 2023. Le m\u00eame jour [&hellip;]","twitter_image":"https:\/\/vosgesinfo.fr\/app\/uploads\/sites\/5\/2024\/09\/202303wampas.jpg","twitter_creator":"@VosgesInfo88","twitter_site":"@VosgesInfo88","twitter_misc":{"\u00c9crit par":"C D","Dur\u00e9e de lecture estim\u00e9e":"1 minute"},"schema":{"@context":"https:\/\/schema.org","@graph":[{"@type":"Article","@id":"https:\/\/vosgesinfo.fr\/remiremontinfo\/2023\/03\/val-dajol-wampas-de-retour-chez-narcisse-22-juillet\/#article","isPartOf":{"@id":"https:\/\/vosgesinfo.fr\/remiremontinfo\/2023\/03\/val-dajol-wampas-de-retour-chez-narcisse-22-juillet\/"},"author":{"name":"C D","@id":"https:\/\/vosgesinfo.fr\/remiremontinfo\/#\/schema\/person\/3bfd164d5218a185b1db68655a265316"},"headline":"Le Val d&rsquo;Ajol : les Wampas de retour Chez Narcisse le 22 juillet","datePublished":"2023-03-09T06:11:52+00:00","dateModified":"2023-03-09T06:11:52+00:00","mainEntityOfPage":{"@id":"https:\/\/vosgesinfo.fr\/remiremontinfo\/2023\/03\/val-dajol-wampas-de-retour-chez-narcisse-22-juillet\/"},"wordCount":226,"commentCount":0,"publisher":{"@id":"https:\/\/vosgesinfo.fr\/remiremontinfo\/#organization"},"image":{"@id":"https:\/\/vosgesinfo.fr\/remiremontinfo\/2023\/03\/val-dajol-wampas-de-retour-chez-narcisse-22-juillet\/#primaryimage"},"thumbnailUrl":"https:\/\/vosgesinfo.fr\/app\/uploads\/sites\/5\/2024\/09\/202303wampas.jpg","keywords":["musique","val d'ajol","Vosges"],"articleSection":["A la Une","Culture","Le Val d'Ajol","Le Val-d'Ajol &amp; son canton"],"inLanguage":"fr-FR","potentialAction":[{"@type":"CommentAction","name":"Comment","target":["https:\/\/vosgesinfo.fr\/remiremontinfo\/2023\/03\/val-dajol-wampas-de-retour-chez-narcisse-22-juillet\/#respond"]}]},{"@type":"WebPage","@id":"https:\/\/vosgesinfo.fr\/remiremontinfo\/2023\/03\/val-dajol-wampas-de-retour-chez-narcisse-22-juillet\/","url":"https:\/\/vosgesinfo.fr\/remiremontinfo\/2023\/03\/val-dajol-wampas-de-retour-chez-narcisse-22-juillet\/","name":"Le Val d'Ajol : les Wampas de retour Chez Narcisse le 22 juillet - Remiremont Info","isPartOf":{"@id":"https:\/\/vosgesinfo.fr\/remiremontinfo\/#website"},"primaryImageOfPage":{"@id":"https:\/\/vosgesinfo.fr\/remiremontinfo\/2023\/03\/val-dajol-wampas-de-retour-chez-narcisse-22-juillet\/#primaryimage"},"image":{"@id":"https:\/\/vosgesinfo.fr\/remiremontinfo\/2023\/03\/val-dajol-wampas-de-retour-chez-narcisse-22-juillet\/#primaryimage"},"thumbnailUrl":"https:\/\/vosgesinfo.fr\/app\/uploads\/sites\/5\/2024\/09\/202303wampas.jpg","datePublished":"2023-03-09T06:11:52+00:00","dateModified":"2023-03-09T06:11:52+00:00","breadcrumb":{"@id":"https:\/\/vosgesinfo.fr\/remiremontinfo\/2023\/03\/val-dajol-wampas-de-retour-chez-narcisse-22-juillet\/#breadcrumb"},"inLanguage":"fr-FR","potentialAction":[{"@type":"ReadAction","target":["https:\/\/vosgesinfo.fr\/remiremontinfo\/2023\/03\/val-dajol-wampas-de-retour-chez-narcisse-22-juillet\/"]}]},{"@type":"ImageObject","inLanguage":"fr-FR","@id":"https:\/\/vosgesinfo.fr\/remiremontinfo\/2023\/03\/val-dajol-wampas-de-retour-chez-narcisse-22-juillet\/#primaryimage","url":"https:\/\/vosgesinfo.fr\/app\/uploads\/sites\/5\/2024\/09\/202303wampas.jpg","contentUrl":"https:\/\/vosgesinfo.fr\/app\/uploads\/sites\/5\/2024\/09\/202303wampas.jpg","width":1080,"height":567},{"@type":"BreadcrumbList","@id":"https:\/\/vosgesinfo.fr\/remiremontinfo\/2023\/03\/val-dajol-wampas-de-retour-chez-narcisse-22-juillet\/#breadcrumb","itemListElement":[{"@type":"ListItem","position":1,"name":"Home","item":"https:\/\/vosgesinfo.fr\/remiremontinfo\/"},{"@type":"ListItem","position":2,"name":"Le Val d&rsquo;Ajol : les Wampas de retour Chez Narcisse le 22 juillet"}]},{"@type":"WebSite","@id":"https:\/\/vosgesinfo.fr\/remiremontinfo\/#website","url":"https:\/\/vosgesinfo.fr\/remiremontinfo\/","name":"Remiremont Info","description":"Toute l&#039;actualit\u00e9 de Remiremont","publisher":{"@id":"https:\/\/vosgesinfo.fr\/remiremontinfo\/#organization"},"alternateName":"Toute l'actualit\u00e9 de Remiremont","potentialAction":[{"@type":"SearchAction","target":{"@type":"EntryPoint","urlTemplate":"https:\/\/vosgesinfo.fr\/remiremontinfo\/?s={search_term_string}"},"query-input":"required name=search_term_string"}],"inLanguage":"fr-FR"},{"@type":"Organization","@id":"https:\/\/vosgesinfo.fr\/remiremontinfo\/#organization","name":"Remiremont Info","url":"https:\/\/vosgesinfo.fr\/remiremontinfo\/","logo":{"@type":"ImageObject","inLanguage":"fr-FR","@id":"https:\/\/vosgesinfo.fr\/remiremontinfo\/#\/schema\/logo\/image\/","url":"https:\/\/vosgesinfo.fr\/app\/uploads\/sites\/5\/2023\/08\/favicon-remiremontinfo.png","contentUrl":"https:\/\/vosgesinfo.fr\/app\/uploads\/sites\/5\/2023\/08\/favicon-remiremontinfo.png","width":512,"height":512,"caption":"Remiremont Info"},"image":{"@id":"https:\/\/vosgesinfo.fr\/remiremontinfo\/#\/schema\/logo\/image\/"},"sameAs":["https:\/\/www.facebook.com\/remiremontinfo","https:\/\/x.com\/VosgesInfo88","https:\/\/www.youtube.com\/@vosgesinfo"]},{"@type":"Person","@id":"https:\/\/vosgesinfo.fr\/remiremontinfo\/#\/schema\/person\/3bfd164d5218a185b1db68655a265316","name":"C D","image":{"@type":"ImageObject","inLanguage":"fr-FR","@id":"https:\/\/vosgesinfo.fr\/remiremontinfo\/#\/schema\/person\/image\/","url":"https:\/\/secure.gravatar.com\/avatar\/1f9a70007336511a47468b8f1c66f922b8b7cf617b02a31149ada43893a5d48f?s=96&d=mm&r=g","contentUrl":"https:\/\/secure.gravatar.com\/avatar\/1f9a70007336511a47468b8f1c66f922b8b7cf617b02a31149ada43893a5d48f?s=96&d=mm&r=g","caption":"C D"},"url":"https:\/\/vosgesinfo.fr\/remiremontinfo\/author\/cedric-drevet\/"}]}},"_links":{"self":[{"href":"https:\/\/vosgesinfo.fr\/remiremontinfo\/wp-json\/wp\/v2\/posts\/68557","targetHints":{"allow":["GET"]}}],"collection":[{"href":"https:\/\/vosgesinfo.fr\/remiremontinfo\/wp-json\/wp\/v2\/posts"}],"about":[{"href":"https:\/\/vosgesinfo.fr\/remiremontinfo\/wp-json\/wp\/v2\/types\/post"}],"author":[{"embeddable":true,"href":"https:\/\/vosgesinfo.fr\/remiremontinfo\/wp-json\/wp\/v2\/users\/407"}],"replies":[{"embeddable":true,"href":"https:\/\/vosgesinfo.fr\/remiremontinfo\/wp-json\/wp\/v2\/comments?post=68557"}],"version-history":[{"count":0,"href":"https:\/\/vosgesinfo.fr\/remiremontinfo\/wp-json\/wp\/v2\/posts\/68557\/revisions"}],"wp:featuredmedia":[{"embeddable":true,"href":"https:\/\/vosgesinfo.fr\/remiremontinfo\/wp-json\/wp\/v2\/media\/68558"}],"wp:attachment":[{"href":"https:\/\/vosgesinfo.fr\/remiremontinfo\/wp-json\/wp\/v2\/media?parent=68557"}],"wp:term":[{"taxonomy":"category","embeddable":true,"href":"https:\/\/vosgesinfo.fr\/remiremontinfo\/wp-json\/wp\/v2\/categories?post=68557"},{"taxonomy":"post_tag","embeddable":true,"href":"https:\/\/vosgesinfo.fr\/remiremontinfo\/wp-json\/wp\/v2\/tags?post=68557"}],"curies":[{"name":"wp","href":"https:\/\/api.w.org\/{rel}","templated":true}]}}