{"id":68687,"date":"2023-03-13T10:22:06","date_gmt":"2023-03-13T09:22:06","guid":{"rendered":"https:\/\/vosgesinfo.fr\/remiremontinfo\/2023\/03\/secretaire-detat-irlandais-visite-a-remiremont-honorer-memoire-general-humbert\/"},"modified":"2023-03-13T10:22:06","modified_gmt":"2023-03-13T09:22:06","slug":"secretaire-detat-irlandais-visite-a-remiremont-honorer-memoire-general-humbert","status":"publish","type":"post","link":"https:\/\/vosgesinfo.fr\/remiremontinfo\/2023\/03\/secretaire-detat-irlandais-visite-a-remiremont-honorer-memoire-general-humbert\/","title":{"rendered":"Un secr\u00e9taire d&rsquo;Etat irlandais en visite \u00e0 Remiremont pour honorer la m\u00e9moire du g\u00e9n\u00e9ral Humbert"},"content":{"rendered":"\n<h2><span style=\"font-size: 12pt;\"><strong>Ce lundi matin, le maire de Remiremont, Jean Beno\u00eet Tisserand et le maire de Saint-Nabord, Jean-Pierre Calmels, ont accueillis au parc Monseigneur Rodhain de Remiremont un homme politique irlandais venu honorer la m\u00e9moire du g\u00e9n\u00e9ral Humbert. Il s\u2019agit de Dara Calleary, Minister of State, l\u2019\u00e9quivalent d\u2019un secr\u00e9taire d\u2019\u00c9tat dans le syst\u00e8me fran\u00e7ais, au Department of Enterprise, Trade and Employment. Membre du Fianna F\u00e1i, Dara Calleary a occup\u00e9 diff\u00e9rentes fonctions, dont celle de ministre de l&rsquo;Agriculture, de l&rsquo;Alimentation et de la Marine.<\/strong><\/span><\/h2>\n<p>Le maire de Remiremont a souhait\u00e9 la bienvenue au visiteur et \u00e0 ses accompagnateurs. Il a exprim\u00e9 l\u2019importance de la figure du g\u00e9n\u00e9ral Humbert pour la ville de Remiremont comme pour celle de Saint-Nabord. Il a indiqu\u00e9 la rue portant le nom de l\u2019illustre militaire au centre de Remiremont, \u00e0 proximit\u00e9 imm\u00e9diate du lieu o\u00f9 se trouve le fameux arbre de la libert\u00e9 <em>\u00ab\u00a0plant\u00e9 en terre irlandaise le 14 juillet 2018 et d\u00e9di\u00e9 \u00e0 nos compagnons \u00d4 Sullivan en t\u00e9moignage des liens fraternels unissant l\u2019Irlande et la France depuis des temps imm\u00e9moriaux\u00a0\u00bb<\/em>, comme on peut le lire sur la plaque inaugur\u00e9e le 21 septembre 2019. <em>\u00ab\u00a0Puisse-t-il infiniment s&rsquo;\u00e9panouir sous le ciel de France\u00a0\u00bb.\u00a0<\/em>La visite du secr\u00e9taire d\u2019\u00c9tat a lieu \u00e0 l\u2019occasion du 225\u00e8me anniversaire du d\u00e9barquement des Fran\u00e7ais en Irlande. Il s\u2019agit pour lui de la premi\u00e8re \u00e9tape d\u2019un s\u00e9jour d\u2019une semaine en France.<em> \u00ab\u00a0It\u2019s lovely to start here in Remiremont and (\u2026) Saint-Nabord\u00a0\u00bb<\/em>, affirme-t-il, apr\u00e8s avoir exprim\u00e9 son souhait de revenir l\u2019\u00e9t\u00e9 prochain pour un \u00e9v\u00e9nement de comm\u00e9moration. Les \u00e9lus, la pr\u00e9sidente de l\u2019association Histoire et Patrimoine Jacqueline Duch\u00eane, et des personnes participant \u00e0 ce rendez-vous ont d\u00e9cor\u00e9 l\u2019arbre de la libert\u00e9 de rubans tricolore fran\u00e7ais et irlandais, d\u2019un flot, de cocardes, et de drapeaux vert avec la harpe irlandaise et le slogan \u00ab\u00a0Erin go Bragh\u00a0\u00bb, Irlande pour toujours.<\/p>\n\n","protected":false},"excerpt":{"rendered":"<p>Ce lundi matin, le maire de Remiremont, Jean Beno\u00eet Tisserand et le maire de Saint-Nabord, Jean-Pierre Calmels, ont accueillis au [&hellip;]<\/p>\n","protected":false},"author":407,"featured_media":68688,"comment_status":"open","ping_status":"open","sticky":false,"template":"","format":"standard","meta":{"footnotes":""},"categories":[26,86,1556,35],"tags":[5599,75,5600,44,42,32],"class_list":["post-68687","post","type-post","status-publish","format-standard","has-post-thumbnail","hentry","category-a-la-une","category-histoire","category-remiremont-remiremont-son-canton-2","category-remiremont-son-canton","tag-general-humbert","tag-histoire","tag-irlande","tag-remiremont","tag-saint-nabord","tag-vosges"],"acf":[],"yoast_head":"<!-- This site is optimized with the Yoast SEO plugin v22.5 - https:\/\/yoast.com\/wordpress\/plugins\/seo\/ -->\n<title>Un secr\u00e9taire d&#039;Etat irlandais en visite \u00e0 Remiremont pour honorer la m\u00e9moire du g\u00e9n\u00e9ral Humbert - Remiremont Info<\/title>\n<meta name=\"robots\" content=\"index, follow, max-snippet:-1, max-image-preview:large, max-video-preview:-1\" \/>\n<link rel=\"canonical\" href=\"https:\/\/vosgesinfo.fr\/remiremontinfo\/2023\/03\/secretaire-detat-irlandais-visite-a-remiremont-honorer-memoire-general-humbert\/\" \/>\n<meta name=\"twitter:card\" content=\"summary_large_image\" \/>\n<meta name=\"twitter:title\" content=\"Un secr\u00e9taire d&#039;Etat irlandais en visite \u00e0 Remiremont pour honorer la m\u00e9moire du g\u00e9n\u00e9ral Humbert - Remiremont Info\" \/>\n<meta name=\"twitter:description\" content=\"Ce lundi matin, le maire de Remiremont, Jean Beno\u00eet Tisserand et le maire de Saint-Nabord, Jean-Pierre Calmels, ont accueillis au [&hellip;]\" \/>\n<meta name=\"twitter:image\" content=\"https:\/\/vosgesinfo.fr\/app\/uploads\/sites\/5\/2024\/09\/202303dsc-0859.jpg\" \/>\n<meta name=\"twitter:creator\" content=\"@VosgesInfo88\" \/>\n<meta name=\"twitter:site\" content=\"@VosgesInfo88\" \/>\n<meta name=\"twitter:label1\" content=\"\u00c9crit par\" \/>\n\t<meta name=\"twitter:data1\" content=\"C D\" \/>\n\t<meta name=\"twitter:label2\" content=\"Dur\u00e9e de lecture estim\u00e9e\" \/>\n\t<meta name=\"twitter:data2\" content=\"2 minutes\" \/>\n<script type=\"application\/ld+json\" class=\"yoast-schema-graph\">{\"@context\":\"https:\/\/schema.org\",\"@graph\":[{\"@type\":\"Article\",\"@id\":\"https:\/\/vosgesinfo.fr\/remiremontinfo\/2023\/03\/secretaire-detat-irlandais-visite-a-remiremont-honorer-memoire-general-humbert\/#article\",\"isPartOf\":{\"@id\":\"https:\/\/vosgesinfo.fr\/remiremontinfo\/2023\/03\/secretaire-detat-irlandais-visite-a-remiremont-honorer-memoire-general-humbert\/\"},\"author\":{\"name\":\"C D\",\"@id\":\"https:\/\/vosgesinfo.fr\/remiremontinfo\/#\/schema\/person\/3bfd164d5218a185b1db68655a265316\"},\"headline\":\"Un secr\u00e9taire d&rsquo;Etat irlandais en visite \u00e0 Remiremont pour honorer la m\u00e9moire du g\u00e9n\u00e9ral Humbert\",\"datePublished\":\"2023-03-13T09:22:06+00:00\",\"dateModified\":\"2023-03-13T09:22:06+00:00\",\"mainEntityOfPage\":{\"@id\":\"https:\/\/vosgesinfo.fr\/remiremontinfo\/2023\/03\/secretaire-detat-irlandais-visite-a-remiremont-honorer-memoire-general-humbert\/\"},\"wordCount\":374,\"commentCount\":0,\"publisher\":{\"@id\":\"https:\/\/vosgesinfo.fr\/remiremontinfo\/#organization\"},\"image\":{\"@id\":\"https:\/\/vosgesinfo.fr\/remiremontinfo\/2023\/03\/secretaire-detat-irlandais-visite-a-remiremont-honorer-memoire-general-humbert\/#primaryimage\"},\"thumbnailUrl\":\"https:\/\/vosgesinfo.fr\/app\/uploads\/sites\/5\/2024\/09\/202303dsc-0859.jpg\",\"keywords\":[\"g\u00e9n\u00e9ral humbert\",\"Histoire\",\"Irlande\",\"remiremont\",\"saint-nabord\",\"Vosges\"],\"articleSection\":[\"A la Une\",\"Histoire\",\"Remiremont\",\"Remiremont &amp; son canton\"],\"inLanguage\":\"fr-FR\",\"potentialAction\":[{\"@type\":\"CommentAction\",\"name\":\"Comment\",\"target\":[\"https:\/\/vosgesinfo.fr\/remiremontinfo\/2023\/03\/secretaire-detat-irlandais-visite-a-remiremont-honorer-memoire-general-humbert\/#respond\"]}]},{\"@type\":\"WebPage\",\"@id\":\"https:\/\/vosgesinfo.fr\/remiremontinfo\/2023\/03\/secretaire-detat-irlandais-visite-a-remiremont-honorer-memoire-general-humbert\/\",\"url\":\"https:\/\/vosgesinfo.fr\/remiremontinfo\/2023\/03\/secretaire-detat-irlandais-visite-a-remiremont-honorer-memoire-general-humbert\/\",\"name\":\"Un secr\u00e9taire d'Etat irlandais en visite \u00e0 Remiremont pour honorer la m\u00e9moire du g\u00e9n\u00e9ral Humbert - Remiremont Info\",\"isPartOf\":{\"@id\":\"https:\/\/vosgesinfo.fr\/remiremontinfo\/#website\"},\"primaryImageOfPage\":{\"@id\":\"https:\/\/vosgesinfo.fr\/remiremontinfo\/2023\/03\/secretaire-detat-irlandais-visite-a-remiremont-honorer-memoire-general-humbert\/#primaryimage\"},\"image\":{\"@id\":\"https:\/\/vosgesinfo.fr\/remiremontinfo\/2023\/03\/secretaire-detat-irlandais-visite-a-remiremont-honorer-memoire-general-humbert\/#primaryimage\"},\"thumbnailUrl\":\"https:\/\/vosgesinfo.fr\/app\/uploads\/sites\/5\/2024\/09\/202303dsc-0859.jpg\",\"datePublished\":\"2023-03-13T09:22:06+00:00\",\"dateModified\":\"2023-03-13T09:22:06+00:00\",\"breadcrumb\":{\"@id\":\"https:\/\/vosgesinfo.fr\/remiremontinfo\/2023\/03\/secretaire-detat-irlandais-visite-a-remiremont-honorer-memoire-general-humbert\/#breadcrumb\"},\"inLanguage\":\"fr-FR\",\"potentialAction\":[{\"@type\":\"ReadAction\",\"target\":[\"https:\/\/vosgesinfo.fr\/remiremontinfo\/2023\/03\/secretaire-detat-irlandais-visite-a-remiremont-honorer-memoire-general-humbert\/\"]}]},{\"@type\":\"ImageObject\",\"inLanguage\":\"fr-FR\",\"@id\":\"https:\/\/vosgesinfo.fr\/remiremontinfo\/2023\/03\/secretaire-detat-irlandais-visite-a-remiremont-honorer-memoire-general-humbert\/#primaryimage\",\"url\":\"https:\/\/vosgesinfo.fr\/app\/uploads\/sites\/5\/2024\/09\/202303dsc-0859.jpg\",\"contentUrl\":\"https:\/\/vosgesinfo.fr\/app\/uploads\/sites\/5\/2024\/09\/202303dsc-0859.jpg\",\"width\":1600,\"height\":1117},{\"@type\":\"BreadcrumbList\",\"@id\":\"https:\/\/vosgesinfo.fr\/remiremontinfo\/2023\/03\/secretaire-detat-irlandais-visite-a-remiremont-honorer-memoire-general-humbert\/#breadcrumb\",\"itemListElement\":[{\"@type\":\"ListItem\",\"position\":1,\"name\":\"Home\",\"item\":\"https:\/\/vosgesinfo.fr\/remiremontinfo\/\"},{\"@type\":\"ListItem\",\"position\":2,\"name\":\"Un secr\u00e9taire d&rsquo;Etat irlandais en visite \u00e0 Remiremont pour honorer la m\u00e9moire du g\u00e9n\u00e9ral Humbert\"}]},{\"@type\":\"WebSite\",\"@id\":\"https:\/\/vosgesinfo.fr\/remiremontinfo\/#website\",\"url\":\"https:\/\/vosgesinfo.fr\/remiremontinfo\/\",\"name\":\"Remiremont Info\",\"description\":\"Toute l&#039;actualit\u00e9 de Remiremont\",\"publisher\":{\"@id\":\"https:\/\/vosgesinfo.fr\/remiremontinfo\/#organization\"},\"alternateName\":\"Toute l'actualit\u00e9 de Remiremont\",\"potentialAction\":[{\"@type\":\"SearchAction\",\"target\":{\"@type\":\"EntryPoint\",\"urlTemplate\":\"https:\/\/vosgesinfo.fr\/remiremontinfo\/?s={search_term_string}\"},\"query-input\":\"required name=search_term_string\"}],\"inLanguage\":\"fr-FR\"},{\"@type\":\"Organization\",\"@id\":\"https:\/\/vosgesinfo.fr\/remiremontinfo\/#organization\",\"name\":\"Remiremont Info\",\"url\":\"https:\/\/vosgesinfo.fr\/remiremontinfo\/\",\"logo\":{\"@type\":\"ImageObject\",\"inLanguage\":\"fr-FR\",\"@id\":\"https:\/\/vosgesinfo.fr\/remiremontinfo\/#\/schema\/logo\/image\/\",\"url\":\"https:\/\/vosgesinfo.fr\/app\/uploads\/sites\/5\/2023\/08\/favicon-remiremontinfo.png\",\"contentUrl\":\"https:\/\/vosgesinfo.fr\/app\/uploads\/sites\/5\/2023\/08\/favicon-remiremontinfo.png\",\"width\":512,\"height\":512,\"caption\":\"Remiremont Info\"},\"image\":{\"@id\":\"https:\/\/vosgesinfo.fr\/remiremontinfo\/#\/schema\/logo\/image\/\"},\"sameAs\":[\"https:\/\/www.facebook.com\/remiremontinfo\",\"https:\/\/x.com\/VosgesInfo88\",\"https:\/\/www.youtube.com\/@vosgesinfo\"]},{\"@type\":\"Person\",\"@id\":\"https:\/\/vosgesinfo.fr\/remiremontinfo\/#\/schema\/person\/3bfd164d5218a185b1db68655a265316\",\"name\":\"C D\",\"image\":{\"@type\":\"ImageObject\",\"inLanguage\":\"fr-FR\",\"@id\":\"https:\/\/vosgesinfo.fr\/remiremontinfo\/#\/schema\/person\/image\/\",\"url\":\"https:\/\/secure.gravatar.com\/avatar\/1f9a70007336511a47468b8f1c66f922b8b7cf617b02a31149ada43893a5d48f?s=96&d=mm&r=g\",\"contentUrl\":\"https:\/\/secure.gravatar.com\/avatar\/1f9a70007336511a47468b8f1c66f922b8b7cf617b02a31149ada43893a5d48f?s=96&d=mm&r=g\",\"caption\":\"C D\"},\"url\":\"https:\/\/vosgesinfo.fr\/remiremontinfo\/author\/cedric-drevet\/\"}]}<\/script>\n<!-- \/ Yoast SEO plugin. -->","yoast_head_json":{"title":"Un secr\u00e9taire d'Etat irlandais en visite \u00e0 Remiremont pour honorer la m\u00e9moire du g\u00e9n\u00e9ral Humbert - Remiremont Info","robots":{"index":"index","follow":"follow","max-snippet":"max-snippet:-1","max-image-preview":"max-image-preview:large","max-video-preview":"max-video-preview:-1"},"canonical":"https:\/\/vosgesinfo.fr\/remiremontinfo\/2023\/03\/secretaire-detat-irlandais-visite-a-remiremont-honorer-memoire-general-humbert\/","twitter_card":"summary_large_image","twitter_title":"Un secr\u00e9taire d'Etat irlandais en visite \u00e0 Remiremont pour honorer la m\u00e9moire du g\u00e9n\u00e9ral Humbert - Remiremont Info","twitter_description":"Ce lundi matin, le maire de Remiremont, Jean Beno\u00eet Tisserand et le maire de Saint-Nabord, Jean-Pierre Calmels, ont accueillis au [&hellip;]","twitter_image":"https:\/\/vosgesinfo.fr\/app\/uploads\/sites\/5\/2024\/09\/202303dsc-0859.jpg","twitter_creator":"@VosgesInfo88","twitter_site":"@VosgesInfo88","twitter_misc":{"\u00c9crit par":"C D","Dur\u00e9e de lecture estim\u00e9e":"2 minutes"},"schema":{"@context":"https:\/\/schema.org","@graph":[{"@type":"Article","@id":"https:\/\/vosgesinfo.fr\/remiremontinfo\/2023\/03\/secretaire-detat-irlandais-visite-a-remiremont-honorer-memoire-general-humbert\/#article","isPartOf":{"@id":"https:\/\/vosgesinfo.fr\/remiremontinfo\/2023\/03\/secretaire-detat-irlandais-visite-a-remiremont-honorer-memoire-general-humbert\/"},"author":{"name":"C D","@id":"https:\/\/vosgesinfo.fr\/remiremontinfo\/#\/schema\/person\/3bfd164d5218a185b1db68655a265316"},"headline":"Un secr\u00e9taire d&rsquo;Etat irlandais en visite \u00e0 Remiremont pour honorer la m\u00e9moire du g\u00e9n\u00e9ral Humbert","datePublished":"2023-03-13T09:22:06+00:00","dateModified":"2023-03-13T09:22:06+00:00","mainEntityOfPage":{"@id":"https:\/\/vosgesinfo.fr\/remiremontinfo\/2023\/03\/secretaire-detat-irlandais-visite-a-remiremont-honorer-memoire-general-humbert\/"},"wordCount":374,"commentCount":0,"publisher":{"@id":"https:\/\/vosgesinfo.fr\/remiremontinfo\/#organization"},"image":{"@id":"https:\/\/vosgesinfo.fr\/remiremontinfo\/2023\/03\/secretaire-detat-irlandais-visite-a-remiremont-honorer-memoire-general-humbert\/#primaryimage"},"thumbnailUrl":"https:\/\/vosgesinfo.fr\/app\/uploads\/sites\/5\/2024\/09\/202303dsc-0859.jpg","keywords":["g\u00e9n\u00e9ral humbert","Histoire","Irlande","remiremont","saint-nabord","Vosges"],"articleSection":["A la Une","Histoire","Remiremont","Remiremont &amp; son canton"],"inLanguage":"fr-FR","potentialAction":[{"@type":"CommentAction","name":"Comment","target":["https:\/\/vosgesinfo.fr\/remiremontinfo\/2023\/03\/secretaire-detat-irlandais-visite-a-remiremont-honorer-memoire-general-humbert\/#respond"]}]},{"@type":"WebPage","@id":"https:\/\/vosgesinfo.fr\/remiremontinfo\/2023\/03\/secretaire-detat-irlandais-visite-a-remiremont-honorer-memoire-general-humbert\/","url":"https:\/\/vosgesinfo.fr\/remiremontinfo\/2023\/03\/secretaire-detat-irlandais-visite-a-remiremont-honorer-memoire-general-humbert\/","name":"Un secr\u00e9taire d'Etat irlandais en visite \u00e0 Remiremont pour honorer la m\u00e9moire du g\u00e9n\u00e9ral Humbert - Remiremont Info","isPartOf":{"@id":"https:\/\/vosgesinfo.fr\/remiremontinfo\/#website"},"primaryImageOfPage":{"@id":"https:\/\/vosgesinfo.fr\/remiremontinfo\/2023\/03\/secretaire-detat-irlandais-visite-a-remiremont-honorer-memoire-general-humbert\/#primaryimage"},"image":{"@id":"https:\/\/vosgesinfo.fr\/remiremontinfo\/2023\/03\/secretaire-detat-irlandais-visite-a-remiremont-honorer-memoire-general-humbert\/#primaryimage"},"thumbnailUrl":"https:\/\/vosgesinfo.fr\/app\/uploads\/sites\/5\/2024\/09\/202303dsc-0859.jpg","datePublished":"2023-03-13T09:22:06+00:00","dateModified":"2023-03-13T09:22:06+00:00","breadcrumb":{"@id":"https:\/\/vosgesinfo.fr\/remiremontinfo\/2023\/03\/secretaire-detat-irlandais-visite-a-remiremont-honorer-memoire-general-humbert\/#breadcrumb"},"inLanguage":"fr-FR","potentialAction":[{"@type":"ReadAction","target":["https:\/\/vosgesinfo.fr\/remiremontinfo\/2023\/03\/secretaire-detat-irlandais-visite-a-remiremont-honorer-memoire-general-humbert\/"]}]},{"@type":"ImageObject","inLanguage":"fr-FR","@id":"https:\/\/vosgesinfo.fr\/remiremontinfo\/2023\/03\/secretaire-detat-irlandais-visite-a-remiremont-honorer-memoire-general-humbert\/#primaryimage","url":"https:\/\/vosgesinfo.fr\/app\/uploads\/sites\/5\/2024\/09\/202303dsc-0859.jpg","contentUrl":"https:\/\/vosgesinfo.fr\/app\/uploads\/sites\/5\/2024\/09\/202303dsc-0859.jpg","width":1600,"height":1117},{"@type":"BreadcrumbList","@id":"https:\/\/vosgesinfo.fr\/remiremontinfo\/2023\/03\/secretaire-detat-irlandais-visite-a-remiremont-honorer-memoire-general-humbert\/#breadcrumb","itemListElement":[{"@type":"ListItem","position":1,"name":"Home","item":"https:\/\/vosgesinfo.fr\/remiremontinfo\/"},{"@type":"ListItem","position":2,"name":"Un secr\u00e9taire d&rsquo;Etat irlandais en visite \u00e0 Remiremont pour honorer la m\u00e9moire du g\u00e9n\u00e9ral Humbert"}]},{"@type":"WebSite","@id":"https:\/\/vosgesinfo.fr\/remiremontinfo\/#website","url":"https:\/\/vosgesinfo.fr\/remiremontinfo\/","name":"Remiremont Info","description":"Toute l&#039;actualit\u00e9 de Remiremont","publisher":{"@id":"https:\/\/vosgesinfo.fr\/remiremontinfo\/#organization"},"alternateName":"Toute l'actualit\u00e9 de Remiremont","potentialAction":[{"@type":"SearchAction","target":{"@type":"EntryPoint","urlTemplate":"https:\/\/vosgesinfo.fr\/remiremontinfo\/?s={search_term_string}"},"query-input":"required name=search_term_string"}],"inLanguage":"fr-FR"},{"@type":"Organization","@id":"https:\/\/vosgesinfo.fr\/remiremontinfo\/#organization","name":"Remiremont Info","url":"https:\/\/vosgesinfo.fr\/remiremontinfo\/","logo":{"@type":"ImageObject","inLanguage":"fr-FR","@id":"https:\/\/vosgesinfo.fr\/remiremontinfo\/#\/schema\/logo\/image\/","url":"https:\/\/vosgesinfo.fr\/app\/uploads\/sites\/5\/2023\/08\/favicon-remiremontinfo.png","contentUrl":"https:\/\/vosgesinfo.fr\/app\/uploads\/sites\/5\/2023\/08\/favicon-remiremontinfo.png","width":512,"height":512,"caption":"Remiremont Info"},"image":{"@id":"https:\/\/vosgesinfo.fr\/remiremontinfo\/#\/schema\/logo\/image\/"},"sameAs":["https:\/\/www.facebook.com\/remiremontinfo","https:\/\/x.com\/VosgesInfo88","https:\/\/www.youtube.com\/@vosgesinfo"]},{"@type":"Person","@id":"https:\/\/vosgesinfo.fr\/remiremontinfo\/#\/schema\/person\/3bfd164d5218a185b1db68655a265316","name":"C D","image":{"@type":"ImageObject","inLanguage":"fr-FR","@id":"https:\/\/vosgesinfo.fr\/remiremontinfo\/#\/schema\/person\/image\/","url":"https:\/\/secure.gravatar.com\/avatar\/1f9a70007336511a47468b8f1c66f922b8b7cf617b02a31149ada43893a5d48f?s=96&d=mm&r=g","contentUrl":"https:\/\/secure.gravatar.com\/avatar\/1f9a70007336511a47468b8f1c66f922b8b7cf617b02a31149ada43893a5d48f?s=96&d=mm&r=g","caption":"C D"},"url":"https:\/\/vosgesinfo.fr\/remiremontinfo\/author\/cedric-drevet\/"}]}},"_links":{"self":[{"href":"https:\/\/vosgesinfo.fr\/remiremontinfo\/wp-json\/wp\/v2\/posts\/68687","targetHints":{"allow":["GET"]}}],"collection":[{"href":"https:\/\/vosgesinfo.fr\/remiremontinfo\/wp-json\/wp\/v2\/posts"}],"about":[{"href":"https:\/\/vosgesinfo.fr\/remiremontinfo\/wp-json\/wp\/v2\/types\/post"}],"author":[{"embeddable":true,"href":"https:\/\/vosgesinfo.fr\/remiremontinfo\/wp-json\/wp\/v2\/users\/407"}],"replies":[{"embeddable":true,"href":"https:\/\/vosgesinfo.fr\/remiremontinfo\/wp-json\/wp\/v2\/comments?post=68687"}],"version-history":[{"count":0,"href":"https:\/\/vosgesinfo.fr\/remiremontinfo\/wp-json\/wp\/v2\/posts\/68687\/revisions"}],"wp:featuredmedia":[{"embeddable":true,"href":"https:\/\/vosgesinfo.fr\/remiremontinfo\/wp-json\/wp\/v2\/media\/68688"}],"wp:attachment":[{"href":"https:\/\/vosgesinfo.fr\/remiremontinfo\/wp-json\/wp\/v2\/media?parent=68687"}],"wp:term":[{"taxonomy":"category","embeddable":true,"href":"https:\/\/vosgesinfo.fr\/remiremontinfo\/wp-json\/wp\/v2\/categories?post=68687"},{"taxonomy":"post_tag","embeddable":true,"href":"https:\/\/vosgesinfo.fr\/remiremontinfo\/wp-json\/wp\/v2\/tags?post=68687"}],"curies":[{"name":"wp","href":"https:\/\/api.w.org\/{rel}","templated":true}]}}