{"id":68735,"date":"2023-03-14T08:56:57","date_gmt":"2023-03-14T07:56:57","guid":{"rendered":"https:\/\/vosgesinfo.fr\/remiremontinfo\/2023\/03\/thillot-de-nouvelles-elections-municipales-prevues-14-21-mai\/"},"modified":"2023-03-14T08:56:57","modified_gmt":"2023-03-14T07:56:57","slug":"thillot-de-nouvelles-elections-municipales-prevues-14-21-mai","status":"publish","type":"post","link":"https:\/\/vosgesinfo.fr\/remiremontinfo\/2023\/03\/thillot-de-nouvelles-elections-municipales-prevues-14-21-mai\/","title":{"rendered":"Le Thillot : de nouvelles \u00e9lections municipales pr\u00e9vues les 14 et 21 mai"},"content":{"rendered":"<p><a href=\"\/2023\/03\/mairie-thillot1.png\"><img decoding=\"async\" class=\"alignnone size-large wp-image-365540\" src=\"\/2023\/03\/mairie-thillot1-1024x754.png\" alt=\"mairie thillot\" width=\"960\" height=\"707\" \/><\/a><\/p>\n<p><span style=\"font-size: 10pt;\"><em>Photo Google Maps\u00a0<\/em><\/span><\/p>\n<h2><span style=\"font-size: 12pt;\"><strong>Suite au d\u00e9c\u00e8s du Maire du Thillot, Michel Mourot, survenu le 25 f\u00e9vrier dernier, de nouvelles \u00e9lections municipales vont avoir lieu. Elles seront organis\u00e9es le dimanche 14 mai pour le premier tour et le dimanche 21 mai pour l\u2019\u00e9ventuel second tour. 23 nouveau conseillers municipaux doivent \u00eatre \u00e9lus, ainsi que 6 conseillers communautaires.\u00a0<\/strong><\/span><\/h2>\n<p style=\"text-align: center;\"><a href=\"\/2023\/03\/A_convocateur_LE_THILLOT-00000003-page-001.jpg\"><img decoding=\"async\" class=\"alignnone size-large wp-image-365529\" src=\"\/2023\/03\/A_convocateur_LE_THILLOT-00000003-page-001-724x1024.jpg\" alt=\"A_convocateur_LE_THILLOT-00000003-page-001\" width=\"724\" height=\"1024\" \/><\/a> <a href=\"\/2023\/03\/A_convocateur_LE_THILLOT-00000003-page-002.jpg\"><img decoding=\"async\" class=\"alignnone size-large wp-image-365530\" src=\"\/2023\/03\/A_convocateur_LE_THILLOT-00000003-page-002-724x1024.jpg\" alt=\"A_convocateur_LE_THILLOT-00000003-page-002\" width=\"724\" height=\"1024\" \/><\/a> <a href=\"\/2023\/03\/A_convocateur_LE_THILLOT-00000003-page-003.jpg\"><img decoding=\"async\" class=\"alignnone size-large wp-image-365531\" src=\"\/2023\/03\/A_convocateur_LE_THILLOT-00000003-page-003-724x1024.jpg\" alt=\"A_convocateur_LE_THILLOT-00000003-page-003\" width=\"724\" height=\"1024\" \/><\/a> <a href=\"\/2023\/03\/A_convocateur_LE_THILLOT-00000003-page-004.jpg\"><img decoding=\"async\" class=\"alignnone size-large wp-image-365532\" src=\"\/2023\/03\/A_convocateur_LE_THILLOT-00000003-page-004-724x1024.jpg\" alt=\"A_convocateur_LE_THILLOT-00000003-page-004\" width=\"724\" height=\"1024\" \/><\/a> <a href=\"\/2023\/03\/A_convocateur_LE_THILLOT-00000003-page-005.jpg\"><img decoding=\"async\" class=\"alignnone size-large wp-image-365533\" src=\"\/2023\/03\/A_convocateur_LE_THILLOT-00000003-page-005-724x1024.jpg\" alt=\"A_convocateur_LE_THILLOT-00000003-page-005\" width=\"724\" height=\"1024\" \/><\/a><\/p>\n<p><span style=\"font-size: 10pt;\"><em>Source :\u00a0<a href=\"https:\/\/le-thillot.fr\/\">La mairie du Thillot<\/a>\u00a0<\/em><\/span><\/p>\n","protected":false},"excerpt":{"rendered":"<p>Photo Google Maps\u00a0 Suite au d\u00e9c\u00e8s du Maire du Thillot, Michel Mourot, survenu le 25 f\u00e9vrier dernier, de nouvelles \u00e9lections [&hellip;]<\/p>\n","protected":false},"author":407,"featured_media":68736,"comment_status":"open","ping_status":"open","sticky":false,"template":"","format":"standard","meta":{"footnotes":""},"categories":[26,212,37,10],"tags":[259,213,32],"class_list":["post-68735","post","type-post","status-publish","format-standard","has-post-thumbnail","hentry","category-a-la-une","category-le-thillot-le-thillot-son-canton","category-le-thillot-son-canton","category-politique","tag-elections","tag-le-thillot","tag-vosges"],"acf":[],"yoast_head":"<!-- This site is optimized with the Yoast SEO plugin v22.5 - https:\/\/yoast.com\/wordpress\/plugins\/seo\/ -->\n<title>Le Thillot : de nouvelles \u00e9lections municipales pr\u00e9vues les 14 et 21 mai - Remiremont Info<\/title>\n<meta name=\"robots\" content=\"index, follow, max-snippet:-1, max-image-preview:large, max-video-preview:-1\" \/>\n<link rel=\"canonical\" href=\"https:\/\/vosgesinfo.fr\/remiremontinfo\/2023\/03\/thillot-de-nouvelles-elections-municipales-prevues-14-21-mai\/\" \/>\n<meta name=\"twitter:card\" content=\"summary_large_image\" \/>\n<meta name=\"twitter:title\" content=\"Le Thillot : de nouvelles \u00e9lections municipales pr\u00e9vues les 14 et 21 mai - Remiremont Info\" \/>\n<meta name=\"twitter:description\" content=\"Photo Google Maps\u00a0 Suite au d\u00e9c\u00e8s du Maire du Thillot, Michel Mourot, survenu le 25 f\u00e9vrier dernier, de nouvelles \u00e9lections [&hellip;]\" \/>\n<meta name=\"twitter:image\" content=\"https:\/\/vosgesinfo.fr\/app\/uploads\/sites\/5\/2024\/09\/202303mairie-thillot1.png\" \/>\n<meta name=\"twitter:creator\" content=\"@VosgesInfo88\" \/>\n<meta name=\"twitter:site\" content=\"@VosgesInfo88\" \/>\n<meta name=\"twitter:label1\" content=\"\u00c9crit par\" \/>\n\t<meta name=\"twitter:data1\" content=\"C D\" \/>\n<script type=\"application\/ld+json\" class=\"yoast-schema-graph\">{\"@context\":\"https:\/\/schema.org\",\"@graph\":[{\"@type\":\"Article\",\"@id\":\"https:\/\/vosgesinfo.fr\/remiremontinfo\/2023\/03\/thillot-de-nouvelles-elections-municipales-prevues-14-21-mai\/#article\",\"isPartOf\":{\"@id\":\"https:\/\/vosgesinfo.fr\/remiremontinfo\/2023\/03\/thillot-de-nouvelles-elections-municipales-prevues-14-21-mai\/\"},\"author\":{\"name\":\"C D\",\"@id\":\"https:\/\/vosgesinfo.fr\/remiremontinfo\/#\/schema\/person\/3bfd164d5218a185b1db68655a265316\"},\"headline\":\"Le Thillot : de nouvelles \u00e9lections municipales pr\u00e9vues les 14 et 21 mai\",\"datePublished\":\"2023-03-14T07:56:57+00:00\",\"dateModified\":\"2023-03-14T07:56:57+00:00\",\"mainEntityOfPage\":{\"@id\":\"https:\/\/vosgesinfo.fr\/remiremontinfo\/2023\/03\/thillot-de-nouvelles-elections-municipales-prevues-14-21-mai\/\"},\"wordCount\":72,\"commentCount\":0,\"publisher\":{\"@id\":\"https:\/\/vosgesinfo.fr\/remiremontinfo\/#organization\"},\"image\":{\"@id\":\"https:\/\/vosgesinfo.fr\/remiremontinfo\/2023\/03\/thillot-de-nouvelles-elections-municipales-prevues-14-21-mai\/#primaryimage\"},\"thumbnailUrl\":\"https:\/\/vosgesinfo.fr\/app\/uploads\/sites\/5\/2024\/09\/202303mairie-thillot1.png\",\"keywords\":[\"Elections\",\"Le Thillot\",\"Vosges\"],\"articleSection\":[\"A la Une\",\"Le Thillot\",\"Le Thillot &amp; son canton\",\"Politique\"],\"inLanguage\":\"fr-FR\",\"potentialAction\":[{\"@type\":\"CommentAction\",\"name\":\"Comment\",\"target\":[\"https:\/\/vosgesinfo.fr\/remiremontinfo\/2023\/03\/thillot-de-nouvelles-elections-municipales-prevues-14-21-mai\/#respond\"]}]},{\"@type\":\"WebPage\",\"@id\":\"https:\/\/vosgesinfo.fr\/remiremontinfo\/2023\/03\/thillot-de-nouvelles-elections-municipales-prevues-14-21-mai\/\",\"url\":\"https:\/\/vosgesinfo.fr\/remiremontinfo\/2023\/03\/thillot-de-nouvelles-elections-municipales-prevues-14-21-mai\/\",\"name\":\"Le Thillot : de nouvelles \u00e9lections municipales pr\u00e9vues les 14 et 21 mai - Remiremont Info\",\"isPartOf\":{\"@id\":\"https:\/\/vosgesinfo.fr\/remiremontinfo\/#website\"},\"primaryImageOfPage\":{\"@id\":\"https:\/\/vosgesinfo.fr\/remiremontinfo\/2023\/03\/thillot-de-nouvelles-elections-municipales-prevues-14-21-mai\/#primaryimage\"},\"image\":{\"@id\":\"https:\/\/vosgesinfo.fr\/remiremontinfo\/2023\/03\/thillot-de-nouvelles-elections-municipales-prevues-14-21-mai\/#primaryimage\"},\"thumbnailUrl\":\"https:\/\/vosgesinfo.fr\/app\/uploads\/sites\/5\/2024\/09\/202303mairie-thillot1.png\",\"datePublished\":\"2023-03-14T07:56:57+00:00\",\"dateModified\":\"2023-03-14T07:56:57+00:00\",\"breadcrumb\":{\"@id\":\"https:\/\/vosgesinfo.fr\/remiremontinfo\/2023\/03\/thillot-de-nouvelles-elections-municipales-prevues-14-21-mai\/#breadcrumb\"},\"inLanguage\":\"fr-FR\",\"potentialAction\":[{\"@type\":\"ReadAction\",\"target\":[\"https:\/\/vosgesinfo.fr\/remiremontinfo\/2023\/03\/thillot-de-nouvelles-elections-municipales-prevues-14-21-mai\/\"]}]},{\"@type\":\"ImageObject\",\"inLanguage\":\"fr-FR\",\"@id\":\"https:\/\/vosgesinfo.fr\/remiremontinfo\/2023\/03\/thillot-de-nouvelles-elections-municipales-prevues-14-21-mai\/#primaryimage\",\"url\":\"https:\/\/vosgesinfo.fr\/app\/uploads\/sites\/5\/2024\/09\/202303mairie-thillot1.png\",\"contentUrl\":\"https:\/\/vosgesinfo.fr\/app\/uploads\/sites\/5\/2024\/09\/202303mairie-thillot1.png\",\"width\":1053,\"height\":775},{\"@type\":\"BreadcrumbList\",\"@id\":\"https:\/\/vosgesinfo.fr\/remiremontinfo\/2023\/03\/thillot-de-nouvelles-elections-municipales-prevues-14-21-mai\/#breadcrumb\",\"itemListElement\":[{\"@type\":\"ListItem\",\"position\":1,\"name\":\"Home\",\"item\":\"https:\/\/vosgesinfo.fr\/remiremontinfo\/\"},{\"@type\":\"ListItem\",\"position\":2,\"name\":\"Le Thillot : de nouvelles \u00e9lections municipales pr\u00e9vues les 14 et 21 mai\"}]},{\"@type\":\"WebSite\",\"@id\":\"https:\/\/vosgesinfo.fr\/remiremontinfo\/#website\",\"url\":\"https:\/\/vosgesinfo.fr\/remiremontinfo\/\",\"name\":\"Remiremont Info\",\"description\":\"Toute l&#039;actualit\u00e9 de Remiremont\",\"publisher\":{\"@id\":\"https:\/\/vosgesinfo.fr\/remiremontinfo\/#organization\"},\"alternateName\":\"Toute l'actualit\u00e9 de Remiremont\",\"potentialAction\":[{\"@type\":\"SearchAction\",\"target\":{\"@type\":\"EntryPoint\",\"urlTemplate\":\"https:\/\/vosgesinfo.fr\/remiremontinfo\/?s={search_term_string}\"},\"query-input\":\"required name=search_term_string\"}],\"inLanguage\":\"fr-FR\"},{\"@type\":\"Organization\",\"@id\":\"https:\/\/vosgesinfo.fr\/remiremontinfo\/#organization\",\"name\":\"Remiremont Info\",\"url\":\"https:\/\/vosgesinfo.fr\/remiremontinfo\/\",\"logo\":{\"@type\":\"ImageObject\",\"inLanguage\":\"fr-FR\",\"@id\":\"https:\/\/vosgesinfo.fr\/remiremontinfo\/#\/schema\/logo\/image\/\",\"url\":\"https:\/\/vosgesinfo.fr\/app\/uploads\/sites\/5\/2023\/08\/favicon-remiremontinfo.png\",\"contentUrl\":\"https:\/\/vosgesinfo.fr\/app\/uploads\/sites\/5\/2023\/08\/favicon-remiremontinfo.png\",\"width\":512,\"height\":512,\"caption\":\"Remiremont Info\"},\"image\":{\"@id\":\"https:\/\/vosgesinfo.fr\/remiremontinfo\/#\/schema\/logo\/image\/\"},\"sameAs\":[\"https:\/\/www.facebook.com\/remiremontinfo\",\"https:\/\/x.com\/VosgesInfo88\",\"https:\/\/www.youtube.com\/@vosgesinfo\"]},{\"@type\":\"Person\",\"@id\":\"https:\/\/vosgesinfo.fr\/remiremontinfo\/#\/schema\/person\/3bfd164d5218a185b1db68655a265316\",\"name\":\"C D\",\"image\":{\"@type\":\"ImageObject\",\"inLanguage\":\"fr-FR\",\"@id\":\"https:\/\/vosgesinfo.fr\/remiremontinfo\/#\/schema\/person\/image\/\",\"url\":\"https:\/\/secure.gravatar.com\/avatar\/1f9a70007336511a47468b8f1c66f922b8b7cf617b02a31149ada43893a5d48f?s=96&d=mm&r=g\",\"contentUrl\":\"https:\/\/secure.gravatar.com\/avatar\/1f9a70007336511a47468b8f1c66f922b8b7cf617b02a31149ada43893a5d48f?s=96&d=mm&r=g\",\"caption\":\"C D\"},\"url\":\"https:\/\/vosgesinfo.fr\/remiremontinfo\/author\/cedric-drevet\/\"}]}<\/script>\n<!-- \/ Yoast SEO plugin. -->","yoast_head_json":{"title":"Le Thillot : de nouvelles \u00e9lections municipales pr\u00e9vues les 14 et 21 mai - Remiremont Info","robots":{"index":"index","follow":"follow","max-snippet":"max-snippet:-1","max-image-preview":"max-image-preview:large","max-video-preview":"max-video-preview:-1"},"canonical":"https:\/\/vosgesinfo.fr\/remiremontinfo\/2023\/03\/thillot-de-nouvelles-elections-municipales-prevues-14-21-mai\/","twitter_card":"summary_large_image","twitter_title":"Le Thillot : de nouvelles \u00e9lections municipales pr\u00e9vues les 14 et 21 mai - Remiremont Info","twitter_description":"Photo Google Maps\u00a0 Suite au d\u00e9c\u00e8s du Maire du Thillot, Michel Mourot, survenu le 25 f\u00e9vrier dernier, de nouvelles \u00e9lections [&hellip;]","twitter_image":"https:\/\/vosgesinfo.fr\/app\/uploads\/sites\/5\/2024\/09\/202303mairie-thillot1.png","twitter_creator":"@VosgesInfo88","twitter_site":"@VosgesInfo88","twitter_misc":{"\u00c9crit par":"C D"},"schema":{"@context":"https:\/\/schema.org","@graph":[{"@type":"Article","@id":"https:\/\/vosgesinfo.fr\/remiremontinfo\/2023\/03\/thillot-de-nouvelles-elections-municipales-prevues-14-21-mai\/#article","isPartOf":{"@id":"https:\/\/vosgesinfo.fr\/remiremontinfo\/2023\/03\/thillot-de-nouvelles-elections-municipales-prevues-14-21-mai\/"},"author":{"name":"C D","@id":"https:\/\/vosgesinfo.fr\/remiremontinfo\/#\/schema\/person\/3bfd164d5218a185b1db68655a265316"},"headline":"Le Thillot : de nouvelles \u00e9lections municipales pr\u00e9vues les 14 et 21 mai","datePublished":"2023-03-14T07:56:57+00:00","dateModified":"2023-03-14T07:56:57+00:00","mainEntityOfPage":{"@id":"https:\/\/vosgesinfo.fr\/remiremontinfo\/2023\/03\/thillot-de-nouvelles-elections-municipales-prevues-14-21-mai\/"},"wordCount":72,"commentCount":0,"publisher":{"@id":"https:\/\/vosgesinfo.fr\/remiremontinfo\/#organization"},"image":{"@id":"https:\/\/vosgesinfo.fr\/remiremontinfo\/2023\/03\/thillot-de-nouvelles-elections-municipales-prevues-14-21-mai\/#primaryimage"},"thumbnailUrl":"https:\/\/vosgesinfo.fr\/app\/uploads\/sites\/5\/2024\/09\/202303mairie-thillot1.png","keywords":["Elections","Le Thillot","Vosges"],"articleSection":["A la Une","Le Thillot","Le Thillot &amp; son canton","Politique"],"inLanguage":"fr-FR","potentialAction":[{"@type":"CommentAction","name":"Comment","target":["https:\/\/vosgesinfo.fr\/remiremontinfo\/2023\/03\/thillot-de-nouvelles-elections-municipales-prevues-14-21-mai\/#respond"]}]},{"@type":"WebPage","@id":"https:\/\/vosgesinfo.fr\/remiremontinfo\/2023\/03\/thillot-de-nouvelles-elections-municipales-prevues-14-21-mai\/","url":"https:\/\/vosgesinfo.fr\/remiremontinfo\/2023\/03\/thillot-de-nouvelles-elections-municipales-prevues-14-21-mai\/","name":"Le Thillot : de nouvelles \u00e9lections municipales pr\u00e9vues les 14 et 21 mai - Remiremont Info","isPartOf":{"@id":"https:\/\/vosgesinfo.fr\/remiremontinfo\/#website"},"primaryImageOfPage":{"@id":"https:\/\/vosgesinfo.fr\/remiremontinfo\/2023\/03\/thillot-de-nouvelles-elections-municipales-prevues-14-21-mai\/#primaryimage"},"image":{"@id":"https:\/\/vosgesinfo.fr\/remiremontinfo\/2023\/03\/thillot-de-nouvelles-elections-municipales-prevues-14-21-mai\/#primaryimage"},"thumbnailUrl":"https:\/\/vosgesinfo.fr\/app\/uploads\/sites\/5\/2024\/09\/202303mairie-thillot1.png","datePublished":"2023-03-14T07:56:57+00:00","dateModified":"2023-03-14T07:56:57+00:00","breadcrumb":{"@id":"https:\/\/vosgesinfo.fr\/remiremontinfo\/2023\/03\/thillot-de-nouvelles-elections-municipales-prevues-14-21-mai\/#breadcrumb"},"inLanguage":"fr-FR","potentialAction":[{"@type":"ReadAction","target":["https:\/\/vosgesinfo.fr\/remiremontinfo\/2023\/03\/thillot-de-nouvelles-elections-municipales-prevues-14-21-mai\/"]}]},{"@type":"ImageObject","inLanguage":"fr-FR","@id":"https:\/\/vosgesinfo.fr\/remiremontinfo\/2023\/03\/thillot-de-nouvelles-elections-municipales-prevues-14-21-mai\/#primaryimage","url":"https:\/\/vosgesinfo.fr\/app\/uploads\/sites\/5\/2024\/09\/202303mairie-thillot1.png","contentUrl":"https:\/\/vosgesinfo.fr\/app\/uploads\/sites\/5\/2024\/09\/202303mairie-thillot1.png","width":1053,"height":775},{"@type":"BreadcrumbList","@id":"https:\/\/vosgesinfo.fr\/remiremontinfo\/2023\/03\/thillot-de-nouvelles-elections-municipales-prevues-14-21-mai\/#breadcrumb","itemListElement":[{"@type":"ListItem","position":1,"name":"Home","item":"https:\/\/vosgesinfo.fr\/remiremontinfo\/"},{"@type":"ListItem","position":2,"name":"Le Thillot : de nouvelles \u00e9lections municipales pr\u00e9vues les 14 et 21 mai"}]},{"@type":"WebSite","@id":"https:\/\/vosgesinfo.fr\/remiremontinfo\/#website","url":"https:\/\/vosgesinfo.fr\/remiremontinfo\/","name":"Remiremont Info","description":"Toute l&#039;actualit\u00e9 de Remiremont","publisher":{"@id":"https:\/\/vosgesinfo.fr\/remiremontinfo\/#organization"},"alternateName":"Toute l'actualit\u00e9 de Remiremont","potentialAction":[{"@type":"SearchAction","target":{"@type":"EntryPoint","urlTemplate":"https:\/\/vosgesinfo.fr\/remiremontinfo\/?s={search_term_string}"},"query-input":"required name=search_term_string"}],"inLanguage":"fr-FR"},{"@type":"Organization","@id":"https:\/\/vosgesinfo.fr\/remiremontinfo\/#organization","name":"Remiremont Info","url":"https:\/\/vosgesinfo.fr\/remiremontinfo\/","logo":{"@type":"ImageObject","inLanguage":"fr-FR","@id":"https:\/\/vosgesinfo.fr\/remiremontinfo\/#\/schema\/logo\/image\/","url":"https:\/\/vosgesinfo.fr\/app\/uploads\/sites\/5\/2023\/08\/favicon-remiremontinfo.png","contentUrl":"https:\/\/vosgesinfo.fr\/app\/uploads\/sites\/5\/2023\/08\/favicon-remiremontinfo.png","width":512,"height":512,"caption":"Remiremont Info"},"image":{"@id":"https:\/\/vosgesinfo.fr\/remiremontinfo\/#\/schema\/logo\/image\/"},"sameAs":["https:\/\/www.facebook.com\/remiremontinfo","https:\/\/x.com\/VosgesInfo88","https:\/\/www.youtube.com\/@vosgesinfo"]},{"@type":"Person","@id":"https:\/\/vosgesinfo.fr\/remiremontinfo\/#\/schema\/person\/3bfd164d5218a185b1db68655a265316","name":"C D","image":{"@type":"ImageObject","inLanguage":"fr-FR","@id":"https:\/\/vosgesinfo.fr\/remiremontinfo\/#\/schema\/person\/image\/","url":"https:\/\/secure.gravatar.com\/avatar\/1f9a70007336511a47468b8f1c66f922b8b7cf617b02a31149ada43893a5d48f?s=96&d=mm&r=g","contentUrl":"https:\/\/secure.gravatar.com\/avatar\/1f9a70007336511a47468b8f1c66f922b8b7cf617b02a31149ada43893a5d48f?s=96&d=mm&r=g","caption":"C D"},"url":"https:\/\/vosgesinfo.fr\/remiremontinfo\/author\/cedric-drevet\/"}]}},"_links":{"self":[{"href":"https:\/\/vosgesinfo.fr\/remiremontinfo\/wp-json\/wp\/v2\/posts\/68735","targetHints":{"allow":["GET"]}}],"collection":[{"href":"https:\/\/vosgesinfo.fr\/remiremontinfo\/wp-json\/wp\/v2\/posts"}],"about":[{"href":"https:\/\/vosgesinfo.fr\/remiremontinfo\/wp-json\/wp\/v2\/types\/post"}],"author":[{"embeddable":true,"href":"https:\/\/vosgesinfo.fr\/remiremontinfo\/wp-json\/wp\/v2\/users\/407"}],"replies":[{"embeddable":true,"href":"https:\/\/vosgesinfo.fr\/remiremontinfo\/wp-json\/wp\/v2\/comments?post=68735"}],"version-history":[{"count":0,"href":"https:\/\/vosgesinfo.fr\/remiremontinfo\/wp-json\/wp\/v2\/posts\/68735\/revisions"}],"wp:featuredmedia":[{"embeddable":true,"href":"https:\/\/vosgesinfo.fr\/remiremontinfo\/wp-json\/wp\/v2\/media\/68736"}],"wp:attachment":[{"href":"https:\/\/vosgesinfo.fr\/remiremontinfo\/wp-json\/wp\/v2\/media?parent=68735"}],"wp:term":[{"taxonomy":"category","embeddable":true,"href":"https:\/\/vosgesinfo.fr\/remiremontinfo\/wp-json\/wp\/v2\/categories?post=68735"},{"taxonomy":"post_tag","embeddable":true,"href":"https:\/\/vosgesinfo.fr\/remiremontinfo\/wp-json\/wp\/v2\/tags?post=68735"}],"curies":[{"name":"wp","href":"https:\/\/api.w.org\/{rel}","templated":true}]}}