{"id":68743,"date":"2023-03-14T09:00:07","date_gmt":"2023-03-14T08:00:07","guid":{"rendered":"https:\/\/vosgesinfo.fr\/remiremontinfo\/2023\/03\/girmont-val-dajol-fete-vieux-materiel-agricole-aura-lieu-20-21-mai\/"},"modified":"2023-03-14T09:00:07","modified_gmt":"2023-03-14T08:00:07","slug":"girmont-val-dajol-fete-vieux-materiel-agricole-aura-lieu-20-21-mai","status":"publish","type":"post","link":"https:\/\/vosgesinfo.fr\/remiremontinfo\/2023\/03\/girmont-val-dajol-fete-vieux-materiel-agricole-aura-lieu-20-21-mai\/","title":{"rendered":"Girmont Val d\u2019Ajol : la F\u00eate du Vieux Mat\u00e9riel Agricole aura lieu les 20 et 21 mai"},"content":{"rendered":"<p dir=\"auto\"><a href=\"\/2023\/03\/fete-vieux-materiel-agricole.jpg\"><img decoding=\"async\" class=\"alignnone size-large wp-image-365536\" src=\"\/2023\/03\/fete-vieux-materiel-agricole-1024x755.jpg\" alt=\"fete vieux materiel agricole\" width=\"960\" height=\"708\" \/><\/a><\/p>\n<p dir=\"auto\"><span style=\"font-size: 10pt;\"><em>Photo d&rsquo;archive\u00a0<\/em><\/span><\/p>\n<h2 dir=\"auto\"><span style=\"font-size: 12pt;\"><strong>Le week-end des 20 et 21 mai 2023 aura lieu au Girmont Val d\u2019Ajol la 18\u00e8me\u00a0F\u00eate du Vieux Mat\u00e9riel Agricole. D<\/strong>ans la rue et sur les places du village,\u00a0c&rsquo;est habituellement l&rsquo;occasion d&rsquo;une belle exposition de pi\u00e8ces m\u00e9caniques anciennes avec d\u00e9monstration.\u00a0<\/span><\/h2>\n<p dir=\"auto\"><span class=\"pq6dq46d tbxw36s4 knj5qynh kvgmc6g5 ditlmg2l oygrvhab nvdbi5me sf5mxxl7 gl3lb2sf hhz5lgdu\">Une belle ambiance,\u00a0avec de nombreuses animations. Il y aura notamment une brocante. Les inscriptions sont ouvertes. Voici la fiche d&rsquo;inscription :\u00a0<\/span><\/p>\n<p dir=\"auto\"><a href=\"\/2023\/03\/335478336_744257047280173_3501951584840454574_n.jpg\"><img decoding=\"async\" class=\"alignnone size-large wp-image-365535 aligncenter\" src=\"\/2023\/03\/335478336_744257047280173_3501951584840454574_n-725x1024.jpg\" alt=\"335478336_744257047280173_3501951584840454574_n\" width=\"725\" height=\"1024\" \/><\/a><\/p>\n<div class=\"tiled-gallery type-rectangular\" data-original-width=\"960\" data-carousel-extra=\"null\"><\/div>\n","protected":false},"excerpt":{"rendered":"<p>Photo d&rsquo;archive\u00a0 Le week-end des 20 et 21 mai 2023 aura lieu au Girmont Val d\u2019Ajol la 18\u00e8me\u00a0F\u00eate du Vieux [&hellip;]<\/p>\n","protected":false},"author":407,"featured_media":68744,"comment_status":"open","ping_status":"open","sticky":false,"template":"","format":"standard","meta":{"footnotes":""},"categories":[26,124,82],"tags":[2312,125,132,5605,32],"class_list":["post-68743","post","type-post","status-publish","format-standard","has-post-thumbnail","hentry","category-a-la-une","category-fetes","category-le-val-dajol-son-canton","tag-brocante","tag-fete","tag-girmont","tag-vieux-materiel-agricole","tag-vosges"],"acf":[],"yoast_head":"<!-- This site is optimized with the Yoast SEO plugin v22.5 - https:\/\/yoast.com\/wordpress\/plugins\/seo\/ -->\n<title>Girmont Val d\u2019Ajol : la F\u00eate du Vieux Mat\u00e9riel Agricole aura lieu les 20 et 21 mai - Remiremont Info<\/title>\n<meta name=\"robots\" content=\"index, follow, max-snippet:-1, max-image-preview:large, max-video-preview:-1\" \/>\n<link rel=\"canonical\" href=\"https:\/\/vosgesinfo.fr\/remiremontinfo\/2023\/03\/girmont-val-dajol-fete-vieux-materiel-agricole-aura-lieu-20-21-mai\/\" \/>\n<meta name=\"twitter:card\" content=\"summary_large_image\" \/>\n<meta name=\"twitter:title\" content=\"Girmont Val d\u2019Ajol : la F\u00eate du Vieux Mat\u00e9riel Agricole aura lieu les 20 et 21 mai - Remiremont Info\" \/>\n<meta name=\"twitter:description\" content=\"Photo d&rsquo;archive\u00a0 Le week-end des 20 et 21 mai 2023 aura lieu au Girmont Val d\u2019Ajol la 18\u00e8me\u00a0F\u00eate du Vieux [&hellip;]\" \/>\n<meta name=\"twitter:image\" content=\"https:\/\/vosgesinfo.fr\/app\/uploads\/sites\/5\/2024\/09\/202303fete-vieux-materiel-agricole.jpg\" \/>\n<meta name=\"twitter:creator\" content=\"@VosgesInfo88\" \/>\n<meta name=\"twitter:site\" content=\"@VosgesInfo88\" \/>\n<meta name=\"twitter:label1\" content=\"\u00c9crit par\" \/>\n\t<meta name=\"twitter:data1\" content=\"C D\" \/>\n<script type=\"application\/ld+json\" class=\"yoast-schema-graph\">{\"@context\":\"https:\/\/schema.org\",\"@graph\":[{\"@type\":\"Article\",\"@id\":\"https:\/\/vosgesinfo.fr\/remiremontinfo\/2023\/03\/girmont-val-dajol-fete-vieux-materiel-agricole-aura-lieu-20-21-mai\/#article\",\"isPartOf\":{\"@id\":\"https:\/\/vosgesinfo.fr\/remiremontinfo\/2023\/03\/girmont-val-dajol-fete-vieux-materiel-agricole-aura-lieu-20-21-mai\/\"},\"author\":{\"name\":\"C D\",\"@id\":\"https:\/\/vosgesinfo.fr\/remiremontinfo\/#\/schema\/person\/3bfd164d5218a185b1db68655a265316\"},\"headline\":\"Girmont Val d\u2019Ajol : la F\u00eate du Vieux Mat\u00e9riel Agricole aura lieu les 20 et 21 mai\",\"datePublished\":\"2023-03-14T08:00:07+00:00\",\"dateModified\":\"2023-03-14T08:00:07+00:00\",\"mainEntityOfPage\":{\"@id\":\"https:\/\/vosgesinfo.fr\/remiremontinfo\/2023\/03\/girmont-val-dajol-fete-vieux-materiel-agricole-aura-lieu-20-21-mai\/\"},\"wordCount\":90,\"commentCount\":0,\"publisher\":{\"@id\":\"https:\/\/vosgesinfo.fr\/remiremontinfo\/#organization\"},\"image\":{\"@id\":\"https:\/\/vosgesinfo.fr\/remiremontinfo\/2023\/03\/girmont-val-dajol-fete-vieux-materiel-agricole-aura-lieu-20-21-mai\/#primaryimage\"},\"thumbnailUrl\":\"https:\/\/vosgesinfo.fr\/app\/uploads\/sites\/5\/2024\/09\/202303fete-vieux-materiel-agricole.jpg\",\"keywords\":[\"brocante\",\"f\u00eate\",\"Girmont\",\"vieux materiel agricole\",\"Vosges\"],\"articleSection\":[\"A la Une\",\"F\u00eates\",\"Le Val-d'Ajol &amp; son canton\"],\"inLanguage\":\"fr-FR\",\"potentialAction\":[{\"@type\":\"CommentAction\",\"name\":\"Comment\",\"target\":[\"https:\/\/vosgesinfo.fr\/remiremontinfo\/2023\/03\/girmont-val-dajol-fete-vieux-materiel-agricole-aura-lieu-20-21-mai\/#respond\"]}]},{\"@type\":\"WebPage\",\"@id\":\"https:\/\/vosgesinfo.fr\/remiremontinfo\/2023\/03\/girmont-val-dajol-fete-vieux-materiel-agricole-aura-lieu-20-21-mai\/\",\"url\":\"https:\/\/vosgesinfo.fr\/remiremontinfo\/2023\/03\/girmont-val-dajol-fete-vieux-materiel-agricole-aura-lieu-20-21-mai\/\",\"name\":\"Girmont Val d\u2019Ajol : la F\u00eate du Vieux Mat\u00e9riel Agricole aura lieu les 20 et 21 mai - Remiremont Info\",\"isPartOf\":{\"@id\":\"https:\/\/vosgesinfo.fr\/remiremontinfo\/#website\"},\"primaryImageOfPage\":{\"@id\":\"https:\/\/vosgesinfo.fr\/remiremontinfo\/2023\/03\/girmont-val-dajol-fete-vieux-materiel-agricole-aura-lieu-20-21-mai\/#primaryimage\"},\"image\":{\"@id\":\"https:\/\/vosgesinfo.fr\/remiremontinfo\/2023\/03\/girmont-val-dajol-fete-vieux-materiel-agricole-aura-lieu-20-21-mai\/#primaryimage\"},\"thumbnailUrl\":\"https:\/\/vosgesinfo.fr\/app\/uploads\/sites\/5\/2024\/09\/202303fete-vieux-materiel-agricole.jpg\",\"datePublished\":\"2023-03-14T08:00:07+00:00\",\"dateModified\":\"2023-03-14T08:00:07+00:00\",\"breadcrumb\":{\"@id\":\"https:\/\/vosgesinfo.fr\/remiremontinfo\/2023\/03\/girmont-val-dajol-fete-vieux-materiel-agricole-aura-lieu-20-21-mai\/#breadcrumb\"},\"inLanguage\":\"fr-FR\",\"potentialAction\":[{\"@type\":\"ReadAction\",\"target\":[\"https:\/\/vosgesinfo.fr\/remiremontinfo\/2023\/03\/girmont-val-dajol-fete-vieux-materiel-agricole-aura-lieu-20-21-mai\/\"]}]},{\"@type\":\"ImageObject\",\"inLanguage\":\"fr-FR\",\"@id\":\"https:\/\/vosgesinfo.fr\/remiremontinfo\/2023\/03\/girmont-val-dajol-fete-vieux-materiel-agricole-aura-lieu-20-21-mai\/#primaryimage\",\"url\":\"https:\/\/vosgesinfo.fr\/app\/uploads\/sites\/5\/2024\/09\/202303fete-vieux-materiel-agricole.jpg\",\"contentUrl\":\"https:\/\/vosgesinfo.fr\/app\/uploads\/sites\/5\/2024\/09\/202303fete-vieux-materiel-agricole.jpg\",\"width\":1443,\"height\":1064},{\"@type\":\"BreadcrumbList\",\"@id\":\"https:\/\/vosgesinfo.fr\/remiremontinfo\/2023\/03\/girmont-val-dajol-fete-vieux-materiel-agricole-aura-lieu-20-21-mai\/#breadcrumb\",\"itemListElement\":[{\"@type\":\"ListItem\",\"position\":1,\"name\":\"Home\",\"item\":\"https:\/\/vosgesinfo.fr\/remiremontinfo\/\"},{\"@type\":\"ListItem\",\"position\":2,\"name\":\"Girmont Val d\u2019Ajol : la F\u00eate du Vieux Mat\u00e9riel Agricole aura lieu les 20 et 21 mai\"}]},{\"@type\":\"WebSite\",\"@id\":\"https:\/\/vosgesinfo.fr\/remiremontinfo\/#website\",\"url\":\"https:\/\/vosgesinfo.fr\/remiremontinfo\/\",\"name\":\"Remiremont Info\",\"description\":\"Toute l&#039;actualit\u00e9 de Remiremont\",\"publisher\":{\"@id\":\"https:\/\/vosgesinfo.fr\/remiremontinfo\/#organization\"},\"alternateName\":\"Toute l'actualit\u00e9 de Remiremont\",\"potentialAction\":[{\"@type\":\"SearchAction\",\"target\":{\"@type\":\"EntryPoint\",\"urlTemplate\":\"https:\/\/vosgesinfo.fr\/remiremontinfo\/?s={search_term_string}\"},\"query-input\":\"required name=search_term_string\"}],\"inLanguage\":\"fr-FR\"},{\"@type\":\"Organization\",\"@id\":\"https:\/\/vosgesinfo.fr\/remiremontinfo\/#organization\",\"name\":\"Remiremont Info\",\"url\":\"https:\/\/vosgesinfo.fr\/remiremontinfo\/\",\"logo\":{\"@type\":\"ImageObject\",\"inLanguage\":\"fr-FR\",\"@id\":\"https:\/\/vosgesinfo.fr\/remiremontinfo\/#\/schema\/logo\/image\/\",\"url\":\"https:\/\/vosgesinfo.fr\/app\/uploads\/sites\/5\/2023\/08\/favicon-remiremontinfo.png\",\"contentUrl\":\"https:\/\/vosgesinfo.fr\/app\/uploads\/sites\/5\/2023\/08\/favicon-remiremontinfo.png\",\"width\":512,\"height\":512,\"caption\":\"Remiremont Info\"},\"image\":{\"@id\":\"https:\/\/vosgesinfo.fr\/remiremontinfo\/#\/schema\/logo\/image\/\"},\"sameAs\":[\"https:\/\/www.facebook.com\/remiremontinfo\",\"https:\/\/x.com\/VosgesInfo88\",\"https:\/\/www.youtube.com\/@vosgesinfo\"]},{\"@type\":\"Person\",\"@id\":\"https:\/\/vosgesinfo.fr\/remiremontinfo\/#\/schema\/person\/3bfd164d5218a185b1db68655a265316\",\"name\":\"C D\",\"image\":{\"@type\":\"ImageObject\",\"inLanguage\":\"fr-FR\",\"@id\":\"https:\/\/vosgesinfo.fr\/remiremontinfo\/#\/schema\/person\/image\/\",\"url\":\"https:\/\/secure.gravatar.com\/avatar\/1f9a70007336511a47468b8f1c66f922b8b7cf617b02a31149ada43893a5d48f?s=96&d=mm&r=g\",\"contentUrl\":\"https:\/\/secure.gravatar.com\/avatar\/1f9a70007336511a47468b8f1c66f922b8b7cf617b02a31149ada43893a5d48f?s=96&d=mm&r=g\",\"caption\":\"C D\"},\"url\":\"https:\/\/vosgesinfo.fr\/remiremontinfo\/author\/cedric-drevet\/\"}]}<\/script>\n<!-- \/ Yoast SEO plugin. -->","yoast_head_json":{"title":"Girmont Val d\u2019Ajol : la F\u00eate du Vieux Mat\u00e9riel Agricole aura lieu les 20 et 21 mai - Remiremont Info","robots":{"index":"index","follow":"follow","max-snippet":"max-snippet:-1","max-image-preview":"max-image-preview:large","max-video-preview":"max-video-preview:-1"},"canonical":"https:\/\/vosgesinfo.fr\/remiremontinfo\/2023\/03\/girmont-val-dajol-fete-vieux-materiel-agricole-aura-lieu-20-21-mai\/","twitter_card":"summary_large_image","twitter_title":"Girmont Val d\u2019Ajol : la F\u00eate du Vieux Mat\u00e9riel Agricole aura lieu les 20 et 21 mai - Remiremont Info","twitter_description":"Photo d&rsquo;archive\u00a0 Le week-end des 20 et 21 mai 2023 aura lieu au Girmont Val d\u2019Ajol la 18\u00e8me\u00a0F\u00eate du Vieux [&hellip;]","twitter_image":"https:\/\/vosgesinfo.fr\/app\/uploads\/sites\/5\/2024\/09\/202303fete-vieux-materiel-agricole.jpg","twitter_creator":"@VosgesInfo88","twitter_site":"@VosgesInfo88","twitter_misc":{"\u00c9crit par":"C D"},"schema":{"@context":"https:\/\/schema.org","@graph":[{"@type":"Article","@id":"https:\/\/vosgesinfo.fr\/remiremontinfo\/2023\/03\/girmont-val-dajol-fete-vieux-materiel-agricole-aura-lieu-20-21-mai\/#article","isPartOf":{"@id":"https:\/\/vosgesinfo.fr\/remiremontinfo\/2023\/03\/girmont-val-dajol-fete-vieux-materiel-agricole-aura-lieu-20-21-mai\/"},"author":{"name":"C D","@id":"https:\/\/vosgesinfo.fr\/remiremontinfo\/#\/schema\/person\/3bfd164d5218a185b1db68655a265316"},"headline":"Girmont Val d\u2019Ajol : la F\u00eate du Vieux Mat\u00e9riel Agricole aura lieu les 20 et 21 mai","datePublished":"2023-03-14T08:00:07+00:00","dateModified":"2023-03-14T08:00:07+00:00","mainEntityOfPage":{"@id":"https:\/\/vosgesinfo.fr\/remiremontinfo\/2023\/03\/girmont-val-dajol-fete-vieux-materiel-agricole-aura-lieu-20-21-mai\/"},"wordCount":90,"commentCount":0,"publisher":{"@id":"https:\/\/vosgesinfo.fr\/remiremontinfo\/#organization"},"image":{"@id":"https:\/\/vosgesinfo.fr\/remiremontinfo\/2023\/03\/girmont-val-dajol-fete-vieux-materiel-agricole-aura-lieu-20-21-mai\/#primaryimage"},"thumbnailUrl":"https:\/\/vosgesinfo.fr\/app\/uploads\/sites\/5\/2024\/09\/202303fete-vieux-materiel-agricole.jpg","keywords":["brocante","f\u00eate","Girmont","vieux materiel agricole","Vosges"],"articleSection":["A la Une","F\u00eates","Le Val-d'Ajol &amp; son canton"],"inLanguage":"fr-FR","potentialAction":[{"@type":"CommentAction","name":"Comment","target":["https:\/\/vosgesinfo.fr\/remiremontinfo\/2023\/03\/girmont-val-dajol-fete-vieux-materiel-agricole-aura-lieu-20-21-mai\/#respond"]}]},{"@type":"WebPage","@id":"https:\/\/vosgesinfo.fr\/remiremontinfo\/2023\/03\/girmont-val-dajol-fete-vieux-materiel-agricole-aura-lieu-20-21-mai\/","url":"https:\/\/vosgesinfo.fr\/remiremontinfo\/2023\/03\/girmont-val-dajol-fete-vieux-materiel-agricole-aura-lieu-20-21-mai\/","name":"Girmont Val d\u2019Ajol : la F\u00eate du Vieux Mat\u00e9riel Agricole aura lieu les 20 et 21 mai - Remiremont Info","isPartOf":{"@id":"https:\/\/vosgesinfo.fr\/remiremontinfo\/#website"},"primaryImageOfPage":{"@id":"https:\/\/vosgesinfo.fr\/remiremontinfo\/2023\/03\/girmont-val-dajol-fete-vieux-materiel-agricole-aura-lieu-20-21-mai\/#primaryimage"},"image":{"@id":"https:\/\/vosgesinfo.fr\/remiremontinfo\/2023\/03\/girmont-val-dajol-fete-vieux-materiel-agricole-aura-lieu-20-21-mai\/#primaryimage"},"thumbnailUrl":"https:\/\/vosgesinfo.fr\/app\/uploads\/sites\/5\/2024\/09\/202303fete-vieux-materiel-agricole.jpg","datePublished":"2023-03-14T08:00:07+00:00","dateModified":"2023-03-14T08:00:07+00:00","breadcrumb":{"@id":"https:\/\/vosgesinfo.fr\/remiremontinfo\/2023\/03\/girmont-val-dajol-fete-vieux-materiel-agricole-aura-lieu-20-21-mai\/#breadcrumb"},"inLanguage":"fr-FR","potentialAction":[{"@type":"ReadAction","target":["https:\/\/vosgesinfo.fr\/remiremontinfo\/2023\/03\/girmont-val-dajol-fete-vieux-materiel-agricole-aura-lieu-20-21-mai\/"]}]},{"@type":"ImageObject","inLanguage":"fr-FR","@id":"https:\/\/vosgesinfo.fr\/remiremontinfo\/2023\/03\/girmont-val-dajol-fete-vieux-materiel-agricole-aura-lieu-20-21-mai\/#primaryimage","url":"https:\/\/vosgesinfo.fr\/app\/uploads\/sites\/5\/2024\/09\/202303fete-vieux-materiel-agricole.jpg","contentUrl":"https:\/\/vosgesinfo.fr\/app\/uploads\/sites\/5\/2024\/09\/202303fete-vieux-materiel-agricole.jpg","width":1443,"height":1064},{"@type":"BreadcrumbList","@id":"https:\/\/vosgesinfo.fr\/remiremontinfo\/2023\/03\/girmont-val-dajol-fete-vieux-materiel-agricole-aura-lieu-20-21-mai\/#breadcrumb","itemListElement":[{"@type":"ListItem","position":1,"name":"Home","item":"https:\/\/vosgesinfo.fr\/remiremontinfo\/"},{"@type":"ListItem","position":2,"name":"Girmont Val d\u2019Ajol : la F\u00eate du Vieux Mat\u00e9riel Agricole aura lieu les 20 et 21 mai"}]},{"@type":"WebSite","@id":"https:\/\/vosgesinfo.fr\/remiremontinfo\/#website","url":"https:\/\/vosgesinfo.fr\/remiremontinfo\/","name":"Remiremont Info","description":"Toute l&#039;actualit\u00e9 de Remiremont","publisher":{"@id":"https:\/\/vosgesinfo.fr\/remiremontinfo\/#organization"},"alternateName":"Toute l'actualit\u00e9 de Remiremont","potentialAction":[{"@type":"SearchAction","target":{"@type":"EntryPoint","urlTemplate":"https:\/\/vosgesinfo.fr\/remiremontinfo\/?s={search_term_string}"},"query-input":"required name=search_term_string"}],"inLanguage":"fr-FR"},{"@type":"Organization","@id":"https:\/\/vosgesinfo.fr\/remiremontinfo\/#organization","name":"Remiremont Info","url":"https:\/\/vosgesinfo.fr\/remiremontinfo\/","logo":{"@type":"ImageObject","inLanguage":"fr-FR","@id":"https:\/\/vosgesinfo.fr\/remiremontinfo\/#\/schema\/logo\/image\/","url":"https:\/\/vosgesinfo.fr\/app\/uploads\/sites\/5\/2023\/08\/favicon-remiremontinfo.png","contentUrl":"https:\/\/vosgesinfo.fr\/app\/uploads\/sites\/5\/2023\/08\/favicon-remiremontinfo.png","width":512,"height":512,"caption":"Remiremont Info"},"image":{"@id":"https:\/\/vosgesinfo.fr\/remiremontinfo\/#\/schema\/logo\/image\/"},"sameAs":["https:\/\/www.facebook.com\/remiremontinfo","https:\/\/x.com\/VosgesInfo88","https:\/\/www.youtube.com\/@vosgesinfo"]},{"@type":"Person","@id":"https:\/\/vosgesinfo.fr\/remiremontinfo\/#\/schema\/person\/3bfd164d5218a185b1db68655a265316","name":"C D","image":{"@type":"ImageObject","inLanguage":"fr-FR","@id":"https:\/\/vosgesinfo.fr\/remiremontinfo\/#\/schema\/person\/image\/","url":"https:\/\/secure.gravatar.com\/avatar\/1f9a70007336511a47468b8f1c66f922b8b7cf617b02a31149ada43893a5d48f?s=96&d=mm&r=g","contentUrl":"https:\/\/secure.gravatar.com\/avatar\/1f9a70007336511a47468b8f1c66f922b8b7cf617b02a31149ada43893a5d48f?s=96&d=mm&r=g","caption":"C D"},"url":"https:\/\/vosgesinfo.fr\/remiremontinfo\/author\/cedric-drevet\/"}]}},"_links":{"self":[{"href":"https:\/\/vosgesinfo.fr\/remiremontinfo\/wp-json\/wp\/v2\/posts\/68743","targetHints":{"allow":["GET"]}}],"collection":[{"href":"https:\/\/vosgesinfo.fr\/remiremontinfo\/wp-json\/wp\/v2\/posts"}],"about":[{"href":"https:\/\/vosgesinfo.fr\/remiremontinfo\/wp-json\/wp\/v2\/types\/post"}],"author":[{"embeddable":true,"href":"https:\/\/vosgesinfo.fr\/remiremontinfo\/wp-json\/wp\/v2\/users\/407"}],"replies":[{"embeddable":true,"href":"https:\/\/vosgesinfo.fr\/remiremontinfo\/wp-json\/wp\/v2\/comments?post=68743"}],"version-history":[{"count":0,"href":"https:\/\/vosgesinfo.fr\/remiremontinfo\/wp-json\/wp\/v2\/posts\/68743\/revisions"}],"wp:featuredmedia":[{"embeddable":true,"href":"https:\/\/vosgesinfo.fr\/remiremontinfo\/wp-json\/wp\/v2\/media\/68744"}],"wp:attachment":[{"href":"https:\/\/vosgesinfo.fr\/remiremontinfo\/wp-json\/wp\/v2\/media?parent=68743"}],"wp:term":[{"taxonomy":"category","embeddable":true,"href":"https:\/\/vosgesinfo.fr\/remiremontinfo\/wp-json\/wp\/v2\/categories?post=68743"},{"taxonomy":"post_tag","embeddable":true,"href":"https:\/\/vosgesinfo.fr\/remiremontinfo\/wp-json\/wp\/v2\/tags?post=68743"}],"curies":[{"name":"wp","href":"https:\/\/api.w.org\/{rel}","templated":true}]}}