{"id":68746,"date":"2023-03-14T09:02:15","date_gmt":"2023-03-14T08:02:15","guid":{"rendered":"https:\/\/vosgesinfo.fr\/remiremontinfo\/2023\/03\/cinema-de-vagney-sinstalle-a-cornimont\/"},"modified":"2023-03-14T09:02:15","modified_gmt":"2023-03-14T08:02:15","slug":"cinema-de-vagney-sinstalle-a-cornimont","status":"publish","type":"post","link":"https:\/\/vosgesinfo.fr\/remiremontinfo\/2023\/03\/cinema-de-vagney-sinstalle-a-cornimont\/","title":{"rendered":"Le cin\u00e9ma de Vagney s&rsquo;installe \u00e0 Cornimont"},"content":{"rendered":"<p><a href=\"\/2023\/03\/cine-cornimont.png\"><img decoding=\"async\" class=\"alignnone size-large wp-image-365543\" src=\"\/2023\/03\/cine-cornimont-1024x678.png\" alt=\"cine cornimont\" width=\"960\" height=\"636\" \/><\/a><\/p>\n<p><span style=\"font-size: 10pt;\"><em>Photo par\u00a0<a href=\"http:\/\/www.cornimont.fr\/\">Mairie de Cornimont<\/a><\/em><\/span><\/p>\n<p>En raison des travaux de r\u00e9habilitation, le cin\u00e9ma de Vagney s&rsquo;installe \u00e0 Cornimont\u00a0au Centre de Polyactivit\u00e9 dans la salle Jacques Villeret \u00e0 partir du 3 avril\u00a0et ce pour une dur\u00e9e de 18 mois environ.<\/p>\n<div>Vous pourrez assister \u00e0 des s\u00e9ances cin\u00e9-d\u00e9bat, des soir\u00e9es frissons et des apr\u00e8s-midi cin\u00e9-go\u00fbter.<\/div>\n<div>Voici les tarifs :<br \/>\n5 \u20ac la place adulte<br \/>\n4 \u20ac tarif r\u00e9duit pour les &#8211; de 18 ans ; les \u00e9tudiants (sur pr\u00e9sentation d&rsquo;un justificatif)<br \/>\nS\u00e9ance 3D + 1 \u20ac pour la location de lunettes<br \/>\nCarte abonnement : 40 \u20ac les 10 places valable 1 an \u00e0 compter de l&rsquo;achat, non nominative.<\/div>\n<div>Cin\u00e9 ch\u00e8que (sauf version num\u00e9rique) et carte ZAP accept\u00e9s<\/div>\n<div><\/div>\n<div>Retrouvez tout le programme du mois d&rsquo;avril ci-dessous<\/div>\n<div><\/div>\n<div><span style=\"font-size: 10pt;\"><em>Source : Mairie de Cornimont\u00a0<\/em><\/span><\/div>\n<div><\/div>\n<div style=\"text-align: center;\"><a href=\"\/2023\/03\/unnamed2.png\"><img decoding=\"async\" class=\"alignnone size-large wp-image-365544\" src=\"\/2023\/03\/unnamed2-1024x495.png\" alt=\"unnamed\" width=\"960\" height=\"464\" \/><\/a><\/div>\n<div style=\"text-align: center;\"><a href=\"\/2023\/03\/hg.png\"><img decoding=\"async\" class=\"alignnone size-large wp-image-365545\" src=\"\/2023\/03\/hg-1024x499.png\" alt=\"hg\" width=\"960\" height=\"468\" \/><\/a><\/div>\n","protected":false},"excerpt":{"rendered":"<p>Photo par\u00a0Mairie de Cornimont En raison des travaux de r\u00e9habilitation, le cin\u00e9ma de Vagney s&rsquo;installe \u00e0 Cornimont\u00a0au Centre de Polyactivit\u00e9 [&hellip;]<\/p>\n","protected":false},"author":407,"featured_media":68747,"comment_status":"open","ping_status":"open","sticky":false,"template":"","format":"standard","meta":{"footnotes":""},"categories":[26,34,4,25],"tags":[76,79,136,160,32],"class_list":["post-68746","post","type-post","status-publish","format-standard","has-post-thumbnail","hentry","category-a-la-une","category-cornimont","category-culture","category-la-bresse-son-canton","tag-cinema","tag-cornimont","tag-travaux","tag-vagney","tag-vosges"],"acf":[],"yoast_head":"<!-- This site is optimized with the Yoast SEO plugin v22.5 - https:\/\/yoast.com\/wordpress\/plugins\/seo\/ -->\n<title>Le cin\u00e9ma de Vagney s&#039;installe \u00e0 Cornimont - Remiremont Info<\/title>\n<meta name=\"robots\" content=\"index, follow, max-snippet:-1, max-image-preview:large, max-video-preview:-1\" \/>\n<link rel=\"canonical\" href=\"https:\/\/vosgesinfo.fr\/remiremontinfo\/2023\/03\/cinema-de-vagney-sinstalle-a-cornimont\/\" \/>\n<meta name=\"twitter:card\" content=\"summary_large_image\" \/>\n<meta name=\"twitter:title\" content=\"Le cin\u00e9ma de Vagney s&#039;installe \u00e0 Cornimont - Remiremont Info\" \/>\n<meta name=\"twitter:description\" content=\"Photo par\u00a0Mairie de Cornimont En raison des travaux de r\u00e9habilitation, le cin\u00e9ma de Vagney s&rsquo;installe \u00e0 Cornimont\u00a0au Centre de Polyactivit\u00e9 [&hellip;]\" \/>\n<meta name=\"twitter:image\" content=\"https:\/\/vosgesinfo.fr\/app\/uploads\/sites\/5\/2024\/09\/202303cine-cornimont.png\" \/>\n<meta name=\"twitter:creator\" content=\"@VosgesInfo88\" \/>\n<meta name=\"twitter:site\" content=\"@VosgesInfo88\" \/>\n<meta name=\"twitter:label1\" content=\"\u00c9crit par\" \/>\n\t<meta name=\"twitter:data1\" content=\"C D\" \/>\n\t<meta name=\"twitter:label2\" content=\"Dur\u00e9e de lecture estim\u00e9e\" \/>\n\t<meta name=\"twitter:data2\" content=\"1 minute\" \/>\n<script type=\"application\/ld+json\" class=\"yoast-schema-graph\">{\"@context\":\"https:\/\/schema.org\",\"@graph\":[{\"@type\":\"Article\",\"@id\":\"https:\/\/vosgesinfo.fr\/remiremontinfo\/2023\/03\/cinema-de-vagney-sinstalle-a-cornimont\/#article\",\"isPartOf\":{\"@id\":\"https:\/\/vosgesinfo.fr\/remiremontinfo\/2023\/03\/cinema-de-vagney-sinstalle-a-cornimont\/\"},\"author\":{\"name\":\"C D\",\"@id\":\"https:\/\/vosgesinfo.fr\/remiremontinfo\/#\/schema\/person\/3bfd164d5218a185b1db68655a265316\"},\"headline\":\"Le cin\u00e9ma de Vagney s&rsquo;installe \u00e0 Cornimont\",\"datePublished\":\"2023-03-14T08:02:15+00:00\",\"dateModified\":\"2023-03-14T08:02:15+00:00\",\"mainEntityOfPage\":{\"@id\":\"https:\/\/vosgesinfo.fr\/remiremontinfo\/2023\/03\/cinema-de-vagney-sinstalle-a-cornimont\/\"},\"wordCount\":136,\"commentCount\":0,\"publisher\":{\"@id\":\"https:\/\/vosgesinfo.fr\/remiremontinfo\/#organization\"},\"image\":{\"@id\":\"https:\/\/vosgesinfo.fr\/remiremontinfo\/2023\/03\/cinema-de-vagney-sinstalle-a-cornimont\/#primaryimage\"},\"thumbnailUrl\":\"https:\/\/vosgesinfo.fr\/app\/uploads\/sites\/5\/2024\/09\/202303cine-cornimont.png\",\"keywords\":[\"cinema\",\"cornimont\",\"travaux\",\"vagney\",\"Vosges\"],\"articleSection\":[\"A la Une\",\"Cornimont\",\"Culture\",\"La Bresse &amp; son canton\"],\"inLanguage\":\"fr-FR\",\"potentialAction\":[{\"@type\":\"CommentAction\",\"name\":\"Comment\",\"target\":[\"https:\/\/vosgesinfo.fr\/remiremontinfo\/2023\/03\/cinema-de-vagney-sinstalle-a-cornimont\/#respond\"]}]},{\"@type\":\"WebPage\",\"@id\":\"https:\/\/vosgesinfo.fr\/remiremontinfo\/2023\/03\/cinema-de-vagney-sinstalle-a-cornimont\/\",\"url\":\"https:\/\/vosgesinfo.fr\/remiremontinfo\/2023\/03\/cinema-de-vagney-sinstalle-a-cornimont\/\",\"name\":\"Le cin\u00e9ma de Vagney s'installe \u00e0 Cornimont - Remiremont Info\",\"isPartOf\":{\"@id\":\"https:\/\/vosgesinfo.fr\/remiremontinfo\/#website\"},\"primaryImageOfPage\":{\"@id\":\"https:\/\/vosgesinfo.fr\/remiremontinfo\/2023\/03\/cinema-de-vagney-sinstalle-a-cornimont\/#primaryimage\"},\"image\":{\"@id\":\"https:\/\/vosgesinfo.fr\/remiremontinfo\/2023\/03\/cinema-de-vagney-sinstalle-a-cornimont\/#primaryimage\"},\"thumbnailUrl\":\"https:\/\/vosgesinfo.fr\/app\/uploads\/sites\/5\/2024\/09\/202303cine-cornimont.png\",\"datePublished\":\"2023-03-14T08:02:15+00:00\",\"dateModified\":\"2023-03-14T08:02:15+00:00\",\"breadcrumb\":{\"@id\":\"https:\/\/vosgesinfo.fr\/remiremontinfo\/2023\/03\/cinema-de-vagney-sinstalle-a-cornimont\/#breadcrumb\"},\"inLanguage\":\"fr-FR\",\"potentialAction\":[{\"@type\":\"ReadAction\",\"target\":[\"https:\/\/vosgesinfo.fr\/remiremontinfo\/2023\/03\/cinema-de-vagney-sinstalle-a-cornimont\/\"]}]},{\"@type\":\"ImageObject\",\"inLanguage\":\"fr-FR\",\"@id\":\"https:\/\/vosgesinfo.fr\/remiremontinfo\/2023\/03\/cinema-de-vagney-sinstalle-a-cornimont\/#primaryimage\",\"url\":\"https:\/\/vosgesinfo.fr\/app\/uploads\/sites\/5\/2024\/09\/202303cine-cornimont.png\",\"contentUrl\":\"https:\/\/vosgesinfo.fr\/app\/uploads\/sites\/5\/2024\/09\/202303cine-cornimont.png\",\"width\":1447,\"height\":958},{\"@type\":\"BreadcrumbList\",\"@id\":\"https:\/\/vosgesinfo.fr\/remiremontinfo\/2023\/03\/cinema-de-vagney-sinstalle-a-cornimont\/#breadcrumb\",\"itemListElement\":[{\"@type\":\"ListItem\",\"position\":1,\"name\":\"Home\",\"item\":\"https:\/\/vosgesinfo.fr\/remiremontinfo\/\"},{\"@type\":\"ListItem\",\"position\":2,\"name\":\"Le cin\u00e9ma de Vagney s&rsquo;installe \u00e0 Cornimont\"}]},{\"@type\":\"WebSite\",\"@id\":\"https:\/\/vosgesinfo.fr\/remiremontinfo\/#website\",\"url\":\"https:\/\/vosgesinfo.fr\/remiremontinfo\/\",\"name\":\"Remiremont Info\",\"description\":\"Toute l&#039;actualit\u00e9 de Remiremont\",\"publisher\":{\"@id\":\"https:\/\/vosgesinfo.fr\/remiremontinfo\/#organization\"},\"alternateName\":\"Toute l'actualit\u00e9 de Remiremont\",\"potentialAction\":[{\"@type\":\"SearchAction\",\"target\":{\"@type\":\"EntryPoint\",\"urlTemplate\":\"https:\/\/vosgesinfo.fr\/remiremontinfo\/?s={search_term_string}\"},\"query-input\":\"required name=search_term_string\"}],\"inLanguage\":\"fr-FR\"},{\"@type\":\"Organization\",\"@id\":\"https:\/\/vosgesinfo.fr\/remiremontinfo\/#organization\",\"name\":\"Remiremont Info\",\"url\":\"https:\/\/vosgesinfo.fr\/remiremontinfo\/\",\"logo\":{\"@type\":\"ImageObject\",\"inLanguage\":\"fr-FR\",\"@id\":\"https:\/\/vosgesinfo.fr\/remiremontinfo\/#\/schema\/logo\/image\/\",\"url\":\"https:\/\/vosgesinfo.fr\/app\/uploads\/sites\/5\/2023\/08\/favicon-remiremontinfo.png\",\"contentUrl\":\"https:\/\/vosgesinfo.fr\/app\/uploads\/sites\/5\/2023\/08\/favicon-remiremontinfo.png\",\"width\":512,\"height\":512,\"caption\":\"Remiremont Info\"},\"image\":{\"@id\":\"https:\/\/vosgesinfo.fr\/remiremontinfo\/#\/schema\/logo\/image\/\"},\"sameAs\":[\"https:\/\/www.facebook.com\/remiremontinfo\",\"https:\/\/x.com\/VosgesInfo88\",\"https:\/\/www.youtube.com\/@vosgesinfo\"]},{\"@type\":\"Person\",\"@id\":\"https:\/\/vosgesinfo.fr\/remiremontinfo\/#\/schema\/person\/3bfd164d5218a185b1db68655a265316\",\"name\":\"C D\",\"image\":{\"@type\":\"ImageObject\",\"inLanguage\":\"fr-FR\",\"@id\":\"https:\/\/vosgesinfo.fr\/remiremontinfo\/#\/schema\/person\/image\/\",\"url\":\"https:\/\/secure.gravatar.com\/avatar\/1f9a70007336511a47468b8f1c66f922b8b7cf617b02a31149ada43893a5d48f?s=96&d=mm&r=g\",\"contentUrl\":\"https:\/\/secure.gravatar.com\/avatar\/1f9a70007336511a47468b8f1c66f922b8b7cf617b02a31149ada43893a5d48f?s=96&d=mm&r=g\",\"caption\":\"C D\"},\"url\":\"https:\/\/vosgesinfo.fr\/remiremontinfo\/author\/cedric-drevet\/\"}]}<\/script>\n<!-- \/ Yoast SEO plugin. -->","yoast_head_json":{"title":"Le cin\u00e9ma de Vagney s'installe \u00e0 Cornimont - Remiremont Info","robots":{"index":"index","follow":"follow","max-snippet":"max-snippet:-1","max-image-preview":"max-image-preview:large","max-video-preview":"max-video-preview:-1"},"canonical":"https:\/\/vosgesinfo.fr\/remiremontinfo\/2023\/03\/cinema-de-vagney-sinstalle-a-cornimont\/","twitter_card":"summary_large_image","twitter_title":"Le cin\u00e9ma de Vagney s'installe \u00e0 Cornimont - Remiremont Info","twitter_description":"Photo par\u00a0Mairie de Cornimont En raison des travaux de r\u00e9habilitation, le cin\u00e9ma de Vagney s&rsquo;installe \u00e0 Cornimont\u00a0au Centre de Polyactivit\u00e9 [&hellip;]","twitter_image":"https:\/\/vosgesinfo.fr\/app\/uploads\/sites\/5\/2024\/09\/202303cine-cornimont.png","twitter_creator":"@VosgesInfo88","twitter_site":"@VosgesInfo88","twitter_misc":{"\u00c9crit par":"C D","Dur\u00e9e de lecture estim\u00e9e":"1 minute"},"schema":{"@context":"https:\/\/schema.org","@graph":[{"@type":"Article","@id":"https:\/\/vosgesinfo.fr\/remiremontinfo\/2023\/03\/cinema-de-vagney-sinstalle-a-cornimont\/#article","isPartOf":{"@id":"https:\/\/vosgesinfo.fr\/remiremontinfo\/2023\/03\/cinema-de-vagney-sinstalle-a-cornimont\/"},"author":{"name":"C D","@id":"https:\/\/vosgesinfo.fr\/remiremontinfo\/#\/schema\/person\/3bfd164d5218a185b1db68655a265316"},"headline":"Le cin\u00e9ma de Vagney s&rsquo;installe \u00e0 Cornimont","datePublished":"2023-03-14T08:02:15+00:00","dateModified":"2023-03-14T08:02:15+00:00","mainEntityOfPage":{"@id":"https:\/\/vosgesinfo.fr\/remiremontinfo\/2023\/03\/cinema-de-vagney-sinstalle-a-cornimont\/"},"wordCount":136,"commentCount":0,"publisher":{"@id":"https:\/\/vosgesinfo.fr\/remiremontinfo\/#organization"},"image":{"@id":"https:\/\/vosgesinfo.fr\/remiremontinfo\/2023\/03\/cinema-de-vagney-sinstalle-a-cornimont\/#primaryimage"},"thumbnailUrl":"https:\/\/vosgesinfo.fr\/app\/uploads\/sites\/5\/2024\/09\/202303cine-cornimont.png","keywords":["cinema","cornimont","travaux","vagney","Vosges"],"articleSection":["A la Une","Cornimont","Culture","La Bresse &amp; son canton"],"inLanguage":"fr-FR","potentialAction":[{"@type":"CommentAction","name":"Comment","target":["https:\/\/vosgesinfo.fr\/remiremontinfo\/2023\/03\/cinema-de-vagney-sinstalle-a-cornimont\/#respond"]}]},{"@type":"WebPage","@id":"https:\/\/vosgesinfo.fr\/remiremontinfo\/2023\/03\/cinema-de-vagney-sinstalle-a-cornimont\/","url":"https:\/\/vosgesinfo.fr\/remiremontinfo\/2023\/03\/cinema-de-vagney-sinstalle-a-cornimont\/","name":"Le cin\u00e9ma de Vagney s'installe \u00e0 Cornimont - Remiremont Info","isPartOf":{"@id":"https:\/\/vosgesinfo.fr\/remiremontinfo\/#website"},"primaryImageOfPage":{"@id":"https:\/\/vosgesinfo.fr\/remiremontinfo\/2023\/03\/cinema-de-vagney-sinstalle-a-cornimont\/#primaryimage"},"image":{"@id":"https:\/\/vosgesinfo.fr\/remiremontinfo\/2023\/03\/cinema-de-vagney-sinstalle-a-cornimont\/#primaryimage"},"thumbnailUrl":"https:\/\/vosgesinfo.fr\/app\/uploads\/sites\/5\/2024\/09\/202303cine-cornimont.png","datePublished":"2023-03-14T08:02:15+00:00","dateModified":"2023-03-14T08:02:15+00:00","breadcrumb":{"@id":"https:\/\/vosgesinfo.fr\/remiremontinfo\/2023\/03\/cinema-de-vagney-sinstalle-a-cornimont\/#breadcrumb"},"inLanguage":"fr-FR","potentialAction":[{"@type":"ReadAction","target":["https:\/\/vosgesinfo.fr\/remiremontinfo\/2023\/03\/cinema-de-vagney-sinstalle-a-cornimont\/"]}]},{"@type":"ImageObject","inLanguage":"fr-FR","@id":"https:\/\/vosgesinfo.fr\/remiremontinfo\/2023\/03\/cinema-de-vagney-sinstalle-a-cornimont\/#primaryimage","url":"https:\/\/vosgesinfo.fr\/app\/uploads\/sites\/5\/2024\/09\/202303cine-cornimont.png","contentUrl":"https:\/\/vosgesinfo.fr\/app\/uploads\/sites\/5\/2024\/09\/202303cine-cornimont.png","width":1447,"height":958},{"@type":"BreadcrumbList","@id":"https:\/\/vosgesinfo.fr\/remiremontinfo\/2023\/03\/cinema-de-vagney-sinstalle-a-cornimont\/#breadcrumb","itemListElement":[{"@type":"ListItem","position":1,"name":"Home","item":"https:\/\/vosgesinfo.fr\/remiremontinfo\/"},{"@type":"ListItem","position":2,"name":"Le cin\u00e9ma de Vagney s&rsquo;installe \u00e0 Cornimont"}]},{"@type":"WebSite","@id":"https:\/\/vosgesinfo.fr\/remiremontinfo\/#website","url":"https:\/\/vosgesinfo.fr\/remiremontinfo\/","name":"Remiremont Info","description":"Toute l&#039;actualit\u00e9 de Remiremont","publisher":{"@id":"https:\/\/vosgesinfo.fr\/remiremontinfo\/#organization"},"alternateName":"Toute l'actualit\u00e9 de Remiremont","potentialAction":[{"@type":"SearchAction","target":{"@type":"EntryPoint","urlTemplate":"https:\/\/vosgesinfo.fr\/remiremontinfo\/?s={search_term_string}"},"query-input":"required name=search_term_string"}],"inLanguage":"fr-FR"},{"@type":"Organization","@id":"https:\/\/vosgesinfo.fr\/remiremontinfo\/#organization","name":"Remiremont Info","url":"https:\/\/vosgesinfo.fr\/remiremontinfo\/","logo":{"@type":"ImageObject","inLanguage":"fr-FR","@id":"https:\/\/vosgesinfo.fr\/remiremontinfo\/#\/schema\/logo\/image\/","url":"https:\/\/vosgesinfo.fr\/app\/uploads\/sites\/5\/2023\/08\/favicon-remiremontinfo.png","contentUrl":"https:\/\/vosgesinfo.fr\/app\/uploads\/sites\/5\/2023\/08\/favicon-remiremontinfo.png","width":512,"height":512,"caption":"Remiremont Info"},"image":{"@id":"https:\/\/vosgesinfo.fr\/remiremontinfo\/#\/schema\/logo\/image\/"},"sameAs":["https:\/\/www.facebook.com\/remiremontinfo","https:\/\/x.com\/VosgesInfo88","https:\/\/www.youtube.com\/@vosgesinfo"]},{"@type":"Person","@id":"https:\/\/vosgesinfo.fr\/remiremontinfo\/#\/schema\/person\/3bfd164d5218a185b1db68655a265316","name":"C D","image":{"@type":"ImageObject","inLanguage":"fr-FR","@id":"https:\/\/vosgesinfo.fr\/remiremontinfo\/#\/schema\/person\/image\/","url":"https:\/\/secure.gravatar.com\/avatar\/1f9a70007336511a47468b8f1c66f922b8b7cf617b02a31149ada43893a5d48f?s=96&d=mm&r=g","contentUrl":"https:\/\/secure.gravatar.com\/avatar\/1f9a70007336511a47468b8f1c66f922b8b7cf617b02a31149ada43893a5d48f?s=96&d=mm&r=g","caption":"C D"},"url":"https:\/\/vosgesinfo.fr\/remiremontinfo\/author\/cedric-drevet\/"}]}},"_links":{"self":[{"href":"https:\/\/vosgesinfo.fr\/remiremontinfo\/wp-json\/wp\/v2\/posts\/68746","targetHints":{"allow":["GET"]}}],"collection":[{"href":"https:\/\/vosgesinfo.fr\/remiremontinfo\/wp-json\/wp\/v2\/posts"}],"about":[{"href":"https:\/\/vosgesinfo.fr\/remiremontinfo\/wp-json\/wp\/v2\/types\/post"}],"author":[{"embeddable":true,"href":"https:\/\/vosgesinfo.fr\/remiremontinfo\/wp-json\/wp\/v2\/users\/407"}],"replies":[{"embeddable":true,"href":"https:\/\/vosgesinfo.fr\/remiremontinfo\/wp-json\/wp\/v2\/comments?post=68746"}],"version-history":[{"count":0,"href":"https:\/\/vosgesinfo.fr\/remiremontinfo\/wp-json\/wp\/v2\/posts\/68746\/revisions"}],"wp:featuredmedia":[{"embeddable":true,"href":"https:\/\/vosgesinfo.fr\/remiremontinfo\/wp-json\/wp\/v2\/media\/68747"}],"wp:attachment":[{"href":"https:\/\/vosgesinfo.fr\/remiremontinfo\/wp-json\/wp\/v2\/media?parent=68746"}],"wp:term":[{"taxonomy":"category","embeddable":true,"href":"https:\/\/vosgesinfo.fr\/remiremontinfo\/wp-json\/wp\/v2\/categories?post=68746"},{"taxonomy":"post_tag","embeddable":true,"href":"https:\/\/vosgesinfo.fr\/remiremontinfo\/wp-json\/wp\/v2\/tags?post=68746"}],"curies":[{"name":"wp","href":"https:\/\/api.w.org\/{rel}","templated":true}]}}