{"id":68803,"date":"2023-03-16T08:52:11","date_gmt":"2023-03-16T07:52:11","guid":{"rendered":"https:\/\/vosgesinfo.fr\/remiremontinfo\/2023\/03\/vosges-y-a-3-ans-premier-confinement-etait-decrete\/"},"modified":"2023-03-16T08:52:11","modified_gmt":"2023-03-16T07:52:11","slug":"vosges-y-a-3-ans-premier-confinement-etait-decrete","status":"publish","type":"post","link":"https:\/\/vosgesinfo.fr\/remiremontinfo\/2023\/03\/vosges-y-a-3-ans-premier-confinement-etait-decrete\/","title":{"rendered":"Vosges\u00a0: il y a 3 ans, le premier confinement \u00e9tait d\u00e9cr\u00e9t\u00e9"},"content":{"rendered":"<p><a href=\"\/2022\/03\/masque-foule-rue.jpg\"><img decoding=\"async\" class=\"alignnone size-full wp-image-339142\" src=\"\/2022\/03\/masque-foule-rue.jpg\" alt=\"masque-foule-rue\" width=\"800\" height=\"450\" \/><\/a><\/p>\n<p><span style=\"font-size: 10pt;\"><em>Photo d&rsquo;illustration\u00a0<\/em><\/span><\/p>\n<h2><span style=\"font-size: 12pt;\"><strong>Il y a 3 ans jour pour jour, \u00e0 20h, le pr\u00e9sident de la R\u00e9publique Emmanuel Macron annon\u00e7ait la d\u00e9cision d\u2019imposer \u00e0 la population fran\u00e7aise une p\u00e9riode de confinement dans le cadre de la lutte contre l\u2019\u00e9pid\u00e9mie de Covid-19. Les Vosgiens s\u2019appr\u00eataient \u00e0 vivre le premier confinement. Une p\u00e9riode qui a boulevers\u00e9 les habitudes et qui a eu d\u2019importantes cons\u00e9quences. L\u2019une des premi\u00e8res et l\u2019une des plus embl\u00e9matiques d\u2019une s\u00e9rie de mesures contest\u00e9es par une partie de la soci\u00e9t\u00e9.<\/strong><\/span><\/h2>\n<p>La p\u00e9riode qui a suivi cette annonce a \u00e9t\u00e9 marqu\u00e9e par de nouvelles habitudes. Tout d\u2019abord, la r\u00e9daction d\u2019une attestation pour sortir de chez soi. Aux infos, le d\u00e9compte des cas de Covid-19 et des d\u00e9c\u00e8s dus \u00e0 la maladie. L\u2019attente des d\u00e9cisions des autorit\u00e9s, avec de fr\u00e9quents rendez-vous \u00e0 20h. On fait des r\u00e9serves alimentaires \u00e0 la maison, <a href=\"https:\/\/epinalinfos.fr\/2020\/03\/coronavirus-a-epinal-supermarches-ont-ete-devalises\/\">quitte \u00e0 cr\u00e9er quelques rupture de stocks dans les magasins.<\/a> C\u2019est une p\u00e9riode au cours de laquelle s\u2019expriment aussi la solidarit\u00e9 et l\u2019entraide. <a href=\"https:\/\/remiremontinfo.fr\/2020\/11\/saint-nabord-se-mobilisent-personnes-agees-pendant-confinement\/\">Des Vosgiens s\u2019organisent pour apporter leur aide aux personnes dans le besoin.<\/a> <a href=\"https:\/\/remiremontinfo.fr\/2020\/03\/hopital-de-remiremont-elan-de-soutien-personnel-soignant-coeur-de-crise\/\">La population apporte son soutien et exprime sa reconnaissance aux professionnels du milieu m\u00e9dical<\/a> en lutte contre la Covid-19. La p\u00e9riode est diff\u00e9remment v\u00e9cue selon les personnes. Du temps libre, mais aussi des contraintes, des inqui\u00e9tudes. Quelques oppositions se manifestent.<\/p>\n<p>Pendant ce temps, les mesures se durcissent. <a href=\"https:\/\/remiremontinfo.fr\/2020\/04\/coronavirus-prefet-vosges-interdit-de-discuter-rue-ferme-aires-de-jeux\/\">Le pr\u00e9fet des Vosges interdit de discuter dans la rue et ferme les aires de jeux.<\/a> <a href=\"https:\/\/remiremontinfo.fr\/2020\/10\/covid-19-emmanuel-macron-decide-reconfinement-2\/\">Plus tard, d\u00e9-confinement, puis re-confinement.<\/a> On fait la distinction entre les activit\u00e9s et commerces \u00ab\u00a0essentiels\u00a0\u00bb <a href=\"\/2020\/06\/prefecture2.png\"><img decoding=\"async\" class=\" wp-image-288908 alignright\" src=\"\/2020\/06\/prefecture2.png\" alt=\"prefecture2\" width=\"299\" height=\"182\" \/><\/a>et \u00ab\u00a0non essentiels \u00bb. <a href=\"https:\/\/remiremontinfo.fr\/2020\/10\/reconfinement-fermeture-de-commerces-maires-de-a-resistance-defendent-leurs-commerces-de-centre-ville\/\">Quelques voix s\u2019\u00e9l\u00e8vent,<\/a>\u00a0<a href=\"https:\/\/remiremontinfo.fr\/2020\/10\/ouverture-commerces-anne-girardin-maire-val-dajol-ecrit-a-emmanuel-macron\/\">dans les mairies,<\/a> <a href=\"https:\/\/remiremontinfo.fr\/2020\/10\/confinement-colere-commercants-romarimontains\/\">chez les commer\u00e7ants.<\/a> <a href=\"https:\/\/remiremontinfo.fr\/2020\/11\/maximum-30-personnes-a-messe-mesure-irrealiste-inapplicable-selon-monseigneur-berthet\/\">\u00c9galement du c\u00f4t\u00e9 de l\u2019\u00c9glise.<\/a> Quelques questions \u00e0 l\u2019approche des f\u00eates\u00a0: <a href=\"https:\/\/remiremontinfo.fr\/2020\/11\/gouvernement-va-t-voler-noel\/\">le gouvernement va-t-il \u00ab voler No\u00ebl \u00bb\u00a0?<\/a> La politique suivie est de plus en plus contest\u00e9e dans une partie de la soci\u00e9t\u00e9. Et cela ne va pas s\u2019arranger. Port du masque obligatoire jusque dans les \u00e9coles. Instauration d\u2019un \u00ab\u00a0Pass sanitaire\u00a0\u00bb. Ces d\u00e9cisions posent des questions de libert\u00e9 et de coh\u00e9sion sociale face \u00e0 un narratif parfois per\u00e7u comme incitant \u00e0 la division. <a href=\"https:\/\/remiremontinfo.fr\/2021\/07\/vosges-forte-mobilisation-contre-pass-sanitaire\/\">Des centaines de personnes d\u00e9filent dans les rues d\u2019\u00c9pinal.<\/a><\/p>\n<p>Suite \u00e0 l\u2019allocution d\u2019Emmanuel Macron le 16 mars 2020, les Vosgiens ont vu leurs habitudes boulevers\u00e9es. Sant\u00e9, \u00e9conomie, soci\u00e9t\u00e9, vie personnelle et professionnelle : tout ou presque a \u00e9t\u00e9 impact\u00e9. Que retenir de cette p\u00e9riode\u00a0?<\/p>\n<p>&nbsp;<\/p>\n","protected":false},"excerpt":{"rendered":"<p>Photo d&rsquo;illustration\u00a0 Il y a 3 ans jour pour jour, \u00e0 20h, le pr\u00e9sident de la R\u00e9publique Emmanuel Macron annon\u00e7ait [&hellip;]<\/p>\n","protected":false},"author":407,"featured_media":68804,"comment_status":"open","ping_status":"open","sticky":false,"template":"","format":"standard","meta":{"footnotes":""},"categories":[26,13,18],"tags":[401,2107,44,66,32],"class_list":["post-68803","post","type-post","status-publish","format-standard","has-post-thumbnail","hentry","category-a-la-une","category-societe","category-vosges","tag-confinement","tag-covid-19","tag-remiremont","tag-societe","tag-vosges"],"acf":[],"yoast_head":"<!-- This site is optimized with the Yoast SEO plugin v22.5 - https:\/\/yoast.com\/wordpress\/plugins\/seo\/ -->\n<title>Vosges\u00a0: il y a 3 ans, le premier confinement \u00e9tait d\u00e9cr\u00e9t\u00e9 - Remiremont Info<\/title>\n<meta name=\"robots\" content=\"index, follow, max-snippet:-1, max-image-preview:large, max-video-preview:-1\" \/>\n<link rel=\"canonical\" href=\"https:\/\/vosgesinfo.fr\/remiremontinfo\/2023\/03\/vosges-y-a-3-ans-premier-confinement-etait-decrete\/\" \/>\n<meta name=\"twitter:card\" content=\"summary_large_image\" \/>\n<meta name=\"twitter:title\" content=\"Vosges\u00a0: il y a 3 ans, le premier confinement \u00e9tait d\u00e9cr\u00e9t\u00e9 - Remiremont Info\" \/>\n<meta name=\"twitter:description\" content=\"Photo d&rsquo;illustration\u00a0 Il y a 3 ans jour pour jour, \u00e0 20h, le pr\u00e9sident de la R\u00e9publique Emmanuel Macron annon\u00e7ait [&hellip;]\" \/>\n<meta name=\"twitter:image\" content=\"https:\/\/vosgesinfo.fr\/app\/uploads\/sites\/5\/2024\/09\/202203masque-foule-rue-1.jpg\" \/>\n<meta name=\"twitter:creator\" content=\"@VosgesInfo88\" \/>\n<meta name=\"twitter:site\" content=\"@VosgesInfo88\" \/>\n<meta name=\"twitter:label1\" content=\"\u00c9crit par\" \/>\n\t<meta name=\"twitter:data1\" content=\"C D\" \/>\n\t<meta name=\"twitter:label2\" content=\"Dur\u00e9e de lecture estim\u00e9e\" \/>\n\t<meta name=\"twitter:data2\" content=\"2 minutes\" \/>\n<script type=\"application\/ld+json\" class=\"yoast-schema-graph\">{\"@context\":\"https:\/\/schema.org\",\"@graph\":[{\"@type\":\"Article\",\"@id\":\"https:\/\/vosgesinfo.fr\/remiremontinfo\/2023\/03\/vosges-y-a-3-ans-premier-confinement-etait-decrete\/#article\",\"isPartOf\":{\"@id\":\"https:\/\/vosgesinfo.fr\/remiremontinfo\/2023\/03\/vosges-y-a-3-ans-premier-confinement-etait-decrete\/\"},\"author\":{\"name\":\"C D\",\"@id\":\"https:\/\/vosgesinfo.fr\/remiremontinfo\/#\/schema\/person\/3bfd164d5218a185b1db68655a265316\"},\"headline\":\"Vosges\u00a0: il y a 3 ans, le premier confinement \u00e9tait d\u00e9cr\u00e9t\u00e9\",\"datePublished\":\"2023-03-16T07:52:11+00:00\",\"dateModified\":\"2023-03-16T07:52:11+00:00\",\"mainEntityOfPage\":{\"@id\":\"https:\/\/vosgesinfo.fr\/remiremontinfo\/2023\/03\/vosges-y-a-3-ans-premier-confinement-etait-decrete\/\"},\"wordCount\":450,\"commentCount\":0,\"publisher\":{\"@id\":\"https:\/\/vosgesinfo.fr\/remiremontinfo\/#organization\"},\"image\":{\"@id\":\"https:\/\/vosgesinfo.fr\/remiremontinfo\/2023\/03\/vosges-y-a-3-ans-premier-confinement-etait-decrete\/#primaryimage\"},\"thumbnailUrl\":\"https:\/\/vosgesinfo.fr\/app\/uploads\/sites\/5\/2024\/09\/202203masque-foule-rue-1.jpg\",\"keywords\":[\"confinement\",\"covid-19\",\"remiremont\",\"Soci\u00e9t\u00e9\",\"Vosges\"],\"articleSection\":[\"A la Une\",\"Soci\u00e9t\u00e9\",\"Vosges\"],\"inLanguage\":\"fr-FR\",\"potentialAction\":[{\"@type\":\"CommentAction\",\"name\":\"Comment\",\"target\":[\"https:\/\/vosgesinfo.fr\/remiremontinfo\/2023\/03\/vosges-y-a-3-ans-premier-confinement-etait-decrete\/#respond\"]}]},{\"@type\":\"WebPage\",\"@id\":\"https:\/\/vosgesinfo.fr\/remiremontinfo\/2023\/03\/vosges-y-a-3-ans-premier-confinement-etait-decrete\/\",\"url\":\"https:\/\/vosgesinfo.fr\/remiremontinfo\/2023\/03\/vosges-y-a-3-ans-premier-confinement-etait-decrete\/\",\"name\":\"Vosges\u00a0: il y a 3 ans, le premier confinement \u00e9tait d\u00e9cr\u00e9t\u00e9 - Remiremont Info\",\"isPartOf\":{\"@id\":\"https:\/\/vosgesinfo.fr\/remiremontinfo\/#website\"},\"primaryImageOfPage\":{\"@id\":\"https:\/\/vosgesinfo.fr\/remiremontinfo\/2023\/03\/vosges-y-a-3-ans-premier-confinement-etait-decrete\/#primaryimage\"},\"image\":{\"@id\":\"https:\/\/vosgesinfo.fr\/remiremontinfo\/2023\/03\/vosges-y-a-3-ans-premier-confinement-etait-decrete\/#primaryimage\"},\"thumbnailUrl\":\"https:\/\/vosgesinfo.fr\/app\/uploads\/sites\/5\/2024\/09\/202203masque-foule-rue-1.jpg\",\"datePublished\":\"2023-03-16T07:52:11+00:00\",\"dateModified\":\"2023-03-16T07:52:11+00:00\",\"breadcrumb\":{\"@id\":\"https:\/\/vosgesinfo.fr\/remiremontinfo\/2023\/03\/vosges-y-a-3-ans-premier-confinement-etait-decrete\/#breadcrumb\"},\"inLanguage\":\"fr-FR\",\"potentialAction\":[{\"@type\":\"ReadAction\",\"target\":[\"https:\/\/vosgesinfo.fr\/remiremontinfo\/2023\/03\/vosges-y-a-3-ans-premier-confinement-etait-decrete\/\"]}]},{\"@type\":\"ImageObject\",\"inLanguage\":\"fr-FR\",\"@id\":\"https:\/\/vosgesinfo.fr\/remiremontinfo\/2023\/03\/vosges-y-a-3-ans-premier-confinement-etait-decrete\/#primaryimage\",\"url\":\"https:\/\/vosgesinfo.fr\/app\/uploads\/sites\/5\/2024\/09\/202203masque-foule-rue-1.jpg\",\"contentUrl\":\"https:\/\/vosgesinfo.fr\/app\/uploads\/sites\/5\/2024\/09\/202203masque-foule-rue-1.jpg\",\"width\":800,\"height\":450},{\"@type\":\"BreadcrumbList\",\"@id\":\"https:\/\/vosgesinfo.fr\/remiremontinfo\/2023\/03\/vosges-y-a-3-ans-premier-confinement-etait-decrete\/#breadcrumb\",\"itemListElement\":[{\"@type\":\"ListItem\",\"position\":1,\"name\":\"Home\",\"item\":\"https:\/\/vosgesinfo.fr\/remiremontinfo\/\"},{\"@type\":\"ListItem\",\"position\":2,\"name\":\"Vosges\u00a0: il y a 3 ans, le premier confinement \u00e9tait d\u00e9cr\u00e9t\u00e9\"}]},{\"@type\":\"WebSite\",\"@id\":\"https:\/\/vosgesinfo.fr\/remiremontinfo\/#website\",\"url\":\"https:\/\/vosgesinfo.fr\/remiremontinfo\/\",\"name\":\"Remiremont Info\",\"description\":\"Toute l&#039;actualit\u00e9 de Remiremont\",\"publisher\":{\"@id\":\"https:\/\/vosgesinfo.fr\/remiremontinfo\/#organization\"},\"alternateName\":\"Toute l'actualit\u00e9 de Remiremont\",\"potentialAction\":[{\"@type\":\"SearchAction\",\"target\":{\"@type\":\"EntryPoint\",\"urlTemplate\":\"https:\/\/vosgesinfo.fr\/remiremontinfo\/?s={search_term_string}\"},\"query-input\":\"required name=search_term_string\"}],\"inLanguage\":\"fr-FR\"},{\"@type\":\"Organization\",\"@id\":\"https:\/\/vosgesinfo.fr\/remiremontinfo\/#organization\",\"name\":\"Remiremont Info\",\"url\":\"https:\/\/vosgesinfo.fr\/remiremontinfo\/\",\"logo\":{\"@type\":\"ImageObject\",\"inLanguage\":\"fr-FR\",\"@id\":\"https:\/\/vosgesinfo.fr\/remiremontinfo\/#\/schema\/logo\/image\/\",\"url\":\"https:\/\/vosgesinfo.fr\/app\/uploads\/sites\/5\/2023\/08\/favicon-remiremontinfo.png\",\"contentUrl\":\"https:\/\/vosgesinfo.fr\/app\/uploads\/sites\/5\/2023\/08\/favicon-remiremontinfo.png\",\"width\":512,\"height\":512,\"caption\":\"Remiremont Info\"},\"image\":{\"@id\":\"https:\/\/vosgesinfo.fr\/remiremontinfo\/#\/schema\/logo\/image\/\"},\"sameAs\":[\"https:\/\/www.facebook.com\/remiremontinfo\",\"https:\/\/x.com\/VosgesInfo88\",\"https:\/\/www.youtube.com\/@vosgesinfo\"]},{\"@type\":\"Person\",\"@id\":\"https:\/\/vosgesinfo.fr\/remiremontinfo\/#\/schema\/person\/3bfd164d5218a185b1db68655a265316\",\"name\":\"C D\",\"image\":{\"@type\":\"ImageObject\",\"inLanguage\":\"fr-FR\",\"@id\":\"https:\/\/vosgesinfo.fr\/remiremontinfo\/#\/schema\/person\/image\/\",\"url\":\"https:\/\/secure.gravatar.com\/avatar\/1f9a70007336511a47468b8f1c66f922b8b7cf617b02a31149ada43893a5d48f?s=96&d=mm&r=g\",\"contentUrl\":\"https:\/\/secure.gravatar.com\/avatar\/1f9a70007336511a47468b8f1c66f922b8b7cf617b02a31149ada43893a5d48f?s=96&d=mm&r=g\",\"caption\":\"C D\"},\"url\":\"https:\/\/vosgesinfo.fr\/remiremontinfo\/author\/cedric-drevet\/\"}]}<\/script>\n<!-- \/ Yoast SEO plugin. -->","yoast_head_json":{"title":"Vosges\u00a0: il y a 3 ans, le premier confinement \u00e9tait d\u00e9cr\u00e9t\u00e9 - Remiremont Info","robots":{"index":"index","follow":"follow","max-snippet":"max-snippet:-1","max-image-preview":"max-image-preview:large","max-video-preview":"max-video-preview:-1"},"canonical":"https:\/\/vosgesinfo.fr\/remiremontinfo\/2023\/03\/vosges-y-a-3-ans-premier-confinement-etait-decrete\/","twitter_card":"summary_large_image","twitter_title":"Vosges\u00a0: il y a 3 ans, le premier confinement \u00e9tait d\u00e9cr\u00e9t\u00e9 - Remiremont Info","twitter_description":"Photo d&rsquo;illustration\u00a0 Il y a 3 ans jour pour jour, \u00e0 20h, le pr\u00e9sident de la R\u00e9publique Emmanuel Macron annon\u00e7ait [&hellip;]","twitter_image":"https:\/\/vosgesinfo.fr\/app\/uploads\/sites\/5\/2024\/09\/202203masque-foule-rue-1.jpg","twitter_creator":"@VosgesInfo88","twitter_site":"@VosgesInfo88","twitter_misc":{"\u00c9crit par":"C D","Dur\u00e9e de lecture estim\u00e9e":"2 minutes"},"schema":{"@context":"https:\/\/schema.org","@graph":[{"@type":"Article","@id":"https:\/\/vosgesinfo.fr\/remiremontinfo\/2023\/03\/vosges-y-a-3-ans-premier-confinement-etait-decrete\/#article","isPartOf":{"@id":"https:\/\/vosgesinfo.fr\/remiremontinfo\/2023\/03\/vosges-y-a-3-ans-premier-confinement-etait-decrete\/"},"author":{"name":"C D","@id":"https:\/\/vosgesinfo.fr\/remiremontinfo\/#\/schema\/person\/3bfd164d5218a185b1db68655a265316"},"headline":"Vosges\u00a0: il y a 3 ans, le premier confinement \u00e9tait d\u00e9cr\u00e9t\u00e9","datePublished":"2023-03-16T07:52:11+00:00","dateModified":"2023-03-16T07:52:11+00:00","mainEntityOfPage":{"@id":"https:\/\/vosgesinfo.fr\/remiremontinfo\/2023\/03\/vosges-y-a-3-ans-premier-confinement-etait-decrete\/"},"wordCount":450,"commentCount":0,"publisher":{"@id":"https:\/\/vosgesinfo.fr\/remiremontinfo\/#organization"},"image":{"@id":"https:\/\/vosgesinfo.fr\/remiremontinfo\/2023\/03\/vosges-y-a-3-ans-premier-confinement-etait-decrete\/#primaryimage"},"thumbnailUrl":"https:\/\/vosgesinfo.fr\/app\/uploads\/sites\/5\/2024\/09\/202203masque-foule-rue-1.jpg","keywords":["confinement","covid-19","remiremont","Soci\u00e9t\u00e9","Vosges"],"articleSection":["A la Une","Soci\u00e9t\u00e9","Vosges"],"inLanguage":"fr-FR","potentialAction":[{"@type":"CommentAction","name":"Comment","target":["https:\/\/vosgesinfo.fr\/remiremontinfo\/2023\/03\/vosges-y-a-3-ans-premier-confinement-etait-decrete\/#respond"]}]},{"@type":"WebPage","@id":"https:\/\/vosgesinfo.fr\/remiremontinfo\/2023\/03\/vosges-y-a-3-ans-premier-confinement-etait-decrete\/","url":"https:\/\/vosgesinfo.fr\/remiremontinfo\/2023\/03\/vosges-y-a-3-ans-premier-confinement-etait-decrete\/","name":"Vosges\u00a0: il y a 3 ans, le premier confinement \u00e9tait d\u00e9cr\u00e9t\u00e9 - Remiremont Info","isPartOf":{"@id":"https:\/\/vosgesinfo.fr\/remiremontinfo\/#website"},"primaryImageOfPage":{"@id":"https:\/\/vosgesinfo.fr\/remiremontinfo\/2023\/03\/vosges-y-a-3-ans-premier-confinement-etait-decrete\/#primaryimage"},"image":{"@id":"https:\/\/vosgesinfo.fr\/remiremontinfo\/2023\/03\/vosges-y-a-3-ans-premier-confinement-etait-decrete\/#primaryimage"},"thumbnailUrl":"https:\/\/vosgesinfo.fr\/app\/uploads\/sites\/5\/2024\/09\/202203masque-foule-rue-1.jpg","datePublished":"2023-03-16T07:52:11+00:00","dateModified":"2023-03-16T07:52:11+00:00","breadcrumb":{"@id":"https:\/\/vosgesinfo.fr\/remiremontinfo\/2023\/03\/vosges-y-a-3-ans-premier-confinement-etait-decrete\/#breadcrumb"},"inLanguage":"fr-FR","potentialAction":[{"@type":"ReadAction","target":["https:\/\/vosgesinfo.fr\/remiremontinfo\/2023\/03\/vosges-y-a-3-ans-premier-confinement-etait-decrete\/"]}]},{"@type":"ImageObject","inLanguage":"fr-FR","@id":"https:\/\/vosgesinfo.fr\/remiremontinfo\/2023\/03\/vosges-y-a-3-ans-premier-confinement-etait-decrete\/#primaryimage","url":"https:\/\/vosgesinfo.fr\/app\/uploads\/sites\/5\/2024\/09\/202203masque-foule-rue-1.jpg","contentUrl":"https:\/\/vosgesinfo.fr\/app\/uploads\/sites\/5\/2024\/09\/202203masque-foule-rue-1.jpg","width":800,"height":450},{"@type":"BreadcrumbList","@id":"https:\/\/vosgesinfo.fr\/remiremontinfo\/2023\/03\/vosges-y-a-3-ans-premier-confinement-etait-decrete\/#breadcrumb","itemListElement":[{"@type":"ListItem","position":1,"name":"Home","item":"https:\/\/vosgesinfo.fr\/remiremontinfo\/"},{"@type":"ListItem","position":2,"name":"Vosges\u00a0: il y a 3 ans, le premier confinement \u00e9tait d\u00e9cr\u00e9t\u00e9"}]},{"@type":"WebSite","@id":"https:\/\/vosgesinfo.fr\/remiremontinfo\/#website","url":"https:\/\/vosgesinfo.fr\/remiremontinfo\/","name":"Remiremont Info","description":"Toute l&#039;actualit\u00e9 de Remiremont","publisher":{"@id":"https:\/\/vosgesinfo.fr\/remiremontinfo\/#organization"},"alternateName":"Toute l'actualit\u00e9 de Remiremont","potentialAction":[{"@type":"SearchAction","target":{"@type":"EntryPoint","urlTemplate":"https:\/\/vosgesinfo.fr\/remiremontinfo\/?s={search_term_string}"},"query-input":"required name=search_term_string"}],"inLanguage":"fr-FR"},{"@type":"Organization","@id":"https:\/\/vosgesinfo.fr\/remiremontinfo\/#organization","name":"Remiremont Info","url":"https:\/\/vosgesinfo.fr\/remiremontinfo\/","logo":{"@type":"ImageObject","inLanguage":"fr-FR","@id":"https:\/\/vosgesinfo.fr\/remiremontinfo\/#\/schema\/logo\/image\/","url":"https:\/\/vosgesinfo.fr\/app\/uploads\/sites\/5\/2023\/08\/favicon-remiremontinfo.png","contentUrl":"https:\/\/vosgesinfo.fr\/app\/uploads\/sites\/5\/2023\/08\/favicon-remiremontinfo.png","width":512,"height":512,"caption":"Remiremont Info"},"image":{"@id":"https:\/\/vosgesinfo.fr\/remiremontinfo\/#\/schema\/logo\/image\/"},"sameAs":["https:\/\/www.facebook.com\/remiremontinfo","https:\/\/x.com\/VosgesInfo88","https:\/\/www.youtube.com\/@vosgesinfo"]},{"@type":"Person","@id":"https:\/\/vosgesinfo.fr\/remiremontinfo\/#\/schema\/person\/3bfd164d5218a185b1db68655a265316","name":"C D","image":{"@type":"ImageObject","inLanguage":"fr-FR","@id":"https:\/\/vosgesinfo.fr\/remiremontinfo\/#\/schema\/person\/image\/","url":"https:\/\/secure.gravatar.com\/avatar\/1f9a70007336511a47468b8f1c66f922b8b7cf617b02a31149ada43893a5d48f?s=96&d=mm&r=g","contentUrl":"https:\/\/secure.gravatar.com\/avatar\/1f9a70007336511a47468b8f1c66f922b8b7cf617b02a31149ada43893a5d48f?s=96&d=mm&r=g","caption":"C D"},"url":"https:\/\/vosgesinfo.fr\/remiremontinfo\/author\/cedric-drevet\/"}]}},"_links":{"self":[{"href":"https:\/\/vosgesinfo.fr\/remiremontinfo\/wp-json\/wp\/v2\/posts\/68803","targetHints":{"allow":["GET"]}}],"collection":[{"href":"https:\/\/vosgesinfo.fr\/remiremontinfo\/wp-json\/wp\/v2\/posts"}],"about":[{"href":"https:\/\/vosgesinfo.fr\/remiremontinfo\/wp-json\/wp\/v2\/types\/post"}],"author":[{"embeddable":true,"href":"https:\/\/vosgesinfo.fr\/remiremontinfo\/wp-json\/wp\/v2\/users\/407"}],"replies":[{"embeddable":true,"href":"https:\/\/vosgesinfo.fr\/remiremontinfo\/wp-json\/wp\/v2\/comments?post=68803"}],"version-history":[{"count":0,"href":"https:\/\/vosgesinfo.fr\/remiremontinfo\/wp-json\/wp\/v2\/posts\/68803\/revisions"}],"wp:featuredmedia":[{"embeddable":true,"href":"https:\/\/vosgesinfo.fr\/remiremontinfo\/wp-json\/wp\/v2\/media\/68804"}],"wp:attachment":[{"href":"https:\/\/vosgesinfo.fr\/remiremontinfo\/wp-json\/wp\/v2\/media?parent=68803"}],"wp:term":[{"taxonomy":"category","embeddable":true,"href":"https:\/\/vosgesinfo.fr\/remiremontinfo\/wp-json\/wp\/v2\/categories?post=68803"},{"taxonomy":"post_tag","embeddable":true,"href":"https:\/\/vosgesinfo.fr\/remiremontinfo\/wp-json\/wp\/v2\/tags?post=68803"}],"curies":[{"name":"wp","href":"https:\/\/api.w.org\/{rel}","templated":true}]}}