{"id":68808,"date":"2023-03-16T09:22:16","date_gmt":"2023-03-16T08:22:16","guid":{"rendered":"https:\/\/vosgesinfo.fr\/remiremontinfo\/2023\/03\/rhumont-projets-culturels-educatifs-soutenus-cadre-de-politique-de-ville\/"},"modified":"2023-03-16T09:22:16","modified_gmt":"2023-03-16T08:22:16","slug":"rhumont-projets-culturels-educatifs-soutenus-cadre-de-politique-de-ville","status":"publish","type":"post","link":"https:\/\/vosgesinfo.fr\/remiremontinfo\/2023\/03\/rhumont-projets-culturels-educatifs-soutenus-cadre-de-politique-de-ville\/","title":{"rendered":"Rhumont\u00a0: des projets culturels et \u00e9ducatifs soutenus dans le cadre de la politique de la ville"},"content":{"rendered":"<p><a href=\"\/2023\/03\/percheron-visite-rhumont-7.jpg\"><img decoding=\"async\" class=\"alignnone size-large wp-image-365677\" src=\"\/2023\/03\/percheron-visite-rhumont-7-1024x714.jpg\" alt=\"percheron visite rhumont (7)\" width=\"960\" height=\"669\" \/><\/a><\/p>\n<h2><span style=\"font-size: 12pt;\"><strong>Le secr\u00e9taire g\u00e9n\u00e9ral de la Pr\u00e9fecture des Vosges, David Percheron, s\u2019est rendu ce mercredi apr\u00e8s-midi sur le quartier prioritaire du Rhumont \u00e0 Remiremont pour rencontrer des porteurs de projets du \u00ab\u00a0contrat de ville\u00a0\u00bb. Il \u00e9tait notamment accompagn\u00e9 par des membres de l\u2019\u00e9quipe municipale et du centre social.\u00a0<\/strong><\/span><\/h2>\n<p>Le \u00ab\u00a0contrat de ville\u00a0\u00bb permet de r\u00e9aliser des projets urbains sous la forme contractuelle entre l\u2019Etat, les collectivit\u00e9s locales et leur partenaires. Les enjeux affich\u00e9s sont les suivants\u00a0: poursuivre et renforcer la coop\u00e9ration inter-acteurs pour f\u00e9derer autour des projets structurants, mobiliser les habitants et les rendre acteurs du quartier, trouver des solution mobilit\u00e9s et garde d\u2019enfants atypique pour favoriser l\u2019emploi, le lien sociale et l\u2019acc\u00e8s aux droits. David Percheron, secr\u00e9taire g\u00e9n\u00e9ral de la Pr\u00e9fecture des Vosges, s\u2019est d\u2019abord rendu \u00e0 l\u2019\u00e9cole primaire du Rhumont pour d\u00e9couvrir le dispositif \u00ab\u00a0Fran\u00e7ais langue \u00e9trang\u00e8re\u00a0\u00bb port\u00e9 par le Programme de R\u00e9ussite Educative (PRE). Ce dernier prend en charge chaque ann\u00e9e environ 60 \u00e0 80 \u00e9l\u00e8ves r\u00e9sidents au sein du quartier prioritaire de la ville de Rhumont. En 2022, sur les 60 parcours mis en place, 27 concernaient des \u00e9l\u00e8ves de l\u2019\u00e9cole primaire, 24 des coll\u00e9giens et 9 des lyc\u00e9ens.<\/p>\n<p>La visite a continu\u00e9 par un passage \u00e0 l\u2019espace Belv\u00e9d\u00e8re. Plus pr\u00e9cis\u00e9ment \u00e0 la ludoth\u00e8que, ouverte aux habitants et port\u00e9e par l\u2019association et chantier d\u2019insertion \u00ab\u00a0Vivre En\u2019Jeux\u00a0\u00bb. Cette derni\u00e8re entend utiliser le jeu comme vecteur de partage de valeurs telles que la citoyennet\u00e9, la tol\u00e9rance, l\u2019\u00e9ducation populaire, la mixit\u00e9, l\u2019autonomie et le travail. Le projet d\u2019intervention sur le quartier du Rhumont a \u00e9t\u00e9 financ\u00e9 \u00e0 hauteur de 3000 euros en 2022, pour co-financer trois actions\u00a0: \u00ab\u00a0D\u00e9couvrons-nous\u00a0\u00bb, pour d\u00e9velopper les \u00e9changes entre le quartier et le reste de la ville, avec un Cluedo historique, \u00ab\u00a0Jeu suis bien avec vous\u00a0\u00bb, pour cr\u00e9er des liens au sein du quartier, \u00ab\u00a0Le Jeu pour Tous\u00a0\u00bb, pour que la ludoth\u00e8que soit financi\u00e8rement accessible \u00e0 tous. Nouvelle \u00e9tape dans la visite de ce mercredi\u00a0: la Maison des cultures. L\u2019association PACCT, cr\u00e9\u00e9e en 2020, se veut \u00ab\u00a0actrice de la citoyennet\u00e9 et de la culture en ouvrant ses activit\u00e9s aux publics en difficult\u00e9\u00a0\u00bb.<\/p>\n\n","protected":false},"excerpt":{"rendered":"<p>Le secr\u00e9taire g\u00e9n\u00e9ral de la Pr\u00e9fecture des Vosges, David Percheron, s\u2019est rendu ce mercredi apr\u00e8s-midi sur le quartier prioritaire du [&hellip;]<\/p>\n","protected":false},"author":407,"featured_media":68809,"comment_status":"open","ping_status":"open","sticky":false,"template":"","format":"standard","meta":{"footnotes":""},"categories":[26,1556,35,13],"tags":[44,1053,32],"class_list":["post-68808","post","type-post","status-publish","format-standard","has-post-thumbnail","hentry","category-a-la-une","category-remiremont-remiremont-son-canton-2","category-remiremont-son-canton","category-societe","tag-remiremont","tag-rhumont","tag-vosges"],"acf":[],"yoast_head":"<!-- This site is optimized with the Yoast SEO plugin v22.5 - https:\/\/yoast.com\/wordpress\/plugins\/seo\/ -->\n<title>Rhumont\u00a0: des projets culturels et \u00e9ducatifs soutenus dans le cadre de la politique de la ville - Remiremont Info<\/title>\n<meta name=\"robots\" content=\"index, follow, max-snippet:-1, max-image-preview:large, max-video-preview:-1\" \/>\n<link rel=\"canonical\" href=\"https:\/\/vosgesinfo.fr\/remiremontinfo\/2023\/03\/rhumont-projets-culturels-educatifs-soutenus-cadre-de-politique-de-ville\/\" \/>\n<meta name=\"twitter:card\" content=\"summary_large_image\" \/>\n<meta name=\"twitter:title\" content=\"Rhumont\u00a0: des projets culturels et \u00e9ducatifs soutenus dans le cadre de la politique de la ville - Remiremont Info\" \/>\n<meta name=\"twitter:description\" content=\"Le secr\u00e9taire g\u00e9n\u00e9ral de la Pr\u00e9fecture des Vosges, David Percheron, s\u2019est rendu ce mercredi apr\u00e8s-midi sur le quartier prioritaire du [&hellip;]\" \/>\n<meta name=\"twitter:image\" content=\"https:\/\/vosgesinfo.fr\/app\/uploads\/sites\/5\/2024\/09\/202303percheron-visite-rhumont-2.jpg\" \/>\n<meta name=\"twitter:creator\" content=\"@VosgesInfo88\" \/>\n<meta name=\"twitter:site\" content=\"@VosgesInfo88\" \/>\n<meta name=\"twitter:label1\" content=\"\u00c9crit par\" \/>\n\t<meta name=\"twitter:data1\" content=\"C D\" \/>\n\t<meta name=\"twitter:label2\" content=\"Dur\u00e9e de lecture estim\u00e9e\" \/>\n\t<meta name=\"twitter:data2\" content=\"2 minutes\" \/>\n<script type=\"application\/ld+json\" class=\"yoast-schema-graph\">{\"@context\":\"https:\/\/schema.org\",\"@graph\":[{\"@type\":\"Article\",\"@id\":\"https:\/\/vosgesinfo.fr\/remiremontinfo\/2023\/03\/rhumont-projets-culturels-educatifs-soutenus-cadre-de-politique-de-ville\/#article\",\"isPartOf\":{\"@id\":\"https:\/\/vosgesinfo.fr\/remiremontinfo\/2023\/03\/rhumont-projets-culturels-educatifs-soutenus-cadre-de-politique-de-ville\/\"},\"author\":{\"name\":\"C D\",\"@id\":\"https:\/\/vosgesinfo.fr\/remiremontinfo\/#\/schema\/person\/3bfd164d5218a185b1db68655a265316\"},\"headline\":\"Rhumont\u00a0: des projets culturels et \u00e9ducatifs soutenus dans le cadre de la politique de la ville\",\"datePublished\":\"2023-03-16T08:22:16+00:00\",\"dateModified\":\"2023-03-16T08:22:16+00:00\",\"mainEntityOfPage\":{\"@id\":\"https:\/\/vosgesinfo.fr\/remiremontinfo\/2023\/03\/rhumont-projets-culturels-educatifs-soutenus-cadre-de-politique-de-ville\/\"},\"wordCount\":412,\"commentCount\":0,\"publisher\":{\"@id\":\"https:\/\/vosgesinfo.fr\/remiremontinfo\/#organization\"},\"image\":{\"@id\":\"https:\/\/vosgesinfo.fr\/remiremontinfo\/2023\/03\/rhumont-projets-culturels-educatifs-soutenus-cadre-de-politique-de-ville\/#primaryimage\"},\"thumbnailUrl\":\"https:\/\/vosgesinfo.fr\/app\/uploads\/sites\/5\/2024\/09\/202303percheron-visite-rhumont-2.jpg\",\"keywords\":[\"remiremont\",\"Rhumont\",\"Vosges\"],\"articleSection\":[\"A la Une\",\"Remiremont\",\"Remiremont &amp; son canton\",\"Soci\u00e9t\u00e9\"],\"inLanguage\":\"fr-FR\",\"potentialAction\":[{\"@type\":\"CommentAction\",\"name\":\"Comment\",\"target\":[\"https:\/\/vosgesinfo.fr\/remiremontinfo\/2023\/03\/rhumont-projets-culturels-educatifs-soutenus-cadre-de-politique-de-ville\/#respond\"]}]},{\"@type\":\"WebPage\",\"@id\":\"https:\/\/vosgesinfo.fr\/remiremontinfo\/2023\/03\/rhumont-projets-culturels-educatifs-soutenus-cadre-de-politique-de-ville\/\",\"url\":\"https:\/\/vosgesinfo.fr\/remiremontinfo\/2023\/03\/rhumont-projets-culturels-educatifs-soutenus-cadre-de-politique-de-ville\/\",\"name\":\"Rhumont\u00a0: des projets culturels et \u00e9ducatifs soutenus dans le cadre de la politique de la ville - Remiremont Info\",\"isPartOf\":{\"@id\":\"https:\/\/vosgesinfo.fr\/remiremontinfo\/#website\"},\"primaryImageOfPage\":{\"@id\":\"https:\/\/vosgesinfo.fr\/remiremontinfo\/2023\/03\/rhumont-projets-culturels-educatifs-soutenus-cadre-de-politique-de-ville\/#primaryimage\"},\"image\":{\"@id\":\"https:\/\/vosgesinfo.fr\/remiremontinfo\/2023\/03\/rhumont-projets-culturels-educatifs-soutenus-cadre-de-politique-de-ville\/#primaryimage\"},\"thumbnailUrl\":\"https:\/\/vosgesinfo.fr\/app\/uploads\/sites\/5\/2024\/09\/202303percheron-visite-rhumont-2.jpg\",\"datePublished\":\"2023-03-16T08:22:16+00:00\",\"dateModified\":\"2023-03-16T08:22:16+00:00\",\"breadcrumb\":{\"@id\":\"https:\/\/vosgesinfo.fr\/remiremontinfo\/2023\/03\/rhumont-projets-culturels-educatifs-soutenus-cadre-de-politique-de-ville\/#breadcrumb\"},\"inLanguage\":\"fr-FR\",\"potentialAction\":[{\"@type\":\"ReadAction\",\"target\":[\"https:\/\/vosgesinfo.fr\/remiremontinfo\/2023\/03\/rhumont-projets-culturels-educatifs-soutenus-cadre-de-politique-de-ville\/\"]}]},{\"@type\":\"ImageObject\",\"inLanguage\":\"fr-FR\",\"@id\":\"https:\/\/vosgesinfo.fr\/remiremontinfo\/2023\/03\/rhumont-projets-culturels-educatifs-soutenus-cadre-de-politique-de-ville\/#primaryimage\",\"url\":\"https:\/\/vosgesinfo.fr\/app\/uploads\/sites\/5\/2024\/09\/202303percheron-visite-rhumont-2.jpg\",\"contentUrl\":\"https:\/\/vosgesinfo.fr\/app\/uploads\/sites\/5\/2024\/09\/202303percheron-visite-rhumont-2.jpg\",\"width\":1600,\"height\":1064},{\"@type\":\"BreadcrumbList\",\"@id\":\"https:\/\/vosgesinfo.fr\/remiremontinfo\/2023\/03\/rhumont-projets-culturels-educatifs-soutenus-cadre-de-politique-de-ville\/#breadcrumb\",\"itemListElement\":[{\"@type\":\"ListItem\",\"position\":1,\"name\":\"Home\",\"item\":\"https:\/\/vosgesinfo.fr\/remiremontinfo\/\"},{\"@type\":\"ListItem\",\"position\":2,\"name\":\"Rhumont\u00a0: des projets culturels et \u00e9ducatifs soutenus dans le cadre de la politique de la ville\"}]},{\"@type\":\"WebSite\",\"@id\":\"https:\/\/vosgesinfo.fr\/remiremontinfo\/#website\",\"url\":\"https:\/\/vosgesinfo.fr\/remiremontinfo\/\",\"name\":\"Remiremont Info\",\"description\":\"Toute l&#039;actualit\u00e9 de Remiremont\",\"publisher\":{\"@id\":\"https:\/\/vosgesinfo.fr\/remiremontinfo\/#organization\"},\"alternateName\":\"Toute l'actualit\u00e9 de Remiremont\",\"potentialAction\":[{\"@type\":\"SearchAction\",\"target\":{\"@type\":\"EntryPoint\",\"urlTemplate\":\"https:\/\/vosgesinfo.fr\/remiremontinfo\/?s={search_term_string}\"},\"query-input\":\"required name=search_term_string\"}],\"inLanguage\":\"fr-FR\"},{\"@type\":\"Organization\",\"@id\":\"https:\/\/vosgesinfo.fr\/remiremontinfo\/#organization\",\"name\":\"Remiremont Info\",\"url\":\"https:\/\/vosgesinfo.fr\/remiremontinfo\/\",\"logo\":{\"@type\":\"ImageObject\",\"inLanguage\":\"fr-FR\",\"@id\":\"https:\/\/vosgesinfo.fr\/remiremontinfo\/#\/schema\/logo\/image\/\",\"url\":\"https:\/\/vosgesinfo.fr\/app\/uploads\/sites\/5\/2023\/08\/favicon-remiremontinfo.png\",\"contentUrl\":\"https:\/\/vosgesinfo.fr\/app\/uploads\/sites\/5\/2023\/08\/favicon-remiremontinfo.png\",\"width\":512,\"height\":512,\"caption\":\"Remiremont Info\"},\"image\":{\"@id\":\"https:\/\/vosgesinfo.fr\/remiremontinfo\/#\/schema\/logo\/image\/\"},\"sameAs\":[\"https:\/\/www.facebook.com\/remiremontinfo\",\"https:\/\/x.com\/VosgesInfo88\",\"https:\/\/www.youtube.com\/@vosgesinfo\"]},{\"@type\":\"Person\",\"@id\":\"https:\/\/vosgesinfo.fr\/remiremontinfo\/#\/schema\/person\/3bfd164d5218a185b1db68655a265316\",\"name\":\"C D\",\"image\":{\"@type\":\"ImageObject\",\"inLanguage\":\"fr-FR\",\"@id\":\"https:\/\/vosgesinfo.fr\/remiremontinfo\/#\/schema\/person\/image\/\",\"url\":\"https:\/\/secure.gravatar.com\/avatar\/1f9a70007336511a47468b8f1c66f922b8b7cf617b02a31149ada43893a5d48f?s=96&d=mm&r=g\",\"contentUrl\":\"https:\/\/secure.gravatar.com\/avatar\/1f9a70007336511a47468b8f1c66f922b8b7cf617b02a31149ada43893a5d48f?s=96&d=mm&r=g\",\"caption\":\"C D\"},\"url\":\"https:\/\/vosgesinfo.fr\/remiremontinfo\/author\/cedric-drevet\/\"}]}<\/script>\n<!-- \/ Yoast SEO plugin. -->","yoast_head_json":{"title":"Rhumont\u00a0: des projets culturels et \u00e9ducatifs soutenus dans le cadre de la politique de la ville - Remiremont Info","robots":{"index":"index","follow":"follow","max-snippet":"max-snippet:-1","max-image-preview":"max-image-preview:large","max-video-preview":"max-video-preview:-1"},"canonical":"https:\/\/vosgesinfo.fr\/remiremontinfo\/2023\/03\/rhumont-projets-culturels-educatifs-soutenus-cadre-de-politique-de-ville\/","twitter_card":"summary_large_image","twitter_title":"Rhumont\u00a0: des projets culturels et \u00e9ducatifs soutenus dans le cadre de la politique de la ville - Remiremont Info","twitter_description":"Le secr\u00e9taire g\u00e9n\u00e9ral de la Pr\u00e9fecture des Vosges, David Percheron, s\u2019est rendu ce mercredi apr\u00e8s-midi sur le quartier prioritaire du [&hellip;]","twitter_image":"https:\/\/vosgesinfo.fr\/app\/uploads\/sites\/5\/2024\/09\/202303percheron-visite-rhumont-2.jpg","twitter_creator":"@VosgesInfo88","twitter_site":"@VosgesInfo88","twitter_misc":{"\u00c9crit par":"C D","Dur\u00e9e de lecture estim\u00e9e":"2 minutes"},"schema":{"@context":"https:\/\/schema.org","@graph":[{"@type":"Article","@id":"https:\/\/vosgesinfo.fr\/remiremontinfo\/2023\/03\/rhumont-projets-culturels-educatifs-soutenus-cadre-de-politique-de-ville\/#article","isPartOf":{"@id":"https:\/\/vosgesinfo.fr\/remiremontinfo\/2023\/03\/rhumont-projets-culturels-educatifs-soutenus-cadre-de-politique-de-ville\/"},"author":{"name":"C D","@id":"https:\/\/vosgesinfo.fr\/remiremontinfo\/#\/schema\/person\/3bfd164d5218a185b1db68655a265316"},"headline":"Rhumont\u00a0: des projets culturels et \u00e9ducatifs soutenus dans le cadre de la politique de la ville","datePublished":"2023-03-16T08:22:16+00:00","dateModified":"2023-03-16T08:22:16+00:00","mainEntityOfPage":{"@id":"https:\/\/vosgesinfo.fr\/remiremontinfo\/2023\/03\/rhumont-projets-culturels-educatifs-soutenus-cadre-de-politique-de-ville\/"},"wordCount":412,"commentCount":0,"publisher":{"@id":"https:\/\/vosgesinfo.fr\/remiremontinfo\/#organization"},"image":{"@id":"https:\/\/vosgesinfo.fr\/remiremontinfo\/2023\/03\/rhumont-projets-culturels-educatifs-soutenus-cadre-de-politique-de-ville\/#primaryimage"},"thumbnailUrl":"https:\/\/vosgesinfo.fr\/app\/uploads\/sites\/5\/2024\/09\/202303percheron-visite-rhumont-2.jpg","keywords":["remiremont","Rhumont","Vosges"],"articleSection":["A la Une","Remiremont","Remiremont &amp; son canton","Soci\u00e9t\u00e9"],"inLanguage":"fr-FR","potentialAction":[{"@type":"CommentAction","name":"Comment","target":["https:\/\/vosgesinfo.fr\/remiremontinfo\/2023\/03\/rhumont-projets-culturels-educatifs-soutenus-cadre-de-politique-de-ville\/#respond"]}]},{"@type":"WebPage","@id":"https:\/\/vosgesinfo.fr\/remiremontinfo\/2023\/03\/rhumont-projets-culturels-educatifs-soutenus-cadre-de-politique-de-ville\/","url":"https:\/\/vosgesinfo.fr\/remiremontinfo\/2023\/03\/rhumont-projets-culturels-educatifs-soutenus-cadre-de-politique-de-ville\/","name":"Rhumont\u00a0: des projets culturels et \u00e9ducatifs soutenus dans le cadre de la politique de la ville - Remiremont Info","isPartOf":{"@id":"https:\/\/vosgesinfo.fr\/remiremontinfo\/#website"},"primaryImageOfPage":{"@id":"https:\/\/vosgesinfo.fr\/remiremontinfo\/2023\/03\/rhumont-projets-culturels-educatifs-soutenus-cadre-de-politique-de-ville\/#primaryimage"},"image":{"@id":"https:\/\/vosgesinfo.fr\/remiremontinfo\/2023\/03\/rhumont-projets-culturels-educatifs-soutenus-cadre-de-politique-de-ville\/#primaryimage"},"thumbnailUrl":"https:\/\/vosgesinfo.fr\/app\/uploads\/sites\/5\/2024\/09\/202303percheron-visite-rhumont-2.jpg","datePublished":"2023-03-16T08:22:16+00:00","dateModified":"2023-03-16T08:22:16+00:00","breadcrumb":{"@id":"https:\/\/vosgesinfo.fr\/remiremontinfo\/2023\/03\/rhumont-projets-culturels-educatifs-soutenus-cadre-de-politique-de-ville\/#breadcrumb"},"inLanguage":"fr-FR","potentialAction":[{"@type":"ReadAction","target":["https:\/\/vosgesinfo.fr\/remiremontinfo\/2023\/03\/rhumont-projets-culturels-educatifs-soutenus-cadre-de-politique-de-ville\/"]}]},{"@type":"ImageObject","inLanguage":"fr-FR","@id":"https:\/\/vosgesinfo.fr\/remiremontinfo\/2023\/03\/rhumont-projets-culturels-educatifs-soutenus-cadre-de-politique-de-ville\/#primaryimage","url":"https:\/\/vosgesinfo.fr\/app\/uploads\/sites\/5\/2024\/09\/202303percheron-visite-rhumont-2.jpg","contentUrl":"https:\/\/vosgesinfo.fr\/app\/uploads\/sites\/5\/2024\/09\/202303percheron-visite-rhumont-2.jpg","width":1600,"height":1064},{"@type":"BreadcrumbList","@id":"https:\/\/vosgesinfo.fr\/remiremontinfo\/2023\/03\/rhumont-projets-culturels-educatifs-soutenus-cadre-de-politique-de-ville\/#breadcrumb","itemListElement":[{"@type":"ListItem","position":1,"name":"Home","item":"https:\/\/vosgesinfo.fr\/remiremontinfo\/"},{"@type":"ListItem","position":2,"name":"Rhumont\u00a0: des projets culturels et \u00e9ducatifs soutenus dans le cadre de la politique de la ville"}]},{"@type":"WebSite","@id":"https:\/\/vosgesinfo.fr\/remiremontinfo\/#website","url":"https:\/\/vosgesinfo.fr\/remiremontinfo\/","name":"Remiremont Info","description":"Toute l&#039;actualit\u00e9 de Remiremont","publisher":{"@id":"https:\/\/vosgesinfo.fr\/remiremontinfo\/#organization"},"alternateName":"Toute l'actualit\u00e9 de Remiremont","potentialAction":[{"@type":"SearchAction","target":{"@type":"EntryPoint","urlTemplate":"https:\/\/vosgesinfo.fr\/remiremontinfo\/?s={search_term_string}"},"query-input":"required name=search_term_string"}],"inLanguage":"fr-FR"},{"@type":"Organization","@id":"https:\/\/vosgesinfo.fr\/remiremontinfo\/#organization","name":"Remiremont Info","url":"https:\/\/vosgesinfo.fr\/remiremontinfo\/","logo":{"@type":"ImageObject","inLanguage":"fr-FR","@id":"https:\/\/vosgesinfo.fr\/remiremontinfo\/#\/schema\/logo\/image\/","url":"https:\/\/vosgesinfo.fr\/app\/uploads\/sites\/5\/2023\/08\/favicon-remiremontinfo.png","contentUrl":"https:\/\/vosgesinfo.fr\/app\/uploads\/sites\/5\/2023\/08\/favicon-remiremontinfo.png","width":512,"height":512,"caption":"Remiremont Info"},"image":{"@id":"https:\/\/vosgesinfo.fr\/remiremontinfo\/#\/schema\/logo\/image\/"},"sameAs":["https:\/\/www.facebook.com\/remiremontinfo","https:\/\/x.com\/VosgesInfo88","https:\/\/www.youtube.com\/@vosgesinfo"]},{"@type":"Person","@id":"https:\/\/vosgesinfo.fr\/remiremontinfo\/#\/schema\/person\/3bfd164d5218a185b1db68655a265316","name":"C D","image":{"@type":"ImageObject","inLanguage":"fr-FR","@id":"https:\/\/vosgesinfo.fr\/remiremontinfo\/#\/schema\/person\/image\/","url":"https:\/\/secure.gravatar.com\/avatar\/1f9a70007336511a47468b8f1c66f922b8b7cf617b02a31149ada43893a5d48f?s=96&d=mm&r=g","contentUrl":"https:\/\/secure.gravatar.com\/avatar\/1f9a70007336511a47468b8f1c66f922b8b7cf617b02a31149ada43893a5d48f?s=96&d=mm&r=g","caption":"C D"},"url":"https:\/\/vosgesinfo.fr\/remiremontinfo\/author\/cedric-drevet\/"}]}},"_links":{"self":[{"href":"https:\/\/vosgesinfo.fr\/remiremontinfo\/wp-json\/wp\/v2\/posts\/68808","targetHints":{"allow":["GET"]}}],"collection":[{"href":"https:\/\/vosgesinfo.fr\/remiremontinfo\/wp-json\/wp\/v2\/posts"}],"about":[{"href":"https:\/\/vosgesinfo.fr\/remiremontinfo\/wp-json\/wp\/v2\/types\/post"}],"author":[{"embeddable":true,"href":"https:\/\/vosgesinfo.fr\/remiremontinfo\/wp-json\/wp\/v2\/users\/407"}],"replies":[{"embeddable":true,"href":"https:\/\/vosgesinfo.fr\/remiremontinfo\/wp-json\/wp\/v2\/comments?post=68808"}],"version-history":[{"count":0,"href":"https:\/\/vosgesinfo.fr\/remiremontinfo\/wp-json\/wp\/v2\/posts\/68808\/revisions"}],"wp:featuredmedia":[{"embeddable":true,"href":"https:\/\/vosgesinfo.fr\/remiremontinfo\/wp-json\/wp\/v2\/media\/68809"}],"wp:attachment":[{"href":"https:\/\/vosgesinfo.fr\/remiremontinfo\/wp-json\/wp\/v2\/media?parent=68808"}],"wp:term":[{"taxonomy":"category","embeddable":true,"href":"https:\/\/vosgesinfo.fr\/remiremontinfo\/wp-json\/wp\/v2\/categories?post=68808"},{"taxonomy":"post_tag","embeddable":true,"href":"https:\/\/vosgesinfo.fr\/remiremontinfo\/wp-json\/wp\/v2\/tags?post=68808"}],"curies":[{"name":"wp","href":"https:\/\/api.w.org\/{rel}","templated":true}]}}