{"id":68863,"date":"2023-03-17T06:01:41","date_gmt":"2023-03-17T05:01:41","guid":{"rendered":"https:\/\/vosgesinfo.fr\/remiremontinfo\/2023\/03\/val-dajol-sauvez-classe-comedie-classe-decole-menacee-de-fermeture\/"},"modified":"2023-03-17T06:01:41","modified_gmt":"2023-03-17T05:01:41","slug":"val-dajol-sauvez-classe-comedie-classe-decole-menacee-de-fermeture","status":"publish","type":"post","link":"https:\/\/vosgesinfo.fr\/remiremontinfo\/2023\/03\/val-dajol-sauvez-classe-comedie-classe-decole-menacee-de-fermeture\/","title":{"rendered":"Le Val d&rsquo;Ajol : \u00ab\u00a0Sauvez ma classe\u00a0\u00bb, une com\u00e9die sur une classe d&rsquo;\u00e9cole menac\u00e9e de fermeture"},"content":{"rendered":"<p><a href=\"\/2023\/03\/336648305_1316671995582775_6412027576705794268_n.jpg\"><img decoding=\"async\" class=\"alignnone size-large wp-image-365762\" src=\"\/2023\/03\/336648305_1316671995582775_6412027576705794268_n-724x1024.jpg\" alt=\"336648305_1316671995582775_6412027576705794268_n\" width=\"724\" height=\"1024\" \/><\/a><\/p>\n<h2><span style=\"font-size: 12pt;\"><strong>La MJC du Val d&rsquo;Ajol, le collectif \u00ab\u00a0Tous unis pour un coll\u00e8ge au Val d&rsquo;Ajol\u00a0\u00bb, le th\u00e9\u00e2tre des f\u00e9es pr\u00e9sentent une pi\u00e8ce de th\u00e9\u00e2tre. Une com\u00e9die de Samuel Tasinaje, \u00e0 d\u00e9couvrir le 13 mai prochain : \u00ab\u00a0Sauvez ma classe !\u00a0\u00bb. Voil\u00e0 l&rsquo;id\u00e9e :\u00a0<\/strong><\/span><\/h2>\n<p>\u00ab\u00a0Dans un petit village, une classe de CM1 est menac\u00e9e de fermer suite au d\u00e9part d\u2019un enfant. C\u2019est une catastrophe pour la mairesse qui redoute que son village s\u2019effondre, puisque le pompier, le m\u00e9decin, le gendarme et d\u2019autres personnages importants s\u2019appr\u00eatent \u00e0 partir pour scolariser leurs enfants ailleurs. La Mairesse tente alors par tous les moyens, de trouver L\u2019ENFANT qui emp\u00eachera la fermeture de la classe, et qui sauvera son village. D\u00e9termin\u00e9e, la Mairesse va envisager toutes les solutions. Y compris les plus farfelues !\u00a0\u00bb<\/p>\n","protected":false},"excerpt":{"rendered":"<p>La MJC du Val d&rsquo;Ajol, le collectif \u00ab\u00a0Tous unis pour un coll\u00e8ge au Val d&rsquo;Ajol\u00a0\u00bb, le th\u00e9\u00e2tre des f\u00e9es pr\u00e9sentent [&hellip;]<\/p>\n","protected":false},"author":407,"featured_media":68864,"comment_status":"open","ping_status":"open","sticky":false,"template":"","format":"standard","meta":{"footnotes":""},"categories":[26,4,121,82],"tags":[5626,5627],"class_list":["post-68863","post","type-post","status-publish","format-standard","has-post-thumbnail","hentry","category-a-la-une","category-culture","category-le-val-dajol-le-val-dajol-son-canton","category-le-val-dajol-son-canton","tag-sauvez-ma-classe","tag-theatre-val-dajol"],"acf":[],"yoast_head":"<!-- This site is optimized with the Yoast SEO plugin v22.5 - https:\/\/yoast.com\/wordpress\/plugins\/seo\/ -->\n<title>Le Val d&#039;Ajol : &quot;Sauvez ma classe&quot;, une com\u00e9die sur une classe d&#039;\u00e9cole menac\u00e9e de fermeture - Remiremont Info<\/title>\n<meta name=\"robots\" content=\"index, follow, max-snippet:-1, max-image-preview:large, max-video-preview:-1\" \/>\n<link rel=\"canonical\" href=\"https:\/\/vosgesinfo.fr\/remiremontinfo\/2023\/03\/val-dajol-sauvez-classe-comedie-classe-decole-menacee-de-fermeture\/\" \/>\n<meta name=\"twitter:card\" content=\"summary_large_image\" \/>\n<meta name=\"twitter:title\" content=\"Le Val d&#039;Ajol : &quot;Sauvez ma classe&quot;, une com\u00e9die sur une classe d&#039;\u00e9cole menac\u00e9e de fermeture - Remiremont Info\" \/>\n<meta name=\"twitter:description\" content=\"La MJC du Val d&rsquo;Ajol, le collectif \u00ab\u00a0Tous unis pour un coll\u00e8ge au Val d&rsquo;Ajol\u00a0\u00bb, le th\u00e9\u00e2tre des f\u00e9es pr\u00e9sentent [&hellip;]\" \/>\n<meta name=\"twitter:image\" content=\"https:\/\/vosgesinfo.fr\/app\/uploads\/sites\/5\/2024\/09\/202303theatre-val-dajol-sauver-classe.jpg\" \/>\n<meta name=\"twitter:creator\" content=\"@VosgesInfo88\" \/>\n<meta name=\"twitter:site\" content=\"@VosgesInfo88\" \/>\n<meta name=\"twitter:label1\" content=\"\u00c9crit par\" \/>\n\t<meta name=\"twitter:data1\" content=\"C D\" \/>\n\t<meta name=\"twitter:label2\" content=\"Dur\u00e9e de lecture estim\u00e9e\" \/>\n\t<meta name=\"twitter:data2\" content=\"1 minute\" \/>\n<script type=\"application\/ld+json\" class=\"yoast-schema-graph\">{\"@context\":\"https:\/\/schema.org\",\"@graph\":[{\"@type\":\"Article\",\"@id\":\"https:\/\/vosgesinfo.fr\/remiremontinfo\/2023\/03\/val-dajol-sauvez-classe-comedie-classe-decole-menacee-de-fermeture\/#article\",\"isPartOf\":{\"@id\":\"https:\/\/vosgesinfo.fr\/remiremontinfo\/2023\/03\/val-dajol-sauvez-classe-comedie-classe-decole-menacee-de-fermeture\/\"},\"author\":{\"name\":\"C D\",\"@id\":\"https:\/\/vosgesinfo.fr\/remiremontinfo\/#\/schema\/person\/3bfd164d5218a185b1db68655a265316\"},\"headline\":\"Le Val d&rsquo;Ajol : \u00ab\u00a0Sauvez ma classe\u00a0\u00bb, une com\u00e9die sur une classe d&rsquo;\u00e9cole menac\u00e9e de fermeture\",\"datePublished\":\"2023-03-17T05:01:41+00:00\",\"dateModified\":\"2023-03-17T05:01:41+00:00\",\"mainEntityOfPage\":{\"@id\":\"https:\/\/vosgesinfo.fr\/remiremontinfo\/2023\/03\/val-dajol-sauvez-classe-comedie-classe-decole-menacee-de-fermeture\/\"},\"wordCount\":165,\"commentCount\":0,\"publisher\":{\"@id\":\"https:\/\/vosgesinfo.fr\/remiremontinfo\/#organization\"},\"image\":{\"@id\":\"https:\/\/vosgesinfo.fr\/remiremontinfo\/2023\/03\/val-dajol-sauvez-classe-comedie-classe-decole-menacee-de-fermeture\/#primaryimage\"},\"thumbnailUrl\":\"https:\/\/vosgesinfo.fr\/app\/uploads\/sites\/5\/2024\/09\/202303theatre-val-dajol-sauver-classe.jpg\",\"keywords\":[\"sauvez ma classe\",\"theatre val d'ajol\"],\"articleSection\":[\"A la Une\",\"Culture\",\"Le Val d'Ajol\",\"Le Val-d'Ajol &amp; son canton\"],\"inLanguage\":\"fr-FR\",\"potentialAction\":[{\"@type\":\"CommentAction\",\"name\":\"Comment\",\"target\":[\"https:\/\/vosgesinfo.fr\/remiremontinfo\/2023\/03\/val-dajol-sauvez-classe-comedie-classe-decole-menacee-de-fermeture\/#respond\"]}]},{\"@type\":\"WebPage\",\"@id\":\"https:\/\/vosgesinfo.fr\/remiremontinfo\/2023\/03\/val-dajol-sauvez-classe-comedie-classe-decole-menacee-de-fermeture\/\",\"url\":\"https:\/\/vosgesinfo.fr\/remiremontinfo\/2023\/03\/val-dajol-sauvez-classe-comedie-classe-decole-menacee-de-fermeture\/\",\"name\":\"Le Val d'Ajol : \\\"Sauvez ma classe\\\", une com\u00e9die sur une classe d'\u00e9cole menac\u00e9e de fermeture - Remiremont Info\",\"isPartOf\":{\"@id\":\"https:\/\/vosgesinfo.fr\/remiremontinfo\/#website\"},\"primaryImageOfPage\":{\"@id\":\"https:\/\/vosgesinfo.fr\/remiremontinfo\/2023\/03\/val-dajol-sauvez-classe-comedie-classe-decole-menacee-de-fermeture\/#primaryimage\"},\"image\":{\"@id\":\"https:\/\/vosgesinfo.fr\/remiremontinfo\/2023\/03\/val-dajol-sauvez-classe-comedie-classe-decole-menacee-de-fermeture\/#primaryimage\"},\"thumbnailUrl\":\"https:\/\/vosgesinfo.fr\/app\/uploads\/sites\/5\/2024\/09\/202303theatre-val-dajol-sauver-classe.jpg\",\"datePublished\":\"2023-03-17T05:01:41+00:00\",\"dateModified\":\"2023-03-17T05:01:41+00:00\",\"breadcrumb\":{\"@id\":\"https:\/\/vosgesinfo.fr\/remiremontinfo\/2023\/03\/val-dajol-sauvez-classe-comedie-classe-decole-menacee-de-fermeture\/#breadcrumb\"},\"inLanguage\":\"fr-FR\",\"potentialAction\":[{\"@type\":\"ReadAction\",\"target\":[\"https:\/\/vosgesinfo.fr\/remiremontinfo\/2023\/03\/val-dajol-sauvez-classe-comedie-classe-decole-menacee-de-fermeture\/\"]}]},{\"@type\":\"ImageObject\",\"inLanguage\":\"fr-FR\",\"@id\":\"https:\/\/vosgesinfo.fr\/remiremontinfo\/2023\/03\/val-dajol-sauvez-classe-comedie-classe-decole-menacee-de-fermeture\/#primaryimage\",\"url\":\"https:\/\/vosgesinfo.fr\/app\/uploads\/sites\/5\/2024\/09\/202303theatre-val-dajol-sauver-classe.jpg\",\"contentUrl\":\"https:\/\/vosgesinfo.fr\/app\/uploads\/sites\/5\/2024\/09\/202303theatre-val-dajol-sauver-classe.jpg\",\"width\":1447,\"height\":1073},{\"@type\":\"BreadcrumbList\",\"@id\":\"https:\/\/vosgesinfo.fr\/remiremontinfo\/2023\/03\/val-dajol-sauvez-classe-comedie-classe-decole-menacee-de-fermeture\/#breadcrumb\",\"itemListElement\":[{\"@type\":\"ListItem\",\"position\":1,\"name\":\"Home\",\"item\":\"https:\/\/vosgesinfo.fr\/remiremontinfo\/\"},{\"@type\":\"ListItem\",\"position\":2,\"name\":\"Le Val d&rsquo;Ajol : \u00ab\u00a0Sauvez ma classe\u00a0\u00bb, une com\u00e9die sur une classe d&rsquo;\u00e9cole menac\u00e9e de fermeture\"}]},{\"@type\":\"WebSite\",\"@id\":\"https:\/\/vosgesinfo.fr\/remiremontinfo\/#website\",\"url\":\"https:\/\/vosgesinfo.fr\/remiremontinfo\/\",\"name\":\"Remiremont Info\",\"description\":\"Toute l&#039;actualit\u00e9 de Remiremont\",\"publisher\":{\"@id\":\"https:\/\/vosgesinfo.fr\/remiremontinfo\/#organization\"},\"alternateName\":\"Toute l'actualit\u00e9 de Remiremont\",\"potentialAction\":[{\"@type\":\"SearchAction\",\"target\":{\"@type\":\"EntryPoint\",\"urlTemplate\":\"https:\/\/vosgesinfo.fr\/remiremontinfo\/?s={search_term_string}\"},\"query-input\":\"required name=search_term_string\"}],\"inLanguage\":\"fr-FR\"},{\"@type\":\"Organization\",\"@id\":\"https:\/\/vosgesinfo.fr\/remiremontinfo\/#organization\",\"name\":\"Remiremont Info\",\"url\":\"https:\/\/vosgesinfo.fr\/remiremontinfo\/\",\"logo\":{\"@type\":\"ImageObject\",\"inLanguage\":\"fr-FR\",\"@id\":\"https:\/\/vosgesinfo.fr\/remiremontinfo\/#\/schema\/logo\/image\/\",\"url\":\"https:\/\/vosgesinfo.fr\/app\/uploads\/sites\/5\/2023\/08\/favicon-remiremontinfo.png\",\"contentUrl\":\"https:\/\/vosgesinfo.fr\/app\/uploads\/sites\/5\/2023\/08\/favicon-remiremontinfo.png\",\"width\":512,\"height\":512,\"caption\":\"Remiremont Info\"},\"image\":{\"@id\":\"https:\/\/vosgesinfo.fr\/remiremontinfo\/#\/schema\/logo\/image\/\"},\"sameAs\":[\"https:\/\/www.facebook.com\/remiremontinfo\",\"https:\/\/x.com\/VosgesInfo88\",\"https:\/\/www.youtube.com\/@vosgesinfo\"]},{\"@type\":\"Person\",\"@id\":\"https:\/\/vosgesinfo.fr\/remiremontinfo\/#\/schema\/person\/3bfd164d5218a185b1db68655a265316\",\"name\":\"C D\",\"image\":{\"@type\":\"ImageObject\",\"inLanguage\":\"fr-FR\",\"@id\":\"https:\/\/vosgesinfo.fr\/remiremontinfo\/#\/schema\/person\/image\/\",\"url\":\"https:\/\/secure.gravatar.com\/avatar\/1f9a70007336511a47468b8f1c66f922b8b7cf617b02a31149ada43893a5d48f?s=96&d=mm&r=g\",\"contentUrl\":\"https:\/\/secure.gravatar.com\/avatar\/1f9a70007336511a47468b8f1c66f922b8b7cf617b02a31149ada43893a5d48f?s=96&d=mm&r=g\",\"caption\":\"C D\"},\"url\":\"https:\/\/vosgesinfo.fr\/remiremontinfo\/author\/cedric-drevet\/\"}]}<\/script>\n<!-- \/ Yoast SEO plugin. -->","yoast_head_json":{"title":"Le Val d'Ajol : \"Sauvez ma classe\", une com\u00e9die sur une classe d'\u00e9cole menac\u00e9e de fermeture - Remiremont Info","robots":{"index":"index","follow":"follow","max-snippet":"max-snippet:-1","max-image-preview":"max-image-preview:large","max-video-preview":"max-video-preview:-1"},"canonical":"https:\/\/vosgesinfo.fr\/remiremontinfo\/2023\/03\/val-dajol-sauvez-classe-comedie-classe-decole-menacee-de-fermeture\/","twitter_card":"summary_large_image","twitter_title":"Le Val d'Ajol : \"Sauvez ma classe\", une com\u00e9die sur une classe d'\u00e9cole menac\u00e9e de fermeture - Remiremont Info","twitter_description":"La MJC du Val d&rsquo;Ajol, le collectif \u00ab\u00a0Tous unis pour un coll\u00e8ge au Val d&rsquo;Ajol\u00a0\u00bb, le th\u00e9\u00e2tre des f\u00e9es pr\u00e9sentent [&hellip;]","twitter_image":"https:\/\/vosgesinfo.fr\/app\/uploads\/sites\/5\/2024\/09\/202303theatre-val-dajol-sauver-classe.jpg","twitter_creator":"@VosgesInfo88","twitter_site":"@VosgesInfo88","twitter_misc":{"\u00c9crit par":"C D","Dur\u00e9e de lecture estim\u00e9e":"1 minute"},"schema":{"@context":"https:\/\/schema.org","@graph":[{"@type":"Article","@id":"https:\/\/vosgesinfo.fr\/remiremontinfo\/2023\/03\/val-dajol-sauvez-classe-comedie-classe-decole-menacee-de-fermeture\/#article","isPartOf":{"@id":"https:\/\/vosgesinfo.fr\/remiremontinfo\/2023\/03\/val-dajol-sauvez-classe-comedie-classe-decole-menacee-de-fermeture\/"},"author":{"name":"C D","@id":"https:\/\/vosgesinfo.fr\/remiremontinfo\/#\/schema\/person\/3bfd164d5218a185b1db68655a265316"},"headline":"Le Val d&rsquo;Ajol : \u00ab\u00a0Sauvez ma classe\u00a0\u00bb, une com\u00e9die sur une classe d&rsquo;\u00e9cole menac\u00e9e de fermeture","datePublished":"2023-03-17T05:01:41+00:00","dateModified":"2023-03-17T05:01:41+00:00","mainEntityOfPage":{"@id":"https:\/\/vosgesinfo.fr\/remiremontinfo\/2023\/03\/val-dajol-sauvez-classe-comedie-classe-decole-menacee-de-fermeture\/"},"wordCount":165,"commentCount":0,"publisher":{"@id":"https:\/\/vosgesinfo.fr\/remiremontinfo\/#organization"},"image":{"@id":"https:\/\/vosgesinfo.fr\/remiremontinfo\/2023\/03\/val-dajol-sauvez-classe-comedie-classe-decole-menacee-de-fermeture\/#primaryimage"},"thumbnailUrl":"https:\/\/vosgesinfo.fr\/app\/uploads\/sites\/5\/2024\/09\/202303theatre-val-dajol-sauver-classe.jpg","keywords":["sauvez ma classe","theatre val d'ajol"],"articleSection":["A la Une","Culture","Le Val d'Ajol","Le Val-d'Ajol &amp; son canton"],"inLanguage":"fr-FR","potentialAction":[{"@type":"CommentAction","name":"Comment","target":["https:\/\/vosgesinfo.fr\/remiremontinfo\/2023\/03\/val-dajol-sauvez-classe-comedie-classe-decole-menacee-de-fermeture\/#respond"]}]},{"@type":"WebPage","@id":"https:\/\/vosgesinfo.fr\/remiremontinfo\/2023\/03\/val-dajol-sauvez-classe-comedie-classe-decole-menacee-de-fermeture\/","url":"https:\/\/vosgesinfo.fr\/remiremontinfo\/2023\/03\/val-dajol-sauvez-classe-comedie-classe-decole-menacee-de-fermeture\/","name":"Le Val d'Ajol : \"Sauvez ma classe\", une com\u00e9die sur une classe d'\u00e9cole menac\u00e9e de fermeture - Remiremont Info","isPartOf":{"@id":"https:\/\/vosgesinfo.fr\/remiremontinfo\/#website"},"primaryImageOfPage":{"@id":"https:\/\/vosgesinfo.fr\/remiremontinfo\/2023\/03\/val-dajol-sauvez-classe-comedie-classe-decole-menacee-de-fermeture\/#primaryimage"},"image":{"@id":"https:\/\/vosgesinfo.fr\/remiremontinfo\/2023\/03\/val-dajol-sauvez-classe-comedie-classe-decole-menacee-de-fermeture\/#primaryimage"},"thumbnailUrl":"https:\/\/vosgesinfo.fr\/app\/uploads\/sites\/5\/2024\/09\/202303theatre-val-dajol-sauver-classe.jpg","datePublished":"2023-03-17T05:01:41+00:00","dateModified":"2023-03-17T05:01:41+00:00","breadcrumb":{"@id":"https:\/\/vosgesinfo.fr\/remiremontinfo\/2023\/03\/val-dajol-sauvez-classe-comedie-classe-decole-menacee-de-fermeture\/#breadcrumb"},"inLanguage":"fr-FR","potentialAction":[{"@type":"ReadAction","target":["https:\/\/vosgesinfo.fr\/remiremontinfo\/2023\/03\/val-dajol-sauvez-classe-comedie-classe-decole-menacee-de-fermeture\/"]}]},{"@type":"ImageObject","inLanguage":"fr-FR","@id":"https:\/\/vosgesinfo.fr\/remiremontinfo\/2023\/03\/val-dajol-sauvez-classe-comedie-classe-decole-menacee-de-fermeture\/#primaryimage","url":"https:\/\/vosgesinfo.fr\/app\/uploads\/sites\/5\/2024\/09\/202303theatre-val-dajol-sauver-classe.jpg","contentUrl":"https:\/\/vosgesinfo.fr\/app\/uploads\/sites\/5\/2024\/09\/202303theatre-val-dajol-sauver-classe.jpg","width":1447,"height":1073},{"@type":"BreadcrumbList","@id":"https:\/\/vosgesinfo.fr\/remiremontinfo\/2023\/03\/val-dajol-sauvez-classe-comedie-classe-decole-menacee-de-fermeture\/#breadcrumb","itemListElement":[{"@type":"ListItem","position":1,"name":"Home","item":"https:\/\/vosgesinfo.fr\/remiremontinfo\/"},{"@type":"ListItem","position":2,"name":"Le Val d&rsquo;Ajol : \u00ab\u00a0Sauvez ma classe\u00a0\u00bb, une com\u00e9die sur une classe d&rsquo;\u00e9cole menac\u00e9e de fermeture"}]},{"@type":"WebSite","@id":"https:\/\/vosgesinfo.fr\/remiremontinfo\/#website","url":"https:\/\/vosgesinfo.fr\/remiremontinfo\/","name":"Remiremont Info","description":"Toute l&#039;actualit\u00e9 de Remiremont","publisher":{"@id":"https:\/\/vosgesinfo.fr\/remiremontinfo\/#organization"},"alternateName":"Toute l'actualit\u00e9 de Remiremont","potentialAction":[{"@type":"SearchAction","target":{"@type":"EntryPoint","urlTemplate":"https:\/\/vosgesinfo.fr\/remiremontinfo\/?s={search_term_string}"},"query-input":"required name=search_term_string"}],"inLanguage":"fr-FR"},{"@type":"Organization","@id":"https:\/\/vosgesinfo.fr\/remiremontinfo\/#organization","name":"Remiremont Info","url":"https:\/\/vosgesinfo.fr\/remiremontinfo\/","logo":{"@type":"ImageObject","inLanguage":"fr-FR","@id":"https:\/\/vosgesinfo.fr\/remiremontinfo\/#\/schema\/logo\/image\/","url":"https:\/\/vosgesinfo.fr\/app\/uploads\/sites\/5\/2023\/08\/favicon-remiremontinfo.png","contentUrl":"https:\/\/vosgesinfo.fr\/app\/uploads\/sites\/5\/2023\/08\/favicon-remiremontinfo.png","width":512,"height":512,"caption":"Remiremont Info"},"image":{"@id":"https:\/\/vosgesinfo.fr\/remiremontinfo\/#\/schema\/logo\/image\/"},"sameAs":["https:\/\/www.facebook.com\/remiremontinfo","https:\/\/x.com\/VosgesInfo88","https:\/\/www.youtube.com\/@vosgesinfo"]},{"@type":"Person","@id":"https:\/\/vosgesinfo.fr\/remiremontinfo\/#\/schema\/person\/3bfd164d5218a185b1db68655a265316","name":"C D","image":{"@type":"ImageObject","inLanguage":"fr-FR","@id":"https:\/\/vosgesinfo.fr\/remiremontinfo\/#\/schema\/person\/image\/","url":"https:\/\/secure.gravatar.com\/avatar\/1f9a70007336511a47468b8f1c66f922b8b7cf617b02a31149ada43893a5d48f?s=96&d=mm&r=g","contentUrl":"https:\/\/secure.gravatar.com\/avatar\/1f9a70007336511a47468b8f1c66f922b8b7cf617b02a31149ada43893a5d48f?s=96&d=mm&r=g","caption":"C D"},"url":"https:\/\/vosgesinfo.fr\/remiremontinfo\/author\/cedric-drevet\/"}]}},"_links":{"self":[{"href":"https:\/\/vosgesinfo.fr\/remiremontinfo\/wp-json\/wp\/v2\/posts\/68863","targetHints":{"allow":["GET"]}}],"collection":[{"href":"https:\/\/vosgesinfo.fr\/remiremontinfo\/wp-json\/wp\/v2\/posts"}],"about":[{"href":"https:\/\/vosgesinfo.fr\/remiremontinfo\/wp-json\/wp\/v2\/types\/post"}],"author":[{"embeddable":true,"href":"https:\/\/vosgesinfo.fr\/remiremontinfo\/wp-json\/wp\/v2\/users\/407"}],"replies":[{"embeddable":true,"href":"https:\/\/vosgesinfo.fr\/remiremontinfo\/wp-json\/wp\/v2\/comments?post=68863"}],"version-history":[{"count":0,"href":"https:\/\/vosgesinfo.fr\/remiremontinfo\/wp-json\/wp\/v2\/posts\/68863\/revisions"}],"wp:featuredmedia":[{"embeddable":true,"href":"https:\/\/vosgesinfo.fr\/remiremontinfo\/wp-json\/wp\/v2\/media\/68864"}],"wp:attachment":[{"href":"https:\/\/vosgesinfo.fr\/remiremontinfo\/wp-json\/wp\/v2\/media?parent=68863"}],"wp:term":[{"taxonomy":"category","embeddable":true,"href":"https:\/\/vosgesinfo.fr\/remiremontinfo\/wp-json\/wp\/v2\/categories?post=68863"},{"taxonomy":"post_tag","embeddable":true,"href":"https:\/\/vosgesinfo.fr\/remiremontinfo\/wp-json\/wp\/v2\/tags?post=68863"}],"curies":[{"name":"wp","href":"https:\/\/api.w.org\/{rel}","templated":true}]}}